{"id":201690,"date":"2026-01-09T12:00:00","date_gmt":"2026-01-09T15:00:00","guid":{"rendered":"https:\/\/folhapopular.info\/?p=201690"},"modified":"2026-01-09T07:24:16","modified_gmt":"2026-01-09T10:24:16","slug":"sindicomerciarios-inicia-distribuicao-de-kits-escolares-aos-associados","status":"publish","type":"post","link":"https:\/\/folhapopular.info\/index.php\/2026\/01\/09\/sindicomerciarios-inicia-distribuicao-de-kits-escolares-aos-associados\/","title":{"rendered":"Sindicomerci\u00e1rios inicia distribui\u00e7\u00e3o de kits escolares aos associados"},"content":{"rendered":"\n<p>O Sindicomerci\u00e1rios de Taquari e Regi\u00e3o iniciou a distribui\u00e7\u00e3o dos kits escolares para seus associados. O prazo para retirada segue at\u00e9 o dia 23 de janeiro e contempla todos os s\u00f3cios que estudam ou que possuem filhos estudantes e que realizaram a inscri\u00e7\u00e3o durante o m\u00eas de novembro de 2025.<\/p>\n\n\n\n<p>Os comerci\u00e1rios que t\u00eam direito ao benef\u00edcio, mas n\u00e3o efetuaram a inscri\u00e7\u00e3o dentro do prazo, poder\u00e3o se inscrever de forma excepcional entre os dias 26 de janeiro e 6 de fevereiro. A entrega dos kits nesse per\u00edodo estar\u00e1 condicionada \u00e0 disponibilidade de materiais escolares.<\/p>\n\n\n\n<p>A retirada dos kits ocorre nas sedes do Sindicato para os comerci\u00e1rios de Taquari e Teut\u00f4nia. J\u00e1 para os trabalhadores das demais cidades da entidade, a entrega ser\u00e1 feita diretamente nos estabelecimentos comerciais.<\/p>\n\n\n\n<p>O Sindicato alerta que a entrega dos materiais escolares ser\u00e1 realizada somente mediante a apresenta\u00e7\u00e3o de um comprovante escolar, que pode ser atestado de matr\u00edcula, boletim ou lista de material emitida pela escola. O documento pode ser apresentado no momento da retirada ou enviado de forma digital via WhatsApp, pelos n\u00fameros (51) 3653-3094 (Taquari) e (51) 3762-8404 (Teut\u00f4nia).<\/p>\n\n\n\n<p>O atendimento ocorre de segunda a sexta-feira, das 8h30 \u00e0s 12h e das 13h30 \u00e0s 18h.<\/p>\n","protected":false},"excerpt":{"rendered":"<p>O Sindicomerci\u00e1rios de Taquari e Regi\u00e3o iniciou a distribui\u00e7\u00e3o dos kits escolares para seus associados. O prazo para retirada segue at\u00e9 o dia 23 de janeiro e contempla todos os s\u00f3cios que estudam ou que possuem filhos estudantes e que realizaram a inscri\u00e7\u00e3o durante o m\u00eas de novembro de 2025. Os comerci\u00e1rios que t\u00eam direito [&hellip;]<\/p>\n","protected":false},"author":8,"featured_media":201691,"comment_status":"open","ping_status":"open","sticky":false,"template":"","format":"standard","meta":{"pmpro_default_level":"","_jetpack_memberships_contains_paid_content":false,"footnotes":""},"categories":[2,10991],"tags":[73,20329,14432,1443],"class_list":{"0":"post-201690","1":"post","2":"type-post","3":"status-publish","4":"format-standard","5":"has-post-thumbnail","7":"category-featured","8":"category-economia","9":"tag-educacao","10":"tag-kits-escolares","11":"tag-sindicato","12":"tag-sindicomerciarios","13":"pmpro-has-access"},"yoast_head":"<!-- This site is optimized with the Yoast SEO plugin v27.5 - https:\/\/yoast.com\/product\/yoast-seo-wordpress\/ -->\n<title>Sindicomerci\u00e1rios inicia distribui\u00e7\u00e3o de kits escolares aos associados - Folha Popular<\/title>\n<meta name=\"robots\" content=\"index, follow, max-snippet:-1, max-image-preview:large, max-video-preview:-1\" \/>\n<link rel=\"canonical\" href=\"https:\/\/folhapopular.info\/index.php\/2026\/01\/09\/sindicomerciarios-inicia-distribuicao-de-kits-escolares-aos-associados\/\" \/>\n<meta property=\"og:locale\" content=\"pt_BR\" \/>\n<meta property=\"og:type\" content=\"article\" \/>\n<meta property=\"og:title\" content=\"Sindicomerci\u00e1rios inicia distribui\u00e7\u00e3o de kits escolares aos associados - Folha Popular\" \/>\n<meta property=\"og:description\" content=\"O Sindicomerci\u00e1rios de Taquari e Regi\u00e3o iniciou a distribui\u00e7\u00e3o dos kits escolares para seus associados. O prazo para retirada segue at\u00e9 o dia 23 de janeiro e contempla todos os s\u00f3cios que estudam ou que possuem filhos estudantes e que realizaram a inscri\u00e7\u00e3o durante o m\u00eas de novembro de 2025. Os comerci\u00e1rios que t\u00eam direito [&hellip;]\" \/>\n<meta property=\"og:url\" content=\"https:\/\/folhapopular.info\/index.php\/2026\/01\/09\/sindicomerciarios-inicia-distribuicao-de-kits-escolares-aos-associados\/\" \/>\n<meta property=\"og:site_name\" content=\"Folha Popular\" \/>\n<meta property=\"article:published_time\" content=\"2026-01-09T15:00:00+00:00\" \/>\n<meta property=\"og:image\" content=\"https:\/\/folhapopular.info\/wp-content\/uploads\/2026\/01\/Sindicomerciarios-comeca-a-distribuir-kit-escolares-aos-associados.jpg\" \/>\n\t<meta property=\"og:image:width\" content=\"1183\" \/>\n\t<meta property=\"og:image:height\" content=\"887\" \/>\n\t<meta property=\"og:image:type\" content=\"image\/jpeg\" \/>\n<meta name=\"author\" content=\"Reda\u00e7\u00e3o Folha Popular\" \/>\n<meta name=\"twitter:card\" content=\"summary_large_image\" \/>\n<meta name=\"twitter:label1\" content=\"Escrito por\" \/>\n\t<meta name=\"twitter:data1\" content=\"Reda\u00e7\u00e3o Folha Popular\" \/>\n\t<meta name=\"twitter:label2\" content=\"Est. tempo de leitura\" \/>\n\t<meta name=\"twitter:data2\" content=\"2 minutos\" \/>\n<script type=\"application\/ld+json\" class=\"yoast-schema-graph\">{\"@context\":\"https:\\\/\\\/schema.org\",\"@graph\":[{\"@type\":\"Article\",\"@id\":\"https:\\\/\\\/folhapopular.info\\\/index.php\\\/2026\\\/01\\\/09\\\/sindicomerciarios-inicia-distribuicao-de-kits-escolares-aos-associados\\\/#article\",\"isPartOf\":{\"@id\":\"https:\\\/\\\/folhapopular.info\\\/index.php\\\/2026\\\/01\\\/09\\\/sindicomerciarios-inicia-distribuicao-de-kits-escolares-aos-associados\\\/\"},\"author\":{\"name\":\"Reda\u00e7\u00e3o Folha Popular\",\"@id\":\"https:\\\/\\\/folhapopular.info\\\/#\\\/schema\\\/person\\\/2814e8a0df7643585a9ca38bc6eb9d4b\"},\"headline\":\"Sindicomerci\u00e1rios inicia distribui\u00e7\u00e3o de kits escolares aos associados\",\"datePublished\":\"2026-01-09T15:00:00+00:00\",\"mainEntityOfPage\":{\"@id\":\"https:\\\/\\\/folhapopular.info\\\/index.php\\\/2026\\\/01\\\/09\\\/sindicomerciarios-inicia-distribuicao-de-kits-escolares-aos-associados\\\/\"},\"wordCount\":223,\"commentCount\":0,\"image\":{\"@id\":\"https:\\\/\\\/folhapopular.info\\\/index.php\\\/2026\\\/01\\\/09\\\/sindicomerciarios-inicia-distribuicao-de-kits-escolares-aos-associados\\\/#primaryimage\"},\"thumbnailUrl\":\"https:\\\/\\\/folhapopular.info\\\/wp-content\\\/uploads\\\/2026\\\/01\\\/Sindicomerciarios-comeca-a-distribuir-kit-escolares-aos-associados.jpg\",\"keywords\":[\"Educa\u00e7\u00e3o\",\"Kits escolares\",\"Sindicato\",\"Sindicomerci\u00e1rios\"],\"articleSection\":[\"Destaques\",\"Economia\"],\"inLanguage\":\"pt-BR\",\"potentialAction\":[{\"@type\":\"CommentAction\",\"name\":\"Comment\",\"target\":[\"https:\\\/\\\/folhapopular.info\\\/index.php\\\/2026\\\/01\\\/09\\\/sindicomerciarios-inicia-distribuicao-de-kits-escolares-aos-associados\\\/#respond\"]}]},{\"@type\":\"WebPage\",\"@id\":\"https:\\\/\\\/folhapopular.info\\\/index.php\\\/2026\\\/01\\\/09\\\/sindicomerciarios-inicia-distribuicao-de-kits-escolares-aos-associados\\\/\",\"url\":\"https:\\\/\\\/folhapopular.info\\\/index.php\\\/2026\\\/01\\\/09\\\/sindicomerciarios-inicia-distribuicao-de-kits-escolares-aos-associados\\\/\",\"name\":\"Sindicomerci\u00e1rios inicia distribui\u00e7\u00e3o de kits escolares aos associados - Folha Popular\",\"isPartOf\":{\"@id\":\"https:\\\/\\\/folhapopular.info\\\/#website\"},\"primaryImageOfPage\":{\"@id\":\"https:\\\/\\\/folhapopular.info\\\/index.php\\\/2026\\\/01\\\/09\\\/sindicomerciarios-inicia-distribuicao-de-kits-escolares-aos-associados\\\/#primaryimage\"},\"image\":{\"@id\":\"https:\\\/\\\/folhapopular.info\\\/index.php\\\/2026\\\/01\\\/09\\\/sindicomerciarios-inicia-distribuicao-de-kits-escolares-aos-associados\\\/#primaryimage\"},\"thumbnailUrl\":\"https:\\\/\\\/folhapopular.info\\\/wp-content\\\/uploads\\\/2026\\\/01\\\/Sindicomerciarios-comeca-a-distribuir-kit-escolares-aos-associados.jpg\",\"datePublished\":\"2026-01-09T15:00:00+00:00\",\"author\":{\"@id\":\"https:\\\/\\\/folhapopular.info\\\/#\\\/schema\\\/person\\\/2814e8a0df7643585a9ca38bc6eb9d4b\"},\"breadcrumb\":{\"@id\":\"https:\\\/\\\/folhapopular.info\\\/index.php\\\/2026\\\/01\\\/09\\\/sindicomerciarios-inicia-distribuicao-de-kits-escolares-aos-associados\\\/#breadcrumb\"},\"inLanguage\":\"pt-BR\",\"potentialAction\":[{\"@type\":\"ReadAction\",\"target\":[\"https:\\\/\\\/folhapopular.info\\\/index.php\\\/2026\\\/01\\\/09\\\/sindicomerciarios-inicia-distribuicao-de-kits-escolares-aos-associados\\\/\"]}]},{\"@type\":\"ImageObject\",\"inLanguage\":\"pt-BR\",\"@id\":\"https:\\\/\\\/folhapopular.info\\\/index.php\\\/2026\\\/01\\\/09\\\/sindicomerciarios-inicia-distribuicao-de-kits-escolares-aos-associados\\\/#primaryimage\",\"url\":\"https:\\\/\\\/folhapopular.info\\\/wp-content\\\/uploads\\\/2026\\\/01\\\/Sindicomerciarios-comeca-a-distribuir-kit-escolares-aos-associados.jpg\",\"contentUrl\":\"https:\\\/\\\/folhapopular.info\\\/wp-content\\\/uploads\\\/2026\\\/01\\\/Sindicomerciarios-comeca-a-distribuir-kit-escolares-aos-associados.jpg\",\"width\":1183,\"height\":887,\"caption\":\"Cr\u00e9dito: Divulga\u00e7\u00e3o\"},{\"@type\":\"BreadcrumbList\",\"@id\":\"https:\\\/\\\/folhapopular.info\\\/index.php\\\/2026\\\/01\\\/09\\\/sindicomerciarios-inicia-distribuicao-de-kits-escolares-aos-associados\\\/#breadcrumb\",\"itemListElement\":[{\"@type\":\"ListItem\",\"position\":1,\"name\":\"In\u00edcio\",\"item\":\"https:\\\/\\\/folhapopular.info\\\/\"},{\"@type\":\"ListItem\",\"position\":2,\"name\":\"Sindicomerci\u00e1rios inicia distribui\u00e7\u00e3o de kits escolares aos associados\"}]},{\"@type\":\"WebSite\",\"@id\":\"https:\\\/\\\/folhapopular.info\\\/#website\",\"url\":\"https:\\\/\\\/folhapopular.info\\\/\",\"name\":\"Folha Popular\",\"description\":\"Onde voc\u00ea tem vez e voz\",\"potentialAction\":[{\"@type\":\"SearchAction\",\"target\":{\"@type\":\"EntryPoint\",\"urlTemplate\":\"https:\\\/\\\/folhapopular.info\\\/?s={search_term_string}\"},\"query-input\":{\"@type\":\"PropertyValueSpecification\",\"valueRequired\":true,\"valueName\":\"search_term_string\"}}],\"inLanguage\":\"pt-BR\"},{\"@type\":\"Person\",\"@id\":\"https:\\\/\\\/folhapopular.info\\\/#\\\/schema\\\/person\\\/2814e8a0df7643585a9ca38bc6eb9d4b\",\"name\":\"Reda\u00e7\u00e3o Folha Popular\",\"image\":{\"@type\":\"ImageObject\",\"inLanguage\":\"pt-BR\",\"@id\":\"https:\\\/\\\/folhapopular.info\\\/wp-content\\\/uploads\\\/2026\\\/04\\\/Folha-1.webp\",\"url\":\"https:\\\/\\\/folhapopular.info\\\/wp-content\\\/uploads\\\/2026\\\/04\\\/Folha-1.webp\",\"contentUrl\":\"https:\\\/\\\/folhapopular.info\\\/wp-content\\\/uploads\\\/2026\\\/04\\\/Folha-1.webp\",\"caption\":\"Reda\u00e7\u00e3o Folha Popular\"},\"url\":\"https:\\\/\\\/folhapopular.info\\\/index.php\\\/author\\\/redacao\\\/\"}]}<\/script>\n<!-- \/ Yoast SEO plugin. -->","yoast_head_json":{"title":"Sindicomerci\u00e1rios inicia distribui\u00e7\u00e3o de kits escolares aos associados - Folha Popular","robots":{"index":"index","follow":"follow","max-snippet":"max-snippet:-1","max-image-preview":"max-image-preview:large","max-video-preview":"max-video-preview:-1"},"canonical":"https:\/\/folhapopular.info\/index.php\/2026\/01\/09\/sindicomerciarios-inicia-distribuicao-de-kits-escolares-aos-associados\/","og_locale":"pt_BR","og_type":"article","og_title":"Sindicomerci\u00e1rios inicia distribui\u00e7\u00e3o de kits escolares aos associados - Folha Popular","og_description":"O Sindicomerci\u00e1rios de Taquari e Regi\u00e3o iniciou a distribui\u00e7\u00e3o dos kits escolares para seus associados. O prazo para retirada segue at\u00e9 o dia 23 de janeiro e contempla todos os s\u00f3cios que estudam ou que possuem filhos estudantes e que realizaram a inscri\u00e7\u00e3o durante o m\u00eas de novembro de 2025. Os comerci\u00e1rios que t\u00eam direito [&hellip;]","og_url":"https:\/\/folhapopular.info\/index.php\/2026\/01\/09\/sindicomerciarios-inicia-distribuicao-de-kits-escolares-aos-associados\/","og_site_name":"Folha Popular","article_published_time":"2026-01-09T15:00:00+00:00","og_image":[{"width":1183,"height":887,"url":"https:\/\/folhapopular.info\/wp-content\/uploads\/2026\/01\/Sindicomerciarios-comeca-a-distribuir-kit-escolares-aos-associados.jpg","type":"image\/jpeg"}],"author":"Reda\u00e7\u00e3o Folha Popular","twitter_card":"summary_large_image","twitter_misc":{"Escrito por":"Reda\u00e7\u00e3o Folha Popular","Est. tempo de leitura":"2 minutos"},"schema":{"@context":"https:\/\/schema.org","@graph":[{"@type":"Article","@id":"https:\/\/folhapopular.info\/index.php\/2026\/01\/09\/sindicomerciarios-inicia-distribuicao-de-kits-escolares-aos-associados\/#article","isPartOf":{"@id":"https:\/\/folhapopular.info\/index.php\/2026\/01\/09\/sindicomerciarios-inicia-distribuicao-de-kits-escolares-aos-associados\/"},"author":{"name":"Reda\u00e7\u00e3o Folha Popular","@id":"https:\/\/folhapopular.info\/#\/schema\/person\/2814e8a0df7643585a9ca38bc6eb9d4b"},"headline":"Sindicomerci\u00e1rios inicia distribui\u00e7\u00e3o de kits escolares aos associados","datePublished":"2026-01-09T15:00:00+00:00","mainEntityOfPage":{"@id":"https:\/\/folhapopular.info\/index.php\/2026\/01\/09\/sindicomerciarios-inicia-distribuicao-de-kits-escolares-aos-associados\/"},"wordCount":223,"commentCount":0,"image":{"@id":"https:\/\/folhapopular.info\/index.php\/2026\/01\/09\/sindicomerciarios-inicia-distribuicao-de-kits-escolares-aos-associados\/#primaryimage"},"thumbnailUrl":"https:\/\/folhapopular.info\/wp-content\/uploads\/2026\/01\/Sindicomerciarios-comeca-a-distribuir-kit-escolares-aos-associados.jpg","keywords":["Educa\u00e7\u00e3o","Kits escolares","Sindicato","Sindicomerci\u00e1rios"],"articleSection":["Destaques","Economia"],"inLanguage":"pt-BR","potentialAction":[{"@type":"CommentAction","name":"Comment","target":["https:\/\/folhapopular.info\/index.php\/2026\/01\/09\/sindicomerciarios-inicia-distribuicao-de-kits-escolares-aos-associados\/#respond"]}]},{"@type":"WebPage","@id":"https:\/\/folhapopular.info\/index.php\/2026\/01\/09\/sindicomerciarios-inicia-distribuicao-de-kits-escolares-aos-associados\/","url":"https:\/\/folhapopular.info\/index.php\/2026\/01\/09\/sindicomerciarios-inicia-distribuicao-de-kits-escolares-aos-associados\/","name":"Sindicomerci\u00e1rios inicia distribui\u00e7\u00e3o de kits escolares aos associados - Folha Popular","isPartOf":{"@id":"https:\/\/folhapopular.info\/#website"},"primaryImageOfPage":{"@id":"https:\/\/folhapopular.info\/index.php\/2026\/01\/09\/sindicomerciarios-inicia-distribuicao-de-kits-escolares-aos-associados\/#primaryimage"},"image":{"@id":"https:\/\/folhapopular.info\/index.php\/2026\/01\/09\/sindicomerciarios-inicia-distribuicao-de-kits-escolares-aos-associados\/#primaryimage"},"thumbnailUrl":"https:\/\/folhapopular.info\/wp-content\/uploads\/2026\/01\/Sindicomerciarios-comeca-a-distribuir-kit-escolares-aos-associados.jpg","datePublished":"2026-01-09T15:00:00+00:00","author":{"@id":"https:\/\/folhapopular.info\/#\/schema\/person\/2814e8a0df7643585a9ca38bc6eb9d4b"},"breadcrumb":{"@id":"https:\/\/folhapopular.info\/index.php\/2026\/01\/09\/sindicomerciarios-inicia-distribuicao-de-kits-escolares-aos-associados\/#breadcrumb"},"inLanguage":"pt-BR","potentialAction":[{"@type":"ReadAction","target":["https:\/\/folhapopular.info\/index.php\/2026\/01\/09\/sindicomerciarios-inicia-distribuicao-de-kits-escolares-aos-associados\/"]}]},{"@type":"ImageObject","inLanguage":"pt-BR","@id":"https:\/\/folhapopular.info\/index.php\/2026\/01\/09\/sindicomerciarios-inicia-distribuicao-de-kits-escolares-aos-associados\/#primaryimage","url":"https:\/\/folhapopular.info\/wp-content\/uploads\/2026\/01\/Sindicomerciarios-comeca-a-distribuir-kit-escolares-aos-associados.jpg","contentUrl":"https:\/\/folhapopular.info\/wp-content\/uploads\/2026\/01\/Sindicomerciarios-comeca-a-distribuir-kit-escolares-aos-associados.jpg","width":1183,"height":887,"caption":"Cr\u00e9dito: Divulga\u00e7\u00e3o"},{"@type":"BreadcrumbList","@id":"https:\/\/folhapopular.info\/index.php\/2026\/01\/09\/sindicomerciarios-inicia-distribuicao-de-kits-escolares-aos-associados\/#breadcrumb","itemListElement":[{"@type":"ListItem","position":1,"name":"In\u00edcio","item":"https:\/\/folhapopular.info\/"},{"@type":"ListItem","position":2,"name":"Sindicomerci\u00e1rios inicia distribui\u00e7\u00e3o de kits escolares aos associados"}]},{"@type":"WebSite","@id":"https:\/\/folhapopular.info\/#website","url":"https:\/\/folhapopular.info\/","name":"Folha Popular","description":"Onde voc\u00ea tem vez e voz","potentialAction":[{"@type":"SearchAction","target":{"@type":"EntryPoint","urlTemplate":"https:\/\/folhapopular.info\/?s={search_term_string}"},"query-input":{"@type":"PropertyValueSpecification","valueRequired":true,"valueName":"search_term_string"}}],"inLanguage":"pt-BR"},{"@type":"Person","@id":"https:\/\/folhapopular.info\/#\/schema\/person\/2814e8a0df7643585a9ca38bc6eb9d4b","name":"Reda\u00e7\u00e3o Folha Popular","image":{"@type":"ImageObject","inLanguage":"pt-BR","@id":"https:\/\/folhapopular.info\/wp-content\/uploads\/2026\/04\/Folha-1.webp","url":"https:\/\/folhapopular.info\/wp-content\/uploads\/2026\/04\/Folha-1.webp","contentUrl":"https:\/\/folhapopular.info\/wp-content\/uploads\/2026\/04\/Folha-1.webp","caption":"Reda\u00e7\u00e3o Folha Popular"},"url":"https:\/\/folhapopular.info\/index.php\/author\/redacao\/"}]}},"jetpack_featured_media_url":"https:\/\/folhapopular.info\/wp-content\/uploads\/2026\/01\/Sindicomerciarios-comeca-a-distribuir-kit-escolares-aos-associados.jpg","jetpack_sharing_enabled":true,"amp_enabled":true,"_links":{"self":[{"href":"https:\/\/folhapopular.info\/index.php\/wp-json\/wp\/v2\/posts\/201690","targetHints":{"allow":["GET"]}}],"collection":[{"href":"https:\/\/folhapopular.info\/index.php\/wp-json\/wp\/v2\/posts"}],"about":[{"href":"https:\/\/folhapopular.info\/index.php\/wp-json\/wp\/v2\/types\/post"}],"author":[{"embeddable":true,"href":"https:\/\/folhapopular.info\/index.php\/wp-json\/wp\/v2\/users\/8"}],"replies":[{"embeddable":true,"href":"https:\/\/folhapopular.info\/index.php\/wp-json\/wp\/v2\/comments?post=201690"}],"version-history":[{"count":0,"href":"https:\/\/folhapopular.info\/index.php\/wp-json\/wp\/v2\/posts\/201690\/revisions"}],"wp:featuredmedia":[{"embeddable":true,"href":"https:\/\/folhapopular.info\/index.php\/wp-json\/wp\/v2\/media\/201691"}],"wp:attachment":[{"href":"https:\/\/folhapopular.info\/index.php\/wp-json\/wp\/v2\/media?parent=201690"}],"wp:term":[{"taxonomy":"category","embeddable":true,"href":"https:\/\/folhapopular.info\/index.php\/wp-json\/wp\/v2\/categories?post=201690"},{"taxonomy":"post_tag","embeddable":true,"href":"https:\/\/folhapopular.info\/index.php\/wp-json\/wp\/v2\/tags?post=201690"}],"curies":[{"name":"wp","href":"https:\/\/api.w.org\/{rel}","templated":true}]}}