{"id":201748,"date":"2026-01-08T19:44:02","date_gmt":"2026-01-08T22:44:02","guid":{"rendered":"https:\/\/folhapopular.info\/?p=201748"},"modified":"2026-01-09T09:37:16","modified_gmt":"2026-01-09T12:37:16","slug":"florestal-alimentos-comemora-90-anos","status":"publish","type":"post","link":"https:\/\/folhapopular.info\/index.php\/2026\/01\/08\/florestal-alimentos-comemora-90-anos\/","title":{"rendered":"Florestal Alimentos comemora 90 anos"},"content":{"rendered":"\n<p>A <a href=\"https:\/\/folhapopular.info\/index.php\/2025\/07\/22\/florestal-relanca-bala-vit-c-com-nova-embalagem\/\">Florestal Alimentos<\/a> inicia 2026 celebrando seus 90 anos de hist\u00f3ria com uma programa\u00e7\u00e3o que vai al\u00e9m da comemora\u00e7\u00e3o de uma data. Fundada em 1936, em Lajeado, no Vale do Taquari, a empresa construiu uma trajet\u00f3ria marcada por prop\u00f3sito, crescimento sustent\u00e1vel e forte conex\u00e3o com pessoas. Valores estes que seguem guiando suas decis\u00f5es e o calend\u00e1rio especial preparado para o primeiro semestre do ano.<\/p>\n\n\n\n<p>O que come\u00e7ou de forma artesanal, com a produ\u00e7\u00e3o di\u00e1ria de cerca de 140 quilos de balas e entregas feitas de bicicleta, transformou-se em um dos maiores grupos de candies do Brasil. Ao longo das d\u00e9cadas, a Florestal acompanhou a evolu\u00e7\u00e3o da ind\u00fastria, investiu em tecnologia, expandiu mercados e consolidou um portf\u00f3lio que hoje ultrapassa 450 itens, distribu\u00eddos em 13 linhas de produtos, com capacidade produtiva de 250 toneladas por dia.<\/p>\n\n\n\n<p>Momentos decisivos marcaram essa trajet\u00f3ria, como a chegada de Claudir Weiand, em 1994, que impulsionou uma reestrutura\u00e7\u00e3o profunda na empresa, elevando padr\u00f5es industriais, fortalecendo a gest\u00e3o e ampliando a presen\u00e7a nacional e internacional. A busca cont\u00ednua pela excel\u00eancia resultou em importantes certifica\u00e7\u00f5es nas \u00e1reas de qualidade, seguran\u00e7a alimentar e gest\u00e3o ambiental, al\u00e9m da certifica\u00e7\u00e3o Halal, que abriu portas para novos mercados.<\/p>\n\n\n\n<p>Atualmente, o<a href=\"http:\/\/www.florestal.com.br\"> Grupo Florestal Alimentos S.A.<\/a> re\u00fane cinco marcas: Florestal, Flofarma, Flonutri Pet, Caracol Chocolates e Planalto, e mant\u00e9m forte compromisso com responsabilidade social, sustentabilidade e desenvolvimento humano.<\/p>\n\n\n\n<p>Para o CEO Maur\u00edcio Weiand, a celebra\u00e7\u00e3o dos 90 anos simboliza o equil\u00edbrio entre legado e futuro. \u201cChegar aos 90 anos \u00e9 resultado de uma constru\u00e7\u00e3o feita por muitas m\u00e3os, com decis\u00f5es respons\u00e1veis e vis\u00e3o de longo prazo. Temos orgulho da nossa hist\u00f3ria, mas seguimos olhando para frente, investindo em inova\u00e7\u00e3o, tecnologia e pessoas para garantir um crescimento sustent\u00e1vel rumo aos 100 anos\u201d, afirma.<\/p>\n\n\n\n<p><strong>Campanha 90 anos<\/strong><\/p>\n\n\n\n<p>A celebra\u00e7\u00e3o dos 90 anos da Florestal tamb\u00e9m ganha forma por meio de uma identidade visual desenvolvida especialmente para a data. O slogan da campanha, <em>\u201cTradi\u00e7\u00e3o que ado\u00e7a gera\u00e7\u00f5es\u201d<\/em>, traduz a ess\u00eancia da marca ao unir hist\u00f3ria, afeto e continuidade, refor\u00e7ando o papel da empresa na vida de diferentes p\u00fablicos ao longo do tempo.<\/p>\n\n\n\n<p>A identidade utiliza formas org\u00e2nicas inspiradas nas massas dos produtos, assim como o selo de 90 anos. O Flopi, mascote da marca, tamb\u00e9m ganha destaque na campanha, aparecendo nas comunica\u00e7\u00f5es. Tudo isso refor\u00e7a visualmente a conex\u00e3o entre tradi\u00e7\u00e3o, produto e marca.<\/p>\n\n\n\n<h3 class=\"wp-block-heading\">Uma programa\u00e7\u00e3o que conecta hist\u00f3ria, mercado e comunidade<\/h3>\n\n\n\n<p>As comemora\u00e7\u00f5es come\u00e7am oficialmente em janeiro, com recep\u00e7\u00e3o especial aos colaboradores, coletiva de imprensa e participa\u00e7\u00e3o no evento Paleta Atl\u00e2ntida, em Xangri-L\u00e1. O m\u00eas tamb\u00e9m marca o lan\u00e7amento do document\u00e1rio \u201c<em>Hist\u00f3rias que ado\u00e7am gera\u00e7\u00f5es\u201d<\/em>, uma s\u00e9rie com 12 v\u00eddeos que ser\u00e3o divulgados ao longo do ano.<\/p>\n\n\n\n<p>Em fevereiro, a programa\u00e7\u00e3o ganha um tom simb\u00f3lico com a realiza\u00e7\u00e3o de uma missa festiva na Matriz de Lajeado, al\u00e9m da distribui\u00e7\u00e3o de 90 mil unidades de doces em todo o Brasil. Mar\u00e7o ser\u00e1 marcado por ativa\u00e7\u00f5es sazonais, presen\u00e7a em grandes eventos e um grande encontro gratuito para a comunidade, no Parque dos Dick, em Lajeado, com atra\u00e7\u00f5es culturais e distribui\u00e7\u00e3o de doces.<\/p>\n\n\n\n<p>Abril refor\u00e7a os valores de tradi\u00e7\u00e3o e reconhecimento, com a\u00e7\u00f5es comerciais de P\u00e1scoa e homenagem a ex-colaboradores. Em maio, a Florestal amplia sua presen\u00e7a no mercado com participa\u00e7\u00e3o na Apas Show, lan\u00e7amentos e a realiza\u00e7\u00e3o da C\u00e3ominhada, em parceria com a Flonutri Pet. O primeiro semestre se encerra em junho com tr\u00eas encontro com mais de 90 fornecedores.<\/p>\n\n\n\n<p>Segundo o gerente de marketing da Florestal Alimentos, Alexandre Ferrari, a programa\u00e7\u00e3o foi pensada para traduzir a ess\u00eancia da marca. \u201cQueremos que os 90 anos sejam vividos de forma pr\u00f3xima e participativa. Cada a\u00e7\u00e3o valoriza nossa hist\u00f3ria, nossas pessoas e nossa rela\u00e7\u00e3o com o mercado e a comunidade. Ser\u00e1 um ano de muitas comemora\u00e7\u00f5es e repleto de doces emo\u00e7\u00f5es\u201d, destaca.<\/p>\n\n\n\n<p>O primeiro semestre marca apenas o in\u00edcio de um ano hist\u00f3rico para a Florestal. Uma celebra\u00e7\u00e3o constru\u00edda com prop\u00f3sito, que honra o passado e projeta um futuro de inova\u00e7\u00e3o, crescimento e compromisso com quem faz parte dessa hist\u00f3ria, rumo aos 100 anos.<\/p>\n","protected":false},"excerpt":{"rendered":"<p>A Florestal Alimentos inicia 2026 celebrando seus 90 anos de hist\u00f3ria com uma programa\u00e7\u00e3o que vai al\u00e9m da comemora\u00e7\u00e3o de uma data. Fundada em 1936, em Lajeado, no Vale do Taquari, a empresa construiu uma trajet\u00f3ria marcada por prop\u00f3sito, crescimento sustent\u00e1vel e forte conex\u00e3o com pessoas. Valores estes que seguem guiando suas decis\u00f5es e o [&hellip;]<\/p>\n","protected":false},"author":8,"featured_media":201749,"comment_status":"open","ping_status":"open","sticky":false,"template":"","format":"standard","meta":{"pmpro_default_level":"","_jetpack_memberships_contains_paid_content":false,"footnotes":""},"categories":[2,10991,12473],"tags":[20344,20343,20342,232,902,16284,27,5962],"class_list":{"0":"post-201748","1":"post","2":"type-post","3":"status-publish","4":"format-standard","5":"has-post-thumbnail","7":"category-featured","8":"category-economia","9":"category-negocios","10":"tag-candyes","11":"tag-flofarma","12":"tag-flopito","13":"tag-flores","14":"tag-florestal","15":"tag-florestal-alimentos","16":"tag-lajeado","17":"tag-planalto","18":"pmpro-has-access"},"yoast_head":"<!-- This site is optimized with the Yoast SEO plugin v27.5 - https:\/\/yoast.com\/product\/yoast-seo-wordpress\/ -->\n<title>Florestal Alimentos comemora 90 anos<\/title>\n<meta name=\"description\" content=\"Florestal comemora 90 anos com agenda especial ao longo de 2026. Empresa faz anivers\u00e1rio nesta quinta-feira (8\/1)\" \/>\n<meta name=\"robots\" content=\"index, follow, max-snippet:-1, max-image-preview:large, max-video-preview:-1\" \/>\n<link rel=\"canonical\" href=\"https:\/\/folhapopular.info\/index.php\/2026\/01\/08\/florestal-alimentos-comemora-90-anos\/\" \/>\n<meta property=\"og:locale\" content=\"pt_BR\" \/>\n<meta property=\"og:type\" content=\"article\" \/>\n<meta property=\"og:title\" content=\"Florestal Alimentos comemora 90 anos\" \/>\n<meta property=\"og:description\" content=\"Florestal comemora 90 anos com agenda especial ao longo de 2026. Empresa faz anivers\u00e1rio nesta quinta-feira (8\/1)\" \/>\n<meta property=\"og:url\" content=\"https:\/\/folhapopular.info\/index.php\/2026\/01\/08\/florestal-alimentos-comemora-90-anos\/\" \/>\n<meta property=\"og:site_name\" content=\"Folha Popular\" \/>\n<meta property=\"article:published_time\" content=\"2026-01-08T22:44:02+00:00\" \/>\n<meta property=\"article:modified_time\" content=\"2026-01-09T12:37:16+00:00\" \/>\n<meta property=\"og:image\" content=\"http:\/\/folhapopular.info\/wp-content\/uploads\/2026\/01\/fabrica-4.jpg\" \/>\n\t<meta property=\"og:image:width\" content=\"1740\" \/>\n\t<meta property=\"og:image:height\" content=\"1176\" \/>\n\t<meta property=\"og:image:type\" content=\"image\/jpeg\" \/>\n<meta name=\"author\" content=\"Reda\u00e7\u00e3o Folha Popular\" \/>\n<meta name=\"twitter:card\" content=\"summary_large_image\" \/>\n<meta name=\"twitter:label1\" content=\"Escrito por\" \/>\n\t<meta name=\"twitter:data1\" content=\"Reda\u00e7\u00e3o Folha Popular\" \/>\n\t<meta name=\"twitter:label2\" content=\"Est. tempo de leitura\" \/>\n\t<meta name=\"twitter:data2\" content=\"4 minutos\" \/>\n<script type=\"application\/ld+json\" class=\"yoast-schema-graph\">{\"@context\":\"https:\\\/\\\/schema.org\",\"@graph\":[{\"@type\":\"Article\",\"@id\":\"https:\\\/\\\/folhapopular.info\\\/index.php\\\/2026\\\/01\\\/08\\\/florestal-alimentos-comemora-90-anos\\\/#article\",\"isPartOf\":{\"@id\":\"https:\\\/\\\/folhapopular.info\\\/index.php\\\/2026\\\/01\\\/08\\\/florestal-alimentos-comemora-90-anos\\\/\"},\"author\":{\"name\":\"Reda\u00e7\u00e3o Folha Popular\",\"@id\":\"https:\\\/\\\/folhapopular.info\\\/#\\\/schema\\\/person\\\/2814e8a0df7643585a9ca38bc6eb9d4b\"},\"headline\":\"Florestal Alimentos comemora 90 anos\",\"datePublished\":\"2026-01-08T22:44:02+00:00\",\"dateModified\":\"2026-01-09T12:37:16+00:00\",\"mainEntityOfPage\":{\"@id\":\"https:\\\/\\\/folhapopular.info\\\/index.php\\\/2026\\\/01\\\/08\\\/florestal-alimentos-comemora-90-anos\\\/\"},\"wordCount\":758,\"commentCount\":0,\"image\":{\"@id\":\"https:\\\/\\\/folhapopular.info\\\/index.php\\\/2026\\\/01\\\/08\\\/florestal-alimentos-comemora-90-anos\\\/#primaryimage\"},\"thumbnailUrl\":\"https:\\\/\\\/folhapopular.info\\\/wp-content\\\/uploads\\\/2026\\\/01\\\/fabrica-4.jpg\",\"keywords\":[\"Candyes\",\"Flofarma\",\"Flopito\",\"Flores\",\"Florestal\",\"Florestal Alimentos\",\"Lajeado\",\"Planalto\"],\"articleSection\":[\"Destaques\",\"Economia\",\"Neg\u00f3cios\"],\"inLanguage\":\"pt-BR\",\"potentialAction\":[{\"@type\":\"CommentAction\",\"name\":\"Comment\",\"target\":[\"https:\\\/\\\/folhapopular.info\\\/index.php\\\/2026\\\/01\\\/08\\\/florestal-alimentos-comemora-90-anos\\\/#respond\"]}]},{\"@type\":\"WebPage\",\"@id\":\"https:\\\/\\\/folhapopular.info\\\/index.php\\\/2026\\\/01\\\/08\\\/florestal-alimentos-comemora-90-anos\\\/\",\"url\":\"https:\\\/\\\/folhapopular.info\\\/index.php\\\/2026\\\/01\\\/08\\\/florestal-alimentos-comemora-90-anos\\\/\",\"name\":\"Florestal Alimentos comemora 90 anos\",\"isPartOf\":{\"@id\":\"https:\\\/\\\/folhapopular.info\\\/#website\"},\"primaryImageOfPage\":{\"@id\":\"https:\\\/\\\/folhapopular.info\\\/index.php\\\/2026\\\/01\\\/08\\\/florestal-alimentos-comemora-90-anos\\\/#primaryimage\"},\"image\":{\"@id\":\"https:\\\/\\\/folhapopular.info\\\/index.php\\\/2026\\\/01\\\/08\\\/florestal-alimentos-comemora-90-anos\\\/#primaryimage\"},\"thumbnailUrl\":\"https:\\\/\\\/folhapopular.info\\\/wp-content\\\/uploads\\\/2026\\\/01\\\/fabrica-4.jpg\",\"datePublished\":\"2026-01-08T22:44:02+00:00\",\"dateModified\":\"2026-01-09T12:37:16+00:00\",\"author\":{\"@id\":\"https:\\\/\\\/folhapopular.info\\\/#\\\/schema\\\/person\\\/2814e8a0df7643585a9ca38bc6eb9d4b\"},\"description\":\"Florestal comemora 90 anos com agenda especial ao longo de 2026. Empresa faz anivers\u00e1rio nesta quinta-feira (8\\\/1)\",\"breadcrumb\":{\"@id\":\"https:\\\/\\\/folhapopular.info\\\/index.php\\\/2026\\\/01\\\/08\\\/florestal-alimentos-comemora-90-anos\\\/#breadcrumb\"},\"inLanguage\":\"pt-BR\",\"potentialAction\":[{\"@type\":\"ReadAction\",\"target\":[\"https:\\\/\\\/folhapopular.info\\\/index.php\\\/2026\\\/01\\\/08\\\/florestal-alimentos-comemora-90-anos\\\/\"]}]},{\"@type\":\"ImageObject\",\"inLanguage\":\"pt-BR\",\"@id\":\"https:\\\/\\\/folhapopular.info\\\/index.php\\\/2026\\\/01\\\/08\\\/florestal-alimentos-comemora-90-anos\\\/#primaryimage\",\"url\":\"https:\\\/\\\/folhapopular.info\\\/wp-content\\\/uploads\\\/2026\\\/01\\\/fabrica-4.jpg\",\"contentUrl\":\"https:\\\/\\\/folhapopular.info\\\/wp-content\\\/uploads\\\/2026\\\/01\\\/fabrica-4.jpg\",\"width\":1740,\"height\":1176,\"caption\":\"Empresa com sede em Lajeado preparou extensa programa\u00e7\u00e3o em comemora\u00e7\u00e3o \u00e0 data\"},{\"@type\":\"BreadcrumbList\",\"@id\":\"https:\\\/\\\/folhapopular.info\\\/index.php\\\/2026\\\/01\\\/08\\\/florestal-alimentos-comemora-90-anos\\\/#breadcrumb\",\"itemListElement\":[{\"@type\":\"ListItem\",\"position\":1,\"name\":\"In\u00edcio\",\"item\":\"https:\\\/\\\/folhapopular.info\\\/\"},{\"@type\":\"ListItem\",\"position\":2,\"name\":\"Florestal Alimentos comemora 90 anos\"}]},{\"@type\":\"WebSite\",\"@id\":\"https:\\\/\\\/folhapopular.info\\\/#website\",\"url\":\"https:\\\/\\\/folhapopular.info\\\/\",\"name\":\"Folha Popular\",\"description\":\"Onde voc\u00ea tem vez e voz\",\"potentialAction\":[{\"@type\":\"SearchAction\",\"target\":{\"@type\":\"EntryPoint\",\"urlTemplate\":\"https:\\\/\\\/folhapopular.info\\\/?s={search_term_string}\"},\"query-input\":{\"@type\":\"PropertyValueSpecification\",\"valueRequired\":true,\"valueName\":\"search_term_string\"}}],\"inLanguage\":\"pt-BR\"},{\"@type\":\"Person\",\"@id\":\"https:\\\/\\\/folhapopular.info\\\/#\\\/schema\\\/person\\\/2814e8a0df7643585a9ca38bc6eb9d4b\",\"name\":\"Reda\u00e7\u00e3o Folha Popular\",\"image\":{\"@type\":\"ImageObject\",\"inLanguage\":\"pt-BR\",\"@id\":\"https:\\\/\\\/folhapopular.info\\\/wp-content\\\/uploads\\\/2026\\\/04\\\/Folha-1.webp\",\"url\":\"https:\\\/\\\/folhapopular.info\\\/wp-content\\\/uploads\\\/2026\\\/04\\\/Folha-1.webp\",\"contentUrl\":\"https:\\\/\\\/folhapopular.info\\\/wp-content\\\/uploads\\\/2026\\\/04\\\/Folha-1.webp\",\"caption\":\"Reda\u00e7\u00e3o Folha Popular\"},\"url\":\"https:\\\/\\\/folhapopular.info\\\/index.php\\\/author\\\/redacao\\\/\"}]}<\/script>\n<!-- \/ Yoast SEO plugin. -->","yoast_head_json":{"title":"Florestal Alimentos comemora 90 anos","description":"Florestal comemora 90 anos com agenda especial ao longo de 2026. Empresa faz anivers\u00e1rio nesta quinta-feira (8\/1)","robots":{"index":"index","follow":"follow","max-snippet":"max-snippet:-1","max-image-preview":"max-image-preview:large","max-video-preview":"max-video-preview:-1"},"canonical":"https:\/\/folhapopular.info\/index.php\/2026\/01\/08\/florestal-alimentos-comemora-90-anos\/","og_locale":"pt_BR","og_type":"article","og_title":"Florestal Alimentos comemora 90 anos","og_description":"Florestal comemora 90 anos com agenda especial ao longo de 2026. Empresa faz anivers\u00e1rio nesta quinta-feira (8\/1)","og_url":"https:\/\/folhapopular.info\/index.php\/2026\/01\/08\/florestal-alimentos-comemora-90-anos\/","og_site_name":"Folha Popular","article_published_time":"2026-01-08T22:44:02+00:00","article_modified_time":"2026-01-09T12:37:16+00:00","og_image":[{"width":1740,"height":1176,"url":"http:\/\/folhapopular.info\/wp-content\/uploads\/2026\/01\/fabrica-4.jpg","type":"image\/jpeg"}],"author":"Reda\u00e7\u00e3o Folha Popular","twitter_card":"summary_large_image","twitter_misc":{"Escrito por":"Reda\u00e7\u00e3o Folha Popular","Est. tempo de leitura":"4 minutos"},"schema":{"@context":"https:\/\/schema.org","@graph":[{"@type":"Article","@id":"https:\/\/folhapopular.info\/index.php\/2026\/01\/08\/florestal-alimentos-comemora-90-anos\/#article","isPartOf":{"@id":"https:\/\/folhapopular.info\/index.php\/2026\/01\/08\/florestal-alimentos-comemora-90-anos\/"},"author":{"name":"Reda\u00e7\u00e3o Folha Popular","@id":"https:\/\/folhapopular.info\/#\/schema\/person\/2814e8a0df7643585a9ca38bc6eb9d4b"},"headline":"Florestal Alimentos comemora 90 anos","datePublished":"2026-01-08T22:44:02+00:00","dateModified":"2026-01-09T12:37:16+00:00","mainEntityOfPage":{"@id":"https:\/\/folhapopular.info\/index.php\/2026\/01\/08\/florestal-alimentos-comemora-90-anos\/"},"wordCount":758,"commentCount":0,"image":{"@id":"https:\/\/folhapopular.info\/index.php\/2026\/01\/08\/florestal-alimentos-comemora-90-anos\/#primaryimage"},"thumbnailUrl":"https:\/\/folhapopular.info\/wp-content\/uploads\/2026\/01\/fabrica-4.jpg","keywords":["Candyes","Flofarma","Flopito","Flores","Florestal","Florestal Alimentos","Lajeado","Planalto"],"articleSection":["Destaques","Economia","Neg\u00f3cios"],"inLanguage":"pt-BR","potentialAction":[{"@type":"CommentAction","name":"Comment","target":["https:\/\/folhapopular.info\/index.php\/2026\/01\/08\/florestal-alimentos-comemora-90-anos\/#respond"]}]},{"@type":"WebPage","@id":"https:\/\/folhapopular.info\/index.php\/2026\/01\/08\/florestal-alimentos-comemora-90-anos\/","url":"https:\/\/folhapopular.info\/index.php\/2026\/01\/08\/florestal-alimentos-comemora-90-anos\/","name":"Florestal Alimentos comemora 90 anos","isPartOf":{"@id":"https:\/\/folhapopular.info\/#website"},"primaryImageOfPage":{"@id":"https:\/\/folhapopular.info\/index.php\/2026\/01\/08\/florestal-alimentos-comemora-90-anos\/#primaryimage"},"image":{"@id":"https:\/\/folhapopular.info\/index.php\/2026\/01\/08\/florestal-alimentos-comemora-90-anos\/#primaryimage"},"thumbnailUrl":"https:\/\/folhapopular.info\/wp-content\/uploads\/2026\/01\/fabrica-4.jpg","datePublished":"2026-01-08T22:44:02+00:00","dateModified":"2026-01-09T12:37:16+00:00","author":{"@id":"https:\/\/folhapopular.info\/#\/schema\/person\/2814e8a0df7643585a9ca38bc6eb9d4b"},"description":"Florestal comemora 90 anos com agenda especial ao longo de 2026. Empresa faz anivers\u00e1rio nesta quinta-feira (8\/1)","breadcrumb":{"@id":"https:\/\/folhapopular.info\/index.php\/2026\/01\/08\/florestal-alimentos-comemora-90-anos\/#breadcrumb"},"inLanguage":"pt-BR","potentialAction":[{"@type":"ReadAction","target":["https:\/\/folhapopular.info\/index.php\/2026\/01\/08\/florestal-alimentos-comemora-90-anos\/"]}]},{"@type":"ImageObject","inLanguage":"pt-BR","@id":"https:\/\/folhapopular.info\/index.php\/2026\/01\/08\/florestal-alimentos-comemora-90-anos\/#primaryimage","url":"https:\/\/folhapopular.info\/wp-content\/uploads\/2026\/01\/fabrica-4.jpg","contentUrl":"https:\/\/folhapopular.info\/wp-content\/uploads\/2026\/01\/fabrica-4.jpg","width":1740,"height":1176,"caption":"Empresa com sede em Lajeado preparou extensa programa\u00e7\u00e3o em comemora\u00e7\u00e3o \u00e0 data"},{"@type":"BreadcrumbList","@id":"https:\/\/folhapopular.info\/index.php\/2026\/01\/08\/florestal-alimentos-comemora-90-anos\/#breadcrumb","itemListElement":[{"@type":"ListItem","position":1,"name":"In\u00edcio","item":"https:\/\/folhapopular.info\/"},{"@type":"ListItem","position":2,"name":"Florestal Alimentos comemora 90 anos"}]},{"@type":"WebSite","@id":"https:\/\/folhapopular.info\/#website","url":"https:\/\/folhapopular.info\/","name":"Folha Popular","description":"Onde voc\u00ea tem vez e voz","potentialAction":[{"@type":"SearchAction","target":{"@type":"EntryPoint","urlTemplate":"https:\/\/folhapopular.info\/?s={search_term_string}"},"query-input":{"@type":"PropertyValueSpecification","valueRequired":true,"valueName":"search_term_string"}}],"inLanguage":"pt-BR"},{"@type":"Person","@id":"https:\/\/folhapopular.info\/#\/schema\/person\/2814e8a0df7643585a9ca38bc6eb9d4b","name":"Reda\u00e7\u00e3o Folha Popular","image":{"@type":"ImageObject","inLanguage":"pt-BR","@id":"https:\/\/folhapopular.info\/wp-content\/uploads\/2026\/04\/Folha-1.webp","url":"https:\/\/folhapopular.info\/wp-content\/uploads\/2026\/04\/Folha-1.webp","contentUrl":"https:\/\/folhapopular.info\/wp-content\/uploads\/2026\/04\/Folha-1.webp","caption":"Reda\u00e7\u00e3o Folha Popular"},"url":"https:\/\/folhapopular.info\/index.php\/author\/redacao\/"}]}},"jetpack_featured_media_url":"https:\/\/folhapopular.info\/wp-content\/uploads\/2026\/01\/fabrica-4.jpg","jetpack_sharing_enabled":true,"amp_enabled":true,"_links":{"self":[{"href":"https:\/\/folhapopular.info\/index.php\/wp-json\/wp\/v2\/posts\/201748","targetHints":{"allow":["GET"]}}],"collection":[{"href":"https:\/\/folhapopular.info\/index.php\/wp-json\/wp\/v2\/posts"}],"about":[{"href":"https:\/\/folhapopular.info\/index.php\/wp-json\/wp\/v2\/types\/post"}],"author":[{"embeddable":true,"href":"https:\/\/folhapopular.info\/index.php\/wp-json\/wp\/v2\/users\/8"}],"replies":[{"embeddable":true,"href":"https:\/\/folhapopular.info\/index.php\/wp-json\/wp\/v2\/comments?post=201748"}],"version-history":[{"count":0,"href":"https:\/\/folhapopular.info\/index.php\/wp-json\/wp\/v2\/posts\/201748\/revisions"}],"wp:featuredmedia":[{"embeddable":true,"href":"https:\/\/folhapopular.info\/index.php\/wp-json\/wp\/v2\/media\/201749"}],"wp:attachment":[{"href":"https:\/\/folhapopular.info\/index.php\/wp-json\/wp\/v2\/media?parent=201748"}],"wp:term":[{"taxonomy":"category","embeddable":true,"href":"https:\/\/folhapopular.info\/index.php\/wp-json\/wp\/v2\/categories?post=201748"},{"taxonomy":"post_tag","embeddable":true,"href":"https:\/\/folhapopular.info\/index.php\/wp-json\/wp\/v2\/tags?post=201748"}],"curies":[{"name":"wp","href":"https:\/\/api.w.org\/{rel}","templated":true}]}}