{"id":201799,"date":"2026-01-09T15:48:02","date_gmt":"2026-01-09T18:48:02","guid":{"rendered":"https:\/\/folhapopular.info\/?p=201799"},"modified":"2026-01-09T15:48:05","modified_gmt":"2026-01-09T18:48:05","slug":"imigrante-lanca-chamamento-publico-para-oficinas-culturais-em-2026","status":"publish","type":"post","link":"https:\/\/folhapopular.info\/index.php\/2026\/01\/09\/imigrante-lanca-chamamento-publico-para-oficinas-culturais-em-2026\/","title":{"rendered":"Imigrante lan\u00e7a Chamamento P\u00fablico para oficinas culturais em 2026"},"content":{"rendered":"\n<p>O Munic\u00edpio de Imigrante publicou a minuta do Edital de Chamamento P\u00fablico para a sele\u00e7\u00e3o de Organiza\u00e7\u00e3o da Sociedade Civil (OSC) interessada na execu\u00e7\u00e3o de oficinas culturais, art\u00edsticas e musicais no munic\u00edpio ao longo de 2026.<\/p>\n\n\n\n<p>O chamamento tem como objetivo a celebra\u00e7\u00e3o de Termo de Colabora\u00e7\u00e3o, com repasse de recursos financeiros, para a oferta gratuita de oficinas de Ballet, Canto Coral, Dan\u00e7as Folcl\u00f3ricas Alem\u00e3s, M\u00fasica Instrumental, Orquestra Jovem, Patina\u00e7\u00e3o Art\u00edstica e Teatro, com car\u00e1ter educativo, cultural e formativo.<\/p>\n\n\n\n<p>As atividades ser\u00e3o destinadas a alunos da rede p\u00fablica de ensino e \u00e0 comunidade em geral, promovendo o acesso \u00e0 cultura, o desenvolvimento art\u00edstico, a inclus\u00e3o social e o fortalecimento da identidade cultural no munic\u00edpio.<\/p>\n\n\n\n<p>O valor total previsto para a execu\u00e7\u00e3o do projeto \u00e9 de R$ 319 mil, n\u00e3o sendo exigida contrapartida financeira por parte da entidade selecionada. A vig\u00eancia da parceria ser\u00e1 at\u00e9 31 de dezembro de 2026.<\/p>\n\n\n\n<p>A sess\u00e3o p\u00fablica para apresenta\u00e7\u00e3o das propostas ocorre no dia 9 de fevereiro de 2026, \u00e0s 9h, na Sala de Reuni\u00f5es da Secretaria Municipal de Educa\u00e7\u00e3o, em Imigrante. As propostas tamb\u00e9m poder\u00e3o ser enviadas por protocolo eletr\u00f4nico, at\u00e9 o mesmo dia e hor\u00e1rio.<\/p>\n\n\n\n<p>A \u00edntegra do edital, bem como seus anexos e demais informa\u00e7\u00f5es, est\u00e1 dispon\u00edvel no site oficial do Munic\u00edpio, em&nbsp;<a href=\"https:\/\/www.imigrante-rs.com.br\/licitacao\/detalhe\/712\/\" target=\"_blank\" rel=\"noreferrer noopener\">https:\/\/www.imigrante-rs.com.br\/licitacao\/detalhe\/712\/<\/a>.&nbsp;<\/p>\n","protected":false},"excerpt":{"rendered":"<p>O Munic\u00edpio de Imigrante publicou a minuta do Edital de Chamamento P\u00fablico para a sele\u00e7\u00e3o de Organiza\u00e7\u00e3o da Sociedade Civil (OSC) interessada na execu\u00e7\u00e3o de oficinas culturais, art\u00edsticas e musicais no munic\u00edpio ao longo de 2026. O chamamento tem como objetivo a celebra\u00e7\u00e3o de Termo de Colabora\u00e7\u00e3o, com repasse de recursos financeiros, para a oferta [&hellip;]<\/p>\n","protected":false},"author":8,"featured_media":201801,"comment_status":"open","ping_status":"open","sticky":false,"template":"","format":"standard","meta":{"pmpro_default_level":"","_jetpack_memberships_contains_paid_content":false,"footnotes":""},"categories":[6],"tags":[7633,34,7734],"class_list":{"0":"post-201799","1":"post","2":"type-post","3":"status-publish","4":"format-standard","5":"has-post-thumbnail","7":"category-inclusive","8":"tag-chamamento-publico","9":"tag-imigrante","10":"tag-oficinas-culturais","11":"pmpro-has-access"},"yoast_head":"<!-- This site is optimized with the Yoast SEO plugin v27.5 - https:\/\/yoast.com\/product\/yoast-seo-wordpress\/ -->\n<title>Imigrante lan\u00e7a Chamamento P\u00fablico para oficinas culturais em 2026 - Folha Popular<\/title>\n<meta name=\"robots\" content=\"index, follow, max-snippet:-1, max-image-preview:large, max-video-preview:-1\" \/>\n<link rel=\"canonical\" href=\"https:\/\/folhapopular.info\/index.php\/2026\/01\/09\/imigrante-lanca-chamamento-publico-para-oficinas-culturais-em-2026\/\" \/>\n<meta property=\"og:locale\" content=\"pt_BR\" \/>\n<meta property=\"og:type\" content=\"article\" \/>\n<meta property=\"og:title\" content=\"Imigrante lan\u00e7a Chamamento P\u00fablico para oficinas culturais em 2026 - Folha Popular\" \/>\n<meta property=\"og:description\" content=\"O Munic\u00edpio de Imigrante publicou a minuta do Edital de Chamamento P\u00fablico para a sele\u00e7\u00e3o de Organiza\u00e7\u00e3o da Sociedade Civil (OSC) interessada na execu\u00e7\u00e3o de oficinas culturais, art\u00edsticas e musicais no munic\u00edpio ao longo de 2026. O chamamento tem como objetivo a celebra\u00e7\u00e3o de Termo de Colabora\u00e7\u00e3o, com repasse de recursos financeiros, para a oferta [&hellip;]\" \/>\n<meta property=\"og:url\" content=\"https:\/\/folhapopular.info\/index.php\/2026\/01\/09\/imigrante-lanca-chamamento-publico-para-oficinas-culturais-em-2026\/\" \/>\n<meta property=\"og:site_name\" content=\"Folha Popular\" \/>\n<meta property=\"article:published_time\" content=\"2026-01-09T18:48:02+00:00\" \/>\n<meta property=\"article:modified_time\" content=\"2026-01-09T18:48:05+00:00\" \/>\n<meta property=\"og:image\" content=\"http:\/\/folhapopular.info\/wp-content\/uploads\/2026\/01\/WhatsApp-Image-2026-01-09-at-15.46.53.jpeg\" \/>\n\t<meta property=\"og:image:width\" content=\"1600\" \/>\n\t<meta property=\"og:image:height\" content=\"1066\" \/>\n\t<meta property=\"og:image:type\" content=\"image\/jpeg\" \/>\n<meta name=\"author\" content=\"Reda\u00e7\u00e3o Folha Popular\" \/>\n<meta name=\"twitter:card\" content=\"summary_large_image\" \/>\n<meta name=\"twitter:label1\" content=\"Escrito por\" \/>\n\t<meta name=\"twitter:data1\" content=\"Reda\u00e7\u00e3o Folha Popular\" \/>\n\t<meta name=\"twitter:label2\" content=\"Est. tempo de leitura\" \/>\n\t<meta name=\"twitter:data2\" content=\"2 minutos\" \/>\n<script type=\"application\/ld+json\" class=\"yoast-schema-graph\">{\"@context\":\"https:\\\/\\\/schema.org\",\"@graph\":[{\"@type\":\"Article\",\"@id\":\"https:\\\/\\\/folhapopular.info\\\/index.php\\\/2026\\\/01\\\/09\\\/imigrante-lanca-chamamento-publico-para-oficinas-culturais-em-2026\\\/#article\",\"isPartOf\":{\"@id\":\"https:\\\/\\\/folhapopular.info\\\/index.php\\\/2026\\\/01\\\/09\\\/imigrante-lanca-chamamento-publico-para-oficinas-culturais-em-2026\\\/\"},\"author\":{\"name\":\"Reda\u00e7\u00e3o Folha Popular\",\"@id\":\"https:\\\/\\\/folhapopular.info\\\/#\\\/schema\\\/person\\\/2814e8a0df7643585a9ca38bc6eb9d4b\"},\"headline\":\"Imigrante lan\u00e7a Chamamento P\u00fablico para oficinas culturais em 2026\",\"datePublished\":\"2026-01-09T18:48:02+00:00\",\"dateModified\":\"2026-01-09T18:48:05+00:00\",\"mainEntityOfPage\":{\"@id\":\"https:\\\/\\\/folhapopular.info\\\/index.php\\\/2026\\\/01\\\/09\\\/imigrante-lanca-chamamento-publico-para-oficinas-culturais-em-2026\\\/\"},\"wordCount\":257,\"commentCount\":0,\"image\":{\"@id\":\"https:\\\/\\\/folhapopular.info\\\/index.php\\\/2026\\\/01\\\/09\\\/imigrante-lanca-chamamento-publico-para-oficinas-culturais-em-2026\\\/#primaryimage\"},\"thumbnailUrl\":\"https:\\\/\\\/folhapopular.info\\\/wp-content\\\/uploads\\\/2026\\\/01\\\/WhatsApp-Image-2026-01-09-at-15.46.53.jpeg\",\"keywords\":[\"Chamamento P\u00fablico\",\"Imigrante\",\"oficinas culturais\"],\"articleSection\":[\"Inclusive\"],\"inLanguage\":\"pt-BR\",\"potentialAction\":[{\"@type\":\"CommentAction\",\"name\":\"Comment\",\"target\":[\"https:\\\/\\\/folhapopular.info\\\/index.php\\\/2026\\\/01\\\/09\\\/imigrante-lanca-chamamento-publico-para-oficinas-culturais-em-2026\\\/#respond\"]}]},{\"@type\":\"WebPage\",\"@id\":\"https:\\\/\\\/folhapopular.info\\\/index.php\\\/2026\\\/01\\\/09\\\/imigrante-lanca-chamamento-publico-para-oficinas-culturais-em-2026\\\/\",\"url\":\"https:\\\/\\\/folhapopular.info\\\/index.php\\\/2026\\\/01\\\/09\\\/imigrante-lanca-chamamento-publico-para-oficinas-culturais-em-2026\\\/\",\"name\":\"Imigrante lan\u00e7a Chamamento P\u00fablico para oficinas culturais em 2026 - Folha Popular\",\"isPartOf\":{\"@id\":\"https:\\\/\\\/folhapopular.info\\\/#website\"},\"primaryImageOfPage\":{\"@id\":\"https:\\\/\\\/folhapopular.info\\\/index.php\\\/2026\\\/01\\\/09\\\/imigrante-lanca-chamamento-publico-para-oficinas-culturais-em-2026\\\/#primaryimage\"},\"image\":{\"@id\":\"https:\\\/\\\/folhapopular.info\\\/index.php\\\/2026\\\/01\\\/09\\\/imigrante-lanca-chamamento-publico-para-oficinas-culturais-em-2026\\\/#primaryimage\"},\"thumbnailUrl\":\"https:\\\/\\\/folhapopular.info\\\/wp-content\\\/uploads\\\/2026\\\/01\\\/WhatsApp-Image-2026-01-09-at-15.46.53.jpeg\",\"datePublished\":\"2026-01-09T18:48:02+00:00\",\"dateModified\":\"2026-01-09T18:48:05+00:00\",\"author\":{\"@id\":\"https:\\\/\\\/folhapopular.info\\\/#\\\/schema\\\/person\\\/2814e8a0df7643585a9ca38bc6eb9d4b\"},\"breadcrumb\":{\"@id\":\"https:\\\/\\\/folhapopular.info\\\/index.php\\\/2026\\\/01\\\/09\\\/imigrante-lanca-chamamento-publico-para-oficinas-culturais-em-2026\\\/#breadcrumb\"},\"inLanguage\":\"pt-BR\",\"potentialAction\":[{\"@type\":\"ReadAction\",\"target\":[\"https:\\\/\\\/folhapopular.info\\\/index.php\\\/2026\\\/01\\\/09\\\/imigrante-lanca-chamamento-publico-para-oficinas-culturais-em-2026\\\/\"]}]},{\"@type\":\"ImageObject\",\"inLanguage\":\"pt-BR\",\"@id\":\"https:\\\/\\\/folhapopular.info\\\/index.php\\\/2026\\\/01\\\/09\\\/imigrante-lanca-chamamento-publico-para-oficinas-culturais-em-2026\\\/#primaryimage\",\"url\":\"https:\\\/\\\/folhapopular.info\\\/wp-content\\\/uploads\\\/2026\\\/01\\\/WhatsApp-Image-2026-01-09-at-15.46.53.jpeg\",\"contentUrl\":\"https:\\\/\\\/folhapopular.info\\\/wp-content\\\/uploads\\\/2026\\\/01\\\/WhatsApp-Image-2026-01-09-at-15.46.53.jpeg\",\"width\":1600,\"height\":1066,\"caption\":\"Cr\u00e9dito: Divulga\u00e7\u00e3o\"},{\"@type\":\"BreadcrumbList\",\"@id\":\"https:\\\/\\\/folhapopular.info\\\/index.php\\\/2026\\\/01\\\/09\\\/imigrante-lanca-chamamento-publico-para-oficinas-culturais-em-2026\\\/#breadcrumb\",\"itemListElement\":[{\"@type\":\"ListItem\",\"position\":1,\"name\":\"In\u00edcio\",\"item\":\"https:\\\/\\\/folhapopular.info\\\/\"},{\"@type\":\"ListItem\",\"position\":2,\"name\":\"Imigrante lan\u00e7a Chamamento P\u00fablico para oficinas culturais em 2026\"}]},{\"@type\":\"WebSite\",\"@id\":\"https:\\\/\\\/folhapopular.info\\\/#website\",\"url\":\"https:\\\/\\\/folhapopular.info\\\/\",\"name\":\"Folha Popular\",\"description\":\"Onde voc\u00ea tem vez e voz\",\"potentialAction\":[{\"@type\":\"SearchAction\",\"target\":{\"@type\":\"EntryPoint\",\"urlTemplate\":\"https:\\\/\\\/folhapopular.info\\\/?s={search_term_string}\"},\"query-input\":{\"@type\":\"PropertyValueSpecification\",\"valueRequired\":true,\"valueName\":\"search_term_string\"}}],\"inLanguage\":\"pt-BR\"},{\"@type\":\"Person\",\"@id\":\"https:\\\/\\\/folhapopular.info\\\/#\\\/schema\\\/person\\\/2814e8a0df7643585a9ca38bc6eb9d4b\",\"name\":\"Reda\u00e7\u00e3o Folha Popular\",\"image\":{\"@type\":\"ImageObject\",\"inLanguage\":\"pt-BR\",\"@id\":\"https:\\\/\\\/folhapopular.info\\\/wp-content\\\/uploads\\\/2026\\\/04\\\/Folha-1.webp\",\"url\":\"https:\\\/\\\/folhapopular.info\\\/wp-content\\\/uploads\\\/2026\\\/04\\\/Folha-1.webp\",\"contentUrl\":\"https:\\\/\\\/folhapopular.info\\\/wp-content\\\/uploads\\\/2026\\\/04\\\/Folha-1.webp\",\"caption\":\"Reda\u00e7\u00e3o Folha Popular\"},\"url\":\"https:\\\/\\\/folhapopular.info\\\/index.php\\\/author\\\/redacao\\\/\"}]}<\/script>\n<!-- \/ Yoast SEO plugin. -->","yoast_head_json":{"title":"Imigrante lan\u00e7a Chamamento P\u00fablico para oficinas culturais em 2026 - Folha Popular","robots":{"index":"index","follow":"follow","max-snippet":"max-snippet:-1","max-image-preview":"max-image-preview:large","max-video-preview":"max-video-preview:-1"},"canonical":"https:\/\/folhapopular.info\/index.php\/2026\/01\/09\/imigrante-lanca-chamamento-publico-para-oficinas-culturais-em-2026\/","og_locale":"pt_BR","og_type":"article","og_title":"Imigrante lan\u00e7a Chamamento P\u00fablico para oficinas culturais em 2026 - Folha Popular","og_description":"O Munic\u00edpio de Imigrante publicou a minuta do Edital de Chamamento P\u00fablico para a sele\u00e7\u00e3o de Organiza\u00e7\u00e3o da Sociedade Civil (OSC) interessada na execu\u00e7\u00e3o de oficinas culturais, art\u00edsticas e musicais no munic\u00edpio ao longo de 2026. O chamamento tem como objetivo a celebra\u00e7\u00e3o de Termo de Colabora\u00e7\u00e3o, com repasse de recursos financeiros, para a oferta [&hellip;]","og_url":"https:\/\/folhapopular.info\/index.php\/2026\/01\/09\/imigrante-lanca-chamamento-publico-para-oficinas-culturais-em-2026\/","og_site_name":"Folha Popular","article_published_time":"2026-01-09T18:48:02+00:00","article_modified_time":"2026-01-09T18:48:05+00:00","og_image":[{"width":1600,"height":1066,"url":"http:\/\/folhapopular.info\/wp-content\/uploads\/2026\/01\/WhatsApp-Image-2026-01-09-at-15.46.53.jpeg","type":"image\/jpeg"}],"author":"Reda\u00e7\u00e3o Folha Popular","twitter_card":"summary_large_image","twitter_misc":{"Escrito por":"Reda\u00e7\u00e3o Folha Popular","Est. tempo de leitura":"2 minutos"},"schema":{"@context":"https:\/\/schema.org","@graph":[{"@type":"Article","@id":"https:\/\/folhapopular.info\/index.php\/2026\/01\/09\/imigrante-lanca-chamamento-publico-para-oficinas-culturais-em-2026\/#article","isPartOf":{"@id":"https:\/\/folhapopular.info\/index.php\/2026\/01\/09\/imigrante-lanca-chamamento-publico-para-oficinas-culturais-em-2026\/"},"author":{"name":"Reda\u00e7\u00e3o Folha Popular","@id":"https:\/\/folhapopular.info\/#\/schema\/person\/2814e8a0df7643585a9ca38bc6eb9d4b"},"headline":"Imigrante lan\u00e7a Chamamento P\u00fablico para oficinas culturais em 2026","datePublished":"2026-01-09T18:48:02+00:00","dateModified":"2026-01-09T18:48:05+00:00","mainEntityOfPage":{"@id":"https:\/\/folhapopular.info\/index.php\/2026\/01\/09\/imigrante-lanca-chamamento-publico-para-oficinas-culturais-em-2026\/"},"wordCount":257,"commentCount":0,"image":{"@id":"https:\/\/folhapopular.info\/index.php\/2026\/01\/09\/imigrante-lanca-chamamento-publico-para-oficinas-culturais-em-2026\/#primaryimage"},"thumbnailUrl":"https:\/\/folhapopular.info\/wp-content\/uploads\/2026\/01\/WhatsApp-Image-2026-01-09-at-15.46.53.jpeg","keywords":["Chamamento P\u00fablico","Imigrante","oficinas culturais"],"articleSection":["Inclusive"],"inLanguage":"pt-BR","potentialAction":[{"@type":"CommentAction","name":"Comment","target":["https:\/\/folhapopular.info\/index.php\/2026\/01\/09\/imigrante-lanca-chamamento-publico-para-oficinas-culturais-em-2026\/#respond"]}]},{"@type":"WebPage","@id":"https:\/\/folhapopular.info\/index.php\/2026\/01\/09\/imigrante-lanca-chamamento-publico-para-oficinas-culturais-em-2026\/","url":"https:\/\/folhapopular.info\/index.php\/2026\/01\/09\/imigrante-lanca-chamamento-publico-para-oficinas-culturais-em-2026\/","name":"Imigrante lan\u00e7a Chamamento P\u00fablico para oficinas culturais em 2026 - Folha Popular","isPartOf":{"@id":"https:\/\/folhapopular.info\/#website"},"primaryImageOfPage":{"@id":"https:\/\/folhapopular.info\/index.php\/2026\/01\/09\/imigrante-lanca-chamamento-publico-para-oficinas-culturais-em-2026\/#primaryimage"},"image":{"@id":"https:\/\/folhapopular.info\/index.php\/2026\/01\/09\/imigrante-lanca-chamamento-publico-para-oficinas-culturais-em-2026\/#primaryimage"},"thumbnailUrl":"https:\/\/folhapopular.info\/wp-content\/uploads\/2026\/01\/WhatsApp-Image-2026-01-09-at-15.46.53.jpeg","datePublished":"2026-01-09T18:48:02+00:00","dateModified":"2026-01-09T18:48:05+00:00","author":{"@id":"https:\/\/folhapopular.info\/#\/schema\/person\/2814e8a0df7643585a9ca38bc6eb9d4b"},"breadcrumb":{"@id":"https:\/\/folhapopular.info\/index.php\/2026\/01\/09\/imigrante-lanca-chamamento-publico-para-oficinas-culturais-em-2026\/#breadcrumb"},"inLanguage":"pt-BR","potentialAction":[{"@type":"ReadAction","target":["https:\/\/folhapopular.info\/index.php\/2026\/01\/09\/imigrante-lanca-chamamento-publico-para-oficinas-culturais-em-2026\/"]}]},{"@type":"ImageObject","inLanguage":"pt-BR","@id":"https:\/\/folhapopular.info\/index.php\/2026\/01\/09\/imigrante-lanca-chamamento-publico-para-oficinas-culturais-em-2026\/#primaryimage","url":"https:\/\/folhapopular.info\/wp-content\/uploads\/2026\/01\/WhatsApp-Image-2026-01-09-at-15.46.53.jpeg","contentUrl":"https:\/\/folhapopular.info\/wp-content\/uploads\/2026\/01\/WhatsApp-Image-2026-01-09-at-15.46.53.jpeg","width":1600,"height":1066,"caption":"Cr\u00e9dito: Divulga\u00e7\u00e3o"},{"@type":"BreadcrumbList","@id":"https:\/\/folhapopular.info\/index.php\/2026\/01\/09\/imigrante-lanca-chamamento-publico-para-oficinas-culturais-em-2026\/#breadcrumb","itemListElement":[{"@type":"ListItem","position":1,"name":"In\u00edcio","item":"https:\/\/folhapopular.info\/"},{"@type":"ListItem","position":2,"name":"Imigrante lan\u00e7a Chamamento P\u00fablico para oficinas culturais em 2026"}]},{"@type":"WebSite","@id":"https:\/\/folhapopular.info\/#website","url":"https:\/\/folhapopular.info\/","name":"Folha Popular","description":"Onde voc\u00ea tem vez e voz","potentialAction":[{"@type":"SearchAction","target":{"@type":"EntryPoint","urlTemplate":"https:\/\/folhapopular.info\/?s={search_term_string}"},"query-input":{"@type":"PropertyValueSpecification","valueRequired":true,"valueName":"search_term_string"}}],"inLanguage":"pt-BR"},{"@type":"Person","@id":"https:\/\/folhapopular.info\/#\/schema\/person\/2814e8a0df7643585a9ca38bc6eb9d4b","name":"Reda\u00e7\u00e3o Folha Popular","image":{"@type":"ImageObject","inLanguage":"pt-BR","@id":"https:\/\/folhapopular.info\/wp-content\/uploads\/2026\/04\/Folha-1.webp","url":"https:\/\/folhapopular.info\/wp-content\/uploads\/2026\/04\/Folha-1.webp","contentUrl":"https:\/\/folhapopular.info\/wp-content\/uploads\/2026\/04\/Folha-1.webp","caption":"Reda\u00e7\u00e3o Folha Popular"},"url":"https:\/\/folhapopular.info\/index.php\/author\/redacao\/"}]}},"jetpack_featured_media_url":"https:\/\/folhapopular.info\/wp-content\/uploads\/2026\/01\/WhatsApp-Image-2026-01-09-at-15.46.53.jpeg","jetpack_sharing_enabled":true,"amp_enabled":true,"_links":{"self":[{"href":"https:\/\/folhapopular.info\/index.php\/wp-json\/wp\/v2\/posts\/201799","targetHints":{"allow":["GET"]}}],"collection":[{"href":"https:\/\/folhapopular.info\/index.php\/wp-json\/wp\/v2\/posts"}],"about":[{"href":"https:\/\/folhapopular.info\/index.php\/wp-json\/wp\/v2\/types\/post"}],"author":[{"embeddable":true,"href":"https:\/\/folhapopular.info\/index.php\/wp-json\/wp\/v2\/users\/8"}],"replies":[{"embeddable":true,"href":"https:\/\/folhapopular.info\/index.php\/wp-json\/wp\/v2\/comments?post=201799"}],"version-history":[{"count":0,"href":"https:\/\/folhapopular.info\/index.php\/wp-json\/wp\/v2\/posts\/201799\/revisions"}],"wp:featuredmedia":[{"embeddable":true,"href":"https:\/\/folhapopular.info\/index.php\/wp-json\/wp\/v2\/media\/201801"}],"wp:attachment":[{"href":"https:\/\/folhapopular.info\/index.php\/wp-json\/wp\/v2\/media?parent=201799"}],"wp:term":[{"taxonomy":"category","embeddable":true,"href":"https:\/\/folhapopular.info\/index.php\/wp-json\/wp\/v2\/categories?post=201799"},{"taxonomy":"post_tag","embeddable":true,"href":"https:\/\/folhapopular.info\/index.php\/wp-json\/wp\/v2\/tags?post=201799"}],"curies":[{"name":"wp","href":"https:\/\/api.w.org\/{rel}","templated":true}]}}