{"id":201833,"date":"2026-01-10T16:00:00","date_gmt":"2026-01-10T19:00:00","guid":{"rendered":"https:\/\/folhapopular.info\/?p=201833"},"modified":"2026-01-10T10:36:31","modified_gmt":"2026-01-10T13:36:31","slug":"ponte-do-remo-e-aberta-ao-trafego-em-imigrante","status":"publish","type":"post","link":"https:\/\/folhapopular.info\/index.php\/2026\/01\/10\/ponte-do-remo-e-aberta-ao-trafego-em-imigrante\/","title":{"rendered":"Ponte do Remo \u00e9 aberta ao tr\u00e1fego em Imigrante"},"content":{"rendered":"\n<p>No dia 31 de dezembro de 2025, v\u00e9spera de Ano Novo, a Prefeitura de Imigrante liberou oficialmente a passagem de ve\u00edculos sobre a Ponte do Remo.<\/p>\n\n\n\n<p>A reconstru\u00e7\u00e3o da estrutura iniciou em setembro, com investimento de R$ 860 mil viabilizado por meio de recursos da Defesa Civil Nacional. A execu\u00e7\u00e3o foi da empresa Cobrebem Construtora de Obras Ltda, do Paran\u00e1.<\/p>\n\n\n\n<p>A nova ponte tem 20 metros de comprimento, 8,75 metros de largura (5 metros maior) e 5,50 metros de altura (mais alta que a anterior). A estrutura possui 28 vigas pr\u00e9-moldadas, pilares vazados e uma viga de apoio centralizada, garantindo maior resist\u00eancia e durabilidade.<\/p>\n\n\n\n<p>Apesar da conclus\u00e3o, o prefeito Germano Stevens alerta os moradores para que cuidem ao transitar pelo espa\u00e7o, pois falta a constru\u00e7\u00e3o de guarda-corpo, que deve ocorrer em janeiro.<\/p>\n\n\n\n<p>A administra\u00e7\u00e3o municipal agora busca recursos para o capeamento asf\u00e1ltico da ponte e o encaixe com a Rua 10 de abril, assim como para a constru\u00e7\u00e3o das cal\u00e7adas. \u201cPedimos paci\u00eancia, pois vai ficar com ch\u00e3o batido por algum tempo. Estamos encaminhando o projeto para a Defesa Civil Nacional para o recapeamento dos dois encaixes\u201d, ressalta Stevens.<\/p>\n\n\n\n<h2 class=\"wp-block-heading\"><strong>Obras estruturantes para 2026<\/strong><\/h2>\n\n\n\n<p>Entre as obras de infraestrutura previstas para esse ano, o prefeito destacou a constru\u00e7\u00e3o da nova ponte de fronte \u00e0 Comunidade Evang\u00e9lica Arroio da Seca Baixa, de dois p\u00f3rticos (acesso a Imigrante pela RSC-453 e na divisa com Colinas) e da ponte do loteamento Gr\u00fcne Ville.<\/p>\n\n\n\n<p>Nas obras de reconstru\u00e7\u00e3o est\u00e3o listadas a ciclovia e a rodovia Paulo Gilberto Almann, que liga a sede ao Bairro Daltro Filho, da via que interliga a RSC-453 (Rota do Sol) com Imigrante e da Rua Guilherme Ernesto Lagemann \u2013 Trecho 1.<\/p>\n\n\n\n<p>Ainda, ser\u00e3o revitalizadas e padronizadas todas as cal\u00e7adas do Centro, com canos de \u00e1gua pot\u00e1vel e de esgoto, bem como o recapeamento asf\u00e1ltico da divisa Colinas at\u00e9 o Centro de Imigrante e das ruas Guilherme Scheer, Pedro Rissin, Jos\u00e9 Lorscheider e Fernando Ferrari.<\/p>\n\n\n\n<p>Tamb\u00e9m ser\u00e1 constru\u00edda uma nova creche e 20 casas populares no Bairro Daltro Filho.<\/p>\n","protected":false},"excerpt":{"rendered":"<p>No dia 31 de dezembro de 2025, v\u00e9spera de Ano Novo, a Prefeitura de Imigrante liberou oficialmente a passagem de ve\u00edculos sobre a Ponte do Remo. A reconstru\u00e7\u00e3o da estrutura iniciou em setembro, com investimento de R$ 860 mil viabilizado por meio de recursos da Defesa Civil Nacional. A execu\u00e7\u00e3o foi da empresa Cobrebem Construtora [&hellip;]<\/p>\n","protected":false},"author":639,"featured_media":201836,"comment_status":"open","ping_status":"open","sticky":false,"template":"","format":"standard","meta":{"pmpro_default_level":"","_jetpack_memberships_contains_paid_content":false,"footnotes":""},"categories":[2,3,11091],"tags":[4170,34,193,19377],"class_list":{"0":"post-201833","1":"post","2":"type-post","3":"status-publish","4":"format-standard","5":"has-post-thumbnail","7":"category-featured","8":"category-geral","9":"category-servicos","10":"tag-enchente","11":"tag-imigrante","12":"tag-ponte","13":"tag-ponte-do-remo","14":"pmpro-has-access"},"yoast_head":"<!-- This site is optimized with the Yoast SEO plugin v27.4 - https:\/\/yoast.com\/product\/yoast-seo-wordpress\/ -->\n<title>Ponte do Remo \u00e9 aberta ao tr\u00e1fego em Imigrante - Folha Popular<\/title>\n<meta name=\"description\" content=\"A administra\u00e7\u00e3o municipal agora busca recursos para o capeamento asf\u00e1ltico da ponte, assim como para a constru\u00e7\u00e3o das cal\u00e7adas.\" \/>\n<meta name=\"robots\" content=\"index, follow, max-snippet:-1, max-image-preview:large, max-video-preview:-1\" \/>\n<link rel=\"canonical\" href=\"https:\/\/folhapopular.info\/index.php\/2026\/01\/10\/ponte-do-remo-e-aberta-ao-trafego-em-imigrante\/\" \/>\n<meta property=\"og:locale\" content=\"pt_BR\" \/>\n<meta property=\"og:type\" content=\"article\" \/>\n<meta property=\"og:title\" content=\"Ponte do Remo \u00e9 aberta ao tr\u00e1fego em Imigrante - Folha Popular\" \/>\n<meta property=\"og:description\" content=\"A administra\u00e7\u00e3o municipal agora busca recursos para o capeamento asf\u00e1ltico da ponte, assim como para a constru\u00e7\u00e3o das cal\u00e7adas.\" \/>\n<meta property=\"og:url\" content=\"https:\/\/folhapopular.info\/index.php\/2026\/01\/10\/ponte-do-remo-e-aberta-ao-trafego-em-imigrante\/\" \/>\n<meta property=\"og:site_name\" content=\"Folha Popular\" \/>\n<meta property=\"article:published_time\" content=\"2026-01-10T19:00:00+00:00\" \/>\n<meta property=\"og:image\" content=\"https:\/\/folhapopular.info\/wp-content\/uploads\/2026\/01\/Antiga-ponte-foi-destruida-pela-enchente-de-2024_Carla-Beckmann_AI-Prefeitura.jpeg\" \/>\n\t<meta property=\"og:image:width\" content=\"1280\" \/>\n\t<meta property=\"og:image:height\" content=\"720\" \/>\n\t<meta property=\"og:image:type\" content=\"image\/jpeg\" \/>\n<meta name=\"author\" content=\"Camille Lenz da Silva\" \/>\n<meta name=\"twitter:card\" content=\"summary_large_image\" \/>\n<meta name=\"twitter:label1\" content=\"Escrito por\" \/>\n\t<meta name=\"twitter:data1\" content=\"Camille Lenz da Silva\" \/>\n\t<meta name=\"twitter:label2\" content=\"Est. tempo de leitura\" \/>\n\t<meta name=\"twitter:data2\" content=\"3 minutos\" \/>\n<script type=\"application\/ld+json\" class=\"yoast-schema-graph\">{\"@context\":\"https:\\\/\\\/schema.org\",\"@graph\":[{\"@type\":\"Article\",\"@id\":\"https:\\\/\\\/folhapopular.info\\\/index.php\\\/2026\\\/01\\\/10\\\/ponte-do-remo-e-aberta-ao-trafego-em-imigrante\\\/#article\",\"isPartOf\":{\"@id\":\"https:\\\/\\\/folhapopular.info\\\/index.php\\\/2026\\\/01\\\/10\\\/ponte-do-remo-e-aberta-ao-trafego-em-imigrante\\\/\"},\"author\":{\"name\":\"Camille Lenz da Silva\",\"@id\":\"https:\\\/\\\/folhapopular.info\\\/#\\\/schema\\\/person\\\/f0b811f932ef2505faf473ffaef49df5\"},\"headline\":\"Ponte do Remo \u00e9 aberta ao tr\u00e1fego em Imigrante\",\"datePublished\":\"2026-01-10T19:00:00+00:00\",\"mainEntityOfPage\":{\"@id\":\"https:\\\/\\\/folhapopular.info\\\/index.php\\\/2026\\\/01\\\/10\\\/ponte-do-remo-e-aberta-ao-trafego-em-imigrante\\\/\"},\"wordCount\":359,\"commentCount\":0,\"image\":{\"@id\":\"https:\\\/\\\/folhapopular.info\\\/index.php\\\/2026\\\/01\\\/10\\\/ponte-do-remo-e-aberta-ao-trafego-em-imigrante\\\/#primaryimage\"},\"thumbnailUrl\":\"https:\\\/\\\/folhapopular.info\\\/wp-content\\\/uploads\\\/2026\\\/01\\\/Antiga-ponte-foi-destruida-pela-enchente-de-2024_Carla-Beckmann_AI-Prefeitura.jpeg\",\"keywords\":[\"Enchente\",\"Imigrante\",\"Ponte\",\"Ponte do Remo\"],\"articleSection\":[\"Destaques\",\"Geral\",\"Servi\u00e7os\"],\"inLanguage\":\"pt-BR\",\"potentialAction\":[{\"@type\":\"CommentAction\",\"name\":\"Comment\",\"target\":[\"https:\\\/\\\/folhapopular.info\\\/index.php\\\/2026\\\/01\\\/10\\\/ponte-do-remo-e-aberta-ao-trafego-em-imigrante\\\/#respond\"]}]},{\"@type\":\"WebPage\",\"@id\":\"https:\\\/\\\/folhapopular.info\\\/index.php\\\/2026\\\/01\\\/10\\\/ponte-do-remo-e-aberta-ao-trafego-em-imigrante\\\/\",\"url\":\"https:\\\/\\\/folhapopular.info\\\/index.php\\\/2026\\\/01\\\/10\\\/ponte-do-remo-e-aberta-ao-trafego-em-imigrante\\\/\",\"name\":\"Ponte do Remo \u00e9 aberta ao tr\u00e1fego em Imigrante - Folha Popular\",\"isPartOf\":{\"@id\":\"https:\\\/\\\/folhapopular.info\\\/#website\"},\"primaryImageOfPage\":{\"@id\":\"https:\\\/\\\/folhapopular.info\\\/index.php\\\/2026\\\/01\\\/10\\\/ponte-do-remo-e-aberta-ao-trafego-em-imigrante\\\/#primaryimage\"},\"image\":{\"@id\":\"https:\\\/\\\/folhapopular.info\\\/index.php\\\/2026\\\/01\\\/10\\\/ponte-do-remo-e-aberta-ao-trafego-em-imigrante\\\/#primaryimage\"},\"thumbnailUrl\":\"https:\\\/\\\/folhapopular.info\\\/wp-content\\\/uploads\\\/2026\\\/01\\\/Antiga-ponte-foi-destruida-pela-enchente-de-2024_Carla-Beckmann_AI-Prefeitura.jpeg\",\"datePublished\":\"2026-01-10T19:00:00+00:00\",\"author\":{\"@id\":\"https:\\\/\\\/folhapopular.info\\\/#\\\/schema\\\/person\\\/f0b811f932ef2505faf473ffaef49df5\"},\"description\":\"A administra\u00e7\u00e3o municipal agora busca recursos para o capeamento asf\u00e1ltico da ponte, assim como para a constru\u00e7\u00e3o das cal\u00e7adas.\",\"breadcrumb\":{\"@id\":\"https:\\\/\\\/folhapopular.info\\\/index.php\\\/2026\\\/01\\\/10\\\/ponte-do-remo-e-aberta-ao-trafego-em-imigrante\\\/#breadcrumb\"},\"inLanguage\":\"pt-BR\",\"potentialAction\":[{\"@type\":\"ReadAction\",\"target\":[\"https:\\\/\\\/folhapopular.info\\\/index.php\\\/2026\\\/01\\\/10\\\/ponte-do-remo-e-aberta-ao-trafego-em-imigrante\\\/\"]}]},{\"@type\":\"ImageObject\",\"inLanguage\":\"pt-BR\",\"@id\":\"https:\\\/\\\/folhapopular.info\\\/index.php\\\/2026\\\/01\\\/10\\\/ponte-do-remo-e-aberta-ao-trafego-em-imigrante\\\/#primaryimage\",\"url\":\"https:\\\/\\\/folhapopular.info\\\/wp-content\\\/uploads\\\/2026\\\/01\\\/Antiga-ponte-foi-destruida-pela-enchente-de-2024_Carla-Beckmann_AI-Prefeitura.jpeg\",\"contentUrl\":\"https:\\\/\\\/folhapopular.info\\\/wp-content\\\/uploads\\\/2026\\\/01\\\/Antiga-ponte-foi-destruida-pela-enchente-de-2024_Carla-Beckmann_AI-Prefeitura.jpeg\",\"width\":1280,\"height\":720,\"caption\":\"Antiga ponte foi destru\u00edda pela enchente de 2024 \\\/ Cr\u00e9dito: Carla Beckmann - AI Imigrante\"},{\"@type\":\"BreadcrumbList\",\"@id\":\"https:\\\/\\\/folhapopular.info\\\/index.php\\\/2026\\\/01\\\/10\\\/ponte-do-remo-e-aberta-ao-trafego-em-imigrante\\\/#breadcrumb\",\"itemListElement\":[{\"@type\":\"ListItem\",\"position\":1,\"name\":\"In\u00edcio\",\"item\":\"https:\\\/\\\/folhapopular.info\\\/\"},{\"@type\":\"ListItem\",\"position\":2,\"name\":\"Ponte do Remo \u00e9 aberta ao tr\u00e1fego em Imigrante\"}]},{\"@type\":\"WebSite\",\"@id\":\"https:\\\/\\\/folhapopular.info\\\/#website\",\"url\":\"https:\\\/\\\/folhapopular.info\\\/\",\"name\":\"Folha Popular\",\"description\":\"Onde voc\u00ea tem vez e voz\",\"potentialAction\":[{\"@type\":\"SearchAction\",\"target\":{\"@type\":\"EntryPoint\",\"urlTemplate\":\"https:\\\/\\\/folhapopular.info\\\/?s={search_term_string}\"},\"query-input\":{\"@type\":\"PropertyValueSpecification\",\"valueRequired\":true,\"valueName\":\"search_term_string\"}}],\"inLanguage\":\"pt-BR\"},{\"@type\":\"Person\",\"@id\":\"https:\\\/\\\/folhapopular.info\\\/#\\\/schema\\\/person\\\/f0b811f932ef2505faf473ffaef49df5\",\"name\":\"Camille Lenz da Silva\",\"image\":{\"@type\":\"ImageObject\",\"inLanguage\":\"pt-BR\",\"@id\":\"https:\\\/\\\/secure.gravatar.com\\\/avatar\\\/50be826d73ca259ec0e0a88a407f5de800c576c46cfdc57e50ef28551e216fff?s=96&d=mm&r=g\",\"url\":\"https:\\\/\\\/secure.gravatar.com\\\/avatar\\\/50be826d73ca259ec0e0a88a407f5de800c576c46cfdc57e50ef28551e216fff?s=96&d=mm&r=g\",\"contentUrl\":\"https:\\\/\\\/secure.gravatar.com\\\/avatar\\\/50be826d73ca259ec0e0a88a407f5de800c576c46cfdc57e50ef28551e216fff?s=96&d=mm&r=g\",\"caption\":\"Camille Lenz da Silva\"},\"url\":\"https:\\\/\\\/folhapopular.info\\\/index.php\\\/author\\\/camillelenzgmail-com\\\/\"}]}<\/script>\n<!-- \/ Yoast SEO plugin. -->","yoast_head_json":{"title":"Ponte do Remo \u00e9 aberta ao tr\u00e1fego em Imigrante - Folha Popular","description":"A administra\u00e7\u00e3o municipal agora busca recursos para o capeamento asf\u00e1ltico da ponte, assim como para a constru\u00e7\u00e3o das cal\u00e7adas.","robots":{"index":"index","follow":"follow","max-snippet":"max-snippet:-1","max-image-preview":"max-image-preview:large","max-video-preview":"max-video-preview:-1"},"canonical":"https:\/\/folhapopular.info\/index.php\/2026\/01\/10\/ponte-do-remo-e-aberta-ao-trafego-em-imigrante\/","og_locale":"pt_BR","og_type":"article","og_title":"Ponte do Remo \u00e9 aberta ao tr\u00e1fego em Imigrante - Folha Popular","og_description":"A administra\u00e7\u00e3o municipal agora busca recursos para o capeamento asf\u00e1ltico da ponte, assim como para a constru\u00e7\u00e3o das cal\u00e7adas.","og_url":"https:\/\/folhapopular.info\/index.php\/2026\/01\/10\/ponte-do-remo-e-aberta-ao-trafego-em-imigrante\/","og_site_name":"Folha Popular","article_published_time":"2026-01-10T19:00:00+00:00","og_image":[{"width":1280,"height":720,"url":"https:\/\/folhapopular.info\/wp-content\/uploads\/2026\/01\/Antiga-ponte-foi-destruida-pela-enchente-de-2024_Carla-Beckmann_AI-Prefeitura.jpeg","type":"image\/jpeg"}],"author":"Camille Lenz da Silva","twitter_card":"summary_large_image","twitter_misc":{"Escrito por":"Camille Lenz da Silva","Est. tempo de leitura":"3 minutos"},"schema":{"@context":"https:\/\/schema.org","@graph":[{"@type":"Article","@id":"https:\/\/folhapopular.info\/index.php\/2026\/01\/10\/ponte-do-remo-e-aberta-ao-trafego-em-imigrante\/#article","isPartOf":{"@id":"https:\/\/folhapopular.info\/index.php\/2026\/01\/10\/ponte-do-remo-e-aberta-ao-trafego-em-imigrante\/"},"author":{"name":"Camille Lenz da Silva","@id":"https:\/\/folhapopular.info\/#\/schema\/person\/f0b811f932ef2505faf473ffaef49df5"},"headline":"Ponte do Remo \u00e9 aberta ao tr\u00e1fego em Imigrante","datePublished":"2026-01-10T19:00:00+00:00","mainEntityOfPage":{"@id":"https:\/\/folhapopular.info\/index.php\/2026\/01\/10\/ponte-do-remo-e-aberta-ao-trafego-em-imigrante\/"},"wordCount":359,"commentCount":0,"image":{"@id":"https:\/\/folhapopular.info\/index.php\/2026\/01\/10\/ponte-do-remo-e-aberta-ao-trafego-em-imigrante\/#primaryimage"},"thumbnailUrl":"https:\/\/folhapopular.info\/wp-content\/uploads\/2026\/01\/Antiga-ponte-foi-destruida-pela-enchente-de-2024_Carla-Beckmann_AI-Prefeitura.jpeg","keywords":["Enchente","Imigrante","Ponte","Ponte do Remo"],"articleSection":["Destaques","Geral","Servi\u00e7os"],"inLanguage":"pt-BR","potentialAction":[{"@type":"CommentAction","name":"Comment","target":["https:\/\/folhapopular.info\/index.php\/2026\/01\/10\/ponte-do-remo-e-aberta-ao-trafego-em-imigrante\/#respond"]}]},{"@type":"WebPage","@id":"https:\/\/folhapopular.info\/index.php\/2026\/01\/10\/ponte-do-remo-e-aberta-ao-trafego-em-imigrante\/","url":"https:\/\/folhapopular.info\/index.php\/2026\/01\/10\/ponte-do-remo-e-aberta-ao-trafego-em-imigrante\/","name":"Ponte do Remo \u00e9 aberta ao tr\u00e1fego em Imigrante - Folha Popular","isPartOf":{"@id":"https:\/\/folhapopular.info\/#website"},"primaryImageOfPage":{"@id":"https:\/\/folhapopular.info\/index.php\/2026\/01\/10\/ponte-do-remo-e-aberta-ao-trafego-em-imigrante\/#primaryimage"},"image":{"@id":"https:\/\/folhapopular.info\/index.php\/2026\/01\/10\/ponte-do-remo-e-aberta-ao-trafego-em-imigrante\/#primaryimage"},"thumbnailUrl":"https:\/\/folhapopular.info\/wp-content\/uploads\/2026\/01\/Antiga-ponte-foi-destruida-pela-enchente-de-2024_Carla-Beckmann_AI-Prefeitura.jpeg","datePublished":"2026-01-10T19:00:00+00:00","author":{"@id":"https:\/\/folhapopular.info\/#\/schema\/person\/f0b811f932ef2505faf473ffaef49df5"},"description":"A administra\u00e7\u00e3o municipal agora busca recursos para o capeamento asf\u00e1ltico da ponte, assim como para a constru\u00e7\u00e3o das cal\u00e7adas.","breadcrumb":{"@id":"https:\/\/folhapopular.info\/index.php\/2026\/01\/10\/ponte-do-remo-e-aberta-ao-trafego-em-imigrante\/#breadcrumb"},"inLanguage":"pt-BR","potentialAction":[{"@type":"ReadAction","target":["https:\/\/folhapopular.info\/index.php\/2026\/01\/10\/ponte-do-remo-e-aberta-ao-trafego-em-imigrante\/"]}]},{"@type":"ImageObject","inLanguage":"pt-BR","@id":"https:\/\/folhapopular.info\/index.php\/2026\/01\/10\/ponte-do-remo-e-aberta-ao-trafego-em-imigrante\/#primaryimage","url":"https:\/\/folhapopular.info\/wp-content\/uploads\/2026\/01\/Antiga-ponte-foi-destruida-pela-enchente-de-2024_Carla-Beckmann_AI-Prefeitura.jpeg","contentUrl":"https:\/\/folhapopular.info\/wp-content\/uploads\/2026\/01\/Antiga-ponte-foi-destruida-pela-enchente-de-2024_Carla-Beckmann_AI-Prefeitura.jpeg","width":1280,"height":720,"caption":"Antiga ponte foi destru\u00edda pela enchente de 2024 \/ Cr\u00e9dito: Carla Beckmann - AI Imigrante"},{"@type":"BreadcrumbList","@id":"https:\/\/folhapopular.info\/index.php\/2026\/01\/10\/ponte-do-remo-e-aberta-ao-trafego-em-imigrante\/#breadcrumb","itemListElement":[{"@type":"ListItem","position":1,"name":"In\u00edcio","item":"https:\/\/folhapopular.info\/"},{"@type":"ListItem","position":2,"name":"Ponte do Remo \u00e9 aberta ao tr\u00e1fego em Imigrante"}]},{"@type":"WebSite","@id":"https:\/\/folhapopular.info\/#website","url":"https:\/\/folhapopular.info\/","name":"Folha Popular","description":"Onde voc\u00ea tem vez e voz","potentialAction":[{"@type":"SearchAction","target":{"@type":"EntryPoint","urlTemplate":"https:\/\/folhapopular.info\/?s={search_term_string}"},"query-input":{"@type":"PropertyValueSpecification","valueRequired":true,"valueName":"search_term_string"}}],"inLanguage":"pt-BR"},{"@type":"Person","@id":"https:\/\/folhapopular.info\/#\/schema\/person\/f0b811f932ef2505faf473ffaef49df5","name":"Camille Lenz da Silva","image":{"@type":"ImageObject","inLanguage":"pt-BR","@id":"https:\/\/secure.gravatar.com\/avatar\/50be826d73ca259ec0e0a88a407f5de800c576c46cfdc57e50ef28551e216fff?s=96&d=mm&r=g","url":"https:\/\/secure.gravatar.com\/avatar\/50be826d73ca259ec0e0a88a407f5de800c576c46cfdc57e50ef28551e216fff?s=96&d=mm&r=g","contentUrl":"https:\/\/secure.gravatar.com\/avatar\/50be826d73ca259ec0e0a88a407f5de800c576c46cfdc57e50ef28551e216fff?s=96&d=mm&r=g","caption":"Camille Lenz da Silva"},"url":"https:\/\/folhapopular.info\/index.php\/author\/camillelenzgmail-com\/"}]}},"jetpack_featured_media_url":"https:\/\/folhapopular.info\/wp-content\/uploads\/2026\/01\/Antiga-ponte-foi-destruida-pela-enchente-de-2024_Carla-Beckmann_AI-Prefeitura.jpeg","jetpack_sharing_enabled":true,"amp_enabled":true,"_links":{"self":[{"href":"https:\/\/folhapopular.info\/index.php\/wp-json\/wp\/v2\/posts\/201833","targetHints":{"allow":["GET"]}}],"collection":[{"href":"https:\/\/folhapopular.info\/index.php\/wp-json\/wp\/v2\/posts"}],"about":[{"href":"https:\/\/folhapopular.info\/index.php\/wp-json\/wp\/v2\/types\/post"}],"author":[{"embeddable":true,"href":"https:\/\/folhapopular.info\/index.php\/wp-json\/wp\/v2\/users\/639"}],"replies":[{"embeddable":true,"href":"https:\/\/folhapopular.info\/index.php\/wp-json\/wp\/v2\/comments?post=201833"}],"version-history":[{"count":0,"href":"https:\/\/folhapopular.info\/index.php\/wp-json\/wp\/v2\/posts\/201833\/revisions"}],"wp:featuredmedia":[{"embeddable":true,"href":"https:\/\/folhapopular.info\/index.php\/wp-json\/wp\/v2\/media\/201836"}],"wp:attachment":[{"href":"https:\/\/folhapopular.info\/index.php\/wp-json\/wp\/v2\/media?parent=201833"}],"wp:term":[{"taxonomy":"category","embeddable":true,"href":"https:\/\/folhapopular.info\/index.php\/wp-json\/wp\/v2\/categories?post=201833"},{"taxonomy":"post_tag","embeddable":true,"href":"https:\/\/folhapopular.info\/index.php\/wp-json\/wp\/v2\/tags?post=201833"}],"curies":[{"name":"wp","href":"https:\/\/api.w.org\/{rel}","templated":true}]}}