{"id":201873,"date":"2026-01-10T14:00:00","date_gmt":"2026-01-10T17:00:00","guid":{"rendered":"https:\/\/folhapopular.info\/?p=201873"},"modified":"2026-01-10T12:48:07","modified_gmt":"2026-01-10T15:48:07","slug":"coleta-de-dados-de-2025-aponta-menos-chuva-e-reforca-importancia-do-registro","status":"publish","type":"post","link":"https:\/\/folhapopular.info\/index.php\/2026\/01\/10\/coleta-de-dados-de-2025-aponta-menos-chuva-e-reforca-importancia-do-registro\/","title":{"rendered":"Coleta de dados de 2025 aponta menos chuva e refor\u00e7a import\u00e2ncia do registro"},"content":{"rendered":"\n<p>Po\u00e7o das Antas encerrou o ano de 2025 com 2.279 mil\u00edmetros de chuva, volume inferior ao registrado em 2024, quando o acumulado chegou a 2.834 mil\u00edmetros. Os dados fazem parte de um levantamento clim\u00e1tico mantido h\u00e1 21 anos por Tarc\u00edsio Herbert. O morador do munic\u00edpio realiza o acompanhamento detalhado das chuvas, temperaturas e eventos extremos de forma volunt\u00e1ria.<\/p>\n\n\n\n<p>Janeiro foi o m\u00eas menos chuvoso do ano, com apenas 59 mil\u00edmetros, enquanto junho se destacou como o per\u00edodo de maior precipita\u00e7\u00e3o, com somat\u00f3ria de 372 mil\u00edmetros.<\/p>\n\n\n\n<p>Apesar de um volume anual elevado, o total confirma que 2025 foi menos chuvoso que o ano anterior, com uma diferen\u00e7a de 555 mil\u00edmetros.<\/p>\n\n\n\n<p>Segundo Tarc\u00edsio, a motiva\u00e7\u00e3o para manter o controle clim\u00e1tico vai al\u00e9m da curiosidade pessoal. Ele destaca que todos os dados est\u00e3o registrados e arquivados, o que permite consultas futuras sobre volumes de chuva, per\u00edodos de seca, frio intenso ou ondas de calor.<\/p>\n\n\n\n<p>\u201cFica tudo armazenado. Um dia, se algu\u00e9m quiser saber quanto choveu h\u00e1 10 anos, quanto frio ou calor fez, est\u00e1 tudo arquivado. S\u00e3o dados que ficam para os nossos filhos e netos. \u00c9 uma coisa que eu fa\u00e7o por \u2018amor \u00e0 camiseta\u2019\u201d, afirma o po\u00e7oantense.<\/p>\n\n\n\n<p>O trabalho come\u00e7ou de maneira simples, a partir de conversas informais entre amigos e vizinhos. \u201cSempre falamos sobre o tempo. Certa vez, um senhor comentou que era uma pena ningu\u00e9m anotar as quantidades de chuva, m\u00eas por m\u00eas, ano por ano. Aquilo me marcou, e foi ali que decidi come\u00e7ar\u201d, lembra Herbert.<\/p>\n\n\n\n<p>Ele tamb\u00e9m enaltece que faz tudo por vontade pr\u00f3pria e desejo em ajudar. \u201cFa\u00e7o isso com muito amor e carinho. S\u00e3o informa\u00e7\u00f5es que ajudam a entender o que j\u00e1 passamos e o que vivemos\u201d, acrescenta.<\/p>\n\n\n\n<h2 class=\"wp-block-heading\"><strong>Precis\u00e3o de dados<\/strong><\/h2>\n\n\n\n<p>Para assegurar a confiabilidade das informa\u00e7\u00f5es, Herbert utiliza um sistema duplo de medi\u00e7\u00e3o, que combina pluvi\u00f4metros f\u00edsicos e uma esta\u00e7\u00e3o meteorol\u00f3gica instalada em casa. Os equipamentos seguem crit\u00e9rios t\u00e9cnicos, posicionados longe de constru\u00e7\u00f5es e \u00e1rvores, para evitar interfer\u00eancias externas.<\/p>\n\n\n\n<p>\u201cControlo em casa de forma dupla. Tenho pluvi\u00f4metros bem instalados e uma esta\u00e7\u00e3o meteorol\u00f3gica. \u00c0s vezes, ela pode falhar se faltar energia ou internet, ent\u00e3o confiro sempre com o pluvi\u00f4metro. \u00c9 uma confer\u00eancia constante\u201d, explica ele.<\/p>\n\n\n\n<p>Esse cuidado garante mais precis\u00e3o nos registros, especialmente em eventos intensos, como o temporal de 26 de fevereiro, quando foram registrados ventos de 69,2 quil\u00f4metros por hora e 65 mil\u00edmetros de chuva em apenas 10 minutos em Po\u00e7o das Antas.<\/p>\n\n\n\n<p>Tarc\u00edsio ressalta que o hist\u00f3rico acumulado se tornou uma refer\u00eancia para moradores interessados em compreender eventos passados, principalmente diante das mudan\u00e7as clim\u00e1ticas recentes no estado.<\/p>\n\n\n\n<p>\u201cH\u00e1 pessoas que ainda hoje me perguntam sobre anos de seca e quanto choveu naquele per\u00edodo. Nos 4 anos recentes, passamos por tr\u00eas secas aqui no Rio Grande do Sul e, no ano passado retrasado, a maior enchente da hist\u00f3ria do estado\u201d, destaca.<\/p>\n\n\n\n<p>Al\u00e9m das chuvas, o levantamento aponta extremos de temperatura em 2025. Em Po\u00e7o das Antas, o dia mais quente foi 10 de fevereiro, com 39,6 \u00b0C, enquanto o mais frio ocorreu em 2 de julho, quando os term\u00f4metros marcaram -1,2 \u00b0C.<\/p>\n\n\n\n<p>Tarc\u00edcio ainda lembra da forte onda de calor entre os dias 20 de fevereiro e 8 de mar\u00e7o, ou seja, calor diretor por 17 dias, com m\u00e9dia de 36,7 \u00baC.<\/p>\n\n\n\n<p>J\u00e1 no estado, o dia mais quente do ano foi em 4 de fevereiro, quando Quara\u00ed registrou 43,8 \u00ba C. Por outro lado, em 2 de julho, em Pinheiro Machado fez -9,1 \u00baC.<\/p>\n\n\n\n<p>Ao longo de mais de duas d\u00e9cadas, o trabalho volunt\u00e1rio se consolidou como uma refer\u00eancia sobre o comportamento do clima em Po\u00e7o das Antas e regi\u00e3o. O registro cont\u00ednuo desses dados se torna uma ferramenta importante n\u00e3o apenas para consulta, mas tamb\u00e9m para a preserva\u00e7\u00e3o da mem\u00f3ria clim\u00e1tica do munic\u00edpio.<\/p>\n\n\n\n<p>Tarc\u00edsio destaca que, a cada ano, o ver\u00e3o fica mais quente e temporais, tornados e ciclones s\u00e3o registrados com mais frequ\u00eancia do que no passado. \u201cConverso com muita gente e tamb\u00e9m controlo. H\u00e1 anos, nada disso acontecia como agora, \u00e9 algo preocupante, principalmente se pensarmos no futuro\u201d, projeta.<\/p>\n\n\n\n<figure class=\"wp-block-table is-style-stripes\"><table class=\"has-very-light-gray-to-cyan-bluish-gray-gradient-background has-background\"><tbody><tr><td colspan=\"2\"><strong>Chuva em Po\u00e7o das Antas em 2025<\/strong><\/td><\/tr><tr><td><strong>M\u00eas<\/strong><\/td><td><strong>Mil\u00edmetros<\/strong><\/td><\/tr><tr><td>Janeiro<\/td><td>59<\/td><\/tr><tr><td>Fevereiro<\/td><td>223<\/td><\/tr><tr><td>Mar\u00e7o<\/td><td>67<\/td><\/tr><tr><td>Abril<\/td><td>130<\/td><\/tr><tr><td>Maio<\/td><td>270<\/td><\/tr><tr><td>Junho<\/td><td>372<\/td><\/tr><tr><td>Julho<\/td><td>92<\/td><\/tr><tr><td>Agosto<\/td><td>175<\/td><\/tr><tr><td>Setembro<\/td><td>291<\/td><\/tr><tr><td>Outubro<\/td><td>162<\/td><\/tr><tr><td>Novembro<\/td><td>130<\/td><\/tr><tr><td>Dezembro<\/td><td>308<\/td><\/tr><tr><td>TOTAL ANO<\/td><td>2.279<\/td><\/tr><\/tbody><\/table><\/figure>\n\n\n\n<figure class=\"wp-block-gallery has-nested-images columns-default is-cropped wp-block-gallery-1 is-layout-flex wp-block-gallery-is-layout-flex\">\n<figure class=\"wp-block-image size-large\"><img loading=\"lazy\" decoding=\"async\" width=\"771\" height=\"1024\" data-id=\"201876\" src=\"https:\/\/folhapopular.info\/wp-content\/uploads\/2026\/01\/Dia-mais-frio-de-Poco-das-Antas-registrou-12oC-2-771x1024.jpeg\" alt=\"\" class=\"wp-image-201876\" srcset=\"https:\/\/folhapopular.info\/wp-content\/uploads\/2026\/01\/Dia-mais-frio-de-Poco-das-Antas-registrou-12oC-2-771x1024.jpeg 771w, https:\/\/folhapopular.info\/wp-content\/uploads\/2026\/01\/Dia-mais-frio-de-Poco-das-Antas-registrou-12oC-2-226x300.jpeg 226w, https:\/\/folhapopular.info\/wp-content\/uploads\/2026\/01\/Dia-mais-frio-de-Poco-das-Antas-registrou-12oC-2-768x1021.jpeg 768w, https:\/\/folhapopular.info\/wp-content\/uploads\/2026\/01\/Dia-mais-frio-de-Poco-das-Antas-registrou-12oC-2-1156x1536.jpeg 1156w, https:\/\/folhapopular.info\/wp-content\/uploads\/2026\/01\/Dia-mais-frio-de-Poco-das-Antas-registrou-12oC-2-316x420.jpeg 316w, https:\/\/folhapopular.info\/wp-content\/uploads\/2026\/01\/Dia-mais-frio-de-Poco-das-Antas-registrou-12oC-2-696x925.jpeg 696w, https:\/\/folhapopular.info\/wp-content\/uploads\/2026\/01\/Dia-mais-frio-de-Poco-das-Antas-registrou-12oC-2-1068x1419.jpeg 1068w, https:\/\/folhapopular.info\/wp-content\/uploads\/2026\/01\/Dia-mais-frio-de-Poco-das-Antas-registrou-12oC-2.jpeg 1204w\" sizes=\"auto, (max-width: 771px) 100vw, 771px\" \/><\/figure>\n\n\n\n<figure class=\"wp-block-image size-large\"><img loading=\"lazy\" decoding=\"async\" width=\"771\" height=\"1024\" data-id=\"201875\" src=\"https:\/\/folhapopular.info\/wp-content\/uploads\/2026\/01\/Dia-mais-frio-de-Poco-das-Antas-registrou-12oC-1-771x1024.jpeg\" alt=\"\" class=\"wp-image-201875\" srcset=\"https:\/\/folhapopular.info\/wp-content\/uploads\/2026\/01\/Dia-mais-frio-de-Poco-das-Antas-registrou-12oC-1-771x1024.jpeg 771w, https:\/\/folhapopular.info\/wp-content\/uploads\/2026\/01\/Dia-mais-frio-de-Poco-das-Antas-registrou-12oC-1-226x300.jpeg 226w, https:\/\/folhapopular.info\/wp-content\/uploads\/2026\/01\/Dia-mais-frio-de-Poco-das-Antas-registrou-12oC-1-768x1021.jpeg 768w, https:\/\/folhapopular.info\/wp-content\/uploads\/2026\/01\/Dia-mais-frio-de-Poco-das-Antas-registrou-12oC-1-1156x1536.jpeg 1156w, https:\/\/folhapopular.info\/wp-content\/uploads\/2026\/01\/Dia-mais-frio-de-Poco-das-Antas-registrou-12oC-1-316x420.jpeg 316w, https:\/\/folhapopular.info\/wp-content\/uploads\/2026\/01\/Dia-mais-frio-de-Poco-das-Antas-registrou-12oC-1-696x925.jpeg 696w, https:\/\/folhapopular.info\/wp-content\/uploads\/2026\/01\/Dia-mais-frio-de-Poco-das-Antas-registrou-12oC-1-1068x1419.jpeg 1068w, https:\/\/folhapopular.info\/wp-content\/uploads\/2026\/01\/Dia-mais-frio-de-Poco-das-Antas-registrou-12oC-1.jpeg 1204w\" sizes=\"auto, (max-width: 771px) 100vw, 771px\" \/><\/figure>\n<figcaption class=\"blocks-gallery-caption wp-element-caption\">Dia mais frio de 2025 em Po\u00e7o das Antas registrou -1,2 \u00baC<\/figcaption><\/figure>\n\n\n\n<figure class=\"wp-block-gallery has-nested-images columns-default is-cropped wp-block-gallery-2 is-layout-flex wp-block-gallery-is-layout-flex\">\n<figure class=\"wp-block-image size-large\"><img loading=\"lazy\" decoding=\"async\" width=\"576\" height=\"1024\" data-id=\"201874\" src=\"https:\/\/folhapopular.info\/wp-content\/uploads\/2026\/01\/Aparelho-da-Estacao-Meteorologica-576x1024.jpeg\" alt=\"\" class=\"wp-image-201874\" srcset=\"https:\/\/folhapopular.info\/wp-content\/uploads\/2026\/01\/Aparelho-da-Estacao-Meteorologica-576x1024.jpeg 576w, https:\/\/folhapopular.info\/wp-content\/uploads\/2026\/01\/Aparelho-da-Estacao-Meteorologica-169x300.jpeg 169w, https:\/\/folhapopular.info\/wp-content\/uploads\/2026\/01\/Aparelho-da-Estacao-Meteorologica-768x1365.jpeg 768w, https:\/\/folhapopular.info\/wp-content\/uploads\/2026\/01\/Aparelho-da-Estacao-Meteorologica-864x1536.jpeg 864w, https:\/\/folhapopular.info\/wp-content\/uploads\/2026\/01\/Aparelho-da-Estacao-Meteorologica-236x420.jpeg 236w, https:\/\/folhapopular.info\/wp-content\/uploads\/2026\/01\/Aparelho-da-Estacao-Meteorologica-696x1237.jpeg 696w, https:\/\/folhapopular.info\/wp-content\/uploads\/2026\/01\/Aparelho-da-Estacao-Meteorologica.jpeg 900w\" sizes=\"auto, (max-width: 576px) 100vw, 576px\" \/><figcaption class=\"wp-element-caption\">Aparelho da Esta\u00e7\u00e3o Meteorol\u00f3gica<br>Cr\u00e9dito: Arquivo Pessoa<\/figcaption><\/figure>\n<\/figure>\n","protected":false},"excerpt":{"rendered":"<p>Po\u00e7o das Antas encerrou o ano de 2025 com 2.279 mil\u00edmetros de chuva, volume inferior ao registrado em 2024, quando o acumulado chegou a 2.834 mil\u00edmetros. Os dados fazem parte de um levantamento clim\u00e1tico mantido h\u00e1 21 anos por Tarc\u00edsio Herbert. O morador do munic\u00edpio realiza o acompanhamento detalhado das chuvas, temperaturas e eventos extremos [&hellip;]<\/p>\n","protected":false},"author":732,"featured_media":201878,"comment_status":"open","ping_status":"open","sticky":false,"template":"","format":"standard","meta":{"pmpro_default_level":"","_jetpack_memberships_contains_paid_content":false,"footnotes":""},"categories":[12655,2,3,11025],"tags":[4784,57,40],"class_list":{"0":"post-201873","1":"post","2":"type-post","3":"status-publish","4":"format-standard","5":"has-post-thumbnail","7":"category-clima","8":"category-featured","9":"category-geral","10":"category-meio-ambiente","11":"tag-clima","12":"tag-meio-ambiente","13":"tag-poco-das-antas","14":"pmpro-has-access"},"yoast_head":"<!-- This site is optimized with the Yoast SEO plugin v27.5 - https:\/\/yoast.com\/product\/yoast-seo-wordpress\/ -->\n<title>Coleta de dados de 2025 aponta menos chuva e refor\u00e7a import\u00e2ncia do registro - Folha Popular<\/title>\n<meta name=\"robots\" content=\"index, follow, max-snippet:-1, max-image-preview:large, max-video-preview:-1\" \/>\n<link rel=\"canonical\" href=\"https:\/\/folhapopular.info\/index.php\/2026\/01\/10\/coleta-de-dados-de-2025-aponta-menos-chuva-e-reforca-importancia-do-registro\/\" \/>\n<meta property=\"og:locale\" content=\"pt_BR\" \/>\n<meta property=\"og:type\" content=\"article\" \/>\n<meta property=\"og:title\" content=\"Coleta de dados de 2025 aponta menos chuva e refor\u00e7a import\u00e2ncia do registro - Folha Popular\" \/>\n<meta property=\"og:description\" content=\"Po\u00e7o das Antas encerrou o ano de 2025 com 2.279 mil\u00edmetros de chuva, volume inferior ao registrado em 2024, quando o acumulado chegou a 2.834 mil\u00edmetros. Os dados fazem parte de um levantamento clim\u00e1tico mantido h\u00e1 21 anos por Tarc\u00edsio Herbert. O morador do munic\u00edpio realiza o acompanhamento detalhado das chuvas, temperaturas e eventos extremos [&hellip;]\" \/>\n<meta property=\"og:url\" content=\"https:\/\/folhapopular.info\/index.php\/2026\/01\/10\/coleta-de-dados-de-2025-aponta-menos-chuva-e-reforca-importancia-do-registro\/\" \/>\n<meta property=\"og:site_name\" content=\"Folha Popular\" \/>\n<meta property=\"article:author\" content=\"https:\/\/www.facebook.com\/luis.huppes\/\" \/>\n<meta property=\"article:published_time\" content=\"2026-01-10T17:00:00+00:00\" \/>\n<meta property=\"og:image\" content=\"https:\/\/folhapopular.info\/wp-content\/uploads\/2026\/01\/Pluviometro-instalado-na-casa-de-Tarcisio.jpeg\" \/>\n\t<meta property=\"og:image:width\" content=\"900\" \/>\n\t<meta property=\"og:image:height\" content=\"1600\" \/>\n\t<meta property=\"og:image:type\" content=\"image\/jpeg\" \/>\n<meta name=\"author\" content=\"Luis Augusto Huppes\" \/>\n<meta name=\"twitter:card\" content=\"summary_large_image\" \/>\n<meta name=\"twitter:label1\" content=\"Escrito por\" \/>\n\t<meta name=\"twitter:data1\" content=\"Luis Augusto Huppes\" \/>\n\t<meta name=\"twitter:label2\" content=\"Est. tempo de leitura\" \/>\n\t<meta name=\"twitter:data2\" content=\"5 minutos\" \/>\n<script type=\"application\/ld+json\" class=\"yoast-schema-graph\">{\"@context\":\"https:\\\/\\\/schema.org\",\"@graph\":[{\"@type\":\"Article\",\"@id\":\"https:\\\/\\\/folhapopular.info\\\/index.php\\\/2026\\\/01\\\/10\\\/coleta-de-dados-de-2025-aponta-menos-chuva-e-reforca-importancia-do-registro\\\/#article\",\"isPartOf\":{\"@id\":\"https:\\\/\\\/folhapopular.info\\\/index.php\\\/2026\\\/01\\\/10\\\/coleta-de-dados-de-2025-aponta-menos-chuva-e-reforca-importancia-do-registro\\\/\"},\"author\":{\"name\":\"Luis Augusto Huppes\",\"@id\":\"https:\\\/\\\/folhapopular.info\\\/#\\\/schema\\\/person\\\/e852c327371714676d02e58cf917fd9f\"},\"headline\":\"Coleta de dados de 2025 aponta menos chuva e refor\u00e7a import\u00e2ncia do registro\",\"datePublished\":\"2026-01-10T17:00:00+00:00\",\"mainEntityOfPage\":{\"@id\":\"https:\\\/\\\/folhapopular.info\\\/index.php\\\/2026\\\/01\\\/10\\\/coleta-de-dados-de-2025-aponta-menos-chuva-e-reforca-importancia-do-registro\\\/\"},\"wordCount\":788,\"commentCount\":0,\"image\":{\"@id\":\"https:\\\/\\\/folhapopular.info\\\/index.php\\\/2026\\\/01\\\/10\\\/coleta-de-dados-de-2025-aponta-menos-chuva-e-reforca-importancia-do-registro\\\/#primaryimage\"},\"thumbnailUrl\":\"https:\\\/\\\/folhapopular.info\\\/wp-content\\\/uploads\\\/2026\\\/01\\\/Pluviometro-instalado-na-casa-de-Tarcisio.jpeg\",\"keywords\":[\"clima\",\"Meio Ambiente\",\"Po\u00e7o das Antas\"],\"articleSection\":[\"Clima\",\"Destaques\",\"Geral\",\"Meio Ambiente\"],\"inLanguage\":\"pt-BR\",\"potentialAction\":[{\"@type\":\"CommentAction\",\"name\":\"Comment\",\"target\":[\"https:\\\/\\\/folhapopular.info\\\/index.php\\\/2026\\\/01\\\/10\\\/coleta-de-dados-de-2025-aponta-menos-chuva-e-reforca-importancia-do-registro\\\/#respond\"]}]},{\"@type\":\"WebPage\",\"@id\":\"https:\\\/\\\/folhapopular.info\\\/index.php\\\/2026\\\/01\\\/10\\\/coleta-de-dados-de-2025-aponta-menos-chuva-e-reforca-importancia-do-registro\\\/\",\"url\":\"https:\\\/\\\/folhapopular.info\\\/index.php\\\/2026\\\/01\\\/10\\\/coleta-de-dados-de-2025-aponta-menos-chuva-e-reforca-importancia-do-registro\\\/\",\"name\":\"Coleta de dados de 2025 aponta menos chuva e refor\u00e7a import\u00e2ncia do registro - Folha Popular\",\"isPartOf\":{\"@id\":\"https:\\\/\\\/folhapopular.info\\\/#website\"},\"primaryImageOfPage\":{\"@id\":\"https:\\\/\\\/folhapopular.info\\\/index.php\\\/2026\\\/01\\\/10\\\/coleta-de-dados-de-2025-aponta-menos-chuva-e-reforca-importancia-do-registro\\\/#primaryimage\"},\"image\":{\"@id\":\"https:\\\/\\\/folhapopular.info\\\/index.php\\\/2026\\\/01\\\/10\\\/coleta-de-dados-de-2025-aponta-menos-chuva-e-reforca-importancia-do-registro\\\/#primaryimage\"},\"thumbnailUrl\":\"https:\\\/\\\/folhapopular.info\\\/wp-content\\\/uploads\\\/2026\\\/01\\\/Pluviometro-instalado-na-casa-de-Tarcisio.jpeg\",\"datePublished\":\"2026-01-10T17:00:00+00:00\",\"author\":{\"@id\":\"https:\\\/\\\/folhapopular.info\\\/#\\\/schema\\\/person\\\/e852c327371714676d02e58cf917fd9f\"},\"breadcrumb\":{\"@id\":\"https:\\\/\\\/folhapopular.info\\\/index.php\\\/2026\\\/01\\\/10\\\/coleta-de-dados-de-2025-aponta-menos-chuva-e-reforca-importancia-do-registro\\\/#breadcrumb\"},\"inLanguage\":\"pt-BR\",\"potentialAction\":[{\"@type\":\"ReadAction\",\"target\":[\"https:\\\/\\\/folhapopular.info\\\/index.php\\\/2026\\\/01\\\/10\\\/coleta-de-dados-de-2025-aponta-menos-chuva-e-reforca-importancia-do-registro\\\/\"]}]},{\"@type\":\"ImageObject\",\"inLanguage\":\"pt-BR\",\"@id\":\"https:\\\/\\\/folhapopular.info\\\/index.php\\\/2026\\\/01\\\/10\\\/coleta-de-dados-de-2025-aponta-menos-chuva-e-reforca-importancia-do-registro\\\/#primaryimage\",\"url\":\"https:\\\/\\\/folhapopular.info\\\/wp-content\\\/uploads\\\/2026\\\/01\\\/Pluviometro-instalado-na-casa-de-Tarcisio.jpeg\",\"contentUrl\":\"https:\\\/\\\/folhapopular.info\\\/wp-content\\\/uploads\\\/2026\\\/01\\\/Pluviometro-instalado-na-casa-de-Tarcisio.jpeg\",\"width\":900,\"height\":1600,\"caption\":\"Pluvi\u00f4metro instalado na casa de Tarc\u00edsio - Cr\u00e9dito: Arquivo Pessoal\"},{\"@type\":\"BreadcrumbList\",\"@id\":\"https:\\\/\\\/folhapopular.info\\\/index.php\\\/2026\\\/01\\\/10\\\/coleta-de-dados-de-2025-aponta-menos-chuva-e-reforca-importancia-do-registro\\\/#breadcrumb\",\"itemListElement\":[{\"@type\":\"ListItem\",\"position\":1,\"name\":\"In\u00edcio\",\"item\":\"https:\\\/\\\/folhapopular.info\\\/\"},{\"@type\":\"ListItem\",\"position\":2,\"name\":\"Coleta de dados de 2025 aponta menos chuva e refor\u00e7a import\u00e2ncia do registro\"}]},{\"@type\":\"WebSite\",\"@id\":\"https:\\\/\\\/folhapopular.info\\\/#website\",\"url\":\"https:\\\/\\\/folhapopular.info\\\/\",\"name\":\"Folha Popular\",\"description\":\"Onde voc\u00ea tem vez e voz\",\"potentialAction\":[{\"@type\":\"SearchAction\",\"target\":{\"@type\":\"EntryPoint\",\"urlTemplate\":\"https:\\\/\\\/folhapopular.info\\\/?s={search_term_string}\"},\"query-input\":{\"@type\":\"PropertyValueSpecification\",\"valueRequired\":true,\"valueName\":\"search_term_string\"}}],\"inLanguage\":\"pt-BR\"},{\"@type\":\"Person\",\"@id\":\"https:\\\/\\\/folhapopular.info\\\/#\\\/schema\\\/person\\\/e852c327371714676d02e58cf917fd9f\",\"name\":\"Luis Augusto Huppes\",\"image\":{\"@type\":\"ImageObject\",\"inLanguage\":\"pt-BR\",\"@id\":\"https:\\\/\\\/folhapopular.info\\\/wp-content\\\/uploads\\\/2026\\\/04\\\/Luis-Augusto-Huppes-1-1.webp\",\"url\":\"https:\\\/\\\/folhapopular.info\\\/wp-content\\\/uploads\\\/2026\\\/04\\\/Luis-Augusto-Huppes-1-1.webp\",\"contentUrl\":\"https:\\\/\\\/folhapopular.info\\\/wp-content\\\/uploads\\\/2026\\\/04\\\/Luis-Augusto-Huppes-1-1.webp\",\"caption\":\"Luis Augusto Huppes\"},\"sameAs\":[\"https:\\\/\\\/www.facebook.com\\\/luis.huppes\\\/\",\"https:\\\/\\\/www.instagram.com\\\/luis.huppes\\\/\",\"https:\\\/\\\/www.linkedin.com\\\/in\\\/luis-augusto-huppes-2554b52b7\\\/\"],\"url\":\"https:\\\/\\\/folhapopular.info\\\/index.php\\\/author\\\/luis-augusto-huppes\\\/\"}]}<\/script>\n<!-- \/ Yoast SEO plugin. -->","yoast_head_json":{"title":"Coleta de dados de 2025 aponta menos chuva e refor\u00e7a import\u00e2ncia do registro - Folha Popular","robots":{"index":"index","follow":"follow","max-snippet":"max-snippet:-1","max-image-preview":"max-image-preview:large","max-video-preview":"max-video-preview:-1"},"canonical":"https:\/\/folhapopular.info\/index.php\/2026\/01\/10\/coleta-de-dados-de-2025-aponta-menos-chuva-e-reforca-importancia-do-registro\/","og_locale":"pt_BR","og_type":"article","og_title":"Coleta de dados de 2025 aponta menos chuva e refor\u00e7a import\u00e2ncia do registro - Folha Popular","og_description":"Po\u00e7o das Antas encerrou o ano de 2025 com 2.279 mil\u00edmetros de chuva, volume inferior ao registrado em 2024, quando o acumulado chegou a 2.834 mil\u00edmetros. Os dados fazem parte de um levantamento clim\u00e1tico mantido h\u00e1 21 anos por Tarc\u00edsio Herbert. O morador do munic\u00edpio realiza o acompanhamento detalhado das chuvas, temperaturas e eventos extremos [&hellip;]","og_url":"https:\/\/folhapopular.info\/index.php\/2026\/01\/10\/coleta-de-dados-de-2025-aponta-menos-chuva-e-reforca-importancia-do-registro\/","og_site_name":"Folha Popular","article_author":"https:\/\/www.facebook.com\/luis.huppes\/","article_published_time":"2026-01-10T17:00:00+00:00","og_image":[{"width":900,"height":1600,"url":"https:\/\/folhapopular.info\/wp-content\/uploads\/2026\/01\/Pluviometro-instalado-na-casa-de-Tarcisio.jpeg","type":"image\/jpeg"}],"author":"Luis Augusto Huppes","twitter_card":"summary_large_image","twitter_misc":{"Escrito por":"Luis Augusto Huppes","Est. tempo de leitura":"5 minutos"},"schema":{"@context":"https:\/\/schema.org","@graph":[{"@type":"Article","@id":"https:\/\/folhapopular.info\/index.php\/2026\/01\/10\/coleta-de-dados-de-2025-aponta-menos-chuva-e-reforca-importancia-do-registro\/#article","isPartOf":{"@id":"https:\/\/folhapopular.info\/index.php\/2026\/01\/10\/coleta-de-dados-de-2025-aponta-menos-chuva-e-reforca-importancia-do-registro\/"},"author":{"name":"Luis Augusto Huppes","@id":"https:\/\/folhapopular.info\/#\/schema\/person\/e852c327371714676d02e58cf917fd9f"},"headline":"Coleta de dados de 2025 aponta menos chuva e refor\u00e7a import\u00e2ncia do registro","datePublished":"2026-01-10T17:00:00+00:00","mainEntityOfPage":{"@id":"https:\/\/folhapopular.info\/index.php\/2026\/01\/10\/coleta-de-dados-de-2025-aponta-menos-chuva-e-reforca-importancia-do-registro\/"},"wordCount":788,"commentCount":0,"image":{"@id":"https:\/\/folhapopular.info\/index.php\/2026\/01\/10\/coleta-de-dados-de-2025-aponta-menos-chuva-e-reforca-importancia-do-registro\/#primaryimage"},"thumbnailUrl":"https:\/\/folhapopular.info\/wp-content\/uploads\/2026\/01\/Pluviometro-instalado-na-casa-de-Tarcisio.jpeg","keywords":["clima","Meio Ambiente","Po\u00e7o das Antas"],"articleSection":["Clima","Destaques","Geral","Meio Ambiente"],"inLanguage":"pt-BR","potentialAction":[{"@type":"CommentAction","name":"Comment","target":["https:\/\/folhapopular.info\/index.php\/2026\/01\/10\/coleta-de-dados-de-2025-aponta-menos-chuva-e-reforca-importancia-do-registro\/#respond"]}]},{"@type":"WebPage","@id":"https:\/\/folhapopular.info\/index.php\/2026\/01\/10\/coleta-de-dados-de-2025-aponta-menos-chuva-e-reforca-importancia-do-registro\/","url":"https:\/\/folhapopular.info\/index.php\/2026\/01\/10\/coleta-de-dados-de-2025-aponta-menos-chuva-e-reforca-importancia-do-registro\/","name":"Coleta de dados de 2025 aponta menos chuva e refor\u00e7a import\u00e2ncia do registro - Folha Popular","isPartOf":{"@id":"https:\/\/folhapopular.info\/#website"},"primaryImageOfPage":{"@id":"https:\/\/folhapopular.info\/index.php\/2026\/01\/10\/coleta-de-dados-de-2025-aponta-menos-chuva-e-reforca-importancia-do-registro\/#primaryimage"},"image":{"@id":"https:\/\/folhapopular.info\/index.php\/2026\/01\/10\/coleta-de-dados-de-2025-aponta-menos-chuva-e-reforca-importancia-do-registro\/#primaryimage"},"thumbnailUrl":"https:\/\/folhapopular.info\/wp-content\/uploads\/2026\/01\/Pluviometro-instalado-na-casa-de-Tarcisio.jpeg","datePublished":"2026-01-10T17:00:00+00:00","author":{"@id":"https:\/\/folhapopular.info\/#\/schema\/person\/e852c327371714676d02e58cf917fd9f"},"breadcrumb":{"@id":"https:\/\/folhapopular.info\/index.php\/2026\/01\/10\/coleta-de-dados-de-2025-aponta-menos-chuva-e-reforca-importancia-do-registro\/#breadcrumb"},"inLanguage":"pt-BR","potentialAction":[{"@type":"ReadAction","target":["https:\/\/folhapopular.info\/index.php\/2026\/01\/10\/coleta-de-dados-de-2025-aponta-menos-chuva-e-reforca-importancia-do-registro\/"]}]},{"@type":"ImageObject","inLanguage":"pt-BR","@id":"https:\/\/folhapopular.info\/index.php\/2026\/01\/10\/coleta-de-dados-de-2025-aponta-menos-chuva-e-reforca-importancia-do-registro\/#primaryimage","url":"https:\/\/folhapopular.info\/wp-content\/uploads\/2026\/01\/Pluviometro-instalado-na-casa-de-Tarcisio.jpeg","contentUrl":"https:\/\/folhapopular.info\/wp-content\/uploads\/2026\/01\/Pluviometro-instalado-na-casa-de-Tarcisio.jpeg","width":900,"height":1600,"caption":"Pluvi\u00f4metro instalado na casa de Tarc\u00edsio - Cr\u00e9dito: Arquivo Pessoal"},{"@type":"BreadcrumbList","@id":"https:\/\/folhapopular.info\/index.php\/2026\/01\/10\/coleta-de-dados-de-2025-aponta-menos-chuva-e-reforca-importancia-do-registro\/#breadcrumb","itemListElement":[{"@type":"ListItem","position":1,"name":"In\u00edcio","item":"https:\/\/folhapopular.info\/"},{"@type":"ListItem","position":2,"name":"Coleta de dados de 2025 aponta menos chuva e refor\u00e7a import\u00e2ncia do registro"}]},{"@type":"WebSite","@id":"https:\/\/folhapopular.info\/#website","url":"https:\/\/folhapopular.info\/","name":"Folha Popular","description":"Onde voc\u00ea tem vez e voz","potentialAction":[{"@type":"SearchAction","target":{"@type":"EntryPoint","urlTemplate":"https:\/\/folhapopular.info\/?s={search_term_string}"},"query-input":{"@type":"PropertyValueSpecification","valueRequired":true,"valueName":"search_term_string"}}],"inLanguage":"pt-BR"},{"@type":"Person","@id":"https:\/\/folhapopular.info\/#\/schema\/person\/e852c327371714676d02e58cf917fd9f","name":"Luis Augusto Huppes","image":{"@type":"ImageObject","inLanguage":"pt-BR","@id":"https:\/\/folhapopular.info\/wp-content\/uploads\/2026\/04\/Luis-Augusto-Huppes-1-1.webp","url":"https:\/\/folhapopular.info\/wp-content\/uploads\/2026\/04\/Luis-Augusto-Huppes-1-1.webp","contentUrl":"https:\/\/folhapopular.info\/wp-content\/uploads\/2026\/04\/Luis-Augusto-Huppes-1-1.webp","caption":"Luis Augusto Huppes"},"sameAs":["https:\/\/www.facebook.com\/luis.huppes\/","https:\/\/www.instagram.com\/luis.huppes\/","https:\/\/www.linkedin.com\/in\/luis-augusto-huppes-2554b52b7\/"],"url":"https:\/\/folhapopular.info\/index.php\/author\/luis-augusto-huppes\/"}]}},"jetpack_featured_media_url":"https:\/\/folhapopular.info\/wp-content\/uploads\/2026\/01\/Pluviometro-instalado-na-casa-de-Tarcisio.jpeg","jetpack_sharing_enabled":true,"amp_enabled":true,"_links":{"self":[{"href":"https:\/\/folhapopular.info\/index.php\/wp-json\/wp\/v2\/posts\/201873","targetHints":{"allow":["GET"]}}],"collection":[{"href":"https:\/\/folhapopular.info\/index.php\/wp-json\/wp\/v2\/posts"}],"about":[{"href":"https:\/\/folhapopular.info\/index.php\/wp-json\/wp\/v2\/types\/post"}],"author":[{"embeddable":true,"href":"https:\/\/folhapopular.info\/index.php\/wp-json\/wp\/v2\/users\/732"}],"replies":[{"embeddable":true,"href":"https:\/\/folhapopular.info\/index.php\/wp-json\/wp\/v2\/comments?post=201873"}],"version-history":[{"count":0,"href":"https:\/\/folhapopular.info\/index.php\/wp-json\/wp\/v2\/posts\/201873\/revisions"}],"wp:featuredmedia":[{"embeddable":true,"href":"https:\/\/folhapopular.info\/index.php\/wp-json\/wp\/v2\/media\/201878"}],"wp:attachment":[{"href":"https:\/\/folhapopular.info\/index.php\/wp-json\/wp\/v2\/media?parent=201873"}],"wp:term":[{"taxonomy":"category","embeddable":true,"href":"https:\/\/folhapopular.info\/index.php\/wp-json\/wp\/v2\/categories?post=201873"},{"taxonomy":"post_tag","embeddable":true,"href":"https:\/\/folhapopular.info\/index.php\/wp-json\/wp\/v2\/tags?post=201873"}],"curies":[{"name":"wp","href":"https:\/\/api.w.org\/{rel}","templated":true}]}}