{"id":201931,"date":"2026-01-12T11:24:08","date_gmt":"2026-01-12T14:24:08","guid":{"rendered":"https:\/\/folhapopular.info\/?p=201931"},"modified":"2026-01-12T11:24:11","modified_gmt":"2026-01-12T14:24:11","slug":"teutonia-amplia-estrutura-educacional-para-atender-demanda-por-vagas","status":"publish","type":"post","link":"https:\/\/folhapopular.info\/index.php\/2026\/01\/12\/teutonia-amplia-estrutura-educacional-para-atender-demanda-por-vagas\/","title":{"rendered":"Teut\u00f4nia amplia estrutura educacional para atender demanda por vagas"},"content":{"rendered":"\n<p>O munic\u00edpio de Teut\u00f4nia registra um aumento significativo na busca por vagas na rede municipal de ensino, causado principalmente pela chegada de fam\u00edlias ap\u00f3s as enchentes de 2024. &#8220;Eu estava como diretora da escola Bento Gon\u00e7alves, do bairro Boa Vista e lembro de recebermos 22 alunos s\u00f3 no m\u00eas de maio&#8221; contou a subsecret\u00e1ria de Educa\u00e7\u00e3o, Shana M\u00fcller Vogel.<\/p>\n\n\n\n<p>Diante desse cen\u00e1rio, a Secretaria Municipal de Educa\u00e7\u00e3o adotou medidas para ampliar a capacidade de atendimento e garantir a organiza\u00e7\u00e3o do ano letivo. Entre as a\u00e7\u00f5es est\u00e3o a expans\u00e3o da infraestrutura e investimentos em transporte e alimenta\u00e7\u00e3o.<\/p>\n\n\n\n<p>Foram autorizadas obras de amplia\u00e7\u00e3o nas Escolas Municipais de Ensino Fundamental (Emefs)<a href=\"https:\/\/folhapopular.info\/index.php\/2025\/12\/17\/teutonia-assina-contrato-para-ampliacao-da-emef-professor-alfredo-schneider\/\" target=\"_blank\" rel=\"noreferrer noopener\"> Alfredo Schneider<\/a> e<a href=\"https:\/\/folhapopular.info\/index.php\/2025\/12\/19\/teutonia-assina-contrato-para-ampliacao-da-escola-bento-goncalves\/\" target=\"_blank\" rel=\"noreferrer noopener\"> Bento Gon\u00e7alves<\/a>, com foco na cria\u00e7\u00e3o de novas salas de aula. Al\u00e9m disso, a escola Marechal Arthur da Costa e Silva, na Linha Germano, receber\u00e1 uma nova sala at\u00e9 o final de janeiro, o que permitir\u00e1 a abertura de mais vagas em turno integral.<\/p>\n\n\n\n<p>Na \u00e1rea de gest\u00e3o, o governo municipal investiu cerca de R$ 3 milh\u00f5es em transporte escolar e j\u00e1 estruturou a log\u00edstica da merenda para o ano letivo de 2026. &#8220;N\u00f3s trabalhamos muito em 2025 e n\u00f3s percebemos esses resultados agora&#8221;, destaca Shana.\u00a0<\/p>\n\n\n\n<p>A prefeitura tamb\u00e9m realiza um trabalho de \u201cbusca ativa\u201d para identificar crian\u00e7as que completam 4 anos at\u00e9 31 de mar\u00e7o, idade em que a frequ\u00eancia escolar \u00e9 obrigat\u00f3ria por lei. Atualmente, 29 crian\u00e7as nessa faixa et\u00e1ria est\u00e3o cadastradas na central de vagas do munic\u00edpio.<\/p>\n\n\n\n<h2 class=\"wp-block-heading\"><strong>Atendimento durante as f\u00e9rias<\/strong><\/h2>\n\n\n\n<p>Para atender fam\u00edlias que trabalham durante o recesso escolar, Teut\u00f4nia manteve o funcionamento das chamadas Escolas Polo. \u00a0As Escolas Municipais de Educa\u00e7\u00e3o Infantil (Emeis) Caminhos do Saber, no Bairro Alesgut e Sonho de Crian\u00e7a, no Bairro Canabarro, atendem mais de 200 crian\u00e7as.<\/p>\n\n\n\n<p>Ap\u00f3s o encerramento das <a href=\"https:\/\/folhapopular.info\/index.php\/2026\/01\/05\/escolas-polo-atendem-criancas-nas-ferias-em-teutonia\/\" target=\"_blank\" rel=\"noreferrer noopener\">Escolas Polo<\/a>, em 3 de fevereiro, o atendimento ser\u00e1 assumido pelo projeto \u201cEsta\u00e7\u00e3o da Divers\u00e3o\u201d. A iniciativa oferece atividades recreativas nos dias 5, 6, 10, 11, 12 e 13 de fevereiro nas escolas de origem de cada crian\u00e7a.<\/p>\n\n\n\n<p>A subsecret\u00e1ria Shana e a Coordenadora da Educa\u00e7\u00e3o Infantil, Daniela Hauschild, ressaltam a import\u00e2ncia do per\u00edodo de f\u00e9rias para o desenvolvimento infantil, destacando a necessidade de descanso e conv\u00edvio familiar.  <\/p>\n\n\n\n<h2 class=\"wp-block-heading\"><strong>Confira a entrevista completa:<\/strong><\/h2>\n\n\n\n<figure class=\"wp-block-embed is-type-video is-provider-youtube wp-block-embed-youtube wp-embed-aspect-4-3 wp-has-aspect-ratio\"><div class=\"wp-block-embed__wrapper\">\n<div class=\"youtube-embed\" data-video_id=\"\"><iframe loading=\"lazy\" title=\"Manuten\u00e7\u00f5es e reformas s\u00e3o intensificadas no recesso escolar\" width=\"696\" height=\"522\" src=\"https:\/\/www.youtube.com\/embed\/Ew2_LFivgUI?feature=oembed&#038;enablejsapi=1\" frameborder=\"0\" allow=\"accelerometer; autoplay; clipboard-write; encrypted-media; gyroscope; picture-in-picture; web-share\" referrerpolicy=\"strict-origin-when-cross-origin\" allowfullscreen><\/iframe><\/div>\n<\/div><\/figure>\n","protected":false},"excerpt":{"rendered":"<p>O munic\u00edpio de Teut\u00f4nia registra um aumento significativo na busca por vagas na rede municipal de ensino, causado principalmente pela chegada de fam\u00edlias ap\u00f3s as enchentes de 2024. &#8220;Eu estava como diretora da escola Bento Gon\u00e7alves, do bairro Boa Vista e lembro de recebermos 22 alunos s\u00f3 no m\u00eas de maio&#8221; contou a subsecret\u00e1ria de [&hellip;]<\/p>\n","protected":false},"author":673,"featured_media":201932,"comment_status":"open","ping_status":"open","sticky":false,"template":"","format":"standard","meta":{"pmpro_default_level":"","_jetpack_memberships_contains_paid_content":false,"footnotes":""},"categories":[2,10988,3],"tags":[73,7243,13670,26,1995],"class_list":{"0":"post-201931","1":"post","2":"type-post","3":"status-publish","4":"format-standard","5":"has-post-thumbnail","7":"category-featured","8":"category-educacao","9":"category-geral","10":"tag-educacao","11":"tag-emef-alfredo-schneider","12":"tag-emef-bento-goncalves","13":"tag-teutonia","14":"tag-vagas","15":"pmpro-has-access"},"yoast_head":"<!-- This site is optimized with the Yoast SEO plugin v27.5 - https:\/\/yoast.com\/product\/yoast-seo-wordpress\/ -->\n<title>Teut\u00f4nia amplia estrutura educacional para atender demanda por vagas - Folha Popular<\/title>\n<meta name=\"description\" content=\"Diante desse cen\u00e1rio, a Secretaria Municipal de Educa\u00e7\u00e3o adotou medidas para ampliar a capacidade e garantir a organiza\u00e7\u00e3o do ano letivo.\" \/>\n<meta name=\"robots\" content=\"index, follow, max-snippet:-1, max-image-preview:large, max-video-preview:-1\" \/>\n<link rel=\"canonical\" href=\"https:\/\/folhapopular.info\/index.php\/2026\/01\/12\/teutonia-amplia-estrutura-educacional-para-atender-demanda-por-vagas\/\" \/>\n<meta property=\"og:locale\" content=\"pt_BR\" \/>\n<meta property=\"og:type\" content=\"article\" \/>\n<meta property=\"og:title\" content=\"Teut\u00f4nia amplia estrutura educacional para atender demanda por vagas - Folha Popular\" \/>\n<meta property=\"og:description\" content=\"Diante desse cen\u00e1rio, a Secretaria Municipal de Educa\u00e7\u00e3o adotou medidas para ampliar a capacidade e garantir a organiza\u00e7\u00e3o do ano letivo.\" \/>\n<meta property=\"og:url\" content=\"https:\/\/folhapopular.info\/index.php\/2026\/01\/12\/teutonia-amplia-estrutura-educacional-para-atender-demanda-por-vagas\/\" \/>\n<meta property=\"og:site_name\" content=\"Folha Popular\" \/>\n<meta property=\"article:published_time\" content=\"2026-01-12T14:24:08+00:00\" \/>\n<meta property=\"article:modified_time\" content=\"2026-01-12T14:24:11+00:00\" \/>\n<meta property=\"og:image\" content=\"http:\/\/folhapopular.info\/wp-content\/uploads\/2026\/01\/WhatsApp-Image-2026-01-12-at-07.45.25.jpeg\" \/>\n\t<meta property=\"og:image:width\" content=\"1280\" \/>\n\t<meta property=\"og:image:height\" content=\"720\" \/>\n\t<meta property=\"og:image:type\" content=\"image\/jpeg\" \/>\n<meta name=\"author\" content=\"Let\u00edcia Echer\" \/>\n<meta name=\"twitter:card\" content=\"summary_large_image\" \/>\n<meta name=\"twitter:label1\" content=\"Escrito por\" \/>\n\t<meta name=\"twitter:data1\" content=\"Let\u00edcia Echer\" \/>\n\t<meta name=\"twitter:label2\" content=\"Est. tempo de leitura\" \/>\n\t<meta name=\"twitter:data2\" content=\"3 minutos\" \/>\n<script type=\"application\/ld+json\" class=\"yoast-schema-graph\">{\"@context\":\"https:\\\/\\\/schema.org\",\"@graph\":[{\"@type\":\"Article\",\"@id\":\"https:\\\/\\\/folhapopular.info\\\/index.php\\\/2026\\\/01\\\/12\\\/teutonia-amplia-estrutura-educacional-para-atender-demanda-por-vagas\\\/#article\",\"isPartOf\":{\"@id\":\"https:\\\/\\\/folhapopular.info\\\/index.php\\\/2026\\\/01\\\/12\\\/teutonia-amplia-estrutura-educacional-para-atender-demanda-por-vagas\\\/\"},\"author\":{\"name\":\"Let\u00edcia Echer\",\"@id\":\"https:\\\/\\\/folhapopular.info\\\/#\\\/schema\\\/person\\\/52b95b9c1c41ec0e826e7518183d0cc0\"},\"headline\":\"Teut\u00f4nia amplia estrutura educacional para atender demanda por vagas\",\"datePublished\":\"2026-01-12T14:24:08+00:00\",\"dateModified\":\"2026-01-12T14:24:11+00:00\",\"mainEntityOfPage\":{\"@id\":\"https:\\\/\\\/folhapopular.info\\\/index.php\\\/2026\\\/01\\\/12\\\/teutonia-amplia-estrutura-educacional-para-atender-demanda-por-vagas\\\/\"},\"wordCount\":416,\"commentCount\":0,\"image\":{\"@id\":\"https:\\\/\\\/folhapopular.info\\\/index.php\\\/2026\\\/01\\\/12\\\/teutonia-amplia-estrutura-educacional-para-atender-demanda-por-vagas\\\/#primaryimage\"},\"thumbnailUrl\":\"https:\\\/\\\/folhapopular.info\\\/wp-content\\\/uploads\\\/2026\\\/01\\\/WhatsApp-Image-2026-01-12-at-07.45.25.jpeg\",\"keywords\":[\"Educa\u00e7\u00e3o\",\"EMEF Alfredo Schneider\",\"Emef Bento Gon\u00e7alves\",\"Teut\u00f4nia\",\"Vagas\"],\"articleSection\":[\"Destaques\",\"Educa\u00e7\u00e3o\",\"Geral\"],\"inLanguage\":\"pt-BR\",\"potentialAction\":[{\"@type\":\"CommentAction\",\"name\":\"Comment\",\"target\":[\"https:\\\/\\\/folhapopular.info\\\/index.php\\\/2026\\\/01\\\/12\\\/teutonia-amplia-estrutura-educacional-para-atender-demanda-por-vagas\\\/#respond\"]}]},{\"@type\":\"WebPage\",\"@id\":\"https:\\\/\\\/folhapopular.info\\\/index.php\\\/2026\\\/01\\\/12\\\/teutonia-amplia-estrutura-educacional-para-atender-demanda-por-vagas\\\/\",\"url\":\"https:\\\/\\\/folhapopular.info\\\/index.php\\\/2026\\\/01\\\/12\\\/teutonia-amplia-estrutura-educacional-para-atender-demanda-por-vagas\\\/\",\"name\":\"Teut\u00f4nia amplia estrutura educacional para atender demanda por vagas - Folha Popular\",\"isPartOf\":{\"@id\":\"https:\\\/\\\/folhapopular.info\\\/#website\"},\"primaryImageOfPage\":{\"@id\":\"https:\\\/\\\/folhapopular.info\\\/index.php\\\/2026\\\/01\\\/12\\\/teutonia-amplia-estrutura-educacional-para-atender-demanda-por-vagas\\\/#primaryimage\"},\"image\":{\"@id\":\"https:\\\/\\\/folhapopular.info\\\/index.php\\\/2026\\\/01\\\/12\\\/teutonia-amplia-estrutura-educacional-para-atender-demanda-por-vagas\\\/#primaryimage\"},\"thumbnailUrl\":\"https:\\\/\\\/folhapopular.info\\\/wp-content\\\/uploads\\\/2026\\\/01\\\/WhatsApp-Image-2026-01-12-at-07.45.25.jpeg\",\"datePublished\":\"2026-01-12T14:24:08+00:00\",\"dateModified\":\"2026-01-12T14:24:11+00:00\",\"author\":{\"@id\":\"https:\\\/\\\/folhapopular.info\\\/#\\\/schema\\\/person\\\/52b95b9c1c41ec0e826e7518183d0cc0\"},\"description\":\"Diante desse cen\u00e1rio, a Secretaria Municipal de Educa\u00e7\u00e3o adotou medidas para ampliar a capacidade e garantir a organiza\u00e7\u00e3o do ano letivo.\",\"breadcrumb\":{\"@id\":\"https:\\\/\\\/folhapopular.info\\\/index.php\\\/2026\\\/01\\\/12\\\/teutonia-amplia-estrutura-educacional-para-atender-demanda-por-vagas\\\/#breadcrumb\"},\"inLanguage\":\"pt-BR\",\"potentialAction\":[{\"@type\":\"ReadAction\",\"target\":[\"https:\\\/\\\/folhapopular.info\\\/index.php\\\/2026\\\/01\\\/12\\\/teutonia-amplia-estrutura-educacional-para-atender-demanda-por-vagas\\\/\"]}]},{\"@type\":\"ImageObject\",\"inLanguage\":\"pt-BR\",\"@id\":\"https:\\\/\\\/folhapopular.info\\\/index.php\\\/2026\\\/01\\\/12\\\/teutonia-amplia-estrutura-educacional-para-atender-demanda-por-vagas\\\/#primaryimage\",\"url\":\"https:\\\/\\\/folhapopular.info\\\/wp-content\\\/uploads\\\/2026\\\/01\\\/WhatsApp-Image-2026-01-12-at-07.45.25.jpeg\",\"contentUrl\":\"https:\\\/\\\/folhapopular.info\\\/wp-content\\\/uploads\\\/2026\\\/01\\\/WhatsApp-Image-2026-01-12-at-07.45.25.jpeg\",\"width\":1280,\"height\":720,\"caption\":\"Subsecret\u00e1ria de Educa\u00e7\u00e3o, Shana M\u00fcller e Coordenadora da Educa\u00e7\u00e3o Infantil, Daniela Hauschild \\\/ Cr\u00e9dito: Let\u00edcia Echer\"},{\"@type\":\"BreadcrumbList\",\"@id\":\"https:\\\/\\\/folhapopular.info\\\/index.php\\\/2026\\\/01\\\/12\\\/teutonia-amplia-estrutura-educacional-para-atender-demanda-por-vagas\\\/#breadcrumb\",\"itemListElement\":[{\"@type\":\"ListItem\",\"position\":1,\"name\":\"In\u00edcio\",\"item\":\"https:\\\/\\\/folhapopular.info\\\/\"},{\"@type\":\"ListItem\",\"position\":2,\"name\":\"Teut\u00f4nia amplia estrutura educacional para atender demanda por vagas\"}]},{\"@type\":\"WebSite\",\"@id\":\"https:\\\/\\\/folhapopular.info\\\/#website\",\"url\":\"https:\\\/\\\/folhapopular.info\\\/\",\"name\":\"Folha Popular\",\"description\":\"Onde voc\u00ea tem vez e voz\",\"potentialAction\":[{\"@type\":\"SearchAction\",\"target\":{\"@type\":\"EntryPoint\",\"urlTemplate\":\"https:\\\/\\\/folhapopular.info\\\/?s={search_term_string}\"},\"query-input\":{\"@type\":\"PropertyValueSpecification\",\"valueRequired\":true,\"valueName\":\"search_term_string\"}}],\"inLanguage\":\"pt-BR\"},{\"@type\":\"Person\",\"@id\":\"https:\\\/\\\/folhapopular.info\\\/#\\\/schema\\\/person\\\/52b95b9c1c41ec0e826e7518183d0cc0\",\"name\":\"Let\u00edcia Echer\",\"image\":{\"@type\":\"ImageObject\",\"inLanguage\":\"pt-BR\",\"@id\":\"https:\\\/\\\/secure.gravatar.com\\\/avatar\\\/303201b45d8f4e048c95808925ff8953fa7ebc0e52cb5b3af1fc9e3d52c95645?s=96&d=mm&r=g\",\"url\":\"https:\\\/\\\/secure.gravatar.com\\\/avatar\\\/303201b45d8f4e048c95808925ff8953fa7ebc0e52cb5b3af1fc9e3d52c95645?s=96&d=mm&r=g\",\"contentUrl\":\"https:\\\/\\\/secure.gravatar.com\\\/avatar\\\/303201b45d8f4e048c95808925ff8953fa7ebc0e52cb5b3af1fc9e3d52c95645?s=96&d=mm&r=g\",\"caption\":\"Let\u00edcia Echer\"},\"url\":\"https:\\\/\\\/folhapopular.info\\\/index.php\\\/author\\\/leticiaecher04gmail-com\\\/\"}]}<\/script>\n<!-- \/ Yoast SEO plugin. -->","yoast_head_json":{"title":"Teut\u00f4nia amplia estrutura educacional para atender demanda por vagas - Folha Popular","description":"Diante desse cen\u00e1rio, a Secretaria Municipal de Educa\u00e7\u00e3o adotou medidas para ampliar a capacidade e garantir a organiza\u00e7\u00e3o do ano letivo.","robots":{"index":"index","follow":"follow","max-snippet":"max-snippet:-1","max-image-preview":"max-image-preview:large","max-video-preview":"max-video-preview:-1"},"canonical":"https:\/\/folhapopular.info\/index.php\/2026\/01\/12\/teutonia-amplia-estrutura-educacional-para-atender-demanda-por-vagas\/","og_locale":"pt_BR","og_type":"article","og_title":"Teut\u00f4nia amplia estrutura educacional para atender demanda por vagas - Folha Popular","og_description":"Diante desse cen\u00e1rio, a Secretaria Municipal de Educa\u00e7\u00e3o adotou medidas para ampliar a capacidade e garantir a organiza\u00e7\u00e3o do ano letivo.","og_url":"https:\/\/folhapopular.info\/index.php\/2026\/01\/12\/teutonia-amplia-estrutura-educacional-para-atender-demanda-por-vagas\/","og_site_name":"Folha Popular","article_published_time":"2026-01-12T14:24:08+00:00","article_modified_time":"2026-01-12T14:24:11+00:00","og_image":[{"width":1280,"height":720,"url":"http:\/\/folhapopular.info\/wp-content\/uploads\/2026\/01\/WhatsApp-Image-2026-01-12-at-07.45.25.jpeg","type":"image\/jpeg"}],"author":"Let\u00edcia Echer","twitter_card":"summary_large_image","twitter_misc":{"Escrito por":"Let\u00edcia Echer","Est. tempo de leitura":"3 minutos"},"schema":{"@context":"https:\/\/schema.org","@graph":[{"@type":"Article","@id":"https:\/\/folhapopular.info\/index.php\/2026\/01\/12\/teutonia-amplia-estrutura-educacional-para-atender-demanda-por-vagas\/#article","isPartOf":{"@id":"https:\/\/folhapopular.info\/index.php\/2026\/01\/12\/teutonia-amplia-estrutura-educacional-para-atender-demanda-por-vagas\/"},"author":{"name":"Let\u00edcia Echer","@id":"https:\/\/folhapopular.info\/#\/schema\/person\/52b95b9c1c41ec0e826e7518183d0cc0"},"headline":"Teut\u00f4nia amplia estrutura educacional para atender demanda por vagas","datePublished":"2026-01-12T14:24:08+00:00","dateModified":"2026-01-12T14:24:11+00:00","mainEntityOfPage":{"@id":"https:\/\/folhapopular.info\/index.php\/2026\/01\/12\/teutonia-amplia-estrutura-educacional-para-atender-demanda-por-vagas\/"},"wordCount":416,"commentCount":0,"image":{"@id":"https:\/\/folhapopular.info\/index.php\/2026\/01\/12\/teutonia-amplia-estrutura-educacional-para-atender-demanda-por-vagas\/#primaryimage"},"thumbnailUrl":"https:\/\/folhapopular.info\/wp-content\/uploads\/2026\/01\/WhatsApp-Image-2026-01-12-at-07.45.25.jpeg","keywords":["Educa\u00e7\u00e3o","EMEF Alfredo Schneider","Emef Bento Gon\u00e7alves","Teut\u00f4nia","Vagas"],"articleSection":["Destaques","Educa\u00e7\u00e3o","Geral"],"inLanguage":"pt-BR","potentialAction":[{"@type":"CommentAction","name":"Comment","target":["https:\/\/folhapopular.info\/index.php\/2026\/01\/12\/teutonia-amplia-estrutura-educacional-para-atender-demanda-por-vagas\/#respond"]}]},{"@type":"WebPage","@id":"https:\/\/folhapopular.info\/index.php\/2026\/01\/12\/teutonia-amplia-estrutura-educacional-para-atender-demanda-por-vagas\/","url":"https:\/\/folhapopular.info\/index.php\/2026\/01\/12\/teutonia-amplia-estrutura-educacional-para-atender-demanda-por-vagas\/","name":"Teut\u00f4nia amplia estrutura educacional para atender demanda por vagas - Folha Popular","isPartOf":{"@id":"https:\/\/folhapopular.info\/#website"},"primaryImageOfPage":{"@id":"https:\/\/folhapopular.info\/index.php\/2026\/01\/12\/teutonia-amplia-estrutura-educacional-para-atender-demanda-por-vagas\/#primaryimage"},"image":{"@id":"https:\/\/folhapopular.info\/index.php\/2026\/01\/12\/teutonia-amplia-estrutura-educacional-para-atender-demanda-por-vagas\/#primaryimage"},"thumbnailUrl":"https:\/\/folhapopular.info\/wp-content\/uploads\/2026\/01\/WhatsApp-Image-2026-01-12-at-07.45.25.jpeg","datePublished":"2026-01-12T14:24:08+00:00","dateModified":"2026-01-12T14:24:11+00:00","author":{"@id":"https:\/\/folhapopular.info\/#\/schema\/person\/52b95b9c1c41ec0e826e7518183d0cc0"},"description":"Diante desse cen\u00e1rio, a Secretaria Municipal de Educa\u00e7\u00e3o adotou medidas para ampliar a capacidade e garantir a organiza\u00e7\u00e3o do ano letivo.","breadcrumb":{"@id":"https:\/\/folhapopular.info\/index.php\/2026\/01\/12\/teutonia-amplia-estrutura-educacional-para-atender-demanda-por-vagas\/#breadcrumb"},"inLanguage":"pt-BR","potentialAction":[{"@type":"ReadAction","target":["https:\/\/folhapopular.info\/index.php\/2026\/01\/12\/teutonia-amplia-estrutura-educacional-para-atender-demanda-por-vagas\/"]}]},{"@type":"ImageObject","inLanguage":"pt-BR","@id":"https:\/\/folhapopular.info\/index.php\/2026\/01\/12\/teutonia-amplia-estrutura-educacional-para-atender-demanda-por-vagas\/#primaryimage","url":"https:\/\/folhapopular.info\/wp-content\/uploads\/2026\/01\/WhatsApp-Image-2026-01-12-at-07.45.25.jpeg","contentUrl":"https:\/\/folhapopular.info\/wp-content\/uploads\/2026\/01\/WhatsApp-Image-2026-01-12-at-07.45.25.jpeg","width":1280,"height":720,"caption":"Subsecret\u00e1ria de Educa\u00e7\u00e3o, Shana M\u00fcller e Coordenadora da Educa\u00e7\u00e3o Infantil, Daniela Hauschild \/ Cr\u00e9dito: Let\u00edcia Echer"},{"@type":"BreadcrumbList","@id":"https:\/\/folhapopular.info\/index.php\/2026\/01\/12\/teutonia-amplia-estrutura-educacional-para-atender-demanda-por-vagas\/#breadcrumb","itemListElement":[{"@type":"ListItem","position":1,"name":"In\u00edcio","item":"https:\/\/folhapopular.info\/"},{"@type":"ListItem","position":2,"name":"Teut\u00f4nia amplia estrutura educacional para atender demanda por vagas"}]},{"@type":"WebSite","@id":"https:\/\/folhapopular.info\/#website","url":"https:\/\/folhapopular.info\/","name":"Folha Popular","description":"Onde voc\u00ea tem vez e voz","potentialAction":[{"@type":"SearchAction","target":{"@type":"EntryPoint","urlTemplate":"https:\/\/folhapopular.info\/?s={search_term_string}"},"query-input":{"@type":"PropertyValueSpecification","valueRequired":true,"valueName":"search_term_string"}}],"inLanguage":"pt-BR"},{"@type":"Person","@id":"https:\/\/folhapopular.info\/#\/schema\/person\/52b95b9c1c41ec0e826e7518183d0cc0","name":"Let\u00edcia Echer","image":{"@type":"ImageObject","inLanguage":"pt-BR","@id":"https:\/\/secure.gravatar.com\/avatar\/303201b45d8f4e048c95808925ff8953fa7ebc0e52cb5b3af1fc9e3d52c95645?s=96&d=mm&r=g","url":"https:\/\/secure.gravatar.com\/avatar\/303201b45d8f4e048c95808925ff8953fa7ebc0e52cb5b3af1fc9e3d52c95645?s=96&d=mm&r=g","contentUrl":"https:\/\/secure.gravatar.com\/avatar\/303201b45d8f4e048c95808925ff8953fa7ebc0e52cb5b3af1fc9e3d52c95645?s=96&d=mm&r=g","caption":"Let\u00edcia Echer"},"url":"https:\/\/folhapopular.info\/index.php\/author\/leticiaecher04gmail-com\/"}]}},"jetpack_featured_media_url":"https:\/\/folhapopular.info\/wp-content\/uploads\/2026\/01\/WhatsApp-Image-2026-01-12-at-07.45.25.jpeg","jetpack_sharing_enabled":true,"amp_enabled":true,"_links":{"self":[{"href":"https:\/\/folhapopular.info\/index.php\/wp-json\/wp\/v2\/posts\/201931","targetHints":{"allow":["GET"]}}],"collection":[{"href":"https:\/\/folhapopular.info\/index.php\/wp-json\/wp\/v2\/posts"}],"about":[{"href":"https:\/\/folhapopular.info\/index.php\/wp-json\/wp\/v2\/types\/post"}],"author":[{"embeddable":true,"href":"https:\/\/folhapopular.info\/index.php\/wp-json\/wp\/v2\/users\/673"}],"replies":[{"embeddable":true,"href":"https:\/\/folhapopular.info\/index.php\/wp-json\/wp\/v2\/comments?post=201931"}],"version-history":[{"count":0,"href":"https:\/\/folhapopular.info\/index.php\/wp-json\/wp\/v2\/posts\/201931\/revisions"}],"wp:featuredmedia":[{"embeddable":true,"href":"https:\/\/folhapopular.info\/index.php\/wp-json\/wp\/v2\/media\/201932"}],"wp:attachment":[{"href":"https:\/\/folhapopular.info\/index.php\/wp-json\/wp\/v2\/media?parent=201931"}],"wp:term":[{"taxonomy":"category","embeddable":true,"href":"https:\/\/folhapopular.info\/index.php\/wp-json\/wp\/v2\/categories?post=201931"},{"taxonomy":"post_tag","embeddable":true,"href":"https:\/\/folhapopular.info\/index.php\/wp-json\/wp\/v2\/tags?post=201931"}],"curies":[{"name":"wp","href":"https:\/\/api.w.org\/{rel}","templated":true}]}}