{"id":201942,"date":"2026-01-12T17:00:00","date_gmt":"2026-01-12T20:00:00","guid":{"rendered":"https:\/\/folhapopular.info\/?p=201942"},"modified":"2026-01-12T16:18:01","modified_gmt":"2026-01-12T19:18:01","slug":"exportacoes-da-industria-do-rs-crescem-28-em-2025","status":"publish","type":"post","link":"https:\/\/folhapopular.info\/index.php\/2026\/01\/12\/exportacoes-da-industria-do-rs-crescem-28-em-2025\/","title":{"rendered":"Exporta\u00e7\u00f5es da ind\u00fastria do RS crescem 2,8% em 2025"},"content":{"rendered":"\n<p>Com alta de 2,1% no volume comercializado e avan\u00e7o de 0,7% nos pre\u00e7os m\u00e9dios, as exporta\u00e7\u00f5es da ind\u00fastria de transforma\u00e7\u00e3o do Rio Grande do Sul cresceram 2,8% em 2025 na compara\u00e7\u00e3o com 2024. Ao todo, foram exportados US$ 16,8 bilh\u00f5es, o que representa um acr\u00e9scimo de US$ 449,3 milh\u00f5es em rela\u00e7\u00e3o ao ano anterior.<\/p>\n\n\n\n<p>Apesar do resultado positivo no acumulado de 2025, o desempenho ao longo do ano foi marcado por volatilidade e desacelera\u00e7\u00e3o no segundo semestre. Entre janeiro e mar\u00e7o, as exporta\u00e7\u00f5es cresceram 5,8%, recuando para 4,4% no per\u00edodo de abril a junho. De julho a setembro, o avan\u00e7o foi mais moderado, de 1,4%, enquanto entre outubro e dezembro o setor praticamente estagnou, com crescimento de apenas 0,2%.<\/p>\n\n\n\n<p>A an\u00e1lise setorial indica que o crescimento das exporta\u00e7\u00f5es foi concentrado em poucos segmentos: apenas 11 dos 23 setores da ind\u00fastria de transforma\u00e7\u00e3o apresentaram expans\u00e3o. Os principais destaques positivos foram Tabaco, com alta de 11,2%, e Ve\u00edculos automotores, que cresceram 27,8%. Em sentido oposto, houve retra\u00e7\u00e3o em M\u00e1quinas e equipamentos (-11,7%) e Produtos de metal (-14,2%).<\/p>\n\n\n\n<p><strong>Importa\u00e7\u00f5es<\/strong><\/p>\n\n\n\n<p>As importa\u00e7\u00f5es do Rio Grande do Sul cresceram 3,4% em 2025 frente a 2024, totalizando US$ 13,4 bilh\u00f5es. A maior parcela das compras externas concentrou-se no segmento de autom\u00f3veis, camionetas e utilit\u00e1rios, que somou US$ 2,2 bilh\u00f5es, principalmente com origem na Argentina.<\/p>\n","protected":false},"excerpt":{"rendered":"<p>Com alta de 2,1% no volume comercializado e avan\u00e7o de 0,7% nos pre\u00e7os m\u00e9dios, as exporta\u00e7\u00f5es da ind\u00fastria de transforma\u00e7\u00e3o do Rio Grande do Sul cresceram 2,8% em 2025 na compara\u00e7\u00e3o com 2024. Ao todo, foram exportados US$ 16,8 bilh\u00f5es, o que representa um acr\u00e9scimo de US$ 449,3 milh\u00f5es em rela\u00e7\u00e3o ao ano anterior. Apesar [&hellip;]<\/p>\n","protected":false},"author":8,"featured_media":162821,"comment_status":"open","ping_status":"open","sticky":false,"template":"","format":"standard","meta":{"pmpro_default_level":"","_jetpack_memberships_contains_paid_content":false,"footnotes":""},"categories":[2,10991,12473],"tags":[9196,20363,5892,2759],"class_list":{"0":"post-201942","1":"post","2":"type-post","3":"status-publish","4":"format-standard","5":"has-post-thumbnail","7":"category-featured","8":"category-economia","9":"category-negocios","10":"tag-exportacao","11":"tag-importacoes","12":"tag-industria","13":"tag-tabaco","14":"pmpro-has-access"},"yoast_head":"<!-- This site is optimized with the Yoast SEO plugin v27.5 - https:\/\/yoast.com\/product\/yoast-seo-wordpress\/ -->\n<title>Exporta\u00e7\u00f5es da ind\u00fastria do RS crescem 2,8% em 2025 - Folha Popular<\/title>\n<meta name=\"robots\" content=\"index, follow, max-snippet:-1, max-image-preview:large, max-video-preview:-1\" \/>\n<link rel=\"canonical\" href=\"https:\/\/folhapopular.info\/index.php\/2026\/01\/12\/exportacoes-da-industria-do-rs-crescem-28-em-2025\/\" \/>\n<meta property=\"og:locale\" content=\"pt_BR\" \/>\n<meta property=\"og:type\" content=\"article\" \/>\n<meta property=\"og:title\" content=\"Exporta\u00e7\u00f5es da ind\u00fastria do RS crescem 2,8% em 2025 - Folha Popular\" \/>\n<meta property=\"og:description\" content=\"Com alta de 2,1% no volume comercializado e avan\u00e7o de 0,7% nos pre\u00e7os m\u00e9dios, as exporta\u00e7\u00f5es da ind\u00fastria de transforma\u00e7\u00e3o do Rio Grande do Sul cresceram 2,8% em 2025 na compara\u00e7\u00e3o com 2024. Ao todo, foram exportados US$ 16,8 bilh\u00f5es, o que representa um acr\u00e9scimo de US$ 449,3 milh\u00f5es em rela\u00e7\u00e3o ao ano anterior. Apesar [&hellip;]\" \/>\n<meta property=\"og:url\" content=\"https:\/\/folhapopular.info\/index.php\/2026\/01\/12\/exportacoes-da-industria-do-rs-crescem-28-em-2025\/\" \/>\n<meta property=\"og:site_name\" content=\"Folha Popular\" \/>\n<meta property=\"article:published_time\" content=\"2026-01-12T20:00:00+00:00\" \/>\n<meta property=\"og:image\" content=\"https:\/\/folhapopular.info\/wp-content\/uploads\/2024\/07\/industria.webp\" \/>\n\t<meta property=\"og:image:width\" content=\"1170\" \/>\n\t<meta property=\"og:image:height\" content=\"700\" \/>\n\t<meta property=\"og:image:type\" content=\"image\/webp\" \/>\n<meta name=\"author\" content=\"Reda\u00e7\u00e3o Folha Popular\" \/>\n<meta name=\"twitter:card\" content=\"summary_large_image\" \/>\n<meta name=\"twitter:label1\" content=\"Escrito por\" \/>\n\t<meta name=\"twitter:data1\" content=\"Reda\u00e7\u00e3o Folha Popular\" \/>\n\t<meta name=\"twitter:label2\" content=\"Est. tempo de leitura\" \/>\n\t<meta name=\"twitter:data2\" content=\"2 minutos\" \/>\n<script type=\"application\/ld+json\" class=\"yoast-schema-graph\">{\"@context\":\"https:\\\/\\\/schema.org\",\"@graph\":[{\"@type\":\"Article\",\"@id\":\"https:\\\/\\\/folhapopular.info\\\/index.php\\\/2026\\\/01\\\/12\\\/exportacoes-da-industria-do-rs-crescem-28-em-2025\\\/#article\",\"isPartOf\":{\"@id\":\"https:\\\/\\\/folhapopular.info\\\/index.php\\\/2026\\\/01\\\/12\\\/exportacoes-da-industria-do-rs-crescem-28-em-2025\\\/\"},\"author\":{\"name\":\"Reda\u00e7\u00e3o Folha Popular\",\"@id\":\"https:\\\/\\\/folhapopular.info\\\/#\\\/schema\\\/person\\\/2814e8a0df7643585a9ca38bc6eb9d4b\"},\"headline\":\"Exporta\u00e7\u00f5es da ind\u00fastria do RS crescem 2,8% em 2025\",\"datePublished\":\"2026-01-12T20:00:00+00:00\",\"mainEntityOfPage\":{\"@id\":\"https:\\\/\\\/folhapopular.info\\\/index.php\\\/2026\\\/01\\\/12\\\/exportacoes-da-industria-do-rs-crescem-28-em-2025\\\/\"},\"wordCount\":236,\"commentCount\":0,\"image\":{\"@id\":\"https:\\\/\\\/folhapopular.info\\\/index.php\\\/2026\\\/01\\\/12\\\/exportacoes-da-industria-do-rs-crescem-28-em-2025\\\/#primaryimage\"},\"thumbnailUrl\":\"https:\\\/\\\/folhapopular.info\\\/wp-content\\\/uploads\\\/2024\\\/07\\\/industria.webp\",\"keywords\":[\"Exporta\u00e7\u00e3o\",\"Importa\u00e7\u00f5es\",\"Ind\u00fastria\",\"Tabaco\"],\"articleSection\":[\"Destaques\",\"Economia\",\"Neg\u00f3cios\"],\"inLanguage\":\"pt-BR\",\"potentialAction\":[{\"@type\":\"CommentAction\",\"name\":\"Comment\",\"target\":[\"https:\\\/\\\/folhapopular.info\\\/index.php\\\/2026\\\/01\\\/12\\\/exportacoes-da-industria-do-rs-crescem-28-em-2025\\\/#respond\"]}]},{\"@type\":\"WebPage\",\"@id\":\"https:\\\/\\\/folhapopular.info\\\/index.php\\\/2026\\\/01\\\/12\\\/exportacoes-da-industria-do-rs-crescem-28-em-2025\\\/\",\"url\":\"https:\\\/\\\/folhapopular.info\\\/index.php\\\/2026\\\/01\\\/12\\\/exportacoes-da-industria-do-rs-crescem-28-em-2025\\\/\",\"name\":\"Exporta\u00e7\u00f5es da ind\u00fastria do RS crescem 2,8% em 2025 - Folha Popular\",\"isPartOf\":{\"@id\":\"https:\\\/\\\/folhapopular.info\\\/#website\"},\"primaryImageOfPage\":{\"@id\":\"https:\\\/\\\/folhapopular.info\\\/index.php\\\/2026\\\/01\\\/12\\\/exportacoes-da-industria-do-rs-crescem-28-em-2025\\\/#primaryimage\"},\"image\":{\"@id\":\"https:\\\/\\\/folhapopular.info\\\/index.php\\\/2026\\\/01\\\/12\\\/exportacoes-da-industria-do-rs-crescem-28-em-2025\\\/#primaryimage\"},\"thumbnailUrl\":\"https:\\\/\\\/folhapopular.info\\\/wp-content\\\/uploads\\\/2024\\\/07\\\/industria.webp\",\"datePublished\":\"2026-01-12T20:00:00+00:00\",\"author\":{\"@id\":\"https:\\\/\\\/folhapopular.info\\\/#\\\/schema\\\/person\\\/2814e8a0df7643585a9ca38bc6eb9d4b\"},\"breadcrumb\":{\"@id\":\"https:\\\/\\\/folhapopular.info\\\/index.php\\\/2026\\\/01\\\/12\\\/exportacoes-da-industria-do-rs-crescem-28-em-2025\\\/#breadcrumb\"},\"inLanguage\":\"pt-BR\",\"potentialAction\":[{\"@type\":\"ReadAction\",\"target\":[\"https:\\\/\\\/folhapopular.info\\\/index.php\\\/2026\\\/01\\\/12\\\/exportacoes-da-industria-do-rs-crescem-28-em-2025\\\/\"]}]},{\"@type\":\"ImageObject\",\"inLanguage\":\"pt-BR\",\"@id\":\"https:\\\/\\\/folhapopular.info\\\/index.php\\\/2026\\\/01\\\/12\\\/exportacoes-da-industria-do-rs-crescem-28-em-2025\\\/#primaryimage\",\"url\":\"https:\\\/\\\/folhapopular.info\\\/wp-content\\\/uploads\\\/2024\\\/07\\\/industria.webp\",\"contentUrl\":\"https:\\\/\\\/folhapopular.info\\\/wp-content\\\/uploads\\\/2024\\\/07\\\/industria.webp\",\"width\":1170,\"height\":700,\"caption\":\"Cr\u00e9dito: Reprodu\u00e7\u00e3o\"},{\"@type\":\"BreadcrumbList\",\"@id\":\"https:\\\/\\\/folhapopular.info\\\/index.php\\\/2026\\\/01\\\/12\\\/exportacoes-da-industria-do-rs-crescem-28-em-2025\\\/#breadcrumb\",\"itemListElement\":[{\"@type\":\"ListItem\",\"position\":1,\"name\":\"In\u00edcio\",\"item\":\"https:\\\/\\\/folhapopular.info\\\/\"},{\"@type\":\"ListItem\",\"position\":2,\"name\":\"Exporta\u00e7\u00f5es da ind\u00fastria do RS crescem 2,8% em 2025\"}]},{\"@type\":\"WebSite\",\"@id\":\"https:\\\/\\\/folhapopular.info\\\/#website\",\"url\":\"https:\\\/\\\/folhapopular.info\\\/\",\"name\":\"Folha Popular\",\"description\":\"Onde voc\u00ea tem vez e voz\",\"potentialAction\":[{\"@type\":\"SearchAction\",\"target\":{\"@type\":\"EntryPoint\",\"urlTemplate\":\"https:\\\/\\\/folhapopular.info\\\/?s={search_term_string}\"},\"query-input\":{\"@type\":\"PropertyValueSpecification\",\"valueRequired\":true,\"valueName\":\"search_term_string\"}}],\"inLanguage\":\"pt-BR\"},{\"@type\":\"Person\",\"@id\":\"https:\\\/\\\/folhapopular.info\\\/#\\\/schema\\\/person\\\/2814e8a0df7643585a9ca38bc6eb9d4b\",\"name\":\"Reda\u00e7\u00e3o Folha Popular\",\"image\":{\"@type\":\"ImageObject\",\"inLanguage\":\"pt-BR\",\"@id\":\"https:\\\/\\\/folhapopular.info\\\/wp-content\\\/uploads\\\/2026\\\/04\\\/Folha-1.webp\",\"url\":\"https:\\\/\\\/folhapopular.info\\\/wp-content\\\/uploads\\\/2026\\\/04\\\/Folha-1.webp\",\"contentUrl\":\"https:\\\/\\\/folhapopular.info\\\/wp-content\\\/uploads\\\/2026\\\/04\\\/Folha-1.webp\",\"caption\":\"Reda\u00e7\u00e3o Folha Popular\"},\"url\":\"https:\\\/\\\/folhapopular.info\\\/index.php\\\/author\\\/redacao\\\/\"}]}<\/script>\n<!-- \/ Yoast SEO plugin. -->","yoast_head_json":{"title":"Exporta\u00e7\u00f5es da ind\u00fastria do RS crescem 2,8% em 2025 - Folha Popular","robots":{"index":"index","follow":"follow","max-snippet":"max-snippet:-1","max-image-preview":"max-image-preview:large","max-video-preview":"max-video-preview:-1"},"canonical":"https:\/\/folhapopular.info\/index.php\/2026\/01\/12\/exportacoes-da-industria-do-rs-crescem-28-em-2025\/","og_locale":"pt_BR","og_type":"article","og_title":"Exporta\u00e7\u00f5es da ind\u00fastria do RS crescem 2,8% em 2025 - Folha Popular","og_description":"Com alta de 2,1% no volume comercializado e avan\u00e7o de 0,7% nos pre\u00e7os m\u00e9dios, as exporta\u00e7\u00f5es da ind\u00fastria de transforma\u00e7\u00e3o do Rio Grande do Sul cresceram 2,8% em 2025 na compara\u00e7\u00e3o com 2024. Ao todo, foram exportados US$ 16,8 bilh\u00f5es, o que representa um acr\u00e9scimo de US$ 449,3 milh\u00f5es em rela\u00e7\u00e3o ao ano anterior. Apesar [&hellip;]","og_url":"https:\/\/folhapopular.info\/index.php\/2026\/01\/12\/exportacoes-da-industria-do-rs-crescem-28-em-2025\/","og_site_name":"Folha Popular","article_published_time":"2026-01-12T20:00:00+00:00","og_image":[{"width":1170,"height":700,"url":"https:\/\/folhapopular.info\/wp-content\/uploads\/2024\/07\/industria.webp","type":"image\/webp"}],"author":"Reda\u00e7\u00e3o Folha Popular","twitter_card":"summary_large_image","twitter_misc":{"Escrito por":"Reda\u00e7\u00e3o Folha Popular","Est. tempo de leitura":"2 minutos"},"schema":{"@context":"https:\/\/schema.org","@graph":[{"@type":"Article","@id":"https:\/\/folhapopular.info\/index.php\/2026\/01\/12\/exportacoes-da-industria-do-rs-crescem-28-em-2025\/#article","isPartOf":{"@id":"https:\/\/folhapopular.info\/index.php\/2026\/01\/12\/exportacoes-da-industria-do-rs-crescem-28-em-2025\/"},"author":{"name":"Reda\u00e7\u00e3o Folha Popular","@id":"https:\/\/folhapopular.info\/#\/schema\/person\/2814e8a0df7643585a9ca38bc6eb9d4b"},"headline":"Exporta\u00e7\u00f5es da ind\u00fastria do RS crescem 2,8% em 2025","datePublished":"2026-01-12T20:00:00+00:00","mainEntityOfPage":{"@id":"https:\/\/folhapopular.info\/index.php\/2026\/01\/12\/exportacoes-da-industria-do-rs-crescem-28-em-2025\/"},"wordCount":236,"commentCount":0,"image":{"@id":"https:\/\/folhapopular.info\/index.php\/2026\/01\/12\/exportacoes-da-industria-do-rs-crescem-28-em-2025\/#primaryimage"},"thumbnailUrl":"https:\/\/folhapopular.info\/wp-content\/uploads\/2024\/07\/industria.webp","keywords":["Exporta\u00e7\u00e3o","Importa\u00e7\u00f5es","Ind\u00fastria","Tabaco"],"articleSection":["Destaques","Economia","Neg\u00f3cios"],"inLanguage":"pt-BR","potentialAction":[{"@type":"CommentAction","name":"Comment","target":["https:\/\/folhapopular.info\/index.php\/2026\/01\/12\/exportacoes-da-industria-do-rs-crescem-28-em-2025\/#respond"]}]},{"@type":"WebPage","@id":"https:\/\/folhapopular.info\/index.php\/2026\/01\/12\/exportacoes-da-industria-do-rs-crescem-28-em-2025\/","url":"https:\/\/folhapopular.info\/index.php\/2026\/01\/12\/exportacoes-da-industria-do-rs-crescem-28-em-2025\/","name":"Exporta\u00e7\u00f5es da ind\u00fastria do RS crescem 2,8% em 2025 - Folha Popular","isPartOf":{"@id":"https:\/\/folhapopular.info\/#website"},"primaryImageOfPage":{"@id":"https:\/\/folhapopular.info\/index.php\/2026\/01\/12\/exportacoes-da-industria-do-rs-crescem-28-em-2025\/#primaryimage"},"image":{"@id":"https:\/\/folhapopular.info\/index.php\/2026\/01\/12\/exportacoes-da-industria-do-rs-crescem-28-em-2025\/#primaryimage"},"thumbnailUrl":"https:\/\/folhapopular.info\/wp-content\/uploads\/2024\/07\/industria.webp","datePublished":"2026-01-12T20:00:00+00:00","author":{"@id":"https:\/\/folhapopular.info\/#\/schema\/person\/2814e8a0df7643585a9ca38bc6eb9d4b"},"breadcrumb":{"@id":"https:\/\/folhapopular.info\/index.php\/2026\/01\/12\/exportacoes-da-industria-do-rs-crescem-28-em-2025\/#breadcrumb"},"inLanguage":"pt-BR","potentialAction":[{"@type":"ReadAction","target":["https:\/\/folhapopular.info\/index.php\/2026\/01\/12\/exportacoes-da-industria-do-rs-crescem-28-em-2025\/"]}]},{"@type":"ImageObject","inLanguage":"pt-BR","@id":"https:\/\/folhapopular.info\/index.php\/2026\/01\/12\/exportacoes-da-industria-do-rs-crescem-28-em-2025\/#primaryimage","url":"https:\/\/folhapopular.info\/wp-content\/uploads\/2024\/07\/industria.webp","contentUrl":"https:\/\/folhapopular.info\/wp-content\/uploads\/2024\/07\/industria.webp","width":1170,"height":700,"caption":"Cr\u00e9dito: Reprodu\u00e7\u00e3o"},{"@type":"BreadcrumbList","@id":"https:\/\/folhapopular.info\/index.php\/2026\/01\/12\/exportacoes-da-industria-do-rs-crescem-28-em-2025\/#breadcrumb","itemListElement":[{"@type":"ListItem","position":1,"name":"In\u00edcio","item":"https:\/\/folhapopular.info\/"},{"@type":"ListItem","position":2,"name":"Exporta\u00e7\u00f5es da ind\u00fastria do RS crescem 2,8% em 2025"}]},{"@type":"WebSite","@id":"https:\/\/folhapopular.info\/#website","url":"https:\/\/folhapopular.info\/","name":"Folha Popular","description":"Onde voc\u00ea tem vez e voz","potentialAction":[{"@type":"SearchAction","target":{"@type":"EntryPoint","urlTemplate":"https:\/\/folhapopular.info\/?s={search_term_string}"},"query-input":{"@type":"PropertyValueSpecification","valueRequired":true,"valueName":"search_term_string"}}],"inLanguage":"pt-BR"},{"@type":"Person","@id":"https:\/\/folhapopular.info\/#\/schema\/person\/2814e8a0df7643585a9ca38bc6eb9d4b","name":"Reda\u00e7\u00e3o Folha Popular","image":{"@type":"ImageObject","inLanguage":"pt-BR","@id":"https:\/\/folhapopular.info\/wp-content\/uploads\/2026\/04\/Folha-1.webp","url":"https:\/\/folhapopular.info\/wp-content\/uploads\/2026\/04\/Folha-1.webp","contentUrl":"https:\/\/folhapopular.info\/wp-content\/uploads\/2026\/04\/Folha-1.webp","caption":"Reda\u00e7\u00e3o Folha Popular"},"url":"https:\/\/folhapopular.info\/index.php\/author\/redacao\/"}]}},"jetpack_featured_media_url":"https:\/\/folhapopular.info\/wp-content\/uploads\/2024\/07\/industria.webp","jetpack_sharing_enabled":true,"amp_enabled":true,"_links":{"self":[{"href":"https:\/\/folhapopular.info\/index.php\/wp-json\/wp\/v2\/posts\/201942","targetHints":{"allow":["GET"]}}],"collection":[{"href":"https:\/\/folhapopular.info\/index.php\/wp-json\/wp\/v2\/posts"}],"about":[{"href":"https:\/\/folhapopular.info\/index.php\/wp-json\/wp\/v2\/types\/post"}],"author":[{"embeddable":true,"href":"https:\/\/folhapopular.info\/index.php\/wp-json\/wp\/v2\/users\/8"}],"replies":[{"embeddable":true,"href":"https:\/\/folhapopular.info\/index.php\/wp-json\/wp\/v2\/comments?post=201942"}],"version-history":[{"count":0,"href":"https:\/\/folhapopular.info\/index.php\/wp-json\/wp\/v2\/posts\/201942\/revisions"}],"wp:featuredmedia":[{"embeddable":true,"href":"https:\/\/folhapopular.info\/index.php\/wp-json\/wp\/v2\/media\/162821"}],"wp:attachment":[{"href":"https:\/\/folhapopular.info\/index.php\/wp-json\/wp\/v2\/media?parent=201942"}],"wp:term":[{"taxonomy":"category","embeddable":true,"href":"https:\/\/folhapopular.info\/index.php\/wp-json\/wp\/v2\/categories?post=201942"},{"taxonomy":"post_tag","embeddable":true,"href":"https:\/\/folhapopular.info\/index.php\/wp-json\/wp\/v2\/tags?post=201942"}],"curies":[{"name":"wp","href":"https:\/\/api.w.org\/{rel}","templated":true}]}}