{"id":201977,"date":"2026-01-13T13:00:00","date_gmt":"2026-01-13T16:00:00","guid":{"rendered":"https:\/\/folhapopular.info\/?p=201977"},"modified":"2026-01-13T10:21:49","modified_gmt":"2026-01-13T13:21:49","slug":"inscricoes-abertas-para-feira-da-agricultura-familiar-na-westfalia-em-festa","status":"publish","type":"post","link":"https:\/\/folhapopular.info\/index.php\/2026\/01\/13\/inscricoes-abertas-para-feira-da-agricultura-familiar-na-westfalia-em-festa\/","title":{"rendered":"Inscri\u00e7\u00f5es abertas para Feira da Agricultura Familiar na Westf\u00e1lia em Festa"},"content":{"rendered":"\n<p>A Feira da Agricultura Familiar ser\u00e1 um dos destaques da \u201cWestf\u00e1lia em Festa \u2013 30 anos\u201d, que acontece de 19 a 22 de mar\u00e7o, no Parque Municipal de Eventos. As inscri\u00e7\u00f5es para empreendimentos interessados em participar est\u00e3o abertas desde segunda-feira (12\/1) e v\u00e3o at\u00e9 4 de mar\u00e7o, de forma gratuita. A ficha de inscri\u00e7\u00e3o, preenchida e com a documenta\u00e7\u00e3o exigida, deve ser enviada somente por e-mail para <a href=\"mailto:emwestfalia@emater.tche.br\">emwestfalia@emater.tche.br<\/a>.<\/p>\n\n\n\n<p>A homologa\u00e7\u00e3o das inscri\u00e7\u00f5es ser\u00e1 feita no dia 5 de mar\u00e7o pela Comiss\u00e3o Organizadora, com comunica\u00e7\u00e3o aos inscritos por e-mail ou telefone\/WhatsApp do Escrit\u00f3rio Municipal da Emater.<\/p>\n\n\n\n<p><strong>Para concluir a inscri\u00e7\u00e3o, os empreendimentos devem enviar:<\/strong><\/p>\n\n\n\n<ul class=\"wp-block-list\">\n<li>Extrato do CAF ativo;<\/li>\n\n\n\n<li>Alvar\u00e1 Sanit\u00e1rio vigente;<\/li>\n\n\n\n<li>Registro v\u00e1lido no servi\u00e7o de inspe\u00e7\u00e3o competente, conforme o tipo de produto;<\/li>\n\n\n\n<li>Comprovante de inclus\u00e3o no PEAF.<\/li>\n<\/ul>\n\n\n\n<p>Ser\u00e3o disponibilizados 20 estandes na \u00e1rea da agricultura familiar no Parque Municipal de Eventos. Se houver mais inscritos do que vagas, a sele\u00e7\u00e3o seguir\u00e1 prioridade para empreendimentos locais e regionais; diversidade de produtos; uso de mat\u00e9ria-prima pr\u00f3pria; gest\u00e3o por mulheres ou jovens; produ\u00e7\u00e3o org\u00e2nica certificada e, se necess\u00e1rio, sorteio.<\/p>\n\n\n\n<p>O regulamento completo e mais informa\u00e7\u00f5es podem ser obtidos pelos telefones (51) 99854-5822 e (51) 99506-9234 ou pelo site oficial <strong><a href=\"http:\/\/www.westfaliaemfesta.com.br\/\">www.westfaliaemfesta.com.br<\/a><\/strong> pela aba Conte\u00fado\/Downloads.<\/p>\n\n\n\n<p>A iniciativa visa divulgar os produtos da agricultura familiar e das agroind\u00fastrias locais, gerar retorno financeiro aos participantes e contribuir para o desenvolvimento econ\u00f4mico de Westf\u00e1lia e regi\u00e3o.<\/p>\n","protected":false},"excerpt":{"rendered":"<p>A Feira da Agricultura Familiar ser\u00e1 um dos destaques da \u201cWestf\u00e1lia em Festa \u2013 30 anos\u201d, que acontece de 19 a 22 de mar\u00e7o, no Parque Municipal de Eventos. As inscri\u00e7\u00f5es para empreendimentos interessados em participar est\u00e3o abertas desde segunda-feira (12\/1) e v\u00e3o at\u00e9 4 de mar\u00e7o, de forma gratuita. A ficha de inscri\u00e7\u00e3o, preenchida [&hellip;]<\/p>\n","protected":false},"author":8,"featured_media":201978,"comment_status":"open","ping_status":"open","sticky":false,"template":"","format":"standard","meta":{"pmpro_default_level":"","_jetpack_memberships_contains_paid_content":false,"footnotes":""},"categories":[2,10991,10994],"tags":[160,12401,25,19144],"class_list":{"0":"post-201977","1":"post","2":"type-post","3":"status-publish","4":"format-standard","5":"has-post-thumbnail","7":"category-featured","8":"category-economia","9":"category-rural","10":"tag-agricultura-familiar","11":"tag-feira-da-agricultura-familiar","12":"tag-westfalia","13":"tag-westfalia-em-festa","14":"pmpro-has-access"},"yoast_head":"<!-- This site is optimized with the Yoast SEO plugin v27.5 - https:\/\/yoast.com\/product\/yoast-seo-wordpress\/ -->\n<title>Inscri\u00e7\u00f5es abertas para Feira da Agricultura Familiar na Westf\u00e1lia em Festa - Folha Popular<\/title>\n<meta name=\"description\" content=\"O regulamento completo e mais informa\u00e7\u00f5es podem ser obtidos por meio do (51) 99854-5822 e (51) 99506-9234 ou www.westfaliaemfesta.com.br.\" \/>\n<meta name=\"robots\" content=\"index, follow, max-snippet:-1, max-image-preview:large, max-video-preview:-1\" \/>\n<link rel=\"canonical\" href=\"https:\/\/folhapopular.info\/index.php\/2026\/01\/13\/inscricoes-abertas-para-feira-da-agricultura-familiar-na-westfalia-em-festa\/\" \/>\n<meta property=\"og:locale\" content=\"pt_BR\" \/>\n<meta property=\"og:type\" content=\"article\" \/>\n<meta property=\"og:title\" content=\"Inscri\u00e7\u00f5es abertas para Feira da Agricultura Familiar na Westf\u00e1lia em Festa - Folha Popular\" \/>\n<meta property=\"og:description\" content=\"O regulamento completo e mais informa\u00e7\u00f5es podem ser obtidos por meio do (51) 99854-5822 e (51) 99506-9234 ou www.westfaliaemfesta.com.br.\" \/>\n<meta property=\"og:url\" content=\"https:\/\/folhapopular.info\/index.php\/2026\/01\/13\/inscricoes-abertas-para-feira-da-agricultura-familiar-na-westfalia-em-festa\/\" \/>\n<meta property=\"og:site_name\" content=\"Folha Popular\" \/>\n<meta property=\"article:published_time\" content=\"2026-01-13T16:00:00+00:00\" \/>\n<meta property=\"og:image\" content=\"https:\/\/folhapopular.info\/wp-content\/uploads\/2026\/01\/FEIRA-AGRICULTURA-FAMILIAR-Foto-Joao-Paulo-Daitxs-Ascom-SDR-JORNAL-2.jpg.webp\" \/>\n\t<meta property=\"og:image:width\" content=\"800\" \/>\n\t<meta property=\"og:image:height\" content=\"533\" \/>\n\t<meta property=\"og:image:type\" content=\"image\/webp\" \/>\n<meta name=\"author\" content=\"Reda\u00e7\u00e3o Folha Popular\" \/>\n<meta name=\"twitter:card\" content=\"summary_large_image\" \/>\n<meta name=\"twitter:label1\" content=\"Escrito por\" \/>\n\t<meta name=\"twitter:data1\" content=\"Reda\u00e7\u00e3o Folha Popular\" \/>\n\t<meta name=\"twitter:label2\" content=\"Est. tempo de leitura\" \/>\n\t<meta name=\"twitter:data2\" content=\"2 minutos\" \/>\n<script type=\"application\/ld+json\" class=\"yoast-schema-graph\">{\"@context\":\"https:\\\/\\\/schema.org\",\"@graph\":[{\"@type\":\"Article\",\"@id\":\"https:\\\/\\\/folhapopular.info\\\/index.php\\\/2026\\\/01\\\/13\\\/inscricoes-abertas-para-feira-da-agricultura-familiar-na-westfalia-em-festa\\\/#article\",\"isPartOf\":{\"@id\":\"https:\\\/\\\/folhapopular.info\\\/index.php\\\/2026\\\/01\\\/13\\\/inscricoes-abertas-para-feira-da-agricultura-familiar-na-westfalia-em-festa\\\/\"},\"author\":{\"name\":\"Reda\u00e7\u00e3o Folha Popular\",\"@id\":\"https:\\\/\\\/folhapopular.info\\\/#\\\/schema\\\/person\\\/2814e8a0df7643585a9ca38bc6eb9d4b\"},\"headline\":\"Inscri\u00e7\u00f5es abertas para Feira da Agricultura Familiar na Westf\u00e1lia em Festa\",\"datePublished\":\"2026-01-13T16:00:00+00:00\",\"mainEntityOfPage\":{\"@id\":\"https:\\\/\\\/folhapopular.info\\\/index.php\\\/2026\\\/01\\\/13\\\/inscricoes-abertas-para-feira-da-agricultura-familiar-na-westfalia-em-festa\\\/\"},\"wordCount\":273,\"commentCount\":0,\"image\":{\"@id\":\"https:\\\/\\\/folhapopular.info\\\/index.php\\\/2026\\\/01\\\/13\\\/inscricoes-abertas-para-feira-da-agricultura-familiar-na-westfalia-em-festa\\\/#primaryimage\"},\"thumbnailUrl\":\"https:\\\/\\\/folhapopular.info\\\/wp-content\\\/uploads\\\/2026\\\/01\\\/FEIRA-AGRICULTURA-FAMILIAR-Foto-Joao-Paulo-Daitxs-Ascom-SDR-JORNAL-2.jpg.webp\",\"keywords\":[\"Agricultura Familiar\",\"feira da agricultura familiar\",\"Westf\u00e1lia\",\"Westf\u00e1lia em Festa\"],\"articleSection\":[\"Destaques\",\"Economia\",\"Rural\"],\"inLanguage\":\"pt-BR\",\"potentialAction\":[{\"@type\":\"CommentAction\",\"name\":\"Comment\",\"target\":[\"https:\\\/\\\/folhapopular.info\\\/index.php\\\/2026\\\/01\\\/13\\\/inscricoes-abertas-para-feira-da-agricultura-familiar-na-westfalia-em-festa\\\/#respond\"]}]},{\"@type\":\"WebPage\",\"@id\":\"https:\\\/\\\/folhapopular.info\\\/index.php\\\/2026\\\/01\\\/13\\\/inscricoes-abertas-para-feira-da-agricultura-familiar-na-westfalia-em-festa\\\/\",\"url\":\"https:\\\/\\\/folhapopular.info\\\/index.php\\\/2026\\\/01\\\/13\\\/inscricoes-abertas-para-feira-da-agricultura-familiar-na-westfalia-em-festa\\\/\",\"name\":\"Inscri\u00e7\u00f5es abertas para Feira da Agricultura Familiar na Westf\u00e1lia em Festa - Folha Popular\",\"isPartOf\":{\"@id\":\"https:\\\/\\\/folhapopular.info\\\/#website\"},\"primaryImageOfPage\":{\"@id\":\"https:\\\/\\\/folhapopular.info\\\/index.php\\\/2026\\\/01\\\/13\\\/inscricoes-abertas-para-feira-da-agricultura-familiar-na-westfalia-em-festa\\\/#primaryimage\"},\"image\":{\"@id\":\"https:\\\/\\\/folhapopular.info\\\/index.php\\\/2026\\\/01\\\/13\\\/inscricoes-abertas-para-feira-da-agricultura-familiar-na-westfalia-em-festa\\\/#primaryimage\"},\"thumbnailUrl\":\"https:\\\/\\\/folhapopular.info\\\/wp-content\\\/uploads\\\/2026\\\/01\\\/FEIRA-AGRICULTURA-FAMILIAR-Foto-Joao-Paulo-Daitxs-Ascom-SDR-JORNAL-2.jpg.webp\",\"datePublished\":\"2026-01-13T16:00:00+00:00\",\"author\":{\"@id\":\"https:\\\/\\\/folhapopular.info\\\/#\\\/schema\\\/person\\\/2814e8a0df7643585a9ca38bc6eb9d4b\"},\"description\":\"O regulamento completo e mais informa\u00e7\u00f5es podem ser obtidos por meio do (51) 99854-5822 e (51) 99506-9234 ou www.westfaliaemfesta.com.br.\",\"breadcrumb\":{\"@id\":\"https:\\\/\\\/folhapopular.info\\\/index.php\\\/2026\\\/01\\\/13\\\/inscricoes-abertas-para-feira-da-agricultura-familiar-na-westfalia-em-festa\\\/#breadcrumb\"},\"inLanguage\":\"pt-BR\",\"potentialAction\":[{\"@type\":\"ReadAction\",\"target\":[\"https:\\\/\\\/folhapopular.info\\\/index.php\\\/2026\\\/01\\\/13\\\/inscricoes-abertas-para-feira-da-agricultura-familiar-na-westfalia-em-festa\\\/\"]}]},{\"@type\":\"ImageObject\",\"inLanguage\":\"pt-BR\",\"@id\":\"https:\\\/\\\/folhapopular.info\\\/index.php\\\/2026\\\/01\\\/13\\\/inscricoes-abertas-para-feira-da-agricultura-familiar-na-westfalia-em-festa\\\/#primaryimage\",\"url\":\"https:\\\/\\\/folhapopular.info\\\/wp-content\\\/uploads\\\/2026\\\/01\\\/FEIRA-AGRICULTURA-FAMILIAR-Foto-Joao-Paulo-Daitxs-Ascom-SDR-JORNAL-2.jpg.webp\",\"contentUrl\":\"https:\\\/\\\/folhapopular.info\\\/wp-content\\\/uploads\\\/2026\\\/01\\\/FEIRA-AGRICULTURA-FAMILIAR-Foto-Joao-Paulo-Daitxs-Ascom-SDR-JORNAL-2.jpg.webp\",\"width\":800,\"height\":533,\"caption\":\"Cr\u00e9dito: Jo\u00e3o Paulo Daitxs \\\/ Ascom\"},{\"@type\":\"BreadcrumbList\",\"@id\":\"https:\\\/\\\/folhapopular.info\\\/index.php\\\/2026\\\/01\\\/13\\\/inscricoes-abertas-para-feira-da-agricultura-familiar-na-westfalia-em-festa\\\/#breadcrumb\",\"itemListElement\":[{\"@type\":\"ListItem\",\"position\":1,\"name\":\"In\u00edcio\",\"item\":\"https:\\\/\\\/folhapopular.info\\\/\"},{\"@type\":\"ListItem\",\"position\":2,\"name\":\"Inscri\u00e7\u00f5es abertas para Feira da Agricultura Familiar na Westf\u00e1lia em Festa\"}]},{\"@type\":\"WebSite\",\"@id\":\"https:\\\/\\\/folhapopular.info\\\/#website\",\"url\":\"https:\\\/\\\/folhapopular.info\\\/\",\"name\":\"Folha Popular\",\"description\":\"Onde voc\u00ea tem vez e voz\",\"potentialAction\":[{\"@type\":\"SearchAction\",\"target\":{\"@type\":\"EntryPoint\",\"urlTemplate\":\"https:\\\/\\\/folhapopular.info\\\/?s={search_term_string}\"},\"query-input\":{\"@type\":\"PropertyValueSpecification\",\"valueRequired\":true,\"valueName\":\"search_term_string\"}}],\"inLanguage\":\"pt-BR\"},{\"@type\":\"Person\",\"@id\":\"https:\\\/\\\/folhapopular.info\\\/#\\\/schema\\\/person\\\/2814e8a0df7643585a9ca38bc6eb9d4b\",\"name\":\"Reda\u00e7\u00e3o Folha Popular\",\"image\":{\"@type\":\"ImageObject\",\"inLanguage\":\"pt-BR\",\"@id\":\"https:\\\/\\\/folhapopular.info\\\/wp-content\\\/uploads\\\/2026\\\/04\\\/Folha-1.webp\",\"url\":\"https:\\\/\\\/folhapopular.info\\\/wp-content\\\/uploads\\\/2026\\\/04\\\/Folha-1.webp\",\"contentUrl\":\"https:\\\/\\\/folhapopular.info\\\/wp-content\\\/uploads\\\/2026\\\/04\\\/Folha-1.webp\",\"caption\":\"Reda\u00e7\u00e3o Folha Popular\"},\"url\":\"https:\\\/\\\/folhapopular.info\\\/index.php\\\/author\\\/redacao\\\/\"}]}<\/script>\n<!-- \/ Yoast SEO plugin. -->","yoast_head_json":{"title":"Inscri\u00e7\u00f5es abertas para Feira da Agricultura Familiar na Westf\u00e1lia em Festa - Folha Popular","description":"O regulamento completo e mais informa\u00e7\u00f5es podem ser obtidos por meio do (51) 99854-5822 e (51) 99506-9234 ou www.westfaliaemfesta.com.br.","robots":{"index":"index","follow":"follow","max-snippet":"max-snippet:-1","max-image-preview":"max-image-preview:large","max-video-preview":"max-video-preview:-1"},"canonical":"https:\/\/folhapopular.info\/index.php\/2026\/01\/13\/inscricoes-abertas-para-feira-da-agricultura-familiar-na-westfalia-em-festa\/","og_locale":"pt_BR","og_type":"article","og_title":"Inscri\u00e7\u00f5es abertas para Feira da Agricultura Familiar na Westf\u00e1lia em Festa - Folha Popular","og_description":"O regulamento completo e mais informa\u00e7\u00f5es podem ser obtidos por meio do (51) 99854-5822 e (51) 99506-9234 ou www.westfaliaemfesta.com.br.","og_url":"https:\/\/folhapopular.info\/index.php\/2026\/01\/13\/inscricoes-abertas-para-feira-da-agricultura-familiar-na-westfalia-em-festa\/","og_site_name":"Folha Popular","article_published_time":"2026-01-13T16:00:00+00:00","og_image":[{"width":800,"height":533,"url":"https:\/\/folhapopular.info\/wp-content\/uploads\/2026\/01\/FEIRA-AGRICULTURA-FAMILIAR-Foto-Joao-Paulo-Daitxs-Ascom-SDR-JORNAL-2.jpg.webp","type":"image\/webp"}],"author":"Reda\u00e7\u00e3o Folha Popular","twitter_card":"summary_large_image","twitter_misc":{"Escrito por":"Reda\u00e7\u00e3o Folha Popular","Est. tempo de leitura":"2 minutos"},"schema":{"@context":"https:\/\/schema.org","@graph":[{"@type":"Article","@id":"https:\/\/folhapopular.info\/index.php\/2026\/01\/13\/inscricoes-abertas-para-feira-da-agricultura-familiar-na-westfalia-em-festa\/#article","isPartOf":{"@id":"https:\/\/folhapopular.info\/index.php\/2026\/01\/13\/inscricoes-abertas-para-feira-da-agricultura-familiar-na-westfalia-em-festa\/"},"author":{"name":"Reda\u00e7\u00e3o Folha Popular","@id":"https:\/\/folhapopular.info\/#\/schema\/person\/2814e8a0df7643585a9ca38bc6eb9d4b"},"headline":"Inscri\u00e7\u00f5es abertas para Feira da Agricultura Familiar na Westf\u00e1lia em Festa","datePublished":"2026-01-13T16:00:00+00:00","mainEntityOfPage":{"@id":"https:\/\/folhapopular.info\/index.php\/2026\/01\/13\/inscricoes-abertas-para-feira-da-agricultura-familiar-na-westfalia-em-festa\/"},"wordCount":273,"commentCount":0,"image":{"@id":"https:\/\/folhapopular.info\/index.php\/2026\/01\/13\/inscricoes-abertas-para-feira-da-agricultura-familiar-na-westfalia-em-festa\/#primaryimage"},"thumbnailUrl":"https:\/\/folhapopular.info\/wp-content\/uploads\/2026\/01\/FEIRA-AGRICULTURA-FAMILIAR-Foto-Joao-Paulo-Daitxs-Ascom-SDR-JORNAL-2.jpg.webp","keywords":["Agricultura Familiar","feira da agricultura familiar","Westf\u00e1lia","Westf\u00e1lia em Festa"],"articleSection":["Destaques","Economia","Rural"],"inLanguage":"pt-BR","potentialAction":[{"@type":"CommentAction","name":"Comment","target":["https:\/\/folhapopular.info\/index.php\/2026\/01\/13\/inscricoes-abertas-para-feira-da-agricultura-familiar-na-westfalia-em-festa\/#respond"]}]},{"@type":"WebPage","@id":"https:\/\/folhapopular.info\/index.php\/2026\/01\/13\/inscricoes-abertas-para-feira-da-agricultura-familiar-na-westfalia-em-festa\/","url":"https:\/\/folhapopular.info\/index.php\/2026\/01\/13\/inscricoes-abertas-para-feira-da-agricultura-familiar-na-westfalia-em-festa\/","name":"Inscri\u00e7\u00f5es abertas para Feira da Agricultura Familiar na Westf\u00e1lia em Festa - Folha Popular","isPartOf":{"@id":"https:\/\/folhapopular.info\/#website"},"primaryImageOfPage":{"@id":"https:\/\/folhapopular.info\/index.php\/2026\/01\/13\/inscricoes-abertas-para-feira-da-agricultura-familiar-na-westfalia-em-festa\/#primaryimage"},"image":{"@id":"https:\/\/folhapopular.info\/index.php\/2026\/01\/13\/inscricoes-abertas-para-feira-da-agricultura-familiar-na-westfalia-em-festa\/#primaryimage"},"thumbnailUrl":"https:\/\/folhapopular.info\/wp-content\/uploads\/2026\/01\/FEIRA-AGRICULTURA-FAMILIAR-Foto-Joao-Paulo-Daitxs-Ascom-SDR-JORNAL-2.jpg.webp","datePublished":"2026-01-13T16:00:00+00:00","author":{"@id":"https:\/\/folhapopular.info\/#\/schema\/person\/2814e8a0df7643585a9ca38bc6eb9d4b"},"description":"O regulamento completo e mais informa\u00e7\u00f5es podem ser obtidos por meio do (51) 99854-5822 e (51) 99506-9234 ou www.westfaliaemfesta.com.br.","breadcrumb":{"@id":"https:\/\/folhapopular.info\/index.php\/2026\/01\/13\/inscricoes-abertas-para-feira-da-agricultura-familiar-na-westfalia-em-festa\/#breadcrumb"},"inLanguage":"pt-BR","potentialAction":[{"@type":"ReadAction","target":["https:\/\/folhapopular.info\/index.php\/2026\/01\/13\/inscricoes-abertas-para-feira-da-agricultura-familiar-na-westfalia-em-festa\/"]}]},{"@type":"ImageObject","inLanguage":"pt-BR","@id":"https:\/\/folhapopular.info\/index.php\/2026\/01\/13\/inscricoes-abertas-para-feira-da-agricultura-familiar-na-westfalia-em-festa\/#primaryimage","url":"https:\/\/folhapopular.info\/wp-content\/uploads\/2026\/01\/FEIRA-AGRICULTURA-FAMILIAR-Foto-Joao-Paulo-Daitxs-Ascom-SDR-JORNAL-2.jpg.webp","contentUrl":"https:\/\/folhapopular.info\/wp-content\/uploads\/2026\/01\/FEIRA-AGRICULTURA-FAMILIAR-Foto-Joao-Paulo-Daitxs-Ascom-SDR-JORNAL-2.jpg.webp","width":800,"height":533,"caption":"Cr\u00e9dito: Jo\u00e3o Paulo Daitxs \/ Ascom"},{"@type":"BreadcrumbList","@id":"https:\/\/folhapopular.info\/index.php\/2026\/01\/13\/inscricoes-abertas-para-feira-da-agricultura-familiar-na-westfalia-em-festa\/#breadcrumb","itemListElement":[{"@type":"ListItem","position":1,"name":"In\u00edcio","item":"https:\/\/folhapopular.info\/"},{"@type":"ListItem","position":2,"name":"Inscri\u00e7\u00f5es abertas para Feira da Agricultura Familiar na Westf\u00e1lia em Festa"}]},{"@type":"WebSite","@id":"https:\/\/folhapopular.info\/#website","url":"https:\/\/folhapopular.info\/","name":"Folha Popular","description":"Onde voc\u00ea tem vez e voz","potentialAction":[{"@type":"SearchAction","target":{"@type":"EntryPoint","urlTemplate":"https:\/\/folhapopular.info\/?s={search_term_string}"},"query-input":{"@type":"PropertyValueSpecification","valueRequired":true,"valueName":"search_term_string"}}],"inLanguage":"pt-BR"},{"@type":"Person","@id":"https:\/\/folhapopular.info\/#\/schema\/person\/2814e8a0df7643585a9ca38bc6eb9d4b","name":"Reda\u00e7\u00e3o Folha Popular","image":{"@type":"ImageObject","inLanguage":"pt-BR","@id":"https:\/\/folhapopular.info\/wp-content\/uploads\/2026\/04\/Folha-1.webp","url":"https:\/\/folhapopular.info\/wp-content\/uploads\/2026\/04\/Folha-1.webp","contentUrl":"https:\/\/folhapopular.info\/wp-content\/uploads\/2026\/04\/Folha-1.webp","caption":"Reda\u00e7\u00e3o Folha Popular"},"url":"https:\/\/folhapopular.info\/index.php\/author\/redacao\/"}]}},"jetpack_featured_media_url":"https:\/\/folhapopular.info\/wp-content\/uploads\/2026\/01\/FEIRA-AGRICULTURA-FAMILIAR-Foto-Joao-Paulo-Daitxs-Ascom-SDR-JORNAL-2.jpg.webp","jetpack_sharing_enabled":true,"amp_enabled":true,"_links":{"self":[{"href":"https:\/\/folhapopular.info\/index.php\/wp-json\/wp\/v2\/posts\/201977","targetHints":{"allow":["GET"]}}],"collection":[{"href":"https:\/\/folhapopular.info\/index.php\/wp-json\/wp\/v2\/posts"}],"about":[{"href":"https:\/\/folhapopular.info\/index.php\/wp-json\/wp\/v2\/types\/post"}],"author":[{"embeddable":true,"href":"https:\/\/folhapopular.info\/index.php\/wp-json\/wp\/v2\/users\/8"}],"replies":[{"embeddable":true,"href":"https:\/\/folhapopular.info\/index.php\/wp-json\/wp\/v2\/comments?post=201977"}],"version-history":[{"count":0,"href":"https:\/\/folhapopular.info\/index.php\/wp-json\/wp\/v2\/posts\/201977\/revisions"}],"wp:featuredmedia":[{"embeddable":true,"href":"https:\/\/folhapopular.info\/index.php\/wp-json\/wp\/v2\/media\/201978"}],"wp:attachment":[{"href":"https:\/\/folhapopular.info\/index.php\/wp-json\/wp\/v2\/media?parent=201977"}],"wp:term":[{"taxonomy":"category","embeddable":true,"href":"https:\/\/folhapopular.info\/index.php\/wp-json\/wp\/v2\/categories?post=201977"},{"taxonomy":"post_tag","embeddable":true,"href":"https:\/\/folhapopular.info\/index.php\/wp-json\/wp\/v2\/tags?post=201977"}],"curies":[{"name":"wp","href":"https:\/\/api.w.org\/{rel}","templated":true}]}}