{"id":202014,"date":"2026-01-14T08:00:00","date_gmt":"2026-01-14T11:00:00","guid":{"rendered":"https:\/\/folhapopular.info\/?p=202014"},"modified":"2026-01-14T08:49:25","modified_gmt":"2026-01-14T11:49:25","slug":"empresa-reduz-despesas-com-mercado-livre-de-energia","status":"publish","type":"post","link":"https:\/\/folhapopular.info\/index.php\/2026\/01\/14\/empresa-reduz-despesas-com-mercado-livre-de-energia\/","title":{"rendered":"Empresa de Estrela reduz despesas com ades\u00e3o ao Mercado Livre de Energia"},"content":{"rendered":"\n<p>A Ecovale, empresa localizada na Linha Geraldo, em Estrela, aderiu ao<a href=\"https:\/\/folhapopular.info\/index.php\/2025\/12\/09\/certel-debate-o-mercado-livre-de-energia-com-empresas-do-setor\/\" target=\"_blank\" rel=\"noreferrer noopener\"> Mercado Livre de Energia<\/a> em setembro de 2024 e passou a ser atendida pela<a href=\"https:\/\/www.certel.com.br\/\" target=\"_blank\" rel=\"noreferrer noopener\"> Certel Comercializadora de Energia<\/a>. A mudan\u00e7a teve como objetivo principal a redu\u00e7\u00e3o de custos e a busca por maior previsibilidade no consumo energ\u00e9tico.<\/p>\n\n\n\n<p>Segundo informa\u00e7\u00f5es da empresa, desde a migra\u00e7\u00e3o para o mercado livre, foi registrada economia mensal na conta de energia el\u00e9trica. Conforme o diretor e propriet\u00e1rio da Ecovale, Jo\u00e3o Eggers, at\u00e9 outubro de 2025 a redu\u00e7\u00e3o acumulada nos gastos com energia chegou a R$ 278 mil.<\/p>\n\n\n\n<p>De acordo com a dire\u00e7\u00e3o da Ecovale, a redu\u00e7\u00e3o dos custos com energia influencia diretamente a estrutura de pre\u00e7os e a competitividade da empresa, possibilitando o direcionamento de recursos para outras \u00e1reas do neg\u00f3cio.<\/p>\n\n\n\n<p>A Ecovale atua na produ\u00e7\u00e3o de pe\u00e7as de madeira sint\u00e9tica, utilizando uma tecnologia considerada inovadora no Brasil. O processo produtivo envolve extrus\u00e3o e demanda alto consumo de energia, com funcionamento cont\u00ednuo das m\u00e1quinas, 24 horas por dia, seis dias por semana. Devido a esse perfil de consumo elevado e constante, a empresa avaliou que a migra\u00e7\u00e3o para o Mercado Livre de Energia seria financeiramente vi\u00e1vel.<\/p>\n\n\n\n<p><\/p>\n","protected":false},"excerpt":{"rendered":"<p>A Ecovale, empresa localizada na Linha Geraldo, em Estrela, aderiu ao Mercado Livre de Energia em setembro de 2024 e passou a ser atendida pela Certel Comercializadora de Energia. A mudan\u00e7a teve como objetivo principal a redu\u00e7\u00e3o de custos e a busca por maior previsibilidade no consumo energ\u00e9tico. Segundo informa\u00e7\u00f5es da empresa, desde a migra\u00e7\u00e3o [&hellip;]<\/p>\n","protected":false},"author":8,"featured_media":202016,"comment_status":"open","ping_status":"open","sticky":false,"template":"","format":"standard","meta":{"pmpro_default_level":"","_jetpack_memberships_contains_paid_content":false,"footnotes":""},"categories":[10992,2,10991],"tags":[2858,20369,8,12685],"class_list":{"0":"post-202014","1":"post","2":"type-post","3":"status-publish","4":"format-standard","5":"has-post-thumbnail","7":"category-coopop","8":"category-featured","9":"category-economia","10":"tag-cooperativa-certel","11":"tag-ecovale","12":"tag-estrela","13":"tag-mercado-livre-de-energia","14":"pmpro-has-access"},"yoast_head":"<!-- This site is optimized with the Yoast SEO plugin v27.5 - https:\/\/yoast.com\/product\/yoast-seo-wordpress\/ -->\n<title>Empresa de Estrela reduz despesas com ades\u00e3o ao Mercado Livre de Energia - Folha Popular<\/title>\n<meta name=\"description\" content=\"Conforme o diretor e propriet\u00e1rio da Ecovale, Jo\u00e3o Eggers, a redu\u00e7\u00e3o nos gastos com a ades\u00e3o ao Mercado Livre de Energia chegou a R$ 278 mil.\" \/>\n<meta name=\"robots\" content=\"index, follow, max-snippet:-1, max-image-preview:large, max-video-preview:-1\" \/>\n<link rel=\"canonical\" href=\"https:\/\/folhapopular.info\/index.php\/2026\/01\/14\/empresa-reduz-despesas-com-mercado-livre-de-energia\/\" \/>\n<meta property=\"og:locale\" content=\"pt_BR\" \/>\n<meta property=\"og:type\" content=\"article\" \/>\n<meta property=\"og:title\" content=\"Empresa de Estrela reduz despesas com ades\u00e3o ao Mercado Livre de Energia - Folha Popular\" \/>\n<meta property=\"og:description\" content=\"Conforme o diretor e propriet\u00e1rio da Ecovale, Jo\u00e3o Eggers, a redu\u00e7\u00e3o nos gastos com a ades\u00e3o ao Mercado Livre de Energia chegou a R$ 278 mil.\" \/>\n<meta property=\"og:url\" content=\"https:\/\/folhapopular.info\/index.php\/2026\/01\/14\/empresa-reduz-despesas-com-mercado-livre-de-energia\/\" \/>\n<meta property=\"og:site_name\" content=\"Folha Popular\" \/>\n<meta property=\"article:published_time\" content=\"2026-01-14T11:00:00+00:00\" \/>\n<meta property=\"article:modified_time\" content=\"2026-01-14T11:49:25+00:00\" \/>\n<meta property=\"og:image\" content=\"http:\/\/folhapopular.info\/wp-content\/uploads\/2026\/01\/Eggers-ressalta-o-atendimento-da-Certel-e-a-economia-proporcionada.jpeg\" \/>\n\t<meta property=\"og:image:width\" content=\"1600\" \/>\n\t<meta property=\"og:image:height\" content=\"1066\" \/>\n\t<meta property=\"og:image:type\" content=\"image\/jpeg\" \/>\n<meta name=\"author\" content=\"Reda\u00e7\u00e3o Folha Popular\" \/>\n<meta name=\"twitter:card\" content=\"summary_large_image\" \/>\n<meta name=\"twitter:label1\" content=\"Escrito por\" \/>\n\t<meta name=\"twitter:data1\" content=\"Reda\u00e7\u00e3o Folha Popular\" \/>\n\t<meta name=\"twitter:label2\" content=\"Est. tempo de leitura\" \/>\n\t<meta name=\"twitter:data2\" content=\"2 minutos\" \/>\n<script type=\"application\/ld+json\" class=\"yoast-schema-graph\">{\"@context\":\"https:\\\/\\\/schema.org\",\"@graph\":[{\"@type\":\"Article\",\"@id\":\"https:\\\/\\\/folhapopular.info\\\/index.php\\\/2026\\\/01\\\/14\\\/empresa-reduz-despesas-com-mercado-livre-de-energia\\\/#article\",\"isPartOf\":{\"@id\":\"https:\\\/\\\/folhapopular.info\\\/index.php\\\/2026\\\/01\\\/14\\\/empresa-reduz-despesas-com-mercado-livre-de-energia\\\/\"},\"author\":{\"name\":\"Reda\u00e7\u00e3o Folha Popular\",\"@id\":\"https:\\\/\\\/folhapopular.info\\\/#\\\/schema\\\/person\\\/2814e8a0df7643585a9ca38bc6eb9d4b\"},\"headline\":\"Empresa de Estrela reduz despesas com ades\u00e3o ao Mercado Livre de Energia\",\"datePublished\":\"2026-01-14T11:00:00+00:00\",\"dateModified\":\"2026-01-14T11:49:25+00:00\",\"mainEntityOfPage\":{\"@id\":\"https:\\\/\\\/folhapopular.info\\\/index.php\\\/2026\\\/01\\\/14\\\/empresa-reduz-despesas-com-mercado-livre-de-energia\\\/\"},\"wordCount\":222,\"commentCount\":0,\"image\":{\"@id\":\"https:\\\/\\\/folhapopular.info\\\/index.php\\\/2026\\\/01\\\/14\\\/empresa-reduz-despesas-com-mercado-livre-de-energia\\\/#primaryimage\"},\"thumbnailUrl\":\"https:\\\/\\\/folhapopular.info\\\/wp-content\\\/uploads\\\/2026\\\/01\\\/Eggers-ressalta-o-atendimento-da-Certel-e-a-economia-proporcionada.jpeg\",\"keywords\":[\"Cooperativa Certel\",\"Ecovale\",\"Estrela\",\"mercado livre de energia\"],\"articleSection\":[\"Coopop\",\"Destaques\",\"Economia\"],\"inLanguage\":\"pt-BR\",\"potentialAction\":[{\"@type\":\"CommentAction\",\"name\":\"Comment\",\"target\":[\"https:\\\/\\\/folhapopular.info\\\/index.php\\\/2026\\\/01\\\/14\\\/empresa-reduz-despesas-com-mercado-livre-de-energia\\\/#respond\"]}]},{\"@type\":\"WebPage\",\"@id\":\"https:\\\/\\\/folhapopular.info\\\/index.php\\\/2026\\\/01\\\/14\\\/empresa-reduz-despesas-com-mercado-livre-de-energia\\\/\",\"url\":\"https:\\\/\\\/folhapopular.info\\\/index.php\\\/2026\\\/01\\\/14\\\/empresa-reduz-despesas-com-mercado-livre-de-energia\\\/\",\"name\":\"Empresa de Estrela reduz despesas com ades\u00e3o ao Mercado Livre de Energia - Folha Popular\",\"isPartOf\":{\"@id\":\"https:\\\/\\\/folhapopular.info\\\/#website\"},\"primaryImageOfPage\":{\"@id\":\"https:\\\/\\\/folhapopular.info\\\/index.php\\\/2026\\\/01\\\/14\\\/empresa-reduz-despesas-com-mercado-livre-de-energia\\\/#primaryimage\"},\"image\":{\"@id\":\"https:\\\/\\\/folhapopular.info\\\/index.php\\\/2026\\\/01\\\/14\\\/empresa-reduz-despesas-com-mercado-livre-de-energia\\\/#primaryimage\"},\"thumbnailUrl\":\"https:\\\/\\\/folhapopular.info\\\/wp-content\\\/uploads\\\/2026\\\/01\\\/Eggers-ressalta-o-atendimento-da-Certel-e-a-economia-proporcionada.jpeg\",\"datePublished\":\"2026-01-14T11:00:00+00:00\",\"dateModified\":\"2026-01-14T11:49:25+00:00\",\"author\":{\"@id\":\"https:\\\/\\\/folhapopular.info\\\/#\\\/schema\\\/person\\\/2814e8a0df7643585a9ca38bc6eb9d4b\"},\"description\":\"Conforme o diretor e propriet\u00e1rio da Ecovale, Jo\u00e3o Eggers, a redu\u00e7\u00e3o nos gastos com a ades\u00e3o ao Mercado Livre de Energia chegou a R$ 278 mil.\",\"breadcrumb\":{\"@id\":\"https:\\\/\\\/folhapopular.info\\\/index.php\\\/2026\\\/01\\\/14\\\/empresa-reduz-despesas-com-mercado-livre-de-energia\\\/#breadcrumb\"},\"inLanguage\":\"pt-BR\",\"potentialAction\":[{\"@type\":\"ReadAction\",\"target\":[\"https:\\\/\\\/folhapopular.info\\\/index.php\\\/2026\\\/01\\\/14\\\/empresa-reduz-despesas-com-mercado-livre-de-energia\\\/\"]}]},{\"@type\":\"ImageObject\",\"inLanguage\":\"pt-BR\",\"@id\":\"https:\\\/\\\/folhapopular.info\\\/index.php\\\/2026\\\/01\\\/14\\\/empresa-reduz-despesas-com-mercado-livre-de-energia\\\/#primaryimage\",\"url\":\"https:\\\/\\\/folhapopular.info\\\/wp-content\\\/uploads\\\/2026\\\/01\\\/Eggers-ressalta-o-atendimento-da-Certel-e-a-economia-proporcionada.jpeg\",\"contentUrl\":\"https:\\\/\\\/folhapopular.info\\\/wp-content\\\/uploads\\\/2026\\\/01\\\/Eggers-ressalta-o-atendimento-da-Certel-e-a-economia-proporcionada.jpeg\",\"width\":1600,\"height\":1066,\"caption\":\"Cr\u00e9dito: Paloma Griesang \\\/ Divulga\u00e7\u00e3o\"},{\"@type\":\"BreadcrumbList\",\"@id\":\"https:\\\/\\\/folhapopular.info\\\/index.php\\\/2026\\\/01\\\/14\\\/empresa-reduz-despesas-com-mercado-livre-de-energia\\\/#breadcrumb\",\"itemListElement\":[{\"@type\":\"ListItem\",\"position\":1,\"name\":\"In\u00edcio\",\"item\":\"https:\\\/\\\/folhapopular.info\\\/\"},{\"@type\":\"ListItem\",\"position\":2,\"name\":\"Empresa de Estrela reduz despesas com ades\u00e3o ao Mercado Livre de Energia\"}]},{\"@type\":\"WebSite\",\"@id\":\"https:\\\/\\\/folhapopular.info\\\/#website\",\"url\":\"https:\\\/\\\/folhapopular.info\\\/\",\"name\":\"Folha Popular\",\"description\":\"Onde voc\u00ea tem vez e voz\",\"potentialAction\":[{\"@type\":\"SearchAction\",\"target\":{\"@type\":\"EntryPoint\",\"urlTemplate\":\"https:\\\/\\\/folhapopular.info\\\/?s={search_term_string}\"},\"query-input\":{\"@type\":\"PropertyValueSpecification\",\"valueRequired\":true,\"valueName\":\"search_term_string\"}}],\"inLanguage\":\"pt-BR\"},{\"@type\":\"Person\",\"@id\":\"https:\\\/\\\/folhapopular.info\\\/#\\\/schema\\\/person\\\/2814e8a0df7643585a9ca38bc6eb9d4b\",\"name\":\"Reda\u00e7\u00e3o Folha Popular\",\"image\":{\"@type\":\"ImageObject\",\"inLanguage\":\"pt-BR\",\"@id\":\"https:\\\/\\\/folhapopular.info\\\/wp-content\\\/uploads\\\/2026\\\/04\\\/Folha-1.webp\",\"url\":\"https:\\\/\\\/folhapopular.info\\\/wp-content\\\/uploads\\\/2026\\\/04\\\/Folha-1.webp\",\"contentUrl\":\"https:\\\/\\\/folhapopular.info\\\/wp-content\\\/uploads\\\/2026\\\/04\\\/Folha-1.webp\",\"caption\":\"Reda\u00e7\u00e3o Folha Popular\"},\"url\":\"https:\\\/\\\/folhapopular.info\\\/index.php\\\/author\\\/redacao\\\/\"}]}<\/script>\n<!-- \/ Yoast SEO plugin. -->","yoast_head_json":{"title":"Empresa de Estrela reduz despesas com ades\u00e3o ao Mercado Livre de Energia - Folha Popular","description":"Conforme o diretor e propriet\u00e1rio da Ecovale, Jo\u00e3o Eggers, a redu\u00e7\u00e3o nos gastos com a ades\u00e3o ao Mercado Livre de Energia chegou a R$ 278 mil.","robots":{"index":"index","follow":"follow","max-snippet":"max-snippet:-1","max-image-preview":"max-image-preview:large","max-video-preview":"max-video-preview:-1"},"canonical":"https:\/\/folhapopular.info\/index.php\/2026\/01\/14\/empresa-reduz-despesas-com-mercado-livre-de-energia\/","og_locale":"pt_BR","og_type":"article","og_title":"Empresa de Estrela reduz despesas com ades\u00e3o ao Mercado Livre de Energia - Folha Popular","og_description":"Conforme o diretor e propriet\u00e1rio da Ecovale, Jo\u00e3o Eggers, a redu\u00e7\u00e3o nos gastos com a ades\u00e3o ao Mercado Livre de Energia chegou a R$ 278 mil.","og_url":"https:\/\/folhapopular.info\/index.php\/2026\/01\/14\/empresa-reduz-despesas-com-mercado-livre-de-energia\/","og_site_name":"Folha Popular","article_published_time":"2026-01-14T11:00:00+00:00","article_modified_time":"2026-01-14T11:49:25+00:00","og_image":[{"width":1600,"height":1066,"url":"http:\/\/folhapopular.info\/wp-content\/uploads\/2026\/01\/Eggers-ressalta-o-atendimento-da-Certel-e-a-economia-proporcionada.jpeg","type":"image\/jpeg"}],"author":"Reda\u00e7\u00e3o Folha Popular","twitter_card":"summary_large_image","twitter_misc":{"Escrito por":"Reda\u00e7\u00e3o Folha Popular","Est. tempo de leitura":"2 minutos"},"schema":{"@context":"https:\/\/schema.org","@graph":[{"@type":"Article","@id":"https:\/\/folhapopular.info\/index.php\/2026\/01\/14\/empresa-reduz-despesas-com-mercado-livre-de-energia\/#article","isPartOf":{"@id":"https:\/\/folhapopular.info\/index.php\/2026\/01\/14\/empresa-reduz-despesas-com-mercado-livre-de-energia\/"},"author":{"name":"Reda\u00e7\u00e3o Folha Popular","@id":"https:\/\/folhapopular.info\/#\/schema\/person\/2814e8a0df7643585a9ca38bc6eb9d4b"},"headline":"Empresa de Estrela reduz despesas com ades\u00e3o ao Mercado Livre de Energia","datePublished":"2026-01-14T11:00:00+00:00","dateModified":"2026-01-14T11:49:25+00:00","mainEntityOfPage":{"@id":"https:\/\/folhapopular.info\/index.php\/2026\/01\/14\/empresa-reduz-despesas-com-mercado-livre-de-energia\/"},"wordCount":222,"commentCount":0,"image":{"@id":"https:\/\/folhapopular.info\/index.php\/2026\/01\/14\/empresa-reduz-despesas-com-mercado-livre-de-energia\/#primaryimage"},"thumbnailUrl":"https:\/\/folhapopular.info\/wp-content\/uploads\/2026\/01\/Eggers-ressalta-o-atendimento-da-Certel-e-a-economia-proporcionada.jpeg","keywords":["Cooperativa Certel","Ecovale","Estrela","mercado livre de energia"],"articleSection":["Coopop","Destaques","Economia"],"inLanguage":"pt-BR","potentialAction":[{"@type":"CommentAction","name":"Comment","target":["https:\/\/folhapopular.info\/index.php\/2026\/01\/14\/empresa-reduz-despesas-com-mercado-livre-de-energia\/#respond"]}]},{"@type":"WebPage","@id":"https:\/\/folhapopular.info\/index.php\/2026\/01\/14\/empresa-reduz-despesas-com-mercado-livre-de-energia\/","url":"https:\/\/folhapopular.info\/index.php\/2026\/01\/14\/empresa-reduz-despesas-com-mercado-livre-de-energia\/","name":"Empresa de Estrela reduz despesas com ades\u00e3o ao Mercado Livre de Energia - Folha Popular","isPartOf":{"@id":"https:\/\/folhapopular.info\/#website"},"primaryImageOfPage":{"@id":"https:\/\/folhapopular.info\/index.php\/2026\/01\/14\/empresa-reduz-despesas-com-mercado-livre-de-energia\/#primaryimage"},"image":{"@id":"https:\/\/folhapopular.info\/index.php\/2026\/01\/14\/empresa-reduz-despesas-com-mercado-livre-de-energia\/#primaryimage"},"thumbnailUrl":"https:\/\/folhapopular.info\/wp-content\/uploads\/2026\/01\/Eggers-ressalta-o-atendimento-da-Certel-e-a-economia-proporcionada.jpeg","datePublished":"2026-01-14T11:00:00+00:00","dateModified":"2026-01-14T11:49:25+00:00","author":{"@id":"https:\/\/folhapopular.info\/#\/schema\/person\/2814e8a0df7643585a9ca38bc6eb9d4b"},"description":"Conforme o diretor e propriet\u00e1rio da Ecovale, Jo\u00e3o Eggers, a redu\u00e7\u00e3o nos gastos com a ades\u00e3o ao Mercado Livre de Energia chegou a R$ 278 mil.","breadcrumb":{"@id":"https:\/\/folhapopular.info\/index.php\/2026\/01\/14\/empresa-reduz-despesas-com-mercado-livre-de-energia\/#breadcrumb"},"inLanguage":"pt-BR","potentialAction":[{"@type":"ReadAction","target":["https:\/\/folhapopular.info\/index.php\/2026\/01\/14\/empresa-reduz-despesas-com-mercado-livre-de-energia\/"]}]},{"@type":"ImageObject","inLanguage":"pt-BR","@id":"https:\/\/folhapopular.info\/index.php\/2026\/01\/14\/empresa-reduz-despesas-com-mercado-livre-de-energia\/#primaryimage","url":"https:\/\/folhapopular.info\/wp-content\/uploads\/2026\/01\/Eggers-ressalta-o-atendimento-da-Certel-e-a-economia-proporcionada.jpeg","contentUrl":"https:\/\/folhapopular.info\/wp-content\/uploads\/2026\/01\/Eggers-ressalta-o-atendimento-da-Certel-e-a-economia-proporcionada.jpeg","width":1600,"height":1066,"caption":"Cr\u00e9dito: Paloma Griesang \/ Divulga\u00e7\u00e3o"},{"@type":"BreadcrumbList","@id":"https:\/\/folhapopular.info\/index.php\/2026\/01\/14\/empresa-reduz-despesas-com-mercado-livre-de-energia\/#breadcrumb","itemListElement":[{"@type":"ListItem","position":1,"name":"In\u00edcio","item":"https:\/\/folhapopular.info\/"},{"@type":"ListItem","position":2,"name":"Empresa de Estrela reduz despesas com ades\u00e3o ao Mercado Livre de Energia"}]},{"@type":"WebSite","@id":"https:\/\/folhapopular.info\/#website","url":"https:\/\/folhapopular.info\/","name":"Folha Popular","description":"Onde voc\u00ea tem vez e voz","potentialAction":[{"@type":"SearchAction","target":{"@type":"EntryPoint","urlTemplate":"https:\/\/folhapopular.info\/?s={search_term_string}"},"query-input":{"@type":"PropertyValueSpecification","valueRequired":true,"valueName":"search_term_string"}}],"inLanguage":"pt-BR"},{"@type":"Person","@id":"https:\/\/folhapopular.info\/#\/schema\/person\/2814e8a0df7643585a9ca38bc6eb9d4b","name":"Reda\u00e7\u00e3o Folha Popular","image":{"@type":"ImageObject","inLanguage":"pt-BR","@id":"https:\/\/folhapopular.info\/wp-content\/uploads\/2026\/04\/Folha-1.webp","url":"https:\/\/folhapopular.info\/wp-content\/uploads\/2026\/04\/Folha-1.webp","contentUrl":"https:\/\/folhapopular.info\/wp-content\/uploads\/2026\/04\/Folha-1.webp","caption":"Reda\u00e7\u00e3o Folha Popular"},"url":"https:\/\/folhapopular.info\/index.php\/author\/redacao\/"}]}},"jetpack_featured_media_url":"https:\/\/folhapopular.info\/wp-content\/uploads\/2026\/01\/Eggers-ressalta-o-atendimento-da-Certel-e-a-economia-proporcionada.jpeg","jetpack_sharing_enabled":true,"amp_enabled":true,"_links":{"self":[{"href":"https:\/\/folhapopular.info\/index.php\/wp-json\/wp\/v2\/posts\/202014","targetHints":{"allow":["GET"]}}],"collection":[{"href":"https:\/\/folhapopular.info\/index.php\/wp-json\/wp\/v2\/posts"}],"about":[{"href":"https:\/\/folhapopular.info\/index.php\/wp-json\/wp\/v2\/types\/post"}],"author":[{"embeddable":true,"href":"https:\/\/folhapopular.info\/index.php\/wp-json\/wp\/v2\/users\/8"}],"replies":[{"embeddable":true,"href":"https:\/\/folhapopular.info\/index.php\/wp-json\/wp\/v2\/comments?post=202014"}],"version-history":[{"count":0,"href":"https:\/\/folhapopular.info\/index.php\/wp-json\/wp\/v2\/posts\/202014\/revisions"}],"wp:featuredmedia":[{"embeddable":true,"href":"https:\/\/folhapopular.info\/index.php\/wp-json\/wp\/v2\/media\/202016"}],"wp:attachment":[{"href":"https:\/\/folhapopular.info\/index.php\/wp-json\/wp\/v2\/media?parent=202014"}],"wp:term":[{"taxonomy":"category","embeddable":true,"href":"https:\/\/folhapopular.info\/index.php\/wp-json\/wp\/v2\/categories?post=202014"},{"taxonomy":"post_tag","embeddable":true,"href":"https:\/\/folhapopular.info\/index.php\/wp-json\/wp\/v2\/tags?post=202014"}],"curies":[{"name":"wp","href":"https:\/\/api.w.org\/{rel}","templated":true}]}}