{"id":202034,"date":"2026-01-13T21:22:32","date_gmt":"2026-01-14T00:22:32","guid":{"rendered":"https:\/\/folhapopular.info\/?p=202034"},"modified":"2026-01-14T07:31:29","modified_gmt":"2026-01-14T10:31:29","slug":"intermunicipal-2026-tera-classicos-e-iniciara-dia-22-de-fevereiro","status":"publish","type":"post","link":"https:\/\/folhapopular.info\/index.php\/2026\/01\/13\/intermunicipal-2026-tera-classicos-e-iniciara-dia-22-de-fevereiro\/","title":{"rendered":"Intermunicipal 2026 ter\u00e1 cl\u00e1ssicos e iniciar\u00e1 dia 22 de fevereiro"},"content":{"rendered":"\n<p>O Campeonato Intermunicipal Sicredi Certel chega \u00e0 quarta edi\u00e7\u00e3o em 2026. A Associa\u00e7\u00e3o dos Clubes Amadores de Teut\u00f4nia (Acat) reuniu as nove equipes confirmadas na sala de reuni\u00f5es da Associa\u00e7\u00e3o de Funcion\u00e1rios da Languiru (MiMi) em Teut\u00f4nia na noite desta ter\u00e7a-feira (13\/1).<\/p>\n\n\n\n<p>O presidente Jair Roberto Welter &#8220;Pivi&#8221; apresentou os detalhes do certame, acompanhado dos demais integrantes da diretoria. Pediu o pensamento pelo bem da competi\u00e7\u00e3o e n\u00e3o no olhar individual. Tamb\u00e9m solicitou o cuidado com a imagem de patrocinadores (Certel e Sicredi) e das prefeituras (Teut\u00f4nia, Westf\u00e1lia e Po\u00e7o das Antas).<\/p>\n\n\n\n<p>A f\u00f3rmula de disputa prev\u00ea que cada clube enfrente seis advers\u00e1rios na primeira fase, com tr\u00eas jogos em casa e tr\u00eas fora. Dois advers\u00e1rios n\u00e3o ser\u00e3o enfrentados na primeira fase. A divulga\u00e7\u00e3o do carn\u00ea de jogos ainda depender\u00e1 de an\u00e1lise das datas solicitadas pelos clubes &#8211; cada agremia\u00e7\u00e3o pode pedir uma data apenas na primeira fase.<\/p>\n\n\n\n<p>Somente o \u00faltimo colocado (nona posi\u00e7\u00e3o) estar\u00e1 eliminado da competi\u00e7\u00e3o. Os oito primeiros far\u00e3o cruzamentos de quartas de final (1\u00ba x 8\u00ba, 2\u00ba x 7\u00ba, 3\u00ba x 6\u00ba, 4\u00ba x 5\u00ba). Depois, os quatro vencedores ser\u00e3o ranqueados para apurar os enfrentamentos das semifinais. E os ganhadores decidir\u00e3o os t\u00edtulos.<\/p>\n\n\n\n<p>Os Aspirantes acompanhar\u00e3o a equipe de Titulares enquanto ambas estiverem classificadas. A partir do mata-mata, os Aspirantes poder\u00e3o acompanhar outro clube.<\/p>\n\n\n\n<p>Quanto \u00e0s suspens\u00f5es de dirigentes ou atletas, aqueles que tiverem at\u00e9 2 jogos de puni\u00e7\u00e3o ao fim da competi\u00e7\u00e3o, o regulamento permite reverter em multa e est\u00e1 liberado a atuar. Se for 4 jogos de suspens\u00e3o, cumpre 2 e paga 2 jogos. Se n\u00e3o quiser pagar a multa, deve cumprir a suspens\u00e3o.<\/p>\n\n\n\n<p><strong>Arbitragem &#8211;<\/strong> A empresa respons\u00e1vel ser\u00e1 MV Eventos Esportivos de Lajeado, com aproveitamento de v\u00e1rios \u00e1rbitros da regi\u00e3o e do Estado. A tend\u00eancia \u00e9 de R$ 1.950,00 por jogo para um quinteto.<\/p>\n\n\n\n<p><strong>Melhorias &#8211;<\/strong> Clubes definiram formar uma comiss\u00e3o com um dirigente de cada clube para apontar melhorias a serem sugeridas para a diretoria da ACAT.<\/p>\n\n\n\n<p><strong>Hor\u00e1rios &#8211;<\/strong> Partidas iniciam 14h (Aspirantes) e 16h (Titulares). Cancelamentos da rodada no m\u00e1ximo at\u00e9 as 9h de domingo.<\/p>\n\n\n\n<p><strong>Ingresso &#8211;<\/strong> R$ 10,00.<\/p>\n\n\n\n<h2 class=\"wp-block-heading\"><strong>Calend\u00e1rio<\/strong><\/h2>\n\n\n\n<p>O lan\u00e7amento ser\u00e1 em data a ser definida na sede do Ga\u00facho de Teut\u00f4nia, por ser o campe\u00e3o da disciplina de 2025. O in\u00edcio da competi\u00e7\u00e3o ser\u00e1 dia 22 de fevereiro, com os jogos da primeira rodada.<\/p>\n\n\n\n<p>A proje\u00e7\u00e3o inicial \u00e9 encerramento dia 28 de junho se n\u00e3o houver adiamentos. Ser\u00e3o 14 datas at\u00e9 a final, com 12 jogos para os finalistas.<\/p>\n\n\n\n<p>Cinco datas ser\u00e3o respeitadas com folga geral: 22 de mar\u00e7o (Westf\u00e1lia em Festa &#8211; 30 anos); 5 de abril (P\u00e1scoa); 10 de maio (Dia das M\u00e3es); 17 e 24 de maio (Festa de Maio em Teut\u00f4nia &#8211; 45 anos).<\/p>\n\n\n\n<h2 class=\"wp-block-heading\"><strong>Clubes confirmados<\/strong><\/h2>\n\n\n\n<figure class=\"wp-block-table is-style-stripes\"><table class=\"has-fixed-layout\"><tbody><tr><td><strong>Clube<\/strong><\/td><td><strong>Local<\/strong><\/td><td><strong>Cidade<\/strong><\/td><\/tr><tr><td>Canabarrense<\/td><td>Bairro Canabarro<\/td><td>Teut\u00f4nia<\/td><\/tr><tr><td>Ga\u00facho<\/td><td>Bairro Teut\u00f4nia<\/td><td>Teut\u00f4nia<\/td><\/tr><tr><td>Atl\u00e9tico Ga\u00facho<\/td><td>Loteamento 8<\/td><td>Teut\u00f4nia<\/td><\/tr><tr><td>Ouro Verde<\/td><td>Bairro Alesgut<\/td><td>Teut\u00f4nia<\/td><\/tr><tr><td>Ribeirense<\/td><td>Linha Ribeiro<\/td><td>Teut\u00f4nia<\/td><\/tr><tr><td>Po\u00e7o das Antas<\/td><td>Centro<\/td><td>Po\u00e7o das Antas<\/td><\/tr><tr><td>11 Amigos<\/td><td>Bairro Boa Vista<\/td><td>Po\u00e7o das Antas<\/td><\/tr><tr><td>Juventude<\/td><td>Linha Berlim<\/td><td>Westf\u00e1lia<\/td><\/tr><tr><td>Flamengo<\/td><td>Centro<\/td><td>Westf\u00e1lia<\/td><\/tr><\/tbody><\/table><\/figure>\n\n\n\n<h2 class=\"wp-block-heading\"><strong>Atletas<\/strong><\/h2>\n\n\n\n<p>Conforme definido em reuni\u00e3o t\u00e9cnica anterior, os crit\u00e9rios de inscri\u00e7\u00e3o de jogadores s\u00e3o os seguintes:<br><strong>Aspirantes &#8211;<\/strong> Ficha 23 atletas sub-23, que fazem 23 anos em 2026 &#8211; nascidos em 2003 &#8211; todos vinculados a um dos tr\u00eas munic\u00edpios, podendo girar nas cidades. Estes jogadores podem ficar no banco, mas no m\u00e1ximo 10 atletas podem ser substitu\u00eddos, com no m\u00e1ximo 5 momentos de troca durante o jogo, sem contar o intervalo. De Po\u00e7o das Antas, 5 jogadores da divisa podem atuar nesta categoria, mas n\u00e3o podem ser aproveitados nos Titulares.<br><strong>Titulares &#8211;<\/strong> Ficham 25 jogadores, dos quais 8 de fora dos tr\u00eas munic\u00edpios e no m\u00e1ximo 6 de fora jogam por rodada. Todos podem ficar no banco de reservas, dos quais 10 atletas podem ser substitu\u00eddos, com no m\u00e1ximo 5 momentos de troca durante o jogo, sem contar o intervalo. Para atleta ser de casa nos Titulares: carteira assinada, ter empresa ou t\u00edtulo de eleitor, com data limite em 30 de agosto de 2025.<br>Clubes podem inscrever os jogadores at\u00e9 dia 2 de fevereiro no site da Aslivata. Depois, todas as listas ser\u00e3o olhadas e todos assinam validando a inscri\u00e7\u00e3o dos jogadores.<\/p>\n\n\n\n<h2 class=\"wp-block-heading\"><strong>Sorteio &#8211; Quem enfrenta quem<\/strong><\/h2>\n\n\n\n<figure class=\"wp-block-image size-large\"><img loading=\"lazy\" decoding=\"async\" width=\"1024\" height=\"348\" src=\"https:\/\/folhapopular.info\/wp-content\/uploads\/2026\/01\/WhatsApp-Image-2026-01-13-at-21.17.41-1024x348.jpeg\" alt=\"\" class=\"wp-image-202042\" srcset=\"https:\/\/folhapopular.info\/wp-content\/uploads\/2026\/01\/WhatsApp-Image-2026-01-13-at-21.17.41-1024x348.jpeg 1024w, https:\/\/folhapopular.info\/wp-content\/uploads\/2026\/01\/WhatsApp-Image-2026-01-13-at-21.17.41-300x102.jpeg 300w, https:\/\/folhapopular.info\/wp-content\/uploads\/2026\/01\/WhatsApp-Image-2026-01-13-at-21.17.41-768x261.jpeg 768w, https:\/\/folhapopular.info\/wp-content\/uploads\/2026\/01\/WhatsApp-Image-2026-01-13-at-21.17.41-1536x522.jpeg 1536w, https:\/\/folhapopular.info\/wp-content\/uploads\/2026\/01\/WhatsApp-Image-2026-01-13-at-21.17.41-1235x420.jpeg 1235w, https:\/\/folhapopular.info\/wp-content\/uploads\/2026\/01\/WhatsApp-Image-2026-01-13-at-21.17.41-696x237.jpeg 696w, https:\/\/folhapopular.info\/wp-content\/uploads\/2026\/01\/WhatsApp-Image-2026-01-13-at-21.17.41-1068x363.jpeg 1068w, https:\/\/folhapopular.info\/wp-content\/uploads\/2026\/01\/WhatsApp-Image-2026-01-13-at-21.17.41.jpeg 1600w\" sizes=\"auto, (max-width: 1024px) 100vw, 1024px\" \/><\/figure>\n\n\n\n<div class=\"wp-block-jetpack-slideshow aligncenter\" data-effect=\"slide\" style=\"--aspect-ratio:calc(696 \/ 522)\"><div class=\"wp-block-jetpack-slideshow_container swiper\"><ul class=\"wp-block-jetpack-slideshow_swiper-wrapper swiper-wrapper\"><li class=\"wp-block-jetpack-slideshow_slide swiper-slide\"><figure><img loading=\"lazy\" decoding=\"async\" width=\"1024\" height=\"768\" alt=\"\" class=\"wp-block-jetpack-slideshow_image wp-image-202038\" data-id=\"202038\" data-aspect-ratio=\"696 \/ 522\" src=\"https:\/\/folhapopular.info\/wp-content\/uploads\/2026\/01\/IMG_2546-1024x768.jpeg\" srcset=\"https:\/\/folhapopular.info\/wp-content\/uploads\/2026\/01\/IMG_2546-1024x768.jpeg 1024w, https:\/\/folhapopular.info\/wp-content\/uploads\/2026\/01\/IMG_2546-300x225.jpeg 300w, https:\/\/folhapopular.info\/wp-content\/uploads\/2026\/01\/IMG_2546-768x576.jpeg 768w, https:\/\/folhapopular.info\/wp-content\/uploads\/2026\/01\/IMG_2546-1536x1152.jpeg 1536w, https:\/\/folhapopular.info\/wp-content\/uploads\/2026\/01\/IMG_2546-2048x1536.jpeg 2048w, https:\/\/folhapopular.info\/wp-content\/uploads\/2026\/01\/IMG_2546-560x420.jpeg 560w, https:\/\/folhapopular.info\/wp-content\/uploads\/2026\/01\/IMG_2546-80x60.jpeg 80w, https:\/\/folhapopular.info\/wp-content\/uploads\/2026\/01\/IMG_2546-696x522.jpeg 696w, https:\/\/folhapopular.info\/wp-content\/uploads\/2026\/01\/IMG_2546-1068x801.jpeg 1068w, https:\/\/folhapopular.info\/wp-content\/uploads\/2026\/01\/IMG_2546-1920x1440.jpeg 1920w\" sizes=\"(max-width: 1024px) 100vw, 1024px\" \/><figcaption class=\"wp-block-jetpack-slideshow_caption gallery-caption\">Diretoria da ACAT conduziu o encontro \/\/ Cr\u00e9dito: Lucas Leandro Brune<\/figcaption><\/figure><\/li><li class=\"wp-block-jetpack-slideshow_slide swiper-slide\"><figure><img loading=\"lazy\" decoding=\"async\" width=\"1024\" height=\"768\" alt=\"\" class=\"wp-block-jetpack-slideshow_image wp-image-202037\" data-id=\"202037\" data-aspect-ratio=\"696 \/ 522\" src=\"https:\/\/folhapopular.info\/wp-content\/uploads\/2026\/01\/IMG_2545-1024x768.jpeg\" srcset=\"https:\/\/folhapopular.info\/wp-content\/uploads\/2026\/01\/IMG_2545-1024x768.jpeg 1024w, https:\/\/folhapopular.info\/wp-content\/uploads\/2026\/01\/IMG_2545-300x225.jpeg 300w, https:\/\/folhapopular.info\/wp-content\/uploads\/2026\/01\/IMG_2545-768x576.jpeg 768w, https:\/\/folhapopular.info\/wp-content\/uploads\/2026\/01\/IMG_2545-1536x1152.jpeg 1536w, https:\/\/folhapopular.info\/wp-content\/uploads\/2026\/01\/IMG_2545-2048x1536.jpeg 2048w, https:\/\/folhapopular.info\/wp-content\/uploads\/2026\/01\/IMG_2545-560x420.jpeg 560w, https:\/\/folhapopular.info\/wp-content\/uploads\/2026\/01\/IMG_2545-80x60.jpeg 80w, https:\/\/folhapopular.info\/wp-content\/uploads\/2026\/01\/IMG_2545-696x522.jpeg 696w, https:\/\/folhapopular.info\/wp-content\/uploads\/2026\/01\/IMG_2545-1068x801.jpeg 1068w, https:\/\/folhapopular.info\/wp-content\/uploads\/2026\/01\/IMG_2545-1920x1440.jpeg 1920w\" sizes=\"(max-width: 1024px) 100vw, 1024px\" \/><figcaption class=\"wp-block-jetpack-slideshow_caption gallery-caption\">Reuni\u00e3o t\u00e9cnica foi realizada nesta ter\u00e7a-feira \u00e0 noite \/\/ Cr\u00e9dito: Lucas Leandro Brune<\/figcaption><\/figure><\/li><li class=\"wp-block-jetpack-slideshow_slide swiper-slide\"><figure><img loading=\"lazy\" decoding=\"async\" width=\"1024\" height=\"768\" alt=\"\" class=\"wp-block-jetpack-slideshow_image wp-image-202036\" data-id=\"202036\" data-aspect-ratio=\"696 \/ 522\" src=\"https:\/\/folhapopular.info\/wp-content\/uploads\/2026\/01\/IMG_2544-1024x768.jpeg\" srcset=\"https:\/\/folhapopular.info\/wp-content\/uploads\/2026\/01\/IMG_2544-1024x768.jpeg 1024w, https:\/\/folhapopular.info\/wp-content\/uploads\/2026\/01\/IMG_2544-300x225.jpeg 300w, https:\/\/folhapopular.info\/wp-content\/uploads\/2026\/01\/IMG_2544-768x576.jpeg 768w, https:\/\/folhapopular.info\/wp-content\/uploads\/2026\/01\/IMG_2544-1536x1152.jpeg 1536w, https:\/\/folhapopular.info\/wp-content\/uploads\/2026\/01\/IMG_2544-2048x1536.jpeg 2048w, https:\/\/folhapopular.info\/wp-content\/uploads\/2026\/01\/IMG_2544-560x420.jpeg 560w, https:\/\/folhapopular.info\/wp-content\/uploads\/2026\/01\/IMG_2544-80x60.jpeg 80w, https:\/\/folhapopular.info\/wp-content\/uploads\/2026\/01\/IMG_2544-696x522.jpeg 696w, https:\/\/folhapopular.info\/wp-content\/uploads\/2026\/01\/IMG_2544-1068x801.jpeg 1068w, https:\/\/folhapopular.info\/wp-content\/uploads\/2026\/01\/IMG_2544-1920x1440.jpeg 1920w\" sizes=\"(max-width: 1024px) 100vw, 1024px\" \/><figcaption class=\"wp-block-jetpack-slideshow_caption gallery-caption\">Reuni\u00e3o t\u00e9cnica foi realizada nesta ter\u00e7a-feira \u00e0 noite \/\/ Cr\u00e9dito: Lucas Leandro Brune<\/figcaption><\/figure><\/li><li class=\"wp-block-jetpack-slideshow_slide swiper-slide\"><figure><img loading=\"lazy\" decoding=\"async\" width=\"1024\" height=\"768\" alt=\"\" class=\"wp-block-jetpack-slideshow_image wp-image-202043\" data-id=\"202043\" data-aspect-ratio=\"696 \/ 522\" src=\"https:\/\/folhapopular.info\/wp-content\/uploads\/2026\/01\/IMG_2550-1024x768.jpeg\" srcset=\"https:\/\/folhapopular.info\/wp-content\/uploads\/2026\/01\/IMG_2550-1024x768.jpeg 1024w, https:\/\/folhapopular.info\/wp-content\/uploads\/2026\/01\/IMG_2550-300x225.jpeg 300w, https:\/\/folhapopular.info\/wp-content\/uploads\/2026\/01\/IMG_2550-768x576.jpeg 768w, https:\/\/folhapopular.info\/wp-content\/uploads\/2026\/01\/IMG_2550-1536x1152.jpeg 1536w, https:\/\/folhapopular.info\/wp-content\/uploads\/2026\/01\/IMG_2550-2048x1536.jpeg 2048w, https:\/\/folhapopular.info\/wp-content\/uploads\/2026\/01\/IMG_2550-560x420.jpeg 560w, https:\/\/folhapopular.info\/wp-content\/uploads\/2026\/01\/IMG_2550-80x60.jpeg 80w, https:\/\/folhapopular.info\/wp-content\/uploads\/2026\/01\/IMG_2550-696x522.jpeg 696w, https:\/\/folhapopular.info\/wp-content\/uploads\/2026\/01\/IMG_2550-1068x801.jpeg 1068w, https:\/\/folhapopular.info\/wp-content\/uploads\/2026\/01\/IMG_2550-1920x1440.jpeg 1920w\" sizes=\"(max-width: 1024px) 100vw, 1024px\" \/><figcaption class=\"wp-block-jetpack-slideshow_caption gallery-caption\">Cr\u00e9dito: Lucas Leandro Brune<\/figcaption><\/figure><\/li><\/ul><a class=\"wp-block-jetpack-slideshow_button-prev swiper-button-prev swiper-button-white\" role=\"button\"><\/a><a class=\"wp-block-jetpack-slideshow_button-next swiper-button-next swiper-button-white\" role=\"button\"><\/a><a aria-label=\"Pause Slideshow\" class=\"wp-block-jetpack-slideshow_button-pause\" role=\"button\"><\/a><div class=\"wp-block-jetpack-slideshow_pagination swiper-pagination swiper-pagination-white\"><\/div><\/div><\/div>\n","protected":false},"excerpt":{"rendered":"<p>O Campeonato Intermunicipal Sicredi Certel chega \u00e0 quarta edi\u00e7\u00e3o em 2026. A Associa\u00e7\u00e3o dos Clubes Amadores de Teut\u00f4nia (Acat) reuniu as nove equipes confirmadas na sala de reuni\u00f5es da Associa\u00e7\u00e3o de Funcion\u00e1rios da Languiru (MiMi) em Teut\u00f4nia na noite desta ter\u00e7a-feira (13\/1). O presidente Jair Roberto Welter &#8220;Pivi&#8221; apresentou os detalhes do certame, acompanhado dos [&hellip;]<\/p>\n","protected":false},"author":7,"featured_media":202035,"comment_status":"open","ping_status":"open","sticky":false,"template":"","format":"standard","meta":{"pmpro_default_level":"","_jetpack_memberships_contains_paid_content":false,"footnotes":""},"categories":[2,5,240,19840],"tags":[19837,40,26,25],"class_list":{"0":"post-202034","1":"post","2":"type-post","3":"status-publish","4":"format-standard","5":"has-post-thumbnail","7":"category-featured","8":"category-esportes","9":"category-futebol-amador","10":"category-intermunicipal-2026","11":"tag-intermunicipal-2026","12":"tag-poco-das-antas","13":"tag-teutonia","14":"tag-westfalia","15":"pmpro-has-access"},"yoast_head":"<!-- This site is optimized with the Yoast SEO plugin v27.5 - https:\/\/yoast.com\/product\/yoast-seo-wordpress\/ -->\n<title>Intermunicipal 2026 ter\u00e1 cl\u00e1ssicos e iniciar\u00e1 dia 22 de fevereiro - Folha Popular<\/title>\n<meta name=\"description\" content=\"O lan\u00e7amento do Intermunicipal ser\u00e1 em data a ser definida na sede do Ga\u00facho de Teut\u00f4nia, por ser o campe\u00e3o da disciplina de 2025.\" \/>\n<meta name=\"robots\" content=\"index, follow, max-snippet:-1, max-image-preview:large, max-video-preview:-1\" \/>\n<link rel=\"canonical\" href=\"https:\/\/folhapopular.info\/index.php\/2026\/01\/13\/intermunicipal-2026-tera-classicos-e-iniciara-dia-22-de-fevereiro\/\" \/>\n<meta property=\"og:locale\" content=\"pt_BR\" \/>\n<meta property=\"og:type\" content=\"article\" \/>\n<meta property=\"og:title\" content=\"Intermunicipal 2026 ter\u00e1 cl\u00e1ssicos e iniciar\u00e1 dia 22 de fevereiro - Folha Popular\" \/>\n<meta property=\"og:description\" content=\"O lan\u00e7amento do Intermunicipal ser\u00e1 em data a ser definida na sede do Ga\u00facho de Teut\u00f4nia, por ser o campe\u00e3o da disciplina de 2025.\" \/>\n<meta property=\"og:url\" content=\"https:\/\/folhapopular.info\/index.php\/2026\/01\/13\/intermunicipal-2026-tera-classicos-e-iniciara-dia-22-de-fevereiro\/\" \/>\n<meta property=\"og:site_name\" content=\"Folha Popular\" \/>\n<meta property=\"article:published_time\" content=\"2026-01-14T00:22:32+00:00\" \/>\n<meta property=\"article:modified_time\" content=\"2026-01-14T10:31:29+00:00\" \/>\n<meta property=\"og:image\" content=\"http:\/\/folhapopular.info\/wp-content\/uploads\/2026\/01\/IMG_2543-scaled.jpeg\" \/>\n\t<meta property=\"og:image:width\" content=\"2560\" \/>\n\t<meta property=\"og:image:height\" content=\"1920\" \/>\n\t<meta property=\"og:image:type\" content=\"image\/jpeg\" \/>\n<meta name=\"author\" content=\"Lucas Leandro Brune\" \/>\n<meta name=\"twitter:card\" content=\"summary_large_image\" \/>\n<meta name=\"twitter:label1\" content=\"Escrito por\" \/>\n\t<meta name=\"twitter:data1\" content=\"Lucas Leandro Brune\" \/>\n\t<meta name=\"twitter:label2\" content=\"Est. tempo de leitura\" \/>\n\t<meta name=\"twitter:data2\" content=\"6 minutos\" \/>\n<script type=\"application\/ld+json\" class=\"yoast-schema-graph\">{\"@context\":\"https:\\\/\\\/schema.org\",\"@graph\":[{\"@type\":\"Article\",\"@id\":\"https:\\\/\\\/folhapopular.info\\\/index.php\\\/2026\\\/01\\\/13\\\/intermunicipal-2026-tera-classicos-e-iniciara-dia-22-de-fevereiro\\\/#article\",\"isPartOf\":{\"@id\":\"https:\\\/\\\/folhapopular.info\\\/index.php\\\/2026\\\/01\\\/13\\\/intermunicipal-2026-tera-classicos-e-iniciara-dia-22-de-fevereiro\\\/\"},\"author\":{\"name\":\"Lucas Leandro Brune\",\"@id\":\"https:\\\/\\\/folhapopular.info\\\/#\\\/schema\\\/person\\\/533a15f60cd49e81ab3a90b4ca33cb36\"},\"headline\":\"Intermunicipal 2026 ter\u00e1 cl\u00e1ssicos e iniciar\u00e1 dia 22 de fevereiro\",\"datePublished\":\"2026-01-14T00:22:32+00:00\",\"dateModified\":\"2026-01-14T10:31:29+00:00\",\"mainEntityOfPage\":{\"@id\":\"https:\\\/\\\/folhapopular.info\\\/index.php\\\/2026\\\/01\\\/13\\\/intermunicipal-2026-tera-classicos-e-iniciara-dia-22-de-fevereiro\\\/\"},\"wordCount\":800,\"commentCount\":0,\"image\":{\"@id\":\"https:\\\/\\\/folhapopular.info\\\/index.php\\\/2026\\\/01\\\/13\\\/intermunicipal-2026-tera-classicos-e-iniciara-dia-22-de-fevereiro\\\/#primaryimage\"},\"thumbnailUrl\":\"https:\\\/\\\/folhapopular.info\\\/wp-content\\\/uploads\\\/2026\\\/01\\\/IMG_2543-scaled.jpeg\",\"keywords\":[\"Intermunicipal 2026\",\"Po\u00e7o das Antas\",\"Teut\u00f4nia\",\"Westf\u00e1lia\"],\"articleSection\":[\"Destaques\",\"Esportes\",\"Futebol Amador\",\"Intermunicipal 2026\"],\"inLanguage\":\"pt-BR\",\"potentialAction\":[{\"@type\":\"CommentAction\",\"name\":\"Comment\",\"target\":[\"https:\\\/\\\/folhapopular.info\\\/index.php\\\/2026\\\/01\\\/13\\\/intermunicipal-2026-tera-classicos-e-iniciara-dia-22-de-fevereiro\\\/#respond\"]}]},{\"@type\":\"WebPage\",\"@id\":\"https:\\\/\\\/folhapopular.info\\\/index.php\\\/2026\\\/01\\\/13\\\/intermunicipal-2026-tera-classicos-e-iniciara-dia-22-de-fevereiro\\\/\",\"url\":\"https:\\\/\\\/folhapopular.info\\\/index.php\\\/2026\\\/01\\\/13\\\/intermunicipal-2026-tera-classicos-e-iniciara-dia-22-de-fevereiro\\\/\",\"name\":\"Intermunicipal 2026 ter\u00e1 cl\u00e1ssicos e iniciar\u00e1 dia 22 de fevereiro - Folha Popular\",\"isPartOf\":{\"@id\":\"https:\\\/\\\/folhapopular.info\\\/#website\"},\"primaryImageOfPage\":{\"@id\":\"https:\\\/\\\/folhapopular.info\\\/index.php\\\/2026\\\/01\\\/13\\\/intermunicipal-2026-tera-classicos-e-iniciara-dia-22-de-fevereiro\\\/#primaryimage\"},\"image\":{\"@id\":\"https:\\\/\\\/folhapopular.info\\\/index.php\\\/2026\\\/01\\\/13\\\/intermunicipal-2026-tera-classicos-e-iniciara-dia-22-de-fevereiro\\\/#primaryimage\"},\"thumbnailUrl\":\"https:\\\/\\\/folhapopular.info\\\/wp-content\\\/uploads\\\/2026\\\/01\\\/IMG_2543-scaled.jpeg\",\"datePublished\":\"2026-01-14T00:22:32+00:00\",\"dateModified\":\"2026-01-14T10:31:29+00:00\",\"author\":{\"@id\":\"https:\\\/\\\/folhapopular.info\\\/#\\\/schema\\\/person\\\/533a15f60cd49e81ab3a90b4ca33cb36\"},\"description\":\"O lan\u00e7amento do Intermunicipal ser\u00e1 em data a ser definida na sede do Ga\u00facho de Teut\u00f4nia, por ser o campe\u00e3o da disciplina de 2025.\",\"breadcrumb\":{\"@id\":\"https:\\\/\\\/folhapopular.info\\\/index.php\\\/2026\\\/01\\\/13\\\/intermunicipal-2026-tera-classicos-e-iniciara-dia-22-de-fevereiro\\\/#breadcrumb\"},\"inLanguage\":\"pt-BR\",\"potentialAction\":[{\"@type\":\"ReadAction\",\"target\":[\"https:\\\/\\\/folhapopular.info\\\/index.php\\\/2026\\\/01\\\/13\\\/intermunicipal-2026-tera-classicos-e-iniciara-dia-22-de-fevereiro\\\/\"]}]},{\"@type\":\"ImageObject\",\"inLanguage\":\"pt-BR\",\"@id\":\"https:\\\/\\\/folhapopular.info\\\/index.php\\\/2026\\\/01\\\/13\\\/intermunicipal-2026-tera-classicos-e-iniciara-dia-22-de-fevereiro\\\/#primaryimage\",\"url\":\"https:\\\/\\\/folhapopular.info\\\/wp-content\\\/uploads\\\/2026\\\/01\\\/IMG_2543-scaled.jpeg\",\"contentUrl\":\"https:\\\/\\\/folhapopular.info\\\/wp-content\\\/uploads\\\/2026\\\/01\\\/IMG_2543-scaled.jpeg\",\"width\":2560,\"height\":1920,\"caption\":\"Reuni\u00e3o t\u00e9cnica definiu os confrontos da primeira fase \\\/\\\/ Cr\u00e9dito: Lucas Leandro Brune\"},{\"@type\":\"BreadcrumbList\",\"@id\":\"https:\\\/\\\/folhapopular.info\\\/index.php\\\/2026\\\/01\\\/13\\\/intermunicipal-2026-tera-classicos-e-iniciara-dia-22-de-fevereiro\\\/#breadcrumb\",\"itemListElement\":[{\"@type\":\"ListItem\",\"position\":1,\"name\":\"In\u00edcio\",\"item\":\"https:\\\/\\\/folhapopular.info\\\/\"},{\"@type\":\"ListItem\",\"position\":2,\"name\":\"Intermunicipal 2026 ter\u00e1 cl\u00e1ssicos e iniciar\u00e1 dia 22 de fevereiro\"}]},{\"@type\":\"WebSite\",\"@id\":\"https:\\\/\\\/folhapopular.info\\\/#website\",\"url\":\"https:\\\/\\\/folhapopular.info\\\/\",\"name\":\"Folha Popular\",\"description\":\"Onde voc\u00ea tem vez e voz\",\"potentialAction\":[{\"@type\":\"SearchAction\",\"target\":{\"@type\":\"EntryPoint\",\"urlTemplate\":\"https:\\\/\\\/folhapopular.info\\\/?s={search_term_string}\"},\"query-input\":{\"@type\":\"PropertyValueSpecification\",\"valueRequired\":true,\"valueName\":\"search_term_string\"}}],\"inLanguage\":\"pt-BR\"},{\"@type\":\"Person\",\"@id\":\"https:\\\/\\\/folhapopular.info\\\/#\\\/schema\\\/person\\\/533a15f60cd49e81ab3a90b4ca33cb36\",\"name\":\"Lucas Leandro Brune\",\"image\":{\"@type\":\"ImageObject\",\"inLanguage\":\"pt-BR\",\"@id\":\"https:\\\/\\\/folhapopular.info\\\/wp-content\\\/uploads\\\/2026\\\/04\\\/LUCAS-1-1.webp\",\"url\":\"https:\\\/\\\/folhapopular.info\\\/wp-content\\\/uploads\\\/2026\\\/04\\\/LUCAS-1-1.webp\",\"contentUrl\":\"https:\\\/\\\/folhapopular.info\\\/wp-content\\\/uploads\\\/2026\\\/04\\\/LUCAS-1-1.webp\",\"caption\":\"Lucas Leandro Brune\"},\"description\":\"Jornalista Profissional Diplomado MTB\\\/RS 14.333\",\"url\":\"https:\\\/\\\/folhapopular.info\\\/index.php\\\/author\\\/lucas-brune\\\/\"}]}<\/script>\n<!-- \/ Yoast SEO plugin. -->","yoast_head_json":{"title":"Intermunicipal 2026 ter\u00e1 cl\u00e1ssicos e iniciar\u00e1 dia 22 de fevereiro - Folha Popular","description":"O lan\u00e7amento do Intermunicipal ser\u00e1 em data a ser definida na sede do Ga\u00facho de Teut\u00f4nia, por ser o campe\u00e3o da disciplina de 2025.","robots":{"index":"index","follow":"follow","max-snippet":"max-snippet:-1","max-image-preview":"max-image-preview:large","max-video-preview":"max-video-preview:-1"},"canonical":"https:\/\/folhapopular.info\/index.php\/2026\/01\/13\/intermunicipal-2026-tera-classicos-e-iniciara-dia-22-de-fevereiro\/","og_locale":"pt_BR","og_type":"article","og_title":"Intermunicipal 2026 ter\u00e1 cl\u00e1ssicos e iniciar\u00e1 dia 22 de fevereiro - Folha Popular","og_description":"O lan\u00e7amento do Intermunicipal ser\u00e1 em data a ser definida na sede do Ga\u00facho de Teut\u00f4nia, por ser o campe\u00e3o da disciplina de 2025.","og_url":"https:\/\/folhapopular.info\/index.php\/2026\/01\/13\/intermunicipal-2026-tera-classicos-e-iniciara-dia-22-de-fevereiro\/","og_site_name":"Folha Popular","article_published_time":"2026-01-14T00:22:32+00:00","article_modified_time":"2026-01-14T10:31:29+00:00","og_image":[{"width":2560,"height":1920,"url":"http:\/\/folhapopular.info\/wp-content\/uploads\/2026\/01\/IMG_2543-scaled.jpeg","type":"image\/jpeg"}],"author":"Lucas Leandro Brune","twitter_card":"summary_large_image","twitter_misc":{"Escrito por":"Lucas Leandro Brune","Est. tempo de leitura":"6 minutos"},"schema":{"@context":"https:\/\/schema.org","@graph":[{"@type":"Article","@id":"https:\/\/folhapopular.info\/index.php\/2026\/01\/13\/intermunicipal-2026-tera-classicos-e-iniciara-dia-22-de-fevereiro\/#article","isPartOf":{"@id":"https:\/\/folhapopular.info\/index.php\/2026\/01\/13\/intermunicipal-2026-tera-classicos-e-iniciara-dia-22-de-fevereiro\/"},"author":{"name":"Lucas Leandro Brune","@id":"https:\/\/folhapopular.info\/#\/schema\/person\/533a15f60cd49e81ab3a90b4ca33cb36"},"headline":"Intermunicipal 2026 ter\u00e1 cl\u00e1ssicos e iniciar\u00e1 dia 22 de fevereiro","datePublished":"2026-01-14T00:22:32+00:00","dateModified":"2026-01-14T10:31:29+00:00","mainEntityOfPage":{"@id":"https:\/\/folhapopular.info\/index.php\/2026\/01\/13\/intermunicipal-2026-tera-classicos-e-iniciara-dia-22-de-fevereiro\/"},"wordCount":800,"commentCount":0,"image":{"@id":"https:\/\/folhapopular.info\/index.php\/2026\/01\/13\/intermunicipal-2026-tera-classicos-e-iniciara-dia-22-de-fevereiro\/#primaryimage"},"thumbnailUrl":"https:\/\/folhapopular.info\/wp-content\/uploads\/2026\/01\/IMG_2543-scaled.jpeg","keywords":["Intermunicipal 2026","Po\u00e7o das Antas","Teut\u00f4nia","Westf\u00e1lia"],"articleSection":["Destaques","Esportes","Futebol Amador","Intermunicipal 2026"],"inLanguage":"pt-BR","potentialAction":[{"@type":"CommentAction","name":"Comment","target":["https:\/\/folhapopular.info\/index.php\/2026\/01\/13\/intermunicipal-2026-tera-classicos-e-iniciara-dia-22-de-fevereiro\/#respond"]}]},{"@type":"WebPage","@id":"https:\/\/folhapopular.info\/index.php\/2026\/01\/13\/intermunicipal-2026-tera-classicos-e-iniciara-dia-22-de-fevereiro\/","url":"https:\/\/folhapopular.info\/index.php\/2026\/01\/13\/intermunicipal-2026-tera-classicos-e-iniciara-dia-22-de-fevereiro\/","name":"Intermunicipal 2026 ter\u00e1 cl\u00e1ssicos e iniciar\u00e1 dia 22 de fevereiro - Folha Popular","isPartOf":{"@id":"https:\/\/folhapopular.info\/#website"},"primaryImageOfPage":{"@id":"https:\/\/folhapopular.info\/index.php\/2026\/01\/13\/intermunicipal-2026-tera-classicos-e-iniciara-dia-22-de-fevereiro\/#primaryimage"},"image":{"@id":"https:\/\/folhapopular.info\/index.php\/2026\/01\/13\/intermunicipal-2026-tera-classicos-e-iniciara-dia-22-de-fevereiro\/#primaryimage"},"thumbnailUrl":"https:\/\/folhapopular.info\/wp-content\/uploads\/2026\/01\/IMG_2543-scaled.jpeg","datePublished":"2026-01-14T00:22:32+00:00","dateModified":"2026-01-14T10:31:29+00:00","author":{"@id":"https:\/\/folhapopular.info\/#\/schema\/person\/533a15f60cd49e81ab3a90b4ca33cb36"},"description":"O lan\u00e7amento do Intermunicipal ser\u00e1 em data a ser definida na sede do Ga\u00facho de Teut\u00f4nia, por ser o campe\u00e3o da disciplina de 2025.","breadcrumb":{"@id":"https:\/\/folhapopular.info\/index.php\/2026\/01\/13\/intermunicipal-2026-tera-classicos-e-iniciara-dia-22-de-fevereiro\/#breadcrumb"},"inLanguage":"pt-BR","potentialAction":[{"@type":"ReadAction","target":["https:\/\/folhapopular.info\/index.php\/2026\/01\/13\/intermunicipal-2026-tera-classicos-e-iniciara-dia-22-de-fevereiro\/"]}]},{"@type":"ImageObject","inLanguage":"pt-BR","@id":"https:\/\/folhapopular.info\/index.php\/2026\/01\/13\/intermunicipal-2026-tera-classicos-e-iniciara-dia-22-de-fevereiro\/#primaryimage","url":"https:\/\/folhapopular.info\/wp-content\/uploads\/2026\/01\/IMG_2543-scaled.jpeg","contentUrl":"https:\/\/folhapopular.info\/wp-content\/uploads\/2026\/01\/IMG_2543-scaled.jpeg","width":2560,"height":1920,"caption":"Reuni\u00e3o t\u00e9cnica definiu os confrontos da primeira fase \/\/ Cr\u00e9dito: Lucas Leandro Brune"},{"@type":"BreadcrumbList","@id":"https:\/\/folhapopular.info\/index.php\/2026\/01\/13\/intermunicipal-2026-tera-classicos-e-iniciara-dia-22-de-fevereiro\/#breadcrumb","itemListElement":[{"@type":"ListItem","position":1,"name":"In\u00edcio","item":"https:\/\/folhapopular.info\/"},{"@type":"ListItem","position":2,"name":"Intermunicipal 2026 ter\u00e1 cl\u00e1ssicos e iniciar\u00e1 dia 22 de fevereiro"}]},{"@type":"WebSite","@id":"https:\/\/folhapopular.info\/#website","url":"https:\/\/folhapopular.info\/","name":"Folha Popular","description":"Onde voc\u00ea tem vez e voz","potentialAction":[{"@type":"SearchAction","target":{"@type":"EntryPoint","urlTemplate":"https:\/\/folhapopular.info\/?s={search_term_string}"},"query-input":{"@type":"PropertyValueSpecification","valueRequired":true,"valueName":"search_term_string"}}],"inLanguage":"pt-BR"},{"@type":"Person","@id":"https:\/\/folhapopular.info\/#\/schema\/person\/533a15f60cd49e81ab3a90b4ca33cb36","name":"Lucas Leandro Brune","image":{"@type":"ImageObject","inLanguage":"pt-BR","@id":"https:\/\/folhapopular.info\/wp-content\/uploads\/2026\/04\/LUCAS-1-1.webp","url":"https:\/\/folhapopular.info\/wp-content\/uploads\/2026\/04\/LUCAS-1-1.webp","contentUrl":"https:\/\/folhapopular.info\/wp-content\/uploads\/2026\/04\/LUCAS-1-1.webp","caption":"Lucas Leandro Brune"},"description":"Jornalista Profissional Diplomado MTB\/RS 14.333","url":"https:\/\/folhapopular.info\/index.php\/author\/lucas-brune\/"}]}},"jetpack_featured_media_url":"https:\/\/folhapopular.info\/wp-content\/uploads\/2026\/01\/IMG_2543-scaled.jpeg","jetpack_sharing_enabled":true,"amp_enabled":true,"_links":{"self":[{"href":"https:\/\/folhapopular.info\/index.php\/wp-json\/wp\/v2\/posts\/202034","targetHints":{"allow":["GET"]}}],"collection":[{"href":"https:\/\/folhapopular.info\/index.php\/wp-json\/wp\/v2\/posts"}],"about":[{"href":"https:\/\/folhapopular.info\/index.php\/wp-json\/wp\/v2\/types\/post"}],"author":[{"embeddable":true,"href":"https:\/\/folhapopular.info\/index.php\/wp-json\/wp\/v2\/users\/7"}],"replies":[{"embeddable":true,"href":"https:\/\/folhapopular.info\/index.php\/wp-json\/wp\/v2\/comments?post=202034"}],"version-history":[{"count":0,"href":"https:\/\/folhapopular.info\/index.php\/wp-json\/wp\/v2\/posts\/202034\/revisions"}],"wp:featuredmedia":[{"embeddable":true,"href":"https:\/\/folhapopular.info\/index.php\/wp-json\/wp\/v2\/media\/202035"}],"wp:attachment":[{"href":"https:\/\/folhapopular.info\/index.php\/wp-json\/wp\/v2\/media?parent=202034"}],"wp:term":[{"taxonomy":"category","embeddable":true,"href":"https:\/\/folhapopular.info\/index.php\/wp-json\/wp\/v2\/categories?post=202034"},{"taxonomy":"post_tag","embeddable":true,"href":"https:\/\/folhapopular.info\/index.php\/wp-json\/wp\/v2\/tags?post=202034"}],"curies":[{"name":"wp","href":"https:\/\/api.w.org\/{rel}","templated":true}]}}