{"id":202074,"date":"2026-01-14T15:00:00","date_gmt":"2026-01-14T18:00:00","guid":{"rendered":"https:\/\/folhapopular.info\/?p=202074"},"modified":"2026-01-15T08:24:19","modified_gmt":"2026-01-15T11:24:19","slug":"inscricoes-abertas-para-soberanas-de-colinas-2026","status":"publish","type":"post","link":"https:\/\/folhapopular.info\/index.php\/2026\/01\/14\/inscricoes-abertas-para-soberanas-de-colinas-2026\/","title":{"rendered":"Inscri\u00e7\u00f5es abertas para Soberanas de Colinas 2026"},"content":{"rendered":"\n<p>O munic\u00edpio de Colinas abriu as inscri\u00e7\u00f5es para a Escolha das Soberanas de Colinas 2026 nesta segunda-feira (12\/1). A iniciativa, promovida pela administra\u00e7\u00e3o municipal, oferece \u00e0s participantes a oportunidade de vivenciar uma experi\u00eancia cultural e formativa, voltada \u00e0 valoriza\u00e7\u00e3o da identidade local e ao desenvolvimento pessoal.<\/p>\n\n\n\n<p>Podem participar jovens com idade entre 18 e 26 anos, residentes em Colinas h\u00e1 pelo menos seis meses, que estejam cursando ou tenham conclu\u00eddo o Ensino M\u00e9dio e que representem ao menos uma entidade, empresa, com\u00e9rcio ou institui\u00e7\u00e3o ativa do munic\u00edpio. As candidatas tamb\u00e9m devem ter disponibilidade para participar das atividades preparat\u00f3rias e dos compromissos oficiais durante o per\u00edodo do reinado.<\/p>\n\n\n\n<p>As inscri\u00e7\u00f5es seguem at\u00e9 6 de fevereiro de 2026, sendo realizadas de forma presencial e gratuita na Secretaria Municipal de Educa\u00e7\u00e3o, Cultura, Turismo e Desporto, localizada na Rua Olavo Bilac, 370, Centro, em hor\u00e1rio de expediente.<\/p>\n\n\n\n<p>A escolha da nova corte acontecer\u00e1 no dia 20 de mar\u00e7o de 2026, \u00e0s 20h30min, na Concha Ac\u00fastica da Pra\u00e7a dos P\u00e1ssaros, com acesso aberto ao p\u00fablico. Al\u00e9m do t\u00edtulo, as eleitas receber\u00e3o premia\u00e7\u00e3o em dinheiro.<\/p>\n\n\n\n<p>O regulamento completo do concurso est\u00e1 dispon\u00edvel no site oficial do Munic\u00edpio <a href=\"http:\/\/www.colinasrs.com.br\">www.colinasrs.com.br<\/a>.<\/p>\n","protected":false},"excerpt":{"rendered":"<p>O munic\u00edpio de Colinas abriu as inscri\u00e7\u00f5es para a Escolha das Soberanas de Colinas 2026 nesta segunda-feira (12\/1). A iniciativa, promovida pela administra\u00e7\u00e3o municipal, oferece \u00e0s participantes a oportunidade de vivenciar uma experi\u00eancia cultural e formativa, voltada \u00e0 valoriza\u00e7\u00e3o da identidade local e ao desenvolvimento pessoal. Podem participar jovens com idade entre 18 e 26 [&hellip;]<\/p>\n","protected":false},"author":8,"featured_media":92112,"comment_status":"open","ping_status":"open","sticky":false,"template":"","format":"standard","meta":{"pmpro_default_level":"","_jetpack_memberships_contains_paid_content":false,"footnotes":""},"categories":[2,6],"tags":[183,2202,946,94],"class_list":{"0":"post-202074","1":"post","2":"type-post","3":"status-publish","4":"format-standard","5":"has-post-thumbnail","7":"category-featured","8":"category-inclusive","9":"tag-colinas","10":"tag-escolha-de-soberanas","11":"tag-inscricoes","12":"tag-soberanas","13":"pmpro-has-access"},"yoast_head":"<!-- This site is optimized with the Yoast SEO plugin v27.5 - https:\/\/yoast.com\/product\/yoast-seo-wordpress\/ -->\n<title>Inscri\u00e7\u00f5es abertas para Soberanas de Colinas 2026 - Folha Popular<\/title>\n<meta name=\"robots\" content=\"index, follow, max-snippet:-1, max-image-preview:large, max-video-preview:-1\" \/>\n<link rel=\"canonical\" href=\"https:\/\/folhapopular.info\/index.php\/2026\/01\/14\/inscricoes-abertas-para-soberanas-de-colinas-2026\/\" \/>\n<meta property=\"og:locale\" content=\"pt_BR\" \/>\n<meta property=\"og:type\" content=\"article\" \/>\n<meta property=\"og:title\" content=\"Inscri\u00e7\u00f5es abertas para Soberanas de Colinas 2026 - Folha Popular\" \/>\n<meta property=\"og:description\" content=\"O munic\u00edpio de Colinas abriu as inscri\u00e7\u00f5es para a Escolha das Soberanas de Colinas 2026 nesta segunda-feira (12\/1). A iniciativa, promovida pela administra\u00e7\u00e3o municipal, oferece \u00e0s participantes a oportunidade de vivenciar uma experi\u00eancia cultural e formativa, voltada \u00e0 valoriza\u00e7\u00e3o da identidade local e ao desenvolvimento pessoal. Podem participar jovens com idade entre 18 e 26 [&hellip;]\" \/>\n<meta property=\"og:url\" content=\"https:\/\/folhapopular.info\/index.php\/2026\/01\/14\/inscricoes-abertas-para-soberanas-de-colinas-2026\/\" \/>\n<meta property=\"og:site_name\" content=\"Folha Popular\" \/>\n<meta property=\"article:published_time\" content=\"2026-01-14T18:00:00+00:00\" \/>\n<meta property=\"article:modified_time\" content=\"2026-01-15T11:24:19+00:00\" \/>\n<meta property=\"og:image\" content=\"http:\/\/folhapopular.info\/wp-content\/uploads\/2021\/10\/WhatsApp-Image-2021-10-30-at-23.49.34.jpeg\" \/>\n\t<meta property=\"og:image:width\" content=\"768\" \/>\n\t<meta property=\"og:image:height\" content=\"1024\" \/>\n\t<meta property=\"og:image:type\" content=\"image\/jpeg\" \/>\n<meta name=\"author\" content=\"Reda\u00e7\u00e3o Folha Popular\" \/>\n<meta name=\"twitter:card\" content=\"summary_large_image\" \/>\n<meta name=\"twitter:label1\" content=\"Escrito por\" \/>\n\t<meta name=\"twitter:data1\" content=\"Reda\u00e7\u00e3o Folha Popular\" \/>\n\t<meta name=\"twitter:label2\" content=\"Est. tempo de leitura\" \/>\n\t<meta name=\"twitter:data2\" content=\"2 minutos\" \/>\n<script type=\"application\/ld+json\" class=\"yoast-schema-graph\">{\"@context\":\"https:\\\/\\\/schema.org\",\"@graph\":[{\"@type\":\"Article\",\"@id\":\"https:\\\/\\\/folhapopular.info\\\/index.php\\\/2026\\\/01\\\/14\\\/inscricoes-abertas-para-soberanas-de-colinas-2026\\\/#article\",\"isPartOf\":{\"@id\":\"https:\\\/\\\/folhapopular.info\\\/index.php\\\/2026\\\/01\\\/14\\\/inscricoes-abertas-para-soberanas-de-colinas-2026\\\/\"},\"author\":{\"name\":\"Reda\u00e7\u00e3o Folha Popular\",\"@id\":\"https:\\\/\\\/folhapopular.info\\\/#\\\/schema\\\/person\\\/2814e8a0df7643585a9ca38bc6eb9d4b\"},\"headline\":\"Inscri\u00e7\u00f5es abertas para Soberanas de Colinas 2026\",\"datePublished\":\"2026-01-14T18:00:00+00:00\",\"dateModified\":\"2026-01-15T11:24:19+00:00\",\"mainEntityOfPage\":{\"@id\":\"https:\\\/\\\/folhapopular.info\\\/index.php\\\/2026\\\/01\\\/14\\\/inscricoes-abertas-para-soberanas-de-colinas-2026\\\/\"},\"wordCount\":220,\"commentCount\":0,\"image\":{\"@id\":\"https:\\\/\\\/folhapopular.info\\\/index.php\\\/2026\\\/01\\\/14\\\/inscricoes-abertas-para-soberanas-de-colinas-2026\\\/#primaryimage\"},\"thumbnailUrl\":\"https:\\\/\\\/folhapopular.info\\\/wp-content\\\/uploads\\\/2021\\\/10\\\/WhatsApp-Image-2021-10-30-at-23.49.34.jpeg\",\"keywords\":[\"Colinas\",\"Escolha de Soberanas\",\"Inscri\u00e7\u00f5es\",\"Soberanas\"],\"articleSection\":[\"Destaques\",\"Inclusive\"],\"inLanguage\":\"pt-BR\",\"potentialAction\":[{\"@type\":\"CommentAction\",\"name\":\"Comment\",\"target\":[\"https:\\\/\\\/folhapopular.info\\\/index.php\\\/2026\\\/01\\\/14\\\/inscricoes-abertas-para-soberanas-de-colinas-2026\\\/#respond\"]}]},{\"@type\":\"WebPage\",\"@id\":\"https:\\\/\\\/folhapopular.info\\\/index.php\\\/2026\\\/01\\\/14\\\/inscricoes-abertas-para-soberanas-de-colinas-2026\\\/\",\"url\":\"https:\\\/\\\/folhapopular.info\\\/index.php\\\/2026\\\/01\\\/14\\\/inscricoes-abertas-para-soberanas-de-colinas-2026\\\/\",\"name\":\"Inscri\u00e7\u00f5es abertas para Soberanas de Colinas 2026 - Folha Popular\",\"isPartOf\":{\"@id\":\"https:\\\/\\\/folhapopular.info\\\/#website\"},\"primaryImageOfPage\":{\"@id\":\"https:\\\/\\\/folhapopular.info\\\/index.php\\\/2026\\\/01\\\/14\\\/inscricoes-abertas-para-soberanas-de-colinas-2026\\\/#primaryimage\"},\"image\":{\"@id\":\"https:\\\/\\\/folhapopular.info\\\/index.php\\\/2026\\\/01\\\/14\\\/inscricoes-abertas-para-soberanas-de-colinas-2026\\\/#primaryimage\"},\"thumbnailUrl\":\"https:\\\/\\\/folhapopular.info\\\/wp-content\\\/uploads\\\/2021\\\/10\\\/WhatsApp-Image-2021-10-30-at-23.49.34.jpeg\",\"datePublished\":\"2026-01-14T18:00:00+00:00\",\"dateModified\":\"2026-01-15T11:24:19+00:00\",\"author\":{\"@id\":\"https:\\\/\\\/folhapopular.info\\\/#\\\/schema\\\/person\\\/2814e8a0df7643585a9ca38bc6eb9d4b\"},\"breadcrumb\":{\"@id\":\"https:\\\/\\\/folhapopular.info\\\/index.php\\\/2026\\\/01\\\/14\\\/inscricoes-abertas-para-soberanas-de-colinas-2026\\\/#breadcrumb\"},\"inLanguage\":\"pt-BR\",\"potentialAction\":[{\"@type\":\"ReadAction\",\"target\":[\"https:\\\/\\\/folhapopular.info\\\/index.php\\\/2026\\\/01\\\/14\\\/inscricoes-abertas-para-soberanas-de-colinas-2026\\\/\"]}]},{\"@type\":\"ImageObject\",\"inLanguage\":\"pt-BR\",\"@id\":\"https:\\\/\\\/folhapopular.info\\\/index.php\\\/2026\\\/01\\\/14\\\/inscricoes-abertas-para-soberanas-de-colinas-2026\\\/#primaryimage\",\"url\":\"https:\\\/\\\/folhapopular.info\\\/wp-content\\\/uploads\\\/2021\\\/10\\\/WhatsApp-Image-2021-10-30-at-23.49.34.jpeg\",\"contentUrl\":\"https:\\\/\\\/folhapopular.info\\\/wp-content\\\/uploads\\\/2021\\\/10\\\/WhatsApp-Image-2021-10-30-at-23.49.34.jpeg\",\"width\":768,\"height\":1024,\"caption\":\"Soberanas de Colinas 2021\\\/2023 \\\/ Cr\u00e9dito: Luciana Brune\"},{\"@type\":\"BreadcrumbList\",\"@id\":\"https:\\\/\\\/folhapopular.info\\\/index.php\\\/2026\\\/01\\\/14\\\/inscricoes-abertas-para-soberanas-de-colinas-2026\\\/#breadcrumb\",\"itemListElement\":[{\"@type\":\"ListItem\",\"position\":1,\"name\":\"In\u00edcio\",\"item\":\"https:\\\/\\\/folhapopular.info\\\/\"},{\"@type\":\"ListItem\",\"position\":2,\"name\":\"Inscri\u00e7\u00f5es abertas para Soberanas de Colinas 2026\"}]},{\"@type\":\"WebSite\",\"@id\":\"https:\\\/\\\/folhapopular.info\\\/#website\",\"url\":\"https:\\\/\\\/folhapopular.info\\\/\",\"name\":\"Folha Popular\",\"description\":\"Onde voc\u00ea tem vez e voz\",\"potentialAction\":[{\"@type\":\"SearchAction\",\"target\":{\"@type\":\"EntryPoint\",\"urlTemplate\":\"https:\\\/\\\/folhapopular.info\\\/?s={search_term_string}\"},\"query-input\":{\"@type\":\"PropertyValueSpecification\",\"valueRequired\":true,\"valueName\":\"search_term_string\"}}],\"inLanguage\":\"pt-BR\"},{\"@type\":\"Person\",\"@id\":\"https:\\\/\\\/folhapopular.info\\\/#\\\/schema\\\/person\\\/2814e8a0df7643585a9ca38bc6eb9d4b\",\"name\":\"Reda\u00e7\u00e3o Folha Popular\",\"image\":{\"@type\":\"ImageObject\",\"inLanguage\":\"pt-BR\",\"@id\":\"https:\\\/\\\/folhapopular.info\\\/wp-content\\\/uploads\\\/2026\\\/04\\\/Folha-1.webp\",\"url\":\"https:\\\/\\\/folhapopular.info\\\/wp-content\\\/uploads\\\/2026\\\/04\\\/Folha-1.webp\",\"contentUrl\":\"https:\\\/\\\/folhapopular.info\\\/wp-content\\\/uploads\\\/2026\\\/04\\\/Folha-1.webp\",\"caption\":\"Reda\u00e7\u00e3o Folha Popular\"},\"url\":\"https:\\\/\\\/folhapopular.info\\\/index.php\\\/author\\\/redacao\\\/\"}]}<\/script>\n<!-- \/ Yoast SEO plugin. -->","yoast_head_json":{"title":"Inscri\u00e7\u00f5es abertas para Soberanas de Colinas 2026 - Folha Popular","robots":{"index":"index","follow":"follow","max-snippet":"max-snippet:-1","max-image-preview":"max-image-preview:large","max-video-preview":"max-video-preview:-1"},"canonical":"https:\/\/folhapopular.info\/index.php\/2026\/01\/14\/inscricoes-abertas-para-soberanas-de-colinas-2026\/","og_locale":"pt_BR","og_type":"article","og_title":"Inscri\u00e7\u00f5es abertas para Soberanas de Colinas 2026 - Folha Popular","og_description":"O munic\u00edpio de Colinas abriu as inscri\u00e7\u00f5es para a Escolha das Soberanas de Colinas 2026 nesta segunda-feira (12\/1). A iniciativa, promovida pela administra\u00e7\u00e3o municipal, oferece \u00e0s participantes a oportunidade de vivenciar uma experi\u00eancia cultural e formativa, voltada \u00e0 valoriza\u00e7\u00e3o da identidade local e ao desenvolvimento pessoal. Podem participar jovens com idade entre 18 e 26 [&hellip;]","og_url":"https:\/\/folhapopular.info\/index.php\/2026\/01\/14\/inscricoes-abertas-para-soberanas-de-colinas-2026\/","og_site_name":"Folha Popular","article_published_time":"2026-01-14T18:00:00+00:00","article_modified_time":"2026-01-15T11:24:19+00:00","og_image":[{"width":768,"height":1024,"url":"http:\/\/folhapopular.info\/wp-content\/uploads\/2021\/10\/WhatsApp-Image-2021-10-30-at-23.49.34.jpeg","type":"image\/jpeg"}],"author":"Reda\u00e7\u00e3o Folha Popular","twitter_card":"summary_large_image","twitter_misc":{"Escrito por":"Reda\u00e7\u00e3o Folha Popular","Est. tempo de leitura":"2 minutos"},"schema":{"@context":"https:\/\/schema.org","@graph":[{"@type":"Article","@id":"https:\/\/folhapopular.info\/index.php\/2026\/01\/14\/inscricoes-abertas-para-soberanas-de-colinas-2026\/#article","isPartOf":{"@id":"https:\/\/folhapopular.info\/index.php\/2026\/01\/14\/inscricoes-abertas-para-soberanas-de-colinas-2026\/"},"author":{"name":"Reda\u00e7\u00e3o Folha Popular","@id":"https:\/\/folhapopular.info\/#\/schema\/person\/2814e8a0df7643585a9ca38bc6eb9d4b"},"headline":"Inscri\u00e7\u00f5es abertas para Soberanas de Colinas 2026","datePublished":"2026-01-14T18:00:00+00:00","dateModified":"2026-01-15T11:24:19+00:00","mainEntityOfPage":{"@id":"https:\/\/folhapopular.info\/index.php\/2026\/01\/14\/inscricoes-abertas-para-soberanas-de-colinas-2026\/"},"wordCount":220,"commentCount":0,"image":{"@id":"https:\/\/folhapopular.info\/index.php\/2026\/01\/14\/inscricoes-abertas-para-soberanas-de-colinas-2026\/#primaryimage"},"thumbnailUrl":"https:\/\/folhapopular.info\/wp-content\/uploads\/2021\/10\/WhatsApp-Image-2021-10-30-at-23.49.34.jpeg","keywords":["Colinas","Escolha de Soberanas","Inscri\u00e7\u00f5es","Soberanas"],"articleSection":["Destaques","Inclusive"],"inLanguage":"pt-BR","potentialAction":[{"@type":"CommentAction","name":"Comment","target":["https:\/\/folhapopular.info\/index.php\/2026\/01\/14\/inscricoes-abertas-para-soberanas-de-colinas-2026\/#respond"]}]},{"@type":"WebPage","@id":"https:\/\/folhapopular.info\/index.php\/2026\/01\/14\/inscricoes-abertas-para-soberanas-de-colinas-2026\/","url":"https:\/\/folhapopular.info\/index.php\/2026\/01\/14\/inscricoes-abertas-para-soberanas-de-colinas-2026\/","name":"Inscri\u00e7\u00f5es abertas para Soberanas de Colinas 2026 - Folha Popular","isPartOf":{"@id":"https:\/\/folhapopular.info\/#website"},"primaryImageOfPage":{"@id":"https:\/\/folhapopular.info\/index.php\/2026\/01\/14\/inscricoes-abertas-para-soberanas-de-colinas-2026\/#primaryimage"},"image":{"@id":"https:\/\/folhapopular.info\/index.php\/2026\/01\/14\/inscricoes-abertas-para-soberanas-de-colinas-2026\/#primaryimage"},"thumbnailUrl":"https:\/\/folhapopular.info\/wp-content\/uploads\/2021\/10\/WhatsApp-Image-2021-10-30-at-23.49.34.jpeg","datePublished":"2026-01-14T18:00:00+00:00","dateModified":"2026-01-15T11:24:19+00:00","author":{"@id":"https:\/\/folhapopular.info\/#\/schema\/person\/2814e8a0df7643585a9ca38bc6eb9d4b"},"breadcrumb":{"@id":"https:\/\/folhapopular.info\/index.php\/2026\/01\/14\/inscricoes-abertas-para-soberanas-de-colinas-2026\/#breadcrumb"},"inLanguage":"pt-BR","potentialAction":[{"@type":"ReadAction","target":["https:\/\/folhapopular.info\/index.php\/2026\/01\/14\/inscricoes-abertas-para-soberanas-de-colinas-2026\/"]}]},{"@type":"ImageObject","inLanguage":"pt-BR","@id":"https:\/\/folhapopular.info\/index.php\/2026\/01\/14\/inscricoes-abertas-para-soberanas-de-colinas-2026\/#primaryimage","url":"https:\/\/folhapopular.info\/wp-content\/uploads\/2021\/10\/WhatsApp-Image-2021-10-30-at-23.49.34.jpeg","contentUrl":"https:\/\/folhapopular.info\/wp-content\/uploads\/2021\/10\/WhatsApp-Image-2021-10-30-at-23.49.34.jpeg","width":768,"height":1024,"caption":"Soberanas de Colinas 2021\/2023 \/ Cr\u00e9dito: Luciana Brune"},{"@type":"BreadcrumbList","@id":"https:\/\/folhapopular.info\/index.php\/2026\/01\/14\/inscricoes-abertas-para-soberanas-de-colinas-2026\/#breadcrumb","itemListElement":[{"@type":"ListItem","position":1,"name":"In\u00edcio","item":"https:\/\/folhapopular.info\/"},{"@type":"ListItem","position":2,"name":"Inscri\u00e7\u00f5es abertas para Soberanas de Colinas 2026"}]},{"@type":"WebSite","@id":"https:\/\/folhapopular.info\/#website","url":"https:\/\/folhapopular.info\/","name":"Folha Popular","description":"Onde voc\u00ea tem vez e voz","potentialAction":[{"@type":"SearchAction","target":{"@type":"EntryPoint","urlTemplate":"https:\/\/folhapopular.info\/?s={search_term_string}"},"query-input":{"@type":"PropertyValueSpecification","valueRequired":true,"valueName":"search_term_string"}}],"inLanguage":"pt-BR"},{"@type":"Person","@id":"https:\/\/folhapopular.info\/#\/schema\/person\/2814e8a0df7643585a9ca38bc6eb9d4b","name":"Reda\u00e7\u00e3o Folha Popular","image":{"@type":"ImageObject","inLanguage":"pt-BR","@id":"https:\/\/folhapopular.info\/wp-content\/uploads\/2026\/04\/Folha-1.webp","url":"https:\/\/folhapopular.info\/wp-content\/uploads\/2026\/04\/Folha-1.webp","contentUrl":"https:\/\/folhapopular.info\/wp-content\/uploads\/2026\/04\/Folha-1.webp","caption":"Reda\u00e7\u00e3o Folha Popular"},"url":"https:\/\/folhapopular.info\/index.php\/author\/redacao\/"}]}},"jetpack_featured_media_url":"https:\/\/folhapopular.info\/wp-content\/uploads\/2021\/10\/WhatsApp-Image-2021-10-30-at-23.49.34.jpeg","jetpack_sharing_enabled":true,"amp_enabled":true,"_links":{"self":[{"href":"https:\/\/folhapopular.info\/index.php\/wp-json\/wp\/v2\/posts\/202074","targetHints":{"allow":["GET"]}}],"collection":[{"href":"https:\/\/folhapopular.info\/index.php\/wp-json\/wp\/v2\/posts"}],"about":[{"href":"https:\/\/folhapopular.info\/index.php\/wp-json\/wp\/v2\/types\/post"}],"author":[{"embeddable":true,"href":"https:\/\/folhapopular.info\/index.php\/wp-json\/wp\/v2\/users\/8"}],"replies":[{"embeddable":true,"href":"https:\/\/folhapopular.info\/index.php\/wp-json\/wp\/v2\/comments?post=202074"}],"version-history":[{"count":0,"href":"https:\/\/folhapopular.info\/index.php\/wp-json\/wp\/v2\/posts\/202074\/revisions"}],"wp:featuredmedia":[{"embeddable":true,"href":"https:\/\/folhapopular.info\/index.php\/wp-json\/wp\/v2\/media\/92112"}],"wp:attachment":[{"href":"https:\/\/folhapopular.info\/index.php\/wp-json\/wp\/v2\/media?parent=202074"}],"wp:term":[{"taxonomy":"category","embeddable":true,"href":"https:\/\/folhapopular.info\/index.php\/wp-json\/wp\/v2\/categories?post=202074"},{"taxonomy":"post_tag","embeddable":true,"href":"https:\/\/folhapopular.info\/index.php\/wp-json\/wp\/v2\/tags?post=202074"}],"curies":[{"name":"wp","href":"https:\/\/api.w.org\/{rel}","templated":true}]}}