{"id":202170,"date":"2026-01-16T08:00:00","date_gmt":"2026-01-16T11:00:00","guid":{"rendered":"https:\/\/folhapopular.info\/?p=202170"},"modified":"2026-01-15T16:50:18","modified_gmt":"2026-01-15T19:50:18","slug":"cooperativa-languiru-qualifica-jovens-do-meio-rural-em-estrela","status":"publish","type":"post","link":"https:\/\/folhapopular.info\/index.php\/2026\/01\/16\/cooperativa-languiru-qualifica-jovens-do-meio-rural-em-estrela\/","title":{"rendered":"Cooperativa Languiru qualifica jovens do meio rural em Estrela"},"content":{"rendered":"\n<p>O Munic\u00edpio de Estrela integra o Programa Jovem Aprendiz da Cooperativa Languiru, que atende 17 jovens rurais da regi\u00e3o, com idades entre 14 e 16 anos. Do total de participantes, dez s\u00e3o de Estrela, oriundos das comunidades de Delfina, Linha Lenz e S\u00e3o Jac\u00f3. O objetivo \u00e9 qualificar jovens do meio rural, incentivar a sucess\u00e3o familiar e contribuir para a perman\u00eancia no campo.<\/p>\n\n\n\n<p>O programa tem dura\u00e7\u00e3o de 18 meses e mant\u00e9m v\u00ednculo formal de Jovem Aprendiz com a cooperativa. A carga hor\u00e1ria total \u00e9 de 1.104 horas, sendo 400 horas destinadas \u00e0 forma\u00e7\u00e3o te\u00f3rica e 704 horas \u00e0s atividades pr\u00e1ticas. A forma\u00e7\u00e3o pedag\u00f3gica \u00e9 realizada pelo Col\u00e9gio Teut\u00f4nia, enquanto a parte pr\u00e1tica ocorre em propriedades rurais, com aulas concentradas no distrito da Delfina, no espa\u00e7o da Unifrater. <\/p>\n\n\n\n<p>Durante a apresenta\u00e7\u00e3o do programa, na aula inaugural, o prefeito em exerc\u00edcio de Estrela, M\u00e1rcio Mallmann, destacou a import\u00e2ncia da parceria institucional. Ele agradece \u00e0 Cooperativa Languiru e \u00e0 Unifrater pela iniciativa e refor\u00e7a que os jovens t\u00eam, no pr\u00f3prio territ\u00f3rio, oportunidades para conhecer, evoluir e crescer. <\/p>\n\n\n\n<p>O presidente da Cooperativa Languiru, Paulo Birck, explica que esta \u00e9 uma turma-piloto, mas com perspectiva de continuidade. \u201cO programa estimula a lideran\u00e7a e demonstra que o meio rural oferece oportunidades reais de desenvolvimento pessoal\u201d, afirma. <\/p>\n\n\n\n<p>Entre os participantes est\u00e1 Cibele Mallmann, de 14 anos, moradora do distrito da Delfina. A jovem avalia a experi\u00eancia como uma oportunidade diferenciada de acesso ao conhecimento, com uma abordagem intuitiva e estimulante. \u201cVou desenvolver as atividades pr\u00e1ticas na propriedade da minha tia-av\u00f3, aqui mesmo na Delfina. Com tudo o que espero aprender, acredito que poderei seguir minha trajet\u00f3ria no meio rural, j\u00e1 que nossa fam\u00edlia atua no cultivo de verduras para comercializa\u00e7\u00e3o na Feira do Produtor\u201d, explica.<\/p>\n\n\n\n<figure class=\"wp-block-image size-large\"><img loading=\"lazy\" decoding=\"async\" width=\"1024\" height=\"576\" src=\"https:\/\/folhapopular.info\/wp-content\/uploads\/2026\/01\/WhatsApp-Image-2026-01-15-at-12.58.57-1024x576.jpeg\" alt=\"\" class=\"wp-image-202172\" srcset=\"https:\/\/folhapopular.info\/wp-content\/uploads\/2026\/01\/WhatsApp-Image-2026-01-15-at-12.58.57-1024x576.jpeg 1024w, https:\/\/folhapopular.info\/wp-content\/uploads\/2026\/01\/WhatsApp-Image-2026-01-15-at-12.58.57-300x169.jpeg 300w, https:\/\/folhapopular.info\/wp-content\/uploads\/2026\/01\/WhatsApp-Image-2026-01-15-at-12.58.57-768x432.jpeg 768w, https:\/\/folhapopular.info\/wp-content\/uploads\/2026\/01\/WhatsApp-Image-2026-01-15-at-12.58.57-747x420.jpeg 747w, https:\/\/folhapopular.info\/wp-content\/uploads\/2026\/01\/WhatsApp-Image-2026-01-15-at-12.58.57-696x392.jpeg 696w, https:\/\/folhapopular.info\/wp-content\/uploads\/2026\/01\/WhatsApp-Image-2026-01-15-at-12.58.57-1068x601.jpeg 1068w, https:\/\/folhapopular.info\/wp-content\/uploads\/2026\/01\/WhatsApp-Image-2026-01-15-at-12.58.57.jpeg 1360w\" sizes=\"auto, (max-width: 1024px) 100vw, 1024px\" \/><figcaption class=\"wp-element-caption\">Cr\u00e9dito: Rodrigo Nascimento \/ AI Estrela<\/figcaption><\/figure>\n","protected":false},"excerpt":{"rendered":"<p>O Munic\u00edpio de Estrela integra o Programa Jovem Aprendiz da Cooperativa Languiru, que atende 17 jovens rurais da regi\u00e3o, com idades entre 14 e 16 anos. Do total de participantes, dez s\u00e3o de Estrela, oriundos das comunidades de Delfina, Linha Lenz e S\u00e3o Jac\u00f3. O objetivo \u00e9 qualificar jovens do meio rural, incentivar a sucess\u00e3o [&hellip;]<\/p>\n","protected":false},"author":8,"featured_media":202171,"comment_status":"open","ping_status":"open","sticky":false,"template":"","format":"standard","meta":{"pmpro_default_level":"","_jetpack_memberships_contains_paid_content":false,"footnotes":""},"categories":[10992,2,10991,10994],"tags":[313,9165,8,405,11027],"class_list":{"0":"post-202170","1":"post","2":"type-post","3":"status-publish","4":"format-standard","5":"has-post-thumbnail","7":"category-coopop","8":"category-featured","9":"category-economia","10":"category-rural","11":"tag-cooperativa-languiru","12":"tag-coopop","13":"tag-estrela","14":"tag-jovem-aprendiz","15":"tag-rural","16":"pmpro-has-access"},"yoast_head":"<!-- This site is optimized with the Yoast SEO plugin v27.5 - https:\/\/yoast.com\/product\/yoast-seo-wordpress\/ -->\n<title>Cooperativa Languiru qualifica jovens do meio rural em Estrela - Folha Popular<\/title>\n<meta name=\"description\" content=\"O objetivo \u00e9 qualificar jovens do meio rural, incentivar a sucess\u00e3o familiar e contribuir para a perman\u00eancia no campo.\" \/>\n<meta name=\"robots\" content=\"index, follow, max-snippet:-1, max-image-preview:large, max-video-preview:-1\" \/>\n<link rel=\"canonical\" href=\"https:\/\/folhapopular.info\/index.php\/2026\/01\/16\/cooperativa-languiru-qualifica-jovens-do-meio-rural-em-estrela\/\" \/>\n<meta property=\"og:locale\" content=\"pt_BR\" \/>\n<meta property=\"og:type\" content=\"article\" \/>\n<meta property=\"og:title\" content=\"Cooperativa Languiru qualifica jovens do meio rural em Estrela - Folha Popular\" \/>\n<meta property=\"og:description\" content=\"O objetivo \u00e9 qualificar jovens do meio rural, incentivar a sucess\u00e3o familiar e contribuir para a perman\u00eancia no campo.\" \/>\n<meta property=\"og:url\" content=\"https:\/\/folhapopular.info\/index.php\/2026\/01\/16\/cooperativa-languiru-qualifica-jovens-do-meio-rural-em-estrela\/\" \/>\n<meta property=\"og:site_name\" content=\"Folha Popular\" \/>\n<meta property=\"article:published_time\" content=\"2026-01-16T11:00:00+00:00\" \/>\n<meta property=\"og:image\" content=\"https:\/\/folhapopular.info\/wp-content\/uploads\/2026\/01\/WhatsApp-Image-2026-01-15-at-12.58.56.jpeg\" \/>\n\t<meta property=\"og:image:width\" content=\"1600\" \/>\n\t<meta property=\"og:image:height\" content=\"900\" \/>\n\t<meta property=\"og:image:type\" content=\"image\/jpeg\" \/>\n<meta name=\"author\" content=\"Reda\u00e7\u00e3o Folha Popular\" \/>\n<meta name=\"twitter:card\" content=\"summary_large_image\" \/>\n<meta name=\"twitter:label1\" content=\"Escrito por\" \/>\n\t<meta name=\"twitter:data1\" content=\"Reda\u00e7\u00e3o Folha Popular\" \/>\n\t<meta name=\"twitter:label2\" content=\"Est. tempo de leitura\" \/>\n\t<meta name=\"twitter:data2\" content=\"3 minutos\" \/>\n<script type=\"application\/ld+json\" class=\"yoast-schema-graph\">{\"@context\":\"https:\\\/\\\/schema.org\",\"@graph\":[{\"@type\":\"Article\",\"@id\":\"https:\\\/\\\/folhapopular.info\\\/index.php\\\/2026\\\/01\\\/16\\\/cooperativa-languiru-qualifica-jovens-do-meio-rural-em-estrela\\\/#article\",\"isPartOf\":{\"@id\":\"https:\\\/\\\/folhapopular.info\\\/index.php\\\/2026\\\/01\\\/16\\\/cooperativa-languiru-qualifica-jovens-do-meio-rural-em-estrela\\\/\"},\"author\":{\"name\":\"Reda\u00e7\u00e3o Folha Popular\",\"@id\":\"https:\\\/\\\/folhapopular.info\\\/#\\\/schema\\\/person\\\/2814e8a0df7643585a9ca38bc6eb9d4b\"},\"headline\":\"Cooperativa Languiru qualifica jovens do meio rural em Estrela\",\"datePublished\":\"2026-01-16T11:00:00+00:00\",\"mainEntityOfPage\":{\"@id\":\"https:\\\/\\\/folhapopular.info\\\/index.php\\\/2026\\\/01\\\/16\\\/cooperativa-languiru-qualifica-jovens-do-meio-rural-em-estrela\\\/\"},\"wordCount\":322,\"commentCount\":0,\"image\":{\"@id\":\"https:\\\/\\\/folhapopular.info\\\/index.php\\\/2026\\\/01\\\/16\\\/cooperativa-languiru-qualifica-jovens-do-meio-rural-em-estrela\\\/#primaryimage\"},\"thumbnailUrl\":\"https:\\\/\\\/folhapopular.info\\\/wp-content\\\/uploads\\\/2026\\\/01\\\/WhatsApp-Image-2026-01-15-at-12.58.56.jpeg\",\"keywords\":[\"Cooperativa Languiru\",\"Coopop\",\"Estrela\",\"Jovem Aprendiz\",\"rural\"],\"articleSection\":[\"Coopop\",\"Destaques\",\"Economia\",\"Rural\"],\"inLanguage\":\"pt-BR\",\"potentialAction\":[{\"@type\":\"CommentAction\",\"name\":\"Comment\",\"target\":[\"https:\\\/\\\/folhapopular.info\\\/index.php\\\/2026\\\/01\\\/16\\\/cooperativa-languiru-qualifica-jovens-do-meio-rural-em-estrela\\\/#respond\"]}]},{\"@type\":\"WebPage\",\"@id\":\"https:\\\/\\\/folhapopular.info\\\/index.php\\\/2026\\\/01\\\/16\\\/cooperativa-languiru-qualifica-jovens-do-meio-rural-em-estrela\\\/\",\"url\":\"https:\\\/\\\/folhapopular.info\\\/index.php\\\/2026\\\/01\\\/16\\\/cooperativa-languiru-qualifica-jovens-do-meio-rural-em-estrela\\\/\",\"name\":\"Cooperativa Languiru qualifica jovens do meio rural em Estrela - Folha Popular\",\"isPartOf\":{\"@id\":\"https:\\\/\\\/folhapopular.info\\\/#website\"},\"primaryImageOfPage\":{\"@id\":\"https:\\\/\\\/folhapopular.info\\\/index.php\\\/2026\\\/01\\\/16\\\/cooperativa-languiru-qualifica-jovens-do-meio-rural-em-estrela\\\/#primaryimage\"},\"image\":{\"@id\":\"https:\\\/\\\/folhapopular.info\\\/index.php\\\/2026\\\/01\\\/16\\\/cooperativa-languiru-qualifica-jovens-do-meio-rural-em-estrela\\\/#primaryimage\"},\"thumbnailUrl\":\"https:\\\/\\\/folhapopular.info\\\/wp-content\\\/uploads\\\/2026\\\/01\\\/WhatsApp-Image-2026-01-15-at-12.58.56.jpeg\",\"datePublished\":\"2026-01-16T11:00:00+00:00\",\"author\":{\"@id\":\"https:\\\/\\\/folhapopular.info\\\/#\\\/schema\\\/person\\\/2814e8a0df7643585a9ca38bc6eb9d4b\"},\"description\":\"O objetivo \u00e9 qualificar jovens do meio rural, incentivar a sucess\u00e3o familiar e contribuir para a perman\u00eancia no campo.\",\"breadcrumb\":{\"@id\":\"https:\\\/\\\/folhapopular.info\\\/index.php\\\/2026\\\/01\\\/16\\\/cooperativa-languiru-qualifica-jovens-do-meio-rural-em-estrela\\\/#breadcrumb\"},\"inLanguage\":\"pt-BR\",\"potentialAction\":[{\"@type\":\"ReadAction\",\"target\":[\"https:\\\/\\\/folhapopular.info\\\/index.php\\\/2026\\\/01\\\/16\\\/cooperativa-languiru-qualifica-jovens-do-meio-rural-em-estrela\\\/\"]}]},{\"@type\":\"ImageObject\",\"inLanguage\":\"pt-BR\",\"@id\":\"https:\\\/\\\/folhapopular.info\\\/index.php\\\/2026\\\/01\\\/16\\\/cooperativa-languiru-qualifica-jovens-do-meio-rural-em-estrela\\\/#primaryimage\",\"url\":\"https:\\\/\\\/folhapopular.info\\\/wp-content\\\/uploads\\\/2026\\\/01\\\/WhatsApp-Image-2026-01-15-at-12.58.56.jpeg\",\"contentUrl\":\"https:\\\/\\\/folhapopular.info\\\/wp-content\\\/uploads\\\/2026\\\/01\\\/WhatsApp-Image-2026-01-15-at-12.58.56.jpeg\",\"width\":1600,\"height\":900,\"caption\":\"Cr\u00e9dito: Rodrigo Nascimento \\\/ AI Estrela\"},{\"@type\":\"BreadcrumbList\",\"@id\":\"https:\\\/\\\/folhapopular.info\\\/index.php\\\/2026\\\/01\\\/16\\\/cooperativa-languiru-qualifica-jovens-do-meio-rural-em-estrela\\\/#breadcrumb\",\"itemListElement\":[{\"@type\":\"ListItem\",\"position\":1,\"name\":\"In\u00edcio\",\"item\":\"https:\\\/\\\/folhapopular.info\\\/\"},{\"@type\":\"ListItem\",\"position\":2,\"name\":\"Cooperativa Languiru qualifica jovens do meio rural em Estrela\"}]},{\"@type\":\"WebSite\",\"@id\":\"https:\\\/\\\/folhapopular.info\\\/#website\",\"url\":\"https:\\\/\\\/folhapopular.info\\\/\",\"name\":\"Folha Popular\",\"description\":\"Onde voc\u00ea tem vez e voz\",\"potentialAction\":[{\"@type\":\"SearchAction\",\"target\":{\"@type\":\"EntryPoint\",\"urlTemplate\":\"https:\\\/\\\/folhapopular.info\\\/?s={search_term_string}\"},\"query-input\":{\"@type\":\"PropertyValueSpecification\",\"valueRequired\":true,\"valueName\":\"search_term_string\"}}],\"inLanguage\":\"pt-BR\"},{\"@type\":\"Person\",\"@id\":\"https:\\\/\\\/folhapopular.info\\\/#\\\/schema\\\/person\\\/2814e8a0df7643585a9ca38bc6eb9d4b\",\"name\":\"Reda\u00e7\u00e3o Folha Popular\",\"image\":{\"@type\":\"ImageObject\",\"inLanguage\":\"pt-BR\",\"@id\":\"https:\\\/\\\/folhapopular.info\\\/wp-content\\\/uploads\\\/2026\\\/04\\\/Folha-1.webp\",\"url\":\"https:\\\/\\\/folhapopular.info\\\/wp-content\\\/uploads\\\/2026\\\/04\\\/Folha-1.webp\",\"contentUrl\":\"https:\\\/\\\/folhapopular.info\\\/wp-content\\\/uploads\\\/2026\\\/04\\\/Folha-1.webp\",\"caption\":\"Reda\u00e7\u00e3o Folha Popular\"},\"url\":\"https:\\\/\\\/folhapopular.info\\\/index.php\\\/author\\\/redacao\\\/\"}]}<\/script>\n<!-- \/ Yoast SEO plugin. -->","yoast_head_json":{"title":"Cooperativa Languiru qualifica jovens do meio rural em Estrela - Folha Popular","description":"O objetivo \u00e9 qualificar jovens do meio rural, incentivar a sucess\u00e3o familiar e contribuir para a perman\u00eancia no campo.","robots":{"index":"index","follow":"follow","max-snippet":"max-snippet:-1","max-image-preview":"max-image-preview:large","max-video-preview":"max-video-preview:-1"},"canonical":"https:\/\/folhapopular.info\/index.php\/2026\/01\/16\/cooperativa-languiru-qualifica-jovens-do-meio-rural-em-estrela\/","og_locale":"pt_BR","og_type":"article","og_title":"Cooperativa Languiru qualifica jovens do meio rural em Estrela - Folha Popular","og_description":"O objetivo \u00e9 qualificar jovens do meio rural, incentivar a sucess\u00e3o familiar e contribuir para a perman\u00eancia no campo.","og_url":"https:\/\/folhapopular.info\/index.php\/2026\/01\/16\/cooperativa-languiru-qualifica-jovens-do-meio-rural-em-estrela\/","og_site_name":"Folha Popular","article_published_time":"2026-01-16T11:00:00+00:00","og_image":[{"width":1600,"height":900,"url":"https:\/\/folhapopular.info\/wp-content\/uploads\/2026\/01\/WhatsApp-Image-2026-01-15-at-12.58.56.jpeg","type":"image\/jpeg"}],"author":"Reda\u00e7\u00e3o Folha Popular","twitter_card":"summary_large_image","twitter_misc":{"Escrito por":"Reda\u00e7\u00e3o Folha Popular","Est. tempo de leitura":"3 minutos"},"schema":{"@context":"https:\/\/schema.org","@graph":[{"@type":"Article","@id":"https:\/\/folhapopular.info\/index.php\/2026\/01\/16\/cooperativa-languiru-qualifica-jovens-do-meio-rural-em-estrela\/#article","isPartOf":{"@id":"https:\/\/folhapopular.info\/index.php\/2026\/01\/16\/cooperativa-languiru-qualifica-jovens-do-meio-rural-em-estrela\/"},"author":{"name":"Reda\u00e7\u00e3o Folha Popular","@id":"https:\/\/folhapopular.info\/#\/schema\/person\/2814e8a0df7643585a9ca38bc6eb9d4b"},"headline":"Cooperativa Languiru qualifica jovens do meio rural em Estrela","datePublished":"2026-01-16T11:00:00+00:00","mainEntityOfPage":{"@id":"https:\/\/folhapopular.info\/index.php\/2026\/01\/16\/cooperativa-languiru-qualifica-jovens-do-meio-rural-em-estrela\/"},"wordCount":322,"commentCount":0,"image":{"@id":"https:\/\/folhapopular.info\/index.php\/2026\/01\/16\/cooperativa-languiru-qualifica-jovens-do-meio-rural-em-estrela\/#primaryimage"},"thumbnailUrl":"https:\/\/folhapopular.info\/wp-content\/uploads\/2026\/01\/WhatsApp-Image-2026-01-15-at-12.58.56.jpeg","keywords":["Cooperativa Languiru","Coopop","Estrela","Jovem Aprendiz","rural"],"articleSection":["Coopop","Destaques","Economia","Rural"],"inLanguage":"pt-BR","potentialAction":[{"@type":"CommentAction","name":"Comment","target":["https:\/\/folhapopular.info\/index.php\/2026\/01\/16\/cooperativa-languiru-qualifica-jovens-do-meio-rural-em-estrela\/#respond"]}]},{"@type":"WebPage","@id":"https:\/\/folhapopular.info\/index.php\/2026\/01\/16\/cooperativa-languiru-qualifica-jovens-do-meio-rural-em-estrela\/","url":"https:\/\/folhapopular.info\/index.php\/2026\/01\/16\/cooperativa-languiru-qualifica-jovens-do-meio-rural-em-estrela\/","name":"Cooperativa Languiru qualifica jovens do meio rural em Estrela - Folha Popular","isPartOf":{"@id":"https:\/\/folhapopular.info\/#website"},"primaryImageOfPage":{"@id":"https:\/\/folhapopular.info\/index.php\/2026\/01\/16\/cooperativa-languiru-qualifica-jovens-do-meio-rural-em-estrela\/#primaryimage"},"image":{"@id":"https:\/\/folhapopular.info\/index.php\/2026\/01\/16\/cooperativa-languiru-qualifica-jovens-do-meio-rural-em-estrela\/#primaryimage"},"thumbnailUrl":"https:\/\/folhapopular.info\/wp-content\/uploads\/2026\/01\/WhatsApp-Image-2026-01-15-at-12.58.56.jpeg","datePublished":"2026-01-16T11:00:00+00:00","author":{"@id":"https:\/\/folhapopular.info\/#\/schema\/person\/2814e8a0df7643585a9ca38bc6eb9d4b"},"description":"O objetivo \u00e9 qualificar jovens do meio rural, incentivar a sucess\u00e3o familiar e contribuir para a perman\u00eancia no campo.","breadcrumb":{"@id":"https:\/\/folhapopular.info\/index.php\/2026\/01\/16\/cooperativa-languiru-qualifica-jovens-do-meio-rural-em-estrela\/#breadcrumb"},"inLanguage":"pt-BR","potentialAction":[{"@type":"ReadAction","target":["https:\/\/folhapopular.info\/index.php\/2026\/01\/16\/cooperativa-languiru-qualifica-jovens-do-meio-rural-em-estrela\/"]}]},{"@type":"ImageObject","inLanguage":"pt-BR","@id":"https:\/\/folhapopular.info\/index.php\/2026\/01\/16\/cooperativa-languiru-qualifica-jovens-do-meio-rural-em-estrela\/#primaryimage","url":"https:\/\/folhapopular.info\/wp-content\/uploads\/2026\/01\/WhatsApp-Image-2026-01-15-at-12.58.56.jpeg","contentUrl":"https:\/\/folhapopular.info\/wp-content\/uploads\/2026\/01\/WhatsApp-Image-2026-01-15-at-12.58.56.jpeg","width":1600,"height":900,"caption":"Cr\u00e9dito: Rodrigo Nascimento \/ AI Estrela"},{"@type":"BreadcrumbList","@id":"https:\/\/folhapopular.info\/index.php\/2026\/01\/16\/cooperativa-languiru-qualifica-jovens-do-meio-rural-em-estrela\/#breadcrumb","itemListElement":[{"@type":"ListItem","position":1,"name":"In\u00edcio","item":"https:\/\/folhapopular.info\/"},{"@type":"ListItem","position":2,"name":"Cooperativa Languiru qualifica jovens do meio rural em Estrela"}]},{"@type":"WebSite","@id":"https:\/\/folhapopular.info\/#website","url":"https:\/\/folhapopular.info\/","name":"Folha Popular","description":"Onde voc\u00ea tem vez e voz","potentialAction":[{"@type":"SearchAction","target":{"@type":"EntryPoint","urlTemplate":"https:\/\/folhapopular.info\/?s={search_term_string}"},"query-input":{"@type":"PropertyValueSpecification","valueRequired":true,"valueName":"search_term_string"}}],"inLanguage":"pt-BR"},{"@type":"Person","@id":"https:\/\/folhapopular.info\/#\/schema\/person\/2814e8a0df7643585a9ca38bc6eb9d4b","name":"Reda\u00e7\u00e3o Folha Popular","image":{"@type":"ImageObject","inLanguage":"pt-BR","@id":"https:\/\/folhapopular.info\/wp-content\/uploads\/2026\/04\/Folha-1.webp","url":"https:\/\/folhapopular.info\/wp-content\/uploads\/2026\/04\/Folha-1.webp","contentUrl":"https:\/\/folhapopular.info\/wp-content\/uploads\/2026\/04\/Folha-1.webp","caption":"Reda\u00e7\u00e3o Folha Popular"},"url":"https:\/\/folhapopular.info\/index.php\/author\/redacao\/"}]}},"jetpack_featured_media_url":"https:\/\/folhapopular.info\/wp-content\/uploads\/2026\/01\/WhatsApp-Image-2026-01-15-at-12.58.56.jpeg","jetpack_sharing_enabled":true,"amp_enabled":true,"_links":{"self":[{"href":"https:\/\/folhapopular.info\/index.php\/wp-json\/wp\/v2\/posts\/202170","targetHints":{"allow":["GET"]}}],"collection":[{"href":"https:\/\/folhapopular.info\/index.php\/wp-json\/wp\/v2\/posts"}],"about":[{"href":"https:\/\/folhapopular.info\/index.php\/wp-json\/wp\/v2\/types\/post"}],"author":[{"embeddable":true,"href":"https:\/\/folhapopular.info\/index.php\/wp-json\/wp\/v2\/users\/8"}],"replies":[{"embeddable":true,"href":"https:\/\/folhapopular.info\/index.php\/wp-json\/wp\/v2\/comments?post=202170"}],"version-history":[{"count":0,"href":"https:\/\/folhapopular.info\/index.php\/wp-json\/wp\/v2\/posts\/202170\/revisions"}],"wp:featuredmedia":[{"embeddable":true,"href":"https:\/\/folhapopular.info\/index.php\/wp-json\/wp\/v2\/media\/202171"}],"wp:attachment":[{"href":"https:\/\/folhapopular.info\/index.php\/wp-json\/wp\/v2\/media?parent=202170"}],"wp:term":[{"taxonomy":"category","embeddable":true,"href":"https:\/\/folhapopular.info\/index.php\/wp-json\/wp\/v2\/categories?post=202170"},{"taxonomy":"post_tag","embeddable":true,"href":"https:\/\/folhapopular.info\/index.php\/wp-json\/wp\/v2\/tags?post=202170"}],"curies":[{"name":"wp","href":"https:\/\/api.w.org\/{rel}","templated":true}]}}