{"id":202191,"date":"2026-01-16T12:00:00","date_gmt":"2026-01-16T15:00:00","guid":{"rendered":"https:\/\/folhapopular.info\/?p=202191"},"modified":"2026-01-16T13:14:29","modified_gmt":"2026-01-16T16:14:29","slug":"certel-celebra-70-anos-com-evento-cultural-gratuito","status":"publish","type":"post","link":"https:\/\/folhapopular.info\/index.php\/2026\/01\/16\/certel-celebra-70-anos-com-evento-cultural-gratuito\/","title":{"rendered":"Certel celebra 70 anos com evento cultural gratuito"},"content":{"rendered":"\n<p>A <a href=\"https:\/\/www.certel.com.br\/\" target=\"_blank\" rel=\"noreferrer noopener\">Cooperativa Certel<\/a> realiza um evento cultural gratuito em comemora\u00e7\u00e3o aos seus 70 anos de atua\u00e7\u00e3o. A programa\u00e7\u00e3o inclui shows da dupla Claus &amp; Vanessa e da Banda Corpo e Alma, al\u00e9m de apresenta\u00e7\u00f5es art\u00edsticas e musicais regionais.<\/p>\n\n\n\n<p>O evento acontece no dia 6 de fevereiro, a partir das 19h30, no gin\u00e1sio da Associa\u00e7\u00e3o Pr\u00f3-Desenvolvimento de Languiru (APDL), em Teut\u00f4nia. A iniciativa celebra as sete d\u00e9cadas da cooperativa e refor\u00e7a o v\u00ednculo com associados e a comunidade regional.<\/p>\n\n\n\n<p>A abertura da noite contar\u00e1 com a anima\u00e7\u00e3o do grupo Cirkou Trupe, seguida por apresenta\u00e7\u00f5es do m\u00fasico Lucas Welp, com viol\u00e3o instrumental, do saxofonista Cristiano Ludwig e do concerto da Orquestra de Bar\u00e3o. Na sequ\u00eancia, sobem ao palco Claus &amp; Vanessa e, para encerrar, a Banda Corpo e Alma.<\/p>\n\n\n\n<p>A entrada \u00e9 gratuita, por\u00e9m os ingressos s\u00e3o limitados. As retiradas podem ser feitas na Matriz da Certel e nas Lojas Certel de Teut\u00f4nia (Canabarro, Languiru e Teut\u00f4nia), Po\u00e7o das Antas, Westf\u00e1lia e Estrela.<\/p>\n\n\n\n<figure class=\"wp-block-image size-large\"><img loading=\"lazy\" decoding=\"async\" width=\"819\" height=\"1024\" src=\"https:\/\/folhapopular.info\/wp-content\/uploads\/2026\/01\/70-anos-Certel-1-819x1024.jpeg\" alt=\"\" class=\"wp-image-202193\" srcset=\"https:\/\/folhapopular.info\/wp-content\/uploads\/2026\/01\/70-anos-Certel-1-819x1024.jpeg 819w, https:\/\/folhapopular.info\/wp-content\/uploads\/2026\/01\/70-anos-Certel-1-240x300.jpeg 240w, https:\/\/folhapopular.info\/wp-content\/uploads\/2026\/01\/70-anos-Certel-1-768x960.jpeg 768w, https:\/\/folhapopular.info\/wp-content\/uploads\/2026\/01\/70-anos-Certel-1-336x420.jpeg 336w, https:\/\/folhapopular.info\/wp-content\/uploads\/2026\/01\/70-anos-Certel-1-696x870.jpeg 696w, https:\/\/folhapopular.info\/wp-content\/uploads\/2026\/01\/70-anos-Certel-1.jpeg 1024w\" sizes=\"auto, (max-width: 819px) 100vw, 819px\" \/><\/figure>\n\n\n\n<h2 class=\"wp-block-heading\"><strong>Leia mais<\/strong><\/h2>\n\n\n\n<figure class=\"wp-block-embed is-type-wp-embed is-provider-folha-popular wp-block-embed-folha-popular\"><div class=\"wp-block-embed__wrapper\">\n<blockquote class=\"wp-embedded-content\" data-secret=\"W2UL6PVRic\"><a href=\"https:\/\/folhapopular.info\/index.php\/2025\/12\/08\/certel-reune-delegados-em-encontro-alusivo-aos-70-anos-da-cooperativa\/\">Certel re\u00fane delegados em encontro alusivo aos 70 anos da cooperativa<\/a><\/blockquote><iframe loading=\"lazy\" class=\"wp-embedded-content\" sandbox=\"allow-scripts\" security=\"restricted\" style=\"position: absolute; visibility: hidden;\" title=\"&#8220;Certel re\u00fane delegados em encontro alusivo aos 70 anos da cooperativa&#8221; &#8212; Folha Popular\" src=\"https:\/\/folhapopular.info\/index.php\/2025\/12\/08\/certel-reune-delegados-em-encontro-alusivo-aos-70-anos-da-cooperativa\/embed\/#?secret=gooecz9kyd#?secret=W2UL6PVRic\" data-secret=\"W2UL6PVRic\" width=\"600\" height=\"338\" frameborder=\"0\" marginwidth=\"0\" marginheight=\"0\" scrolling=\"no\"><\/iframe>\n<\/div><\/figure>\n","protected":false},"excerpt":{"rendered":"<p>A Cooperativa Certel realiza um evento cultural gratuito em comemora\u00e7\u00e3o aos seus 70 anos de atua\u00e7\u00e3o. A programa\u00e7\u00e3o inclui shows da dupla Claus &amp; Vanessa e da Banda Corpo e Alma, al\u00e9m de apresenta\u00e7\u00f5es art\u00edsticas e musicais regionais. O evento acontece no dia 6 de fevereiro, a partir das 19h30, no gin\u00e1sio da Associa\u00e7\u00e3o Pr\u00f3-Desenvolvimento [&hellip;]<\/p>\n","protected":false},"author":8,"featured_media":150651,"comment_status":"open","ping_status":"open","sticky":false,"template":"","format":"standard","meta":{"pmpro_default_level":"","_jetpack_memberships_contains_paid_content":false,"footnotes":""},"categories":[10992,2,10991],"tags":[291,20382,2858,1768],"class_list":{"0":"post-202191","1":"post","2":"type-post","3":"status-publish","4":"format-standard","5":"has-post-thumbnail","7":"category-coopop","8":"category-featured","9":"category-economia","10":"tag-certel","11":"tag-certel-70-anos","12":"tag-cooperativa-certel","13":"tag-show","14":"pmpro-has-access"},"yoast_head":"<!-- This site is optimized with the Yoast SEO plugin v27.5 - https:\/\/yoast.com\/product\/yoast-seo-wordpress\/ -->\n<title>Certel celebra 70 anos com evento cultural gratuito - Folha Popular<\/title>\n<meta name=\"description\" content=\"Os ingressos est\u00e3o dispon\u00edveis nas Lojas Certel de Teut\u00f4nia (Canabarro, Languiru e Teut\u00f4nia), Po\u00e7o das Antas, Westf\u00e1lia e Estrela.\" \/>\n<meta name=\"robots\" content=\"index, follow, max-snippet:-1, max-image-preview:large, max-video-preview:-1\" \/>\n<link rel=\"canonical\" href=\"https:\/\/folhapopular.info\/index.php\/2026\/01\/16\/certel-celebra-70-anos-com-evento-cultural-gratuito\/\" \/>\n<meta property=\"og:locale\" content=\"pt_BR\" \/>\n<meta property=\"og:type\" content=\"article\" \/>\n<meta property=\"og:title\" content=\"Certel celebra 70 anos com evento cultural gratuito - Folha Popular\" \/>\n<meta property=\"og:description\" content=\"Os ingressos est\u00e3o dispon\u00edveis nas Lojas Certel de Teut\u00f4nia (Canabarro, Languiru e Teut\u00f4nia), Po\u00e7o das Antas, Westf\u00e1lia e Estrela.\" \/>\n<meta property=\"og:url\" content=\"https:\/\/folhapopular.info\/index.php\/2026\/01\/16\/certel-celebra-70-anos-com-evento-cultural-gratuito\/\" \/>\n<meta property=\"og:site_name\" content=\"Folha Popular\" \/>\n<meta property=\"article:published_time\" content=\"2026-01-16T15:00:00+00:00\" \/>\n<meta property=\"article:modified_time\" content=\"2026-01-16T16:14:29+00:00\" \/>\n<meta property=\"og:image\" content=\"http:\/\/folhapopular.info\/wp-content\/uploads\/2024\/02\/WhatsApp-Image-2024-02-19-at-16.28.54.jpeg\" \/>\n\t<meta property=\"og:image:width\" content=\"1280\" \/>\n\t<meta property=\"og:image:height\" content=\"960\" \/>\n\t<meta property=\"og:image:type\" content=\"image\/jpeg\" \/>\n<meta name=\"author\" content=\"Reda\u00e7\u00e3o Folha Popular\" \/>\n<meta name=\"twitter:card\" content=\"summary_large_image\" \/>\n<meta name=\"twitter:label1\" content=\"Escrito por\" \/>\n\t<meta name=\"twitter:data1\" content=\"Reda\u00e7\u00e3o Folha Popular\" \/>\n\t<meta name=\"twitter:label2\" content=\"Est. tempo de leitura\" \/>\n\t<meta name=\"twitter:data2\" content=\"2 minutos\" \/>\n<script type=\"application\/ld+json\" class=\"yoast-schema-graph\">{\"@context\":\"https:\\\/\\\/schema.org\",\"@graph\":[{\"@type\":\"Article\",\"@id\":\"https:\\\/\\\/folhapopular.info\\\/index.php\\\/2026\\\/01\\\/16\\\/certel-celebra-70-anos-com-evento-cultural-gratuito\\\/#article\",\"isPartOf\":{\"@id\":\"https:\\\/\\\/folhapopular.info\\\/index.php\\\/2026\\\/01\\\/16\\\/certel-celebra-70-anos-com-evento-cultural-gratuito\\\/\"},\"author\":{\"name\":\"Reda\u00e7\u00e3o Folha Popular\",\"@id\":\"https:\\\/\\\/folhapopular.info\\\/#\\\/schema\\\/person\\\/2814e8a0df7643585a9ca38bc6eb9d4b\"},\"headline\":\"Certel celebra 70 anos com evento cultural gratuito\",\"datePublished\":\"2026-01-16T15:00:00+00:00\",\"dateModified\":\"2026-01-16T16:14:29+00:00\",\"mainEntityOfPage\":{\"@id\":\"https:\\\/\\\/folhapopular.info\\\/index.php\\\/2026\\\/01\\\/16\\\/certel-celebra-70-anos-com-evento-cultural-gratuito\\\/\"},\"wordCount\":199,\"commentCount\":0,\"image\":{\"@id\":\"https:\\\/\\\/folhapopular.info\\\/index.php\\\/2026\\\/01\\\/16\\\/certel-celebra-70-anos-com-evento-cultural-gratuito\\\/#primaryimage\"},\"thumbnailUrl\":\"https:\\\/\\\/folhapopular.info\\\/wp-content\\\/uploads\\\/2024\\\/02\\\/WhatsApp-Image-2024-02-19-at-16.28.54.jpeg\",\"keywords\":[\"Certel\",\"Certel 70 anos\",\"Cooperativa Certel\",\"show\"],\"articleSection\":[\"Coopop\",\"Destaques\",\"Economia\"],\"inLanguage\":\"pt-BR\",\"potentialAction\":[{\"@type\":\"CommentAction\",\"name\":\"Comment\",\"target\":[\"https:\\\/\\\/folhapopular.info\\\/index.php\\\/2026\\\/01\\\/16\\\/certel-celebra-70-anos-com-evento-cultural-gratuito\\\/#respond\"]}]},{\"@type\":\"WebPage\",\"@id\":\"https:\\\/\\\/folhapopular.info\\\/index.php\\\/2026\\\/01\\\/16\\\/certel-celebra-70-anos-com-evento-cultural-gratuito\\\/\",\"url\":\"https:\\\/\\\/folhapopular.info\\\/index.php\\\/2026\\\/01\\\/16\\\/certel-celebra-70-anos-com-evento-cultural-gratuito\\\/\",\"name\":\"Certel celebra 70 anos com evento cultural gratuito - Folha Popular\",\"isPartOf\":{\"@id\":\"https:\\\/\\\/folhapopular.info\\\/#website\"},\"primaryImageOfPage\":{\"@id\":\"https:\\\/\\\/folhapopular.info\\\/index.php\\\/2026\\\/01\\\/16\\\/certel-celebra-70-anos-com-evento-cultural-gratuito\\\/#primaryimage\"},\"image\":{\"@id\":\"https:\\\/\\\/folhapopular.info\\\/index.php\\\/2026\\\/01\\\/16\\\/certel-celebra-70-anos-com-evento-cultural-gratuito\\\/#primaryimage\"},\"thumbnailUrl\":\"https:\\\/\\\/folhapopular.info\\\/wp-content\\\/uploads\\\/2024\\\/02\\\/WhatsApp-Image-2024-02-19-at-16.28.54.jpeg\",\"datePublished\":\"2026-01-16T15:00:00+00:00\",\"dateModified\":\"2026-01-16T16:14:29+00:00\",\"author\":{\"@id\":\"https:\\\/\\\/folhapopular.info\\\/#\\\/schema\\\/person\\\/2814e8a0df7643585a9ca38bc6eb9d4b\"},\"description\":\"Os ingressos est\u00e3o dispon\u00edveis nas Lojas Certel de Teut\u00f4nia (Canabarro, Languiru e Teut\u00f4nia), Po\u00e7o das Antas, Westf\u00e1lia e Estrela.\",\"breadcrumb\":{\"@id\":\"https:\\\/\\\/folhapopular.info\\\/index.php\\\/2026\\\/01\\\/16\\\/certel-celebra-70-anos-com-evento-cultural-gratuito\\\/#breadcrumb\"},\"inLanguage\":\"pt-BR\",\"potentialAction\":[{\"@type\":\"ReadAction\",\"target\":[\"https:\\\/\\\/folhapopular.info\\\/index.php\\\/2026\\\/01\\\/16\\\/certel-celebra-70-anos-com-evento-cultural-gratuito\\\/\"]}]},{\"@type\":\"ImageObject\",\"inLanguage\":\"pt-BR\",\"@id\":\"https:\\\/\\\/folhapopular.info\\\/index.php\\\/2026\\\/01\\\/16\\\/certel-celebra-70-anos-com-evento-cultural-gratuito\\\/#primaryimage\",\"url\":\"https:\\\/\\\/folhapopular.info\\\/wp-content\\\/uploads\\\/2024\\\/02\\\/WhatsApp-Image-2024-02-19-at-16.28.54.jpeg\",\"contentUrl\":\"https:\\\/\\\/folhapopular.info\\\/wp-content\\\/uploads\\\/2024\\\/02\\\/WhatsApp-Image-2024-02-19-at-16.28.54.jpeg\",\"width\":1280,\"height\":960,\"caption\":\"Cr\u00e9dito: Camille Lenz da Silva\"},{\"@type\":\"BreadcrumbList\",\"@id\":\"https:\\\/\\\/folhapopular.info\\\/index.php\\\/2026\\\/01\\\/16\\\/certel-celebra-70-anos-com-evento-cultural-gratuito\\\/#breadcrumb\",\"itemListElement\":[{\"@type\":\"ListItem\",\"position\":1,\"name\":\"In\u00edcio\",\"item\":\"https:\\\/\\\/folhapopular.info\\\/\"},{\"@type\":\"ListItem\",\"position\":2,\"name\":\"Certel celebra 70 anos com evento cultural gratuito\"}]},{\"@type\":\"WebSite\",\"@id\":\"https:\\\/\\\/folhapopular.info\\\/#website\",\"url\":\"https:\\\/\\\/folhapopular.info\\\/\",\"name\":\"Folha Popular\",\"description\":\"Onde voc\u00ea tem vez e voz\",\"potentialAction\":[{\"@type\":\"SearchAction\",\"target\":{\"@type\":\"EntryPoint\",\"urlTemplate\":\"https:\\\/\\\/folhapopular.info\\\/?s={search_term_string}\"},\"query-input\":{\"@type\":\"PropertyValueSpecification\",\"valueRequired\":true,\"valueName\":\"search_term_string\"}}],\"inLanguage\":\"pt-BR\"},{\"@type\":\"Person\",\"@id\":\"https:\\\/\\\/folhapopular.info\\\/#\\\/schema\\\/person\\\/2814e8a0df7643585a9ca38bc6eb9d4b\",\"name\":\"Reda\u00e7\u00e3o Folha Popular\",\"image\":{\"@type\":\"ImageObject\",\"inLanguage\":\"pt-BR\",\"@id\":\"https:\\\/\\\/folhapopular.info\\\/wp-content\\\/uploads\\\/2026\\\/04\\\/Folha-1.webp\",\"url\":\"https:\\\/\\\/folhapopular.info\\\/wp-content\\\/uploads\\\/2026\\\/04\\\/Folha-1.webp\",\"contentUrl\":\"https:\\\/\\\/folhapopular.info\\\/wp-content\\\/uploads\\\/2026\\\/04\\\/Folha-1.webp\",\"caption\":\"Reda\u00e7\u00e3o Folha Popular\"},\"url\":\"https:\\\/\\\/folhapopular.info\\\/index.php\\\/author\\\/redacao\\\/\"}]}<\/script>\n<!-- \/ Yoast SEO plugin. -->","yoast_head_json":{"title":"Certel celebra 70 anos com evento cultural gratuito - Folha Popular","description":"Os ingressos est\u00e3o dispon\u00edveis nas Lojas Certel de Teut\u00f4nia (Canabarro, Languiru e Teut\u00f4nia), Po\u00e7o das Antas, Westf\u00e1lia e Estrela.","robots":{"index":"index","follow":"follow","max-snippet":"max-snippet:-1","max-image-preview":"max-image-preview:large","max-video-preview":"max-video-preview:-1"},"canonical":"https:\/\/folhapopular.info\/index.php\/2026\/01\/16\/certel-celebra-70-anos-com-evento-cultural-gratuito\/","og_locale":"pt_BR","og_type":"article","og_title":"Certel celebra 70 anos com evento cultural gratuito - Folha Popular","og_description":"Os ingressos est\u00e3o dispon\u00edveis nas Lojas Certel de Teut\u00f4nia (Canabarro, Languiru e Teut\u00f4nia), Po\u00e7o das Antas, Westf\u00e1lia e Estrela.","og_url":"https:\/\/folhapopular.info\/index.php\/2026\/01\/16\/certel-celebra-70-anos-com-evento-cultural-gratuito\/","og_site_name":"Folha Popular","article_published_time":"2026-01-16T15:00:00+00:00","article_modified_time":"2026-01-16T16:14:29+00:00","og_image":[{"width":1280,"height":960,"url":"http:\/\/folhapopular.info\/wp-content\/uploads\/2024\/02\/WhatsApp-Image-2024-02-19-at-16.28.54.jpeg","type":"image\/jpeg"}],"author":"Reda\u00e7\u00e3o Folha Popular","twitter_card":"summary_large_image","twitter_misc":{"Escrito por":"Reda\u00e7\u00e3o Folha Popular","Est. tempo de leitura":"2 minutos"},"schema":{"@context":"https:\/\/schema.org","@graph":[{"@type":"Article","@id":"https:\/\/folhapopular.info\/index.php\/2026\/01\/16\/certel-celebra-70-anos-com-evento-cultural-gratuito\/#article","isPartOf":{"@id":"https:\/\/folhapopular.info\/index.php\/2026\/01\/16\/certel-celebra-70-anos-com-evento-cultural-gratuito\/"},"author":{"name":"Reda\u00e7\u00e3o Folha Popular","@id":"https:\/\/folhapopular.info\/#\/schema\/person\/2814e8a0df7643585a9ca38bc6eb9d4b"},"headline":"Certel celebra 70 anos com evento cultural gratuito","datePublished":"2026-01-16T15:00:00+00:00","dateModified":"2026-01-16T16:14:29+00:00","mainEntityOfPage":{"@id":"https:\/\/folhapopular.info\/index.php\/2026\/01\/16\/certel-celebra-70-anos-com-evento-cultural-gratuito\/"},"wordCount":199,"commentCount":0,"image":{"@id":"https:\/\/folhapopular.info\/index.php\/2026\/01\/16\/certel-celebra-70-anos-com-evento-cultural-gratuito\/#primaryimage"},"thumbnailUrl":"https:\/\/folhapopular.info\/wp-content\/uploads\/2024\/02\/WhatsApp-Image-2024-02-19-at-16.28.54.jpeg","keywords":["Certel","Certel 70 anos","Cooperativa Certel","show"],"articleSection":["Coopop","Destaques","Economia"],"inLanguage":"pt-BR","potentialAction":[{"@type":"CommentAction","name":"Comment","target":["https:\/\/folhapopular.info\/index.php\/2026\/01\/16\/certel-celebra-70-anos-com-evento-cultural-gratuito\/#respond"]}]},{"@type":"WebPage","@id":"https:\/\/folhapopular.info\/index.php\/2026\/01\/16\/certel-celebra-70-anos-com-evento-cultural-gratuito\/","url":"https:\/\/folhapopular.info\/index.php\/2026\/01\/16\/certel-celebra-70-anos-com-evento-cultural-gratuito\/","name":"Certel celebra 70 anos com evento cultural gratuito - Folha Popular","isPartOf":{"@id":"https:\/\/folhapopular.info\/#website"},"primaryImageOfPage":{"@id":"https:\/\/folhapopular.info\/index.php\/2026\/01\/16\/certel-celebra-70-anos-com-evento-cultural-gratuito\/#primaryimage"},"image":{"@id":"https:\/\/folhapopular.info\/index.php\/2026\/01\/16\/certel-celebra-70-anos-com-evento-cultural-gratuito\/#primaryimage"},"thumbnailUrl":"https:\/\/folhapopular.info\/wp-content\/uploads\/2024\/02\/WhatsApp-Image-2024-02-19-at-16.28.54.jpeg","datePublished":"2026-01-16T15:00:00+00:00","dateModified":"2026-01-16T16:14:29+00:00","author":{"@id":"https:\/\/folhapopular.info\/#\/schema\/person\/2814e8a0df7643585a9ca38bc6eb9d4b"},"description":"Os ingressos est\u00e3o dispon\u00edveis nas Lojas Certel de Teut\u00f4nia (Canabarro, Languiru e Teut\u00f4nia), Po\u00e7o das Antas, Westf\u00e1lia e Estrela.","breadcrumb":{"@id":"https:\/\/folhapopular.info\/index.php\/2026\/01\/16\/certel-celebra-70-anos-com-evento-cultural-gratuito\/#breadcrumb"},"inLanguage":"pt-BR","potentialAction":[{"@type":"ReadAction","target":["https:\/\/folhapopular.info\/index.php\/2026\/01\/16\/certel-celebra-70-anos-com-evento-cultural-gratuito\/"]}]},{"@type":"ImageObject","inLanguage":"pt-BR","@id":"https:\/\/folhapopular.info\/index.php\/2026\/01\/16\/certel-celebra-70-anos-com-evento-cultural-gratuito\/#primaryimage","url":"https:\/\/folhapopular.info\/wp-content\/uploads\/2024\/02\/WhatsApp-Image-2024-02-19-at-16.28.54.jpeg","contentUrl":"https:\/\/folhapopular.info\/wp-content\/uploads\/2024\/02\/WhatsApp-Image-2024-02-19-at-16.28.54.jpeg","width":1280,"height":960,"caption":"Cr\u00e9dito: Camille Lenz da Silva"},{"@type":"BreadcrumbList","@id":"https:\/\/folhapopular.info\/index.php\/2026\/01\/16\/certel-celebra-70-anos-com-evento-cultural-gratuito\/#breadcrumb","itemListElement":[{"@type":"ListItem","position":1,"name":"In\u00edcio","item":"https:\/\/folhapopular.info\/"},{"@type":"ListItem","position":2,"name":"Certel celebra 70 anos com evento cultural gratuito"}]},{"@type":"WebSite","@id":"https:\/\/folhapopular.info\/#website","url":"https:\/\/folhapopular.info\/","name":"Folha Popular","description":"Onde voc\u00ea tem vez e voz","potentialAction":[{"@type":"SearchAction","target":{"@type":"EntryPoint","urlTemplate":"https:\/\/folhapopular.info\/?s={search_term_string}"},"query-input":{"@type":"PropertyValueSpecification","valueRequired":true,"valueName":"search_term_string"}}],"inLanguage":"pt-BR"},{"@type":"Person","@id":"https:\/\/folhapopular.info\/#\/schema\/person\/2814e8a0df7643585a9ca38bc6eb9d4b","name":"Reda\u00e7\u00e3o Folha Popular","image":{"@type":"ImageObject","inLanguage":"pt-BR","@id":"https:\/\/folhapopular.info\/wp-content\/uploads\/2026\/04\/Folha-1.webp","url":"https:\/\/folhapopular.info\/wp-content\/uploads\/2026\/04\/Folha-1.webp","contentUrl":"https:\/\/folhapopular.info\/wp-content\/uploads\/2026\/04\/Folha-1.webp","caption":"Reda\u00e7\u00e3o Folha Popular"},"url":"https:\/\/folhapopular.info\/index.php\/author\/redacao\/"}]}},"jetpack_featured_media_url":"https:\/\/folhapopular.info\/wp-content\/uploads\/2024\/02\/WhatsApp-Image-2024-02-19-at-16.28.54.jpeg","jetpack_sharing_enabled":true,"amp_enabled":true,"_links":{"self":[{"href":"https:\/\/folhapopular.info\/index.php\/wp-json\/wp\/v2\/posts\/202191","targetHints":{"allow":["GET"]}}],"collection":[{"href":"https:\/\/folhapopular.info\/index.php\/wp-json\/wp\/v2\/posts"}],"about":[{"href":"https:\/\/folhapopular.info\/index.php\/wp-json\/wp\/v2\/types\/post"}],"author":[{"embeddable":true,"href":"https:\/\/folhapopular.info\/index.php\/wp-json\/wp\/v2\/users\/8"}],"replies":[{"embeddable":true,"href":"https:\/\/folhapopular.info\/index.php\/wp-json\/wp\/v2\/comments?post=202191"}],"version-history":[{"count":0,"href":"https:\/\/folhapopular.info\/index.php\/wp-json\/wp\/v2\/posts\/202191\/revisions"}],"wp:featuredmedia":[{"embeddable":true,"href":"https:\/\/folhapopular.info\/index.php\/wp-json\/wp\/v2\/media\/150651"}],"wp:attachment":[{"href":"https:\/\/folhapopular.info\/index.php\/wp-json\/wp\/v2\/media?parent=202191"}],"wp:term":[{"taxonomy":"category","embeddable":true,"href":"https:\/\/folhapopular.info\/index.php\/wp-json\/wp\/v2\/categories?post=202191"},{"taxonomy":"post_tag","embeddable":true,"href":"https:\/\/folhapopular.info\/index.php\/wp-json\/wp\/v2\/tags?post=202191"}],"curies":[{"name":"wp","href":"https:\/\/api.w.org\/{rel}","templated":true}]}}