{"id":202265,"date":"2026-01-18T08:00:00","date_gmt":"2026-01-18T11:00:00","guid":{"rendered":"https:\/\/folhapopular.info\/?p=202265"},"modified":"2026-01-17T08:33:24","modified_gmt":"2026-01-17T11:33:24","slug":"camara-de-imigrante-aprova-22-projetos-em-sessao-extraordinaria","status":"publish","type":"post","link":"https:\/\/folhapopular.info\/index.php\/2026\/01\/18\/camara-de-imigrante-aprova-22-projetos-em-sessao-extraordinaria\/","title":{"rendered":"C\u00e2mara de Imigrante aprova 22 projetos em sess\u00e3o extraordin\u00e1ria"},"content":{"rendered":"\n<p>Em sess\u00e3o realizada na quarta-feira (14\/1), o Legislativo de Imigrante deu sinal verde a 22 Projetos de Lei que autorizam a abertura de cr\u00e9ditos especiais e suplementares. O conjunto de medidas abrange \u00e1reas importantes como sa\u00fade, habita\u00e7\u00e3o, infraestrutura urbana e seguran\u00e7a, somando aportes que visam a reconstru\u00e7\u00e3o e o desenvolvimento econ\u00f4mico. A maioria dos projetos refere-se a obras e a\u00e7\u00f5es j\u00e1 em andamento, mas que necessitam de abertura de cr\u00e9ditos diante da virada do ano, para possibilitar a sequ\u00eancia dos trabalhos.<\/p>\n\n\n\n<p>A maior fatia dos recursos aprovados ser\u00e1 destinada \u00e0 recupera\u00e7\u00e3o da infraestrutura danificada por eventos clim\u00e1ticos, visando a reconstru\u00e7\u00e3o da ciclovia. O Projeto de Lei n\u00ba 003\/2026 destina R$ 3.941.581,08 para a reconstru\u00e7\u00e3o da ciclovia, com recursos vinculados \u00e0 Defesa Civil.<\/p>\n\n\n\n<h2 class=\"wp-block-heading\"><strong>Interven\u00e7\u00f5es em pontes<\/strong><\/h2>\n\n\n\n<p>Seis projetos aprovados tratam de interven\u00e7\u00f5es em pontes no munic\u00edpio. A Ponte do Capitel recebe pavimenta\u00e7\u00e3o e melhorias nos acessos, totalizando mais de R$ 536 mil (PLs 004 e 005). Um investimento de aproximadamente R$ 1,1 milh\u00e3o est\u00e1 sendo feito para sua constru\u00e7\u00e3o da Ponte do Loteamento (PLs 006 e 007). Autorizada tamb\u00e9m a constru\u00e7\u00e3o de Ponte na Rua 10 de Abril para restabelecer o deslocamento di\u00e1rio da popula\u00e7\u00e3o (PL 013). As pontes do Centro e do Hollmann totalizam investimento de R$ 324.694,86, em pavimenta\u00e7\u00e3o asf\u00e1ltica (PL 021).<\/p>\n\n\n\n<h2 class=\"wp-block-heading\"><strong>Habita\u00e7\u00e3o e Sa\u00fade<\/strong><\/h2>\n\n\n\n<p>A \u00e1rea social \u00e9 contemplada com o PL 010\/2026, que autoriza R$ 2.947.161,45 para a constru\u00e7\u00e3o de casas populares, incluindo R$ 165 mil destinados \u00e0 desapropria\u00e7\u00e3o de \u00e1rea para implanta\u00e7\u00e3o do empreendimento. A medida busca suprir o d\u00e9ficit habitacional e oferecer moradia digna atrav\u00e9s de conv\u00eanio com o Minist\u00e9rio das Cidades.<\/p>\n\n\n\n<p>Na sa\u00fade, a constru\u00e7\u00e3o do novo Centro de Sa\u00fade (UBS) \u00e9 a prioridade. Atrav\u00e9s dos PLs 016 e 017 foram garantidos mais de R$ 2,1 milh\u00f5es para a obra.<\/p>\n\n\n\n<h2 class=\"wp-block-heading\"><strong>Urbaniza\u00e7\u00e3o, Turismo e Seguran\u00e7a H\u00eddrica<\/strong><\/h2>\n\n\n\n<p>O pacote inclui pavimenta\u00e7\u00f5es estrat\u00e9gicas para o desenvolvimento local. Na Rua Willibaldo Lautert, pavimenta\u00e7\u00e3o asf\u00e1ltica no trecho entre as Ruas 10 de Abril e Augusto G\u00e4rtner (PLs 008 e 009). Investimento de cerca de R$ 784 mil para qualificar a infraestrutura tur\u00edstica e acessibilidade \u00e0 Pra\u00e7a Igreja da Paz (PLs 011 e 012). Na Rua Guilherme Ernesto Lagemann, pavimenta\u00e7\u00e3o em dois trechos distintos (PLs 019 e 020).<\/p>\n\n\n\n<p>Al\u00e9m disso, o PL 015\/2026 foca na seguran\u00e7a h\u00eddrica, destinando R$ 266.744,00 para melhorias no sistema de abastecimento de \u00e1gua. J\u00e1 o PL 022\/2026 prev\u00ea o restabelecimento da barragem nas proximidades da Rua Willibaldo Lautert, no Centro.<\/p>\n\n\n\n<h2 class=\"wp-block-heading\"><strong>Gest\u00e3o e Espa\u00e7o P\u00fablico<\/strong><\/h2>\n\n\n\n<p>Para otimizar os servi\u00e7os p\u00fablicos, o PL 001\/2026 autoriza a contrata\u00e7\u00e3o de servi\u00e7os t\u00e9cnicos especializados de engenharia via cons\u00f3rcio intermunicipal. Na \u00e1rea de lazer e conviv\u00eancia, o PL 018\/2026 garante a constru\u00e7\u00e3o de banheiros p\u00fablicos na Pra\u00e7a Municipal e paradas de \u00f4nibus, refor\u00e7ando o conforto de visitantes e usu\u00e1rios do transporte coletivo. Por fim, o PL 014\/2026 prev\u00ea a constru\u00e7\u00e3o de um talude na estrada IM 350, em dire\u00e7\u00e3o \u00e0 Seca Baixa, para estabilizar o terreno e proteger a infraestrutura vi\u00e1ria contra deslizamentos.<\/p>\n\n\n\n<p>Esta foi a primeira sess\u00e3o coordenada pela presidente Ana Patr\u00edcia Funke e os trabalhos ordin\u00e1rios ser\u00e3o retomados em fevereiro. A primeira sess\u00e3o ordin\u00e1ria est\u00e1 agendada para 11 de fevereiro, \u00e0s 19h30min.<\/p>\n\n\n\n<h2 class=\"wp-block-heading\"><strong>Quadro de Investimentos<\/strong><\/h2>\n\n\n\n<figure class=\"wp-block-table\"><table class=\"has-fixed-layout\"><tbody><tr><th>Projeto de Lei (PL)<\/th><th>Finalidade do Investimento<\/th><th>Valor Total do Repasse (R$)<\/th><\/tr><tr><td><strong>001\/2026<\/strong><\/td><td>Contrata\u00e7\u00e3o de servi\u00e7os t\u00e9cnicos de engenharia via cons\u00f3rcio intermunicipal.<\/td><td><strong>250.000,00<\/strong><\/td><\/tr><tr><td><strong>002\/2026<\/strong><\/td><td>Aperfei\u00e7oamento e adequa\u00e7\u00e3o da infraestrutura tur\u00edstica, em especial a constru\u00e7\u00e3o de p\u00f3rticos (Conv\u00eanio Minist\u00e9rio do Turismo).<\/td><td><strong>248.839,47<\/strong><\/td><\/tr><tr><td><strong>003\/2026<\/strong><\/td><td>Reconstru\u00e7\u00e3o da ciclovia (Recursos da Defesa Civil).<\/td><td><strong>3.941.581,08<\/strong><\/td><\/tr><tr><td><strong>004\/2026<\/strong><\/td><td>Pavimenta\u00e7\u00e3o e melhorias no entorno da Ponte do Capitel (Recursos Defesa Civil).<\/td><td><strong>532.353,36<\/strong><\/td><\/tr><tr><td><strong>005\/2026<\/strong><\/td><td>Complementa\u00e7\u00e3o de recursos para a pavimenta\u00e7\u00e3o da Ponte do Capitel.<\/td><td><strong>3.950,24<\/strong><\/td><\/tr><tr><td><strong>006\/2026<\/strong><\/td><td>Contrapartida municipal para a constru\u00e7\u00e3o da ponte do Loteamento.<\/td><td><strong>273.764,21<\/strong><\/td><\/tr><tr><td><strong>007\/2026<\/strong><\/td><td>Constru\u00e7\u00e3o da ponte do Loteamento (Recursos de Transfer\u00eancia Especial).<\/td><td><strong>875.219,78<\/strong><\/td><\/tr><tr><td><strong>008\/2026<\/strong><\/td><td>Pavimenta\u00e7\u00e3o asf\u00e1ltica da Rua Willibaldo Lautert no trecho entre as ruas 10 de Abril e Augusto G\u00e4rtner (Transfer\u00eancia Especial).<\/td><td><strong>409.400,36<\/strong><\/td><\/tr><tr><td><strong>009\/2026<\/strong><\/td><td>Complementa\u00e7\u00e3o (recurso livre) para pavimenta\u00e7\u00e3o da Rua Willibaldo Lautert<\/td><td><strong>50.516,94<\/strong><\/td><\/tr><tr><td><strong>010\/2026<\/strong><\/td><td>Constru\u00e7\u00e3o de casas populares e desapropria\u00e7\u00e3o de terreno para o empreendimento.<\/td><td><strong>2.947.161,45<\/strong><\/td><\/tr><tr><td><strong>011\/2026<\/strong><\/td><td>Pavimenta\u00e7\u00e3o do acesso \u00e0 Pra\u00e7a da Igreja da Paz (Conv\u00eanio Minist\u00e9rio do Turismo).<\/td><td><strong>481.104,00<\/strong><\/td><\/tr><tr><td><strong>012\/2026<\/strong><\/td><td>Contrapartida para pavimenta\u00e7\u00e3o do acesso \u00e0 Pra\u00e7a da Igreja da Paz.<\/td><td><strong>303.625,74<\/strong><\/td><\/tr><tr><td><strong>013\/2026<\/strong><\/td><td>Constru\u00e7\u00e3o da ponte na Rua 10 de Abril (Recursos da Defesa Civil).<\/td><td><strong>57.163,43<\/strong><\/td><\/tr><tr><td><strong>014\/2026<\/strong><\/td><td>Constru\u00e7\u00e3o de talude na IM 350 para conten\u00e7\u00e3o de deslizamentos na Seca Baixa (Defesa Civil).<\/td><td><strong>53.540,53<\/strong><\/td><\/tr><tr><td><strong>015\/2026<\/strong><\/td><td>Melhorias e implanta\u00e7\u00e3o no Sistema de \u00c1gua do munic\u00edpio.<\/td><td><strong>266.744,00<\/strong><\/td><\/tr><tr><td><strong>016\/2026<\/strong><\/td><td>Constru\u00e7\u00e3o de novo Centro de Sa\u00fade &#8211; Unidade B\u00e1sica de Sa\u00fade (UBS).<\/td><td><strong>2.056.000,00<\/strong><\/td><\/tr><tr><td><strong>017\/2026<\/strong><\/td><td>Suplementa\u00e7\u00e3o para a constru\u00e7\u00e3o da nova UBS municipal.<\/td><td><strong>105.811,90<\/strong><\/td><\/tr><tr><td><strong>018\/2026<\/strong><\/td><td>Constru\u00e7\u00e3o de banheiros p\u00fablicos na Pra\u00e7a Municipal e paradas de \u00f4nibus<\/td><td><strong>17.219,07<\/strong><\/td><\/tr><tr><td><strong>019\/2026<\/strong><\/td><td>Pavimenta\u00e7\u00e3o asf\u00e1ltica na Rua Guilherme Ernesto Lagemann \u2013 Trecho 2.<\/td><td><strong>14.309,69<\/strong><\/td><\/tr><tr><td><strong>020\/2026<\/strong><\/td><td>Pavimenta\u00e7\u00e3o asf\u00e1ltica na Rua Guilherme Ernesto Lagemann \u2013 Trecho 1.<\/td><td><strong>175.795,00<\/strong><\/td><\/tr><tr><td><strong>021\/2026<\/strong><\/td><td>Pavimenta\u00e7\u00e3o asf\u00e1ltica das pontes Centro e Hollmann (Defesa Civil).<\/td><td><strong>324.694,86<\/strong><\/td><\/tr><tr><td><strong>022\/2026<\/strong><\/td><td>Restabelecimento de barragem nas proximidades da Rua Willibaldo Lautert.<\/td><td><strong>458.528,49<\/strong><\/td><\/tr><\/tbody><\/table><\/figure>\n","protected":false},"excerpt":{"rendered":"<p>Em sess\u00e3o realizada na quarta-feira (14\/1), o Legislativo de Imigrante deu sinal verde a 22 Projetos de Lei que autorizam a abertura de cr\u00e9ditos especiais e suplementares. O conjunto de medidas abrange \u00e1reas importantes como sa\u00fade, habita\u00e7\u00e3o, infraestrutura urbana e seguran\u00e7a, somando aportes que visam a reconstru\u00e7\u00e3o e o desenvolvimento econ\u00f4mico. A maioria dos projetos [&hellip;]<\/p>\n","protected":false},"author":11,"featured_media":202266,"comment_status":"open","ping_status":"open","sticky":false,"template":"","format":"standard","meta":{"pmpro_default_level":"","_jetpack_memberships_contains_paid_content":false,"footnotes":""},"categories":[18236,2,10985],"tags":[646,34,1863,14032],"class_list":{"0":"post-202265","1":"post","2":"type-post","3":"status-publish","4":"format-standard","5":"has-post-thumbnail","7":"category-camara-de-vereadores-de-imigrante","8":"category-featured","9":"category-politica","10":"tag-camara-de-vereadores","11":"tag-imigrante","12":"tag-legislativo","13":"tag-sessao-extraordinaria","14":"pmpro-has-access"},"yoast_head":"<!-- This site is optimized with the Yoast SEO plugin v27.5 - https:\/\/yoast.com\/product\/yoast-seo-wordpress\/ -->\n<title>C\u00e2mara de Imigrante aprova 22 projetos em sess\u00e3o extraordin\u00e1ria - Folha Popular<\/title>\n<meta name=\"description\" content=\"O Legislativo de Imigrante deu sinal verde a 22 Projetos de Lei que autorizam a abertura de cr\u00e9ditos especiais e suplementares.\" \/>\n<meta name=\"robots\" content=\"index, follow, max-snippet:-1, max-image-preview:large, max-video-preview:-1\" \/>\n<link rel=\"canonical\" href=\"https:\/\/folhapopular.info\/index.php\/2026\/01\/18\/camara-de-imigrante-aprova-22-projetos-em-sessao-extraordinaria\/\" \/>\n<meta property=\"og:locale\" content=\"pt_BR\" \/>\n<meta property=\"og:type\" content=\"article\" \/>\n<meta property=\"og:title\" content=\"C\u00e2mara de Imigrante aprova 22 projetos em sess\u00e3o extraordin\u00e1ria - Folha Popular\" \/>\n<meta property=\"og:description\" content=\"O Legislativo de Imigrante deu sinal verde a 22 Projetos de Lei que autorizam a abertura de cr\u00e9ditos especiais e suplementares.\" \/>\n<meta property=\"og:url\" content=\"https:\/\/folhapopular.info\/index.php\/2026\/01\/18\/camara-de-imigrante-aprova-22-projetos-em-sessao-extraordinaria\/\" \/>\n<meta property=\"og:site_name\" content=\"Folha Popular\" \/>\n<meta property=\"article:published_time\" content=\"2026-01-18T11:00:00+00:00\" \/>\n<meta property=\"og:image\" content=\"https:\/\/folhapopular.info\/wp-content\/uploads\/2026\/01\/Primeira-sessao-realizada-em-2026_Credito_Luciana-Brune.jpeg\" \/>\n\t<meta property=\"og:image:width\" content=\"1280\" \/>\n\t<meta property=\"og:image:height\" content=\"960\" \/>\n\t<meta property=\"og:image:type\" content=\"image\/jpeg\" \/>\n<meta name=\"author\" content=\"Luciana Brune\" \/>\n<meta name=\"twitter:card\" content=\"summary_large_image\" \/>\n<meta name=\"twitter:label1\" content=\"Escrito por\" \/>\n\t<meta name=\"twitter:data1\" content=\"Luciana Brune\" \/>\n\t<meta name=\"twitter:label2\" content=\"Est. tempo de leitura\" \/>\n\t<meta name=\"twitter:data2\" content=\"5 minutos\" \/>\n<script type=\"application\/ld+json\" class=\"yoast-schema-graph\">{\"@context\":\"https:\\\/\\\/schema.org\",\"@graph\":[{\"@type\":\"Article\",\"@id\":\"https:\\\/\\\/folhapopular.info\\\/index.php\\\/2026\\\/01\\\/18\\\/camara-de-imigrante-aprova-22-projetos-em-sessao-extraordinaria\\\/#article\",\"isPartOf\":{\"@id\":\"https:\\\/\\\/folhapopular.info\\\/index.php\\\/2026\\\/01\\\/18\\\/camara-de-imigrante-aprova-22-projetos-em-sessao-extraordinaria\\\/\"},\"author\":{\"name\":\"Luciana Brune\",\"@id\":\"https:\\\/\\\/folhapopular.info\\\/#\\\/schema\\\/person\\\/0999cafa38c1fde22acd2026b3a3ec1f\"},\"headline\":\"C\u00e2mara de Imigrante aprova 22 projetos em sess\u00e3o extraordin\u00e1ria\",\"datePublished\":\"2026-01-18T11:00:00+00:00\",\"mainEntityOfPage\":{\"@id\":\"https:\\\/\\\/folhapopular.info\\\/index.php\\\/2026\\\/01\\\/18\\\/camara-de-imigrante-aprova-22-projetos-em-sessao-extraordinaria\\\/\"},\"wordCount\":868,\"commentCount\":0,\"image\":{\"@id\":\"https:\\\/\\\/folhapopular.info\\\/index.php\\\/2026\\\/01\\\/18\\\/camara-de-imigrante-aprova-22-projetos-em-sessao-extraordinaria\\\/#primaryimage\"},\"thumbnailUrl\":\"https:\\\/\\\/folhapopular.info\\\/wp-content\\\/uploads\\\/2026\\\/01\\\/Primeira-sessao-realizada-em-2026_Credito_Luciana-Brune.jpeg\",\"keywords\":[\"C\u00e2mara de Vereadores\",\"Imigrante\",\"Legislativo\",\"Sess\u00e3o Extraordin\u00e1ria\"],\"articleSection\":[\"C\u00e2mara de Vereadores de Imigrante\",\"Destaques\",\"Pol\u00edtica\"],\"inLanguage\":\"pt-BR\",\"potentialAction\":[{\"@type\":\"CommentAction\",\"name\":\"Comment\",\"target\":[\"https:\\\/\\\/folhapopular.info\\\/index.php\\\/2026\\\/01\\\/18\\\/camara-de-imigrante-aprova-22-projetos-em-sessao-extraordinaria\\\/#respond\"]}]},{\"@type\":\"WebPage\",\"@id\":\"https:\\\/\\\/folhapopular.info\\\/index.php\\\/2026\\\/01\\\/18\\\/camara-de-imigrante-aprova-22-projetos-em-sessao-extraordinaria\\\/\",\"url\":\"https:\\\/\\\/folhapopular.info\\\/index.php\\\/2026\\\/01\\\/18\\\/camara-de-imigrante-aprova-22-projetos-em-sessao-extraordinaria\\\/\",\"name\":\"C\u00e2mara de Imigrante aprova 22 projetos em sess\u00e3o extraordin\u00e1ria - Folha Popular\",\"isPartOf\":{\"@id\":\"https:\\\/\\\/folhapopular.info\\\/#website\"},\"primaryImageOfPage\":{\"@id\":\"https:\\\/\\\/folhapopular.info\\\/index.php\\\/2026\\\/01\\\/18\\\/camara-de-imigrante-aprova-22-projetos-em-sessao-extraordinaria\\\/#primaryimage\"},\"image\":{\"@id\":\"https:\\\/\\\/folhapopular.info\\\/index.php\\\/2026\\\/01\\\/18\\\/camara-de-imigrante-aprova-22-projetos-em-sessao-extraordinaria\\\/#primaryimage\"},\"thumbnailUrl\":\"https:\\\/\\\/folhapopular.info\\\/wp-content\\\/uploads\\\/2026\\\/01\\\/Primeira-sessao-realizada-em-2026_Credito_Luciana-Brune.jpeg\",\"datePublished\":\"2026-01-18T11:00:00+00:00\",\"author\":{\"@id\":\"https:\\\/\\\/folhapopular.info\\\/#\\\/schema\\\/person\\\/0999cafa38c1fde22acd2026b3a3ec1f\"},\"description\":\"O Legislativo de Imigrante deu sinal verde a 22 Projetos de Lei que autorizam a abertura de cr\u00e9ditos especiais e suplementares.\",\"breadcrumb\":{\"@id\":\"https:\\\/\\\/folhapopular.info\\\/index.php\\\/2026\\\/01\\\/18\\\/camara-de-imigrante-aprova-22-projetos-em-sessao-extraordinaria\\\/#breadcrumb\"},\"inLanguage\":\"pt-BR\",\"potentialAction\":[{\"@type\":\"ReadAction\",\"target\":[\"https:\\\/\\\/folhapopular.info\\\/index.php\\\/2026\\\/01\\\/18\\\/camara-de-imigrante-aprova-22-projetos-em-sessao-extraordinaria\\\/\"]}]},{\"@type\":\"ImageObject\",\"inLanguage\":\"pt-BR\",\"@id\":\"https:\\\/\\\/folhapopular.info\\\/index.php\\\/2026\\\/01\\\/18\\\/camara-de-imigrante-aprova-22-projetos-em-sessao-extraordinaria\\\/#primaryimage\",\"url\":\"https:\\\/\\\/folhapopular.info\\\/wp-content\\\/uploads\\\/2026\\\/01\\\/Primeira-sessao-realizada-em-2026_Credito_Luciana-Brune.jpeg\",\"contentUrl\":\"https:\\\/\\\/folhapopular.info\\\/wp-content\\\/uploads\\\/2026\\\/01\\\/Primeira-sessao-realizada-em-2026_Credito_Luciana-Brune.jpeg\",\"width\":1280,\"height\":960,\"caption\":\"Primeira sess\u00e3o realizada em 2026 \\\/ Cr\u00e9dito: Luciana Brune\"},{\"@type\":\"BreadcrumbList\",\"@id\":\"https:\\\/\\\/folhapopular.info\\\/index.php\\\/2026\\\/01\\\/18\\\/camara-de-imigrante-aprova-22-projetos-em-sessao-extraordinaria\\\/#breadcrumb\",\"itemListElement\":[{\"@type\":\"ListItem\",\"position\":1,\"name\":\"In\u00edcio\",\"item\":\"https:\\\/\\\/folhapopular.info\\\/\"},{\"@type\":\"ListItem\",\"position\":2,\"name\":\"C\u00e2mara de Imigrante aprova 22 projetos em sess\u00e3o extraordin\u00e1ria\"}]},{\"@type\":\"WebSite\",\"@id\":\"https:\\\/\\\/folhapopular.info\\\/#website\",\"url\":\"https:\\\/\\\/folhapopular.info\\\/\",\"name\":\"Folha Popular\",\"description\":\"Onde voc\u00ea tem vez e voz\",\"potentialAction\":[{\"@type\":\"SearchAction\",\"target\":{\"@type\":\"EntryPoint\",\"urlTemplate\":\"https:\\\/\\\/folhapopular.info\\\/?s={search_term_string}\"},\"query-input\":{\"@type\":\"PropertyValueSpecification\",\"valueRequired\":true,\"valueName\":\"search_term_string\"}}],\"inLanguage\":\"pt-BR\"},{\"@type\":\"Person\",\"@id\":\"https:\\\/\\\/folhapopular.info\\\/#\\\/schema\\\/person\\\/0999cafa38c1fde22acd2026b3a3ec1f\",\"name\":\"Luciana Brune\",\"image\":{\"@type\":\"ImageObject\",\"inLanguage\":\"pt-BR\",\"@id\":\"https:\\\/\\\/folhapopular.info\\\/wp-content\\\/uploads\\\/2026\\\/04\\\/LUCIANA-1-1.webp\",\"url\":\"https:\\\/\\\/folhapopular.info\\\/wp-content\\\/uploads\\\/2026\\\/04\\\/LUCIANA-1-1.webp\",\"contentUrl\":\"https:\\\/\\\/folhapopular.info\\\/wp-content\\\/uploads\\\/2026\\\/04\\\/LUCIANA-1-1.webp\",\"caption\":\"Luciana Brune\"},\"url\":\"https:\\\/\\\/folhapopular.info\\\/index.php\\\/author\\\/luciana-brune\\\/\"}]}<\/script>\n<!-- \/ Yoast SEO plugin. -->","yoast_head_json":{"title":"C\u00e2mara de Imigrante aprova 22 projetos em sess\u00e3o extraordin\u00e1ria - Folha Popular","description":"O Legislativo de Imigrante deu sinal verde a 22 Projetos de Lei que autorizam a abertura de cr\u00e9ditos especiais e suplementares.","robots":{"index":"index","follow":"follow","max-snippet":"max-snippet:-1","max-image-preview":"max-image-preview:large","max-video-preview":"max-video-preview:-1"},"canonical":"https:\/\/folhapopular.info\/index.php\/2026\/01\/18\/camara-de-imigrante-aprova-22-projetos-em-sessao-extraordinaria\/","og_locale":"pt_BR","og_type":"article","og_title":"C\u00e2mara de Imigrante aprova 22 projetos em sess\u00e3o extraordin\u00e1ria - Folha Popular","og_description":"O Legislativo de Imigrante deu sinal verde a 22 Projetos de Lei que autorizam a abertura de cr\u00e9ditos especiais e suplementares.","og_url":"https:\/\/folhapopular.info\/index.php\/2026\/01\/18\/camara-de-imigrante-aprova-22-projetos-em-sessao-extraordinaria\/","og_site_name":"Folha Popular","article_published_time":"2026-01-18T11:00:00+00:00","og_image":[{"width":1280,"height":960,"url":"https:\/\/folhapopular.info\/wp-content\/uploads\/2026\/01\/Primeira-sessao-realizada-em-2026_Credito_Luciana-Brune.jpeg","type":"image\/jpeg"}],"author":"Luciana Brune","twitter_card":"summary_large_image","twitter_misc":{"Escrito por":"Luciana Brune","Est. tempo de leitura":"5 minutos"},"schema":{"@context":"https:\/\/schema.org","@graph":[{"@type":"Article","@id":"https:\/\/folhapopular.info\/index.php\/2026\/01\/18\/camara-de-imigrante-aprova-22-projetos-em-sessao-extraordinaria\/#article","isPartOf":{"@id":"https:\/\/folhapopular.info\/index.php\/2026\/01\/18\/camara-de-imigrante-aprova-22-projetos-em-sessao-extraordinaria\/"},"author":{"name":"Luciana Brune","@id":"https:\/\/folhapopular.info\/#\/schema\/person\/0999cafa38c1fde22acd2026b3a3ec1f"},"headline":"C\u00e2mara de Imigrante aprova 22 projetos em sess\u00e3o extraordin\u00e1ria","datePublished":"2026-01-18T11:00:00+00:00","mainEntityOfPage":{"@id":"https:\/\/folhapopular.info\/index.php\/2026\/01\/18\/camara-de-imigrante-aprova-22-projetos-em-sessao-extraordinaria\/"},"wordCount":868,"commentCount":0,"image":{"@id":"https:\/\/folhapopular.info\/index.php\/2026\/01\/18\/camara-de-imigrante-aprova-22-projetos-em-sessao-extraordinaria\/#primaryimage"},"thumbnailUrl":"https:\/\/folhapopular.info\/wp-content\/uploads\/2026\/01\/Primeira-sessao-realizada-em-2026_Credito_Luciana-Brune.jpeg","keywords":["C\u00e2mara de Vereadores","Imigrante","Legislativo","Sess\u00e3o Extraordin\u00e1ria"],"articleSection":["C\u00e2mara de Vereadores de Imigrante","Destaques","Pol\u00edtica"],"inLanguage":"pt-BR","potentialAction":[{"@type":"CommentAction","name":"Comment","target":["https:\/\/folhapopular.info\/index.php\/2026\/01\/18\/camara-de-imigrante-aprova-22-projetos-em-sessao-extraordinaria\/#respond"]}]},{"@type":"WebPage","@id":"https:\/\/folhapopular.info\/index.php\/2026\/01\/18\/camara-de-imigrante-aprova-22-projetos-em-sessao-extraordinaria\/","url":"https:\/\/folhapopular.info\/index.php\/2026\/01\/18\/camara-de-imigrante-aprova-22-projetos-em-sessao-extraordinaria\/","name":"C\u00e2mara de Imigrante aprova 22 projetos em sess\u00e3o extraordin\u00e1ria - Folha Popular","isPartOf":{"@id":"https:\/\/folhapopular.info\/#website"},"primaryImageOfPage":{"@id":"https:\/\/folhapopular.info\/index.php\/2026\/01\/18\/camara-de-imigrante-aprova-22-projetos-em-sessao-extraordinaria\/#primaryimage"},"image":{"@id":"https:\/\/folhapopular.info\/index.php\/2026\/01\/18\/camara-de-imigrante-aprova-22-projetos-em-sessao-extraordinaria\/#primaryimage"},"thumbnailUrl":"https:\/\/folhapopular.info\/wp-content\/uploads\/2026\/01\/Primeira-sessao-realizada-em-2026_Credito_Luciana-Brune.jpeg","datePublished":"2026-01-18T11:00:00+00:00","author":{"@id":"https:\/\/folhapopular.info\/#\/schema\/person\/0999cafa38c1fde22acd2026b3a3ec1f"},"description":"O Legislativo de Imigrante deu sinal verde a 22 Projetos de Lei que autorizam a abertura de cr\u00e9ditos especiais e suplementares.","breadcrumb":{"@id":"https:\/\/folhapopular.info\/index.php\/2026\/01\/18\/camara-de-imigrante-aprova-22-projetos-em-sessao-extraordinaria\/#breadcrumb"},"inLanguage":"pt-BR","potentialAction":[{"@type":"ReadAction","target":["https:\/\/folhapopular.info\/index.php\/2026\/01\/18\/camara-de-imigrante-aprova-22-projetos-em-sessao-extraordinaria\/"]}]},{"@type":"ImageObject","inLanguage":"pt-BR","@id":"https:\/\/folhapopular.info\/index.php\/2026\/01\/18\/camara-de-imigrante-aprova-22-projetos-em-sessao-extraordinaria\/#primaryimage","url":"https:\/\/folhapopular.info\/wp-content\/uploads\/2026\/01\/Primeira-sessao-realizada-em-2026_Credito_Luciana-Brune.jpeg","contentUrl":"https:\/\/folhapopular.info\/wp-content\/uploads\/2026\/01\/Primeira-sessao-realizada-em-2026_Credito_Luciana-Brune.jpeg","width":1280,"height":960,"caption":"Primeira sess\u00e3o realizada em 2026 \/ Cr\u00e9dito: Luciana Brune"},{"@type":"BreadcrumbList","@id":"https:\/\/folhapopular.info\/index.php\/2026\/01\/18\/camara-de-imigrante-aprova-22-projetos-em-sessao-extraordinaria\/#breadcrumb","itemListElement":[{"@type":"ListItem","position":1,"name":"In\u00edcio","item":"https:\/\/folhapopular.info\/"},{"@type":"ListItem","position":2,"name":"C\u00e2mara de Imigrante aprova 22 projetos em sess\u00e3o extraordin\u00e1ria"}]},{"@type":"WebSite","@id":"https:\/\/folhapopular.info\/#website","url":"https:\/\/folhapopular.info\/","name":"Folha Popular","description":"Onde voc\u00ea tem vez e voz","potentialAction":[{"@type":"SearchAction","target":{"@type":"EntryPoint","urlTemplate":"https:\/\/folhapopular.info\/?s={search_term_string}"},"query-input":{"@type":"PropertyValueSpecification","valueRequired":true,"valueName":"search_term_string"}}],"inLanguage":"pt-BR"},{"@type":"Person","@id":"https:\/\/folhapopular.info\/#\/schema\/person\/0999cafa38c1fde22acd2026b3a3ec1f","name":"Luciana Brune","image":{"@type":"ImageObject","inLanguage":"pt-BR","@id":"https:\/\/folhapopular.info\/wp-content\/uploads\/2026\/04\/LUCIANA-1-1.webp","url":"https:\/\/folhapopular.info\/wp-content\/uploads\/2026\/04\/LUCIANA-1-1.webp","contentUrl":"https:\/\/folhapopular.info\/wp-content\/uploads\/2026\/04\/LUCIANA-1-1.webp","caption":"Luciana Brune"},"url":"https:\/\/folhapopular.info\/index.php\/author\/luciana-brune\/"}]}},"jetpack_featured_media_url":"https:\/\/folhapopular.info\/wp-content\/uploads\/2026\/01\/Primeira-sessao-realizada-em-2026_Credito_Luciana-Brune.jpeg","jetpack_sharing_enabled":true,"amp_enabled":true,"_links":{"self":[{"href":"https:\/\/folhapopular.info\/index.php\/wp-json\/wp\/v2\/posts\/202265","targetHints":{"allow":["GET"]}}],"collection":[{"href":"https:\/\/folhapopular.info\/index.php\/wp-json\/wp\/v2\/posts"}],"about":[{"href":"https:\/\/folhapopular.info\/index.php\/wp-json\/wp\/v2\/types\/post"}],"author":[{"embeddable":true,"href":"https:\/\/folhapopular.info\/index.php\/wp-json\/wp\/v2\/users\/11"}],"replies":[{"embeddable":true,"href":"https:\/\/folhapopular.info\/index.php\/wp-json\/wp\/v2\/comments?post=202265"}],"version-history":[{"count":0,"href":"https:\/\/folhapopular.info\/index.php\/wp-json\/wp\/v2\/posts\/202265\/revisions"}],"wp:featuredmedia":[{"embeddable":true,"href":"https:\/\/folhapopular.info\/index.php\/wp-json\/wp\/v2\/media\/202266"}],"wp:attachment":[{"href":"https:\/\/folhapopular.info\/index.php\/wp-json\/wp\/v2\/media?parent=202265"}],"wp:term":[{"taxonomy":"category","embeddable":true,"href":"https:\/\/folhapopular.info\/index.php\/wp-json\/wp\/v2\/categories?post=202265"},{"taxonomy":"post_tag","embeddable":true,"href":"https:\/\/folhapopular.info\/index.php\/wp-json\/wp\/v2\/tags?post=202265"}],"curies":[{"name":"wp","href":"https:\/\/api.w.org\/{rel}","templated":true}]}}