{"id":202268,"date":"2026-01-18T16:00:00","date_gmt":"2026-01-18T19:00:00","guid":{"rendered":"https:\/\/folhapopular.info\/?p=202268"},"modified":"2026-01-17T08:41:42","modified_gmt":"2026-01-17T11:41:42","slug":"vereadores-de-poco-das-antas-aprovam-incentivo-a-agentes-e-rejeitam-credito-para-aquisicao-de-terras","status":"publish","type":"post","link":"https:\/\/folhapopular.info\/index.php\/2026\/01\/18\/vereadores-de-poco-das-antas-aprovam-incentivo-a-agentes-e-rejeitam-credito-para-aquisicao-de-terras\/","title":{"rendered":"Vereadores de Po\u00e7o das Antas aprovam incentivo a agentes e rejeitam cr\u00e9dito para aquisi\u00e7\u00e3o de terras"},"content":{"rendered":"<p>A C\u00e2mara de Vereadores de Po\u00e7o das Antas realizou, na \u00faltima segunda-feira de 2025 (29\/12), sess\u00e3o extraordin\u00e1ria de forma on-line para aprecia\u00e7\u00e3o de mat\u00e9rias de car\u00e1ter or\u00e7ament\u00e1rio e administrativo. Entre os destaques da pauta esteve o Projeto de Lei n\u00ba 066\/2025, que autoriza o repasse do Incentivo Financeiro Adicional aos Agentes Comunit\u00e1rios de Sa\u00fade (ACS)&#8230; <\/p>\n<div class=\"pmpro\">\n<div class=\"pmpro_card pmpro_content_message\">\n<div class=\"pmpro_card_content\">Este conte\u00fado \u00e9 apenas para associados Grupo Popular &#8211; Conte\u00fado Total Anual e Grupo Popular &#8211; Conte\u00fado Total Mensal. <br \/><a href=\"https:\/\/folhapopular.info\/wp-login.php?action=register\">Cadastre-se<\/a><\/div>\n<div class=\"pmpro_card_actions pmpro_font-medium\">J\u00e1 se associou? <a href=\"https:\/\/folhapopular.info\/wp-login.php?redirect_to=https%3A%2F%2Ffolhapopular.info%2Findex.php%2F2026%2F01%2F18%2Fvereadores-de-poco-das-antas-aprovam-incentivo-a-agentes-e-rejeitam-credito-para-aquisicao-de-terras%2F\">Acesse aqui<\/a><\/div>\n<\/div>\n<\/div>\n","protected":false},"excerpt":{"rendered":"<p>A C\u00e2mara de Vereadores de Po\u00e7o das Antas realizou, na \u00faltima segunda-feira de 2025 (29\/12), sess\u00e3o extraordin\u00e1ria de forma on-line para aprecia\u00e7\u00e3o de mat\u00e9rias de car\u00e1ter or\u00e7ament\u00e1rio e administrativo. Entre os destaques da pauta esteve o Projeto de Lei n\u00ba 066\/2025, que autoriza o repasse do Incentivo Financeiro Adicional aos Agentes Comunit\u00e1rios de Sa\u00fade (ACS)... <\/p>\n<div class=\"pmpro\"><div class=\"pmpro_card pmpro_content_message\"><div class=\"pmpro_card_content\">Este conte\u00fado \u00e9 apenas para associados Grupo Popular - Conte\u00fado Total Anual e Grupo Popular - Conte\u00fado Total Mensal. <br \/><a href=\"https:\/\/folhapopular.info\/wp-login.php?action=register\">Cadastre-se<\/a><\/div><div class=\"pmpro_card_actions pmpro_font-medium\">J\u00e1 se associou? <a href=\"https:\/\/folhapopular.info\/wp-login.php?redirect_to=https%3A%2F%2Ffolhapopular.info%2Findex.php%2F2026%2F01%2F18%2Fvereadores-de-poco-das-antas-aprovam-incentivo-a-agentes-e-rejeitam-credito-para-aquisicao-de-terras%2F\">Acesse aqui<\/a><\/div><\/div><\/div>","protected":false},"author":764,"featured_media":156603,"comment_status":"open","ping_status":"open","sticky":false,"template":"","format":"standard","meta":{"pmpro_default_level":"","_jetpack_memberships_contains_paid_content":false,"footnotes":""},"categories":[11078,18238,2,10985],"tags":[646,924,40,89],"class_list":{"0":"post-202268","1":"post","2":"type-post","3":"status-publish","4":"format-standard","5":"has-post-thumbnail","7":"category-assinantes","8":"category-camara-de-vereadores-de-poco-das-antas","9":"category-featured","10":"category-politica","11":"tag-camara-de-vereadores","12":"tag-incentivo","13":"tag-poco-das-antas","14":"tag-saude","15":"pmpro-level-required","16":"pmpro-level-2","17":"pmpro-level-4","18":"pmpro-level-5","19":"pmpro-no-access"},"yoast_head":"<!-- This site is optimized with the Yoast SEO plugin v27.5 - https:\/\/yoast.com\/product\/yoast-seo-wordpress\/ -->\n<title>Vereadores de Po\u00e7o das Antas aprovam incentivo a agentes e rejeitam cr\u00e9dito para aquisi\u00e7\u00e3o de terras - Folha Popular<\/title>\n<meta name=\"robots\" content=\"index, follow, max-snippet:-1, max-image-preview:large, max-video-preview:-1\" \/>\n<link rel=\"canonical\" href=\"https:\/\/folhapopular.info\/index.php\/2026\/01\/18\/vereadores-de-poco-das-antas-aprovam-incentivo-a-agentes-e-rejeitam-credito-para-aquisicao-de-terras\/\" \/>\n<meta property=\"og:locale\" content=\"pt_BR\" \/>\n<meta property=\"og:type\" content=\"article\" \/>\n<meta property=\"og:title\" content=\"Vereadores de Po\u00e7o das Antas aprovam incentivo a agentes e rejeitam cr\u00e9dito para aquisi\u00e7\u00e3o de terras - Folha Popular\" \/>\n<meta property=\"og:description\" content=\"A C\u00e2mara de Vereadores de Po\u00e7o das Antas realizou, na \u00faltima segunda-feira de 2025 (29\/12), sess\u00e3o extraordin\u00e1ria de forma on-line para aprecia\u00e7\u00e3o de mat\u00e9rias de car\u00e1ter or\u00e7ament\u00e1rio e administrativo. Entre os destaques da pauta esteve o Projeto de Lei n\u00ba 066\/2025, que autoriza o repasse do Incentivo Financeiro Adicional aos Agentes Comunit\u00e1rios de Sa\u00fade (ACS) [&hellip;]\" \/>\n<meta property=\"og:url\" content=\"https:\/\/folhapopular.info\/index.php\/2026\/01\/18\/vereadores-de-poco-das-antas-aprovam-incentivo-a-agentes-e-rejeitam-credito-para-aquisicao-de-terras\/\" \/>\n<meta property=\"og:site_name\" content=\"Folha Popular\" \/>\n<meta property=\"article:published_time\" content=\"2026-01-18T19:00:00+00:00\" \/>\n<meta property=\"og:image\" content=\"https:\/\/folhapopular.info\/wp-content\/uploads\/2024\/04\/Camara-de-Poco-das-Antas-e1714227669695.jpg\" \/>\n\t<meta property=\"og:image:width\" content=\"670\" \/>\n\t<meta property=\"og:image:height\" content=\"258\" \/>\n\t<meta property=\"og:image:type\" content=\"image\/jpeg\" \/>\n<meta name=\"author\" content=\"J\u00e9ssica Bayer\" \/>\n<meta name=\"twitter:card\" content=\"summary_large_image\" \/>\n<meta name=\"twitter:label1\" content=\"Escrito por\" \/>\n\t<meta name=\"twitter:data1\" content=\"J\u00e9ssica Bayer\" \/>\n\t<meta name=\"twitter:label2\" content=\"Est. tempo de leitura\" \/>\n\t<meta name=\"twitter:data2\" content=\"3 minutos\" \/>\n<script type=\"application\/ld+json\" class=\"yoast-schema-graph\">{\"@context\":\"https:\\\/\\\/schema.org\",\"@graph\":[{\"@type\":\"Article\",\"@id\":\"https:\\\/\\\/folhapopular.info\\\/index.php\\\/2026\\\/01\\\/18\\\/vereadores-de-poco-das-antas-aprovam-incentivo-a-agentes-e-rejeitam-credito-para-aquisicao-de-terras\\\/#article\",\"isPartOf\":{\"@id\":\"https:\\\/\\\/folhapopular.info\\\/index.php\\\/2026\\\/01\\\/18\\\/vereadores-de-poco-das-antas-aprovam-incentivo-a-agentes-e-rejeitam-credito-para-aquisicao-de-terras\\\/\"},\"author\":{\"name\":\"J\u00e9ssica Bayer\",\"@id\":\"https:\\\/\\\/folhapopular.info\\\/#\\\/schema\\\/person\\\/9c3bd49fe9d74793decad1d4c83fa974\"},\"headline\":\"Vereadores de Po\u00e7o das Antas aprovam incentivo a agentes e rejeitam cr\u00e9dito para aquisi\u00e7\u00e3o de terras\",\"datePublished\":\"2026-01-18T19:00:00+00:00\",\"mainEntityOfPage\":{\"@id\":\"https:\\\/\\\/folhapopular.info\\\/index.php\\\/2026\\\/01\\\/18\\\/vereadores-de-poco-das-antas-aprovam-incentivo-a-agentes-e-rejeitam-credito-para-aquisicao-de-terras\\\/\"},\"wordCount\":496,\"commentCount\":0,\"image\":{\"@id\":\"https:\\\/\\\/folhapopular.info\\\/index.php\\\/2026\\\/01\\\/18\\\/vereadores-de-poco-das-antas-aprovam-incentivo-a-agentes-e-rejeitam-credito-para-aquisicao-de-terras\\\/#primaryimage\"},\"thumbnailUrl\":\"https:\\\/\\\/folhapopular.info\\\/wp-content\\\/uploads\\\/2024\\\/04\\\/Camara-de-Poco-das-Antas-e1714227669695.jpg\",\"keywords\":[\"C\u00e2mara de Vereadores\",\"Incentivo\",\"Po\u00e7o das Antas\",\"Sa\u00fade\"],\"articleSection\":[\"Assinantes\",\"C\u00e2mara de Vereadores de Po\u00e7o das Antas\",\"Destaques\",\"Pol\u00edtica\"],\"inLanguage\":\"pt-BR\",\"potentialAction\":[{\"@type\":\"CommentAction\",\"name\":\"Comment\",\"target\":[\"https:\\\/\\\/folhapopular.info\\\/index.php\\\/2026\\\/01\\\/18\\\/vereadores-de-poco-das-antas-aprovam-incentivo-a-agentes-e-rejeitam-credito-para-aquisicao-de-terras\\\/#respond\"]}]},{\"@type\":\"WebPage\",\"@id\":\"https:\\\/\\\/folhapopular.info\\\/index.php\\\/2026\\\/01\\\/18\\\/vereadores-de-poco-das-antas-aprovam-incentivo-a-agentes-e-rejeitam-credito-para-aquisicao-de-terras\\\/\",\"url\":\"https:\\\/\\\/folhapopular.info\\\/index.php\\\/2026\\\/01\\\/18\\\/vereadores-de-poco-das-antas-aprovam-incentivo-a-agentes-e-rejeitam-credito-para-aquisicao-de-terras\\\/\",\"name\":\"Vereadores de Po\u00e7o das Antas aprovam incentivo a agentes e rejeitam cr\u00e9dito para aquisi\u00e7\u00e3o de terras - Folha Popular\",\"isPartOf\":{\"@id\":\"https:\\\/\\\/folhapopular.info\\\/#website\"},\"primaryImageOfPage\":{\"@id\":\"https:\\\/\\\/folhapopular.info\\\/index.php\\\/2026\\\/01\\\/18\\\/vereadores-de-poco-das-antas-aprovam-incentivo-a-agentes-e-rejeitam-credito-para-aquisicao-de-terras\\\/#primaryimage\"},\"image\":{\"@id\":\"https:\\\/\\\/folhapopular.info\\\/index.php\\\/2026\\\/01\\\/18\\\/vereadores-de-poco-das-antas-aprovam-incentivo-a-agentes-e-rejeitam-credito-para-aquisicao-de-terras\\\/#primaryimage\"},\"thumbnailUrl\":\"https:\\\/\\\/folhapopular.info\\\/wp-content\\\/uploads\\\/2024\\\/04\\\/Camara-de-Poco-das-Antas-e1714227669695.jpg\",\"datePublished\":\"2026-01-18T19:00:00+00:00\",\"author\":{\"@id\":\"https:\\\/\\\/folhapopular.info\\\/#\\\/schema\\\/person\\\/9c3bd49fe9d74793decad1d4c83fa974\"},\"breadcrumb\":{\"@id\":\"https:\\\/\\\/folhapopular.info\\\/index.php\\\/2026\\\/01\\\/18\\\/vereadores-de-poco-das-antas-aprovam-incentivo-a-agentes-e-rejeitam-credito-para-aquisicao-de-terras\\\/#breadcrumb\"},\"inLanguage\":\"pt-BR\",\"potentialAction\":[{\"@type\":\"ReadAction\",\"target\":[\"https:\\\/\\\/folhapopular.info\\\/index.php\\\/2026\\\/01\\\/18\\\/vereadores-de-poco-das-antas-aprovam-incentivo-a-agentes-e-rejeitam-credito-para-aquisicao-de-terras\\\/\"]}]},{\"@type\":\"ImageObject\",\"inLanguage\":\"pt-BR\",\"@id\":\"https:\\\/\\\/folhapopular.info\\\/index.php\\\/2026\\\/01\\\/18\\\/vereadores-de-poco-das-antas-aprovam-incentivo-a-agentes-e-rejeitam-credito-para-aquisicao-de-terras\\\/#primaryimage\",\"url\":\"https:\\\/\\\/folhapopular.info\\\/wp-content\\\/uploads\\\/2024\\\/04\\\/Camara-de-Poco-das-Antas-e1714227669695.jpg\",\"contentUrl\":\"https:\\\/\\\/folhapopular.info\\\/wp-content\\\/uploads\\\/2024\\\/04\\\/Camara-de-Poco-das-Antas-e1714227669695.jpg\",\"width\":670,\"height\":258,\"caption\":\"Cr\u00e9dito: Divulga\u00e7\u00e3o\"},{\"@type\":\"BreadcrumbList\",\"@id\":\"https:\\\/\\\/folhapopular.info\\\/index.php\\\/2026\\\/01\\\/18\\\/vereadores-de-poco-das-antas-aprovam-incentivo-a-agentes-e-rejeitam-credito-para-aquisicao-de-terras\\\/#breadcrumb\",\"itemListElement\":[{\"@type\":\"ListItem\",\"position\":1,\"name\":\"In\u00edcio\",\"item\":\"https:\\\/\\\/folhapopular.info\\\/\"},{\"@type\":\"ListItem\",\"position\":2,\"name\":\"Vereadores de Po\u00e7o das Antas aprovam incentivo a agentes e rejeitam cr\u00e9dito para aquisi\u00e7\u00e3o de terras\"}]},{\"@type\":\"WebSite\",\"@id\":\"https:\\\/\\\/folhapopular.info\\\/#website\",\"url\":\"https:\\\/\\\/folhapopular.info\\\/\",\"name\":\"Folha Popular\",\"description\":\"Onde voc\u00ea tem vez e voz\",\"potentialAction\":[{\"@type\":\"SearchAction\",\"target\":{\"@type\":\"EntryPoint\",\"urlTemplate\":\"https:\\\/\\\/folhapopular.info\\\/?s={search_term_string}\"},\"query-input\":{\"@type\":\"PropertyValueSpecification\",\"valueRequired\":true,\"valueName\":\"search_term_string\"}}],\"inLanguage\":\"pt-BR\"},{\"@type\":\"Person\",\"@id\":\"https:\\\/\\\/folhapopular.info\\\/#\\\/schema\\\/person\\\/9c3bd49fe9d74793decad1d4c83fa974\",\"name\":\"J\u00e9ssica Bayer\",\"image\":{\"@type\":\"ImageObject\",\"inLanguage\":\"pt-BR\",\"@id\":\"https:\\\/\\\/secure.gravatar.com\\\/avatar\\\/66a5b729e90fb69c858616142b10a981fcab7744c95a8bfabc31856b5c9df354?s=96&d=mm&r=g\",\"url\":\"https:\\\/\\\/secure.gravatar.com\\\/avatar\\\/66a5b729e90fb69c858616142b10a981fcab7744c95a8bfabc31856b5c9df354?s=96&d=mm&r=g\",\"contentUrl\":\"https:\\\/\\\/secure.gravatar.com\\\/avatar\\\/66a5b729e90fb69c858616142b10a981fcab7744c95a8bfabc31856b5c9df354?s=96&d=mm&r=g\",\"caption\":\"J\u00e9ssica Bayer\"},\"url\":\"https:\\\/\\\/folhapopular.info\\\/index.php\\\/author\\\/jessicad-bayergmail-com\\\/\"}]}<\/script>\n<!-- \/ Yoast SEO plugin. -->","yoast_head_json":{"title":"Vereadores de Po\u00e7o das Antas aprovam incentivo a agentes e rejeitam cr\u00e9dito para aquisi\u00e7\u00e3o de terras - Folha Popular","robots":{"index":"index","follow":"follow","max-snippet":"max-snippet:-1","max-image-preview":"max-image-preview:large","max-video-preview":"max-video-preview:-1"},"canonical":"https:\/\/folhapopular.info\/index.php\/2026\/01\/18\/vereadores-de-poco-das-antas-aprovam-incentivo-a-agentes-e-rejeitam-credito-para-aquisicao-de-terras\/","og_locale":"pt_BR","og_type":"article","og_title":"Vereadores de Po\u00e7o das Antas aprovam incentivo a agentes e rejeitam cr\u00e9dito para aquisi\u00e7\u00e3o de terras - Folha Popular","og_description":"A C\u00e2mara de Vereadores de Po\u00e7o das Antas realizou, na \u00faltima segunda-feira de 2025 (29\/12), sess\u00e3o extraordin\u00e1ria de forma on-line para aprecia\u00e7\u00e3o de mat\u00e9rias de car\u00e1ter or\u00e7ament\u00e1rio e administrativo. Entre os destaques da pauta esteve o Projeto de Lei n\u00ba 066\/2025, que autoriza o repasse do Incentivo Financeiro Adicional aos Agentes Comunit\u00e1rios de Sa\u00fade (ACS) [&hellip;]","og_url":"https:\/\/folhapopular.info\/index.php\/2026\/01\/18\/vereadores-de-poco-das-antas-aprovam-incentivo-a-agentes-e-rejeitam-credito-para-aquisicao-de-terras\/","og_site_name":"Folha Popular","article_published_time":"2026-01-18T19:00:00+00:00","og_image":[{"width":670,"height":258,"url":"https:\/\/folhapopular.info\/wp-content\/uploads\/2024\/04\/Camara-de-Poco-das-Antas-e1714227669695.jpg","type":"image\/jpeg"}],"author":"J\u00e9ssica Bayer","twitter_card":"summary_large_image","twitter_misc":{"Escrito por":"J\u00e9ssica Bayer","Est. tempo de leitura":"3 minutos"},"schema":{"@context":"https:\/\/schema.org","@graph":[{"@type":"Article","@id":"https:\/\/folhapopular.info\/index.php\/2026\/01\/18\/vereadores-de-poco-das-antas-aprovam-incentivo-a-agentes-e-rejeitam-credito-para-aquisicao-de-terras\/#article","isPartOf":{"@id":"https:\/\/folhapopular.info\/index.php\/2026\/01\/18\/vereadores-de-poco-das-antas-aprovam-incentivo-a-agentes-e-rejeitam-credito-para-aquisicao-de-terras\/"},"author":{"name":"J\u00e9ssica Bayer","@id":"https:\/\/folhapopular.info\/#\/schema\/person\/9c3bd49fe9d74793decad1d4c83fa974"},"headline":"Vereadores de Po\u00e7o das Antas aprovam incentivo a agentes e rejeitam cr\u00e9dito para aquisi\u00e7\u00e3o de terras","datePublished":"2026-01-18T19:00:00+00:00","mainEntityOfPage":{"@id":"https:\/\/folhapopular.info\/index.php\/2026\/01\/18\/vereadores-de-poco-das-antas-aprovam-incentivo-a-agentes-e-rejeitam-credito-para-aquisicao-de-terras\/"},"wordCount":496,"commentCount":0,"image":{"@id":"https:\/\/folhapopular.info\/index.php\/2026\/01\/18\/vereadores-de-poco-das-antas-aprovam-incentivo-a-agentes-e-rejeitam-credito-para-aquisicao-de-terras\/#primaryimage"},"thumbnailUrl":"https:\/\/folhapopular.info\/wp-content\/uploads\/2024\/04\/Camara-de-Poco-das-Antas-e1714227669695.jpg","keywords":["C\u00e2mara de Vereadores","Incentivo","Po\u00e7o das Antas","Sa\u00fade"],"articleSection":["Assinantes","C\u00e2mara de Vereadores de Po\u00e7o das Antas","Destaques","Pol\u00edtica"],"inLanguage":"pt-BR","potentialAction":[{"@type":"CommentAction","name":"Comment","target":["https:\/\/folhapopular.info\/index.php\/2026\/01\/18\/vereadores-de-poco-das-antas-aprovam-incentivo-a-agentes-e-rejeitam-credito-para-aquisicao-de-terras\/#respond"]}]},{"@type":"WebPage","@id":"https:\/\/folhapopular.info\/index.php\/2026\/01\/18\/vereadores-de-poco-das-antas-aprovam-incentivo-a-agentes-e-rejeitam-credito-para-aquisicao-de-terras\/","url":"https:\/\/folhapopular.info\/index.php\/2026\/01\/18\/vereadores-de-poco-das-antas-aprovam-incentivo-a-agentes-e-rejeitam-credito-para-aquisicao-de-terras\/","name":"Vereadores de Po\u00e7o das Antas aprovam incentivo a agentes e rejeitam cr\u00e9dito para aquisi\u00e7\u00e3o de terras - Folha Popular","isPartOf":{"@id":"https:\/\/folhapopular.info\/#website"},"primaryImageOfPage":{"@id":"https:\/\/folhapopular.info\/index.php\/2026\/01\/18\/vereadores-de-poco-das-antas-aprovam-incentivo-a-agentes-e-rejeitam-credito-para-aquisicao-de-terras\/#primaryimage"},"image":{"@id":"https:\/\/folhapopular.info\/index.php\/2026\/01\/18\/vereadores-de-poco-das-antas-aprovam-incentivo-a-agentes-e-rejeitam-credito-para-aquisicao-de-terras\/#primaryimage"},"thumbnailUrl":"https:\/\/folhapopular.info\/wp-content\/uploads\/2024\/04\/Camara-de-Poco-das-Antas-e1714227669695.jpg","datePublished":"2026-01-18T19:00:00+00:00","author":{"@id":"https:\/\/folhapopular.info\/#\/schema\/person\/9c3bd49fe9d74793decad1d4c83fa974"},"breadcrumb":{"@id":"https:\/\/folhapopular.info\/index.php\/2026\/01\/18\/vereadores-de-poco-das-antas-aprovam-incentivo-a-agentes-e-rejeitam-credito-para-aquisicao-de-terras\/#breadcrumb"},"inLanguage":"pt-BR","potentialAction":[{"@type":"ReadAction","target":["https:\/\/folhapopular.info\/index.php\/2026\/01\/18\/vereadores-de-poco-das-antas-aprovam-incentivo-a-agentes-e-rejeitam-credito-para-aquisicao-de-terras\/"]}]},{"@type":"ImageObject","inLanguage":"pt-BR","@id":"https:\/\/folhapopular.info\/index.php\/2026\/01\/18\/vereadores-de-poco-das-antas-aprovam-incentivo-a-agentes-e-rejeitam-credito-para-aquisicao-de-terras\/#primaryimage","url":"https:\/\/folhapopular.info\/wp-content\/uploads\/2024\/04\/Camara-de-Poco-das-Antas-e1714227669695.jpg","contentUrl":"https:\/\/folhapopular.info\/wp-content\/uploads\/2024\/04\/Camara-de-Poco-das-Antas-e1714227669695.jpg","width":670,"height":258,"caption":"Cr\u00e9dito: Divulga\u00e7\u00e3o"},{"@type":"BreadcrumbList","@id":"https:\/\/folhapopular.info\/index.php\/2026\/01\/18\/vereadores-de-poco-das-antas-aprovam-incentivo-a-agentes-e-rejeitam-credito-para-aquisicao-de-terras\/#breadcrumb","itemListElement":[{"@type":"ListItem","position":1,"name":"In\u00edcio","item":"https:\/\/folhapopular.info\/"},{"@type":"ListItem","position":2,"name":"Vereadores de Po\u00e7o das Antas aprovam incentivo a agentes e rejeitam cr\u00e9dito para aquisi\u00e7\u00e3o de terras"}]},{"@type":"WebSite","@id":"https:\/\/folhapopular.info\/#website","url":"https:\/\/folhapopular.info\/","name":"Folha Popular","description":"Onde voc\u00ea tem vez e voz","potentialAction":[{"@type":"SearchAction","target":{"@type":"EntryPoint","urlTemplate":"https:\/\/folhapopular.info\/?s={search_term_string}"},"query-input":{"@type":"PropertyValueSpecification","valueRequired":true,"valueName":"search_term_string"}}],"inLanguage":"pt-BR"},{"@type":"Person","@id":"https:\/\/folhapopular.info\/#\/schema\/person\/9c3bd49fe9d74793decad1d4c83fa974","name":"J\u00e9ssica Bayer","image":{"@type":"ImageObject","inLanguage":"pt-BR","@id":"https:\/\/secure.gravatar.com\/avatar\/66a5b729e90fb69c858616142b10a981fcab7744c95a8bfabc31856b5c9df354?s=96&d=mm&r=g","url":"https:\/\/secure.gravatar.com\/avatar\/66a5b729e90fb69c858616142b10a981fcab7744c95a8bfabc31856b5c9df354?s=96&d=mm&r=g","contentUrl":"https:\/\/secure.gravatar.com\/avatar\/66a5b729e90fb69c858616142b10a981fcab7744c95a8bfabc31856b5c9df354?s=96&d=mm&r=g","caption":"J\u00e9ssica Bayer"},"url":"https:\/\/folhapopular.info\/index.php\/author\/jessicad-bayergmail-com\/"}]}},"jetpack_featured_media_url":"https:\/\/folhapopular.info\/wp-content\/uploads\/2024\/04\/Camara-de-Poco-das-Antas-e1714227669695.jpg","jetpack_sharing_enabled":true,"amp_enabled":true,"_links":{"self":[{"href":"https:\/\/folhapopular.info\/index.php\/wp-json\/wp\/v2\/posts\/202268","targetHints":{"allow":["GET"]}}],"collection":[{"href":"https:\/\/folhapopular.info\/index.php\/wp-json\/wp\/v2\/posts"}],"about":[{"href":"https:\/\/folhapopular.info\/index.php\/wp-json\/wp\/v2\/types\/post"}],"author":[{"embeddable":true,"href":"https:\/\/folhapopular.info\/index.php\/wp-json\/wp\/v2\/users\/764"}],"replies":[{"embeddable":true,"href":"https:\/\/folhapopular.info\/index.php\/wp-json\/wp\/v2\/comments?post=202268"}],"version-history":[{"count":0,"href":"https:\/\/folhapopular.info\/index.php\/wp-json\/wp\/v2\/posts\/202268\/revisions"}],"wp:featuredmedia":[{"embeddable":true,"href":"https:\/\/folhapopular.info\/index.php\/wp-json\/wp\/v2\/media\/156603"}],"wp:attachment":[{"href":"https:\/\/folhapopular.info\/index.php\/wp-json\/wp\/v2\/media?parent=202268"}],"wp:term":[{"taxonomy":"category","embeddable":true,"href":"https:\/\/folhapopular.info\/index.php\/wp-json\/wp\/v2\/categories?post=202268"},{"taxonomy":"post_tag","embeddable":true,"href":"https:\/\/folhapopular.info\/index.php\/wp-json\/wp\/v2\/tags?post=202268"}],"curies":[{"name":"wp","href":"https:\/\/api.w.org\/{rel}","templated":true}]}}