{"id":202298,"date":"2026-01-18T21:13:44","date_gmt":"2026-01-19T00:13:44","guid":{"rendered":"https:\/\/folhapopular.info\/?p=202298"},"modified":"2026-01-18T21:13:47","modified_gmt":"2026-01-19T00:13:47","slug":"cao-e-esfaqueado-em-via-publica-e-caso-e-investigado-como-crueldade-animal-em-teutonia","status":"publish","type":"post","link":"https:\/\/folhapopular.info\/index.php\/2026\/01\/18\/cao-e-esfaqueado-em-via-publica-e-caso-e-investigado-como-crueldade-animal-em-teutonia\/","title":{"rendered":"C\u00e3o \u00e9 esfaqueado em via p\u00fablica e caso \u00e9 investigado como crueldade animal em Teut\u00f4nia"},"content":{"rendered":"\n<p>Um homem foi encaminhado \u00e0 pol\u00edcia na tarde deste s\u00e1bado (17\/1) ap\u00f3s um ataque contra um cachorro no Bairro Alesgut, em Teut\u00f4nia. O animal foi ferido com uma faca e precisou de atendimento veterin\u00e1rio.<\/p>\n\n\n\n<p>A ocorr\u00eancia chegou ao conhecimento da Brigada Militar por meio de den\u00fancia, que apontava agress\u00e3o a um c\u00e3o em via p\u00fablica, na Rua 19. Ao chegar ao local, a guarni\u00e7\u00e3o encontrou o animal com les\u00f5es no focinho.<\/p>\n\n\n\n<p>Durante a averigua\u00e7\u00e3o, um homem de 63 anos foi identificado como suspeito. Em revista pessoal, os policiais localizaram uma arma branca. Ele afirmou que teria agido ap\u00f3s o c\u00e3o avan\u00e7ar, por\u00e9m uma testemunha contestou a vers\u00e3o e relatou que o homem j\u00e1 demonstrava comportamento agressivo contra animais da vizinhan\u00e7a.<\/p>\n\n\n\n<p>O suspeito foi apresentado na Delegacia de Pol\u00edcia de Pronto Atendimento (DPPA) de Lajeado. O cachorro foi socorrido e levado para atendimento veterin\u00e1rio.<\/p>\n\n\n\n<p>A Pol\u00edcia Civil instaurou inqu\u00e9rito para apurar os fatos e verificar a pr\u00e1tica de crime de maus-tratos a animais.<\/p>\n","protected":false},"excerpt":{"rendered":"<p>Um homem foi encaminhado \u00e0 pol\u00edcia na tarde deste s\u00e1bado (17\/1) ap\u00f3s um ataque contra um cachorro no Bairro Alesgut, em Teut\u00f4nia. O animal foi ferido com uma faca e precisou de atendimento veterin\u00e1rio. A ocorr\u00eancia chegou ao conhecimento da Brigada Militar por meio de den\u00fancia, que apontava agress\u00e3o a um c\u00e3o em via p\u00fablica, [&hellip;]<\/p>\n","protected":false},"author":8,"featured_media":202299,"comment_status":"open","ping_status":"open","sticky":false,"template":"","format":"standard","meta":{"pmpro_default_level":"","_jetpack_memberships_contains_paid_content":false,"footnotes":""},"categories":[10982,7],"tags":[1559,20392,2983,4114,26],"class_list":{"0":"post-202298","1":"post","2":"type-post","3":"status-publish","4":"format-standard","5":"has-post-thumbnail","7":"category-policia","8":"category-seguranca","9":"tag-alesgut","10":"tag-cachorro-esfaqueado","11":"tag-investigacao","12":"tag-maus-tratos-2","13":"tag-teutonia","14":"pmpro-has-access"},"yoast_head":"<!-- This site is optimized with the Yoast SEO plugin v27.5 - https:\/\/yoast.com\/product\/yoast-seo-wordpress\/ -->\n<title>C\u00e3o \u00e9 esfaqueado em via p\u00fablica e caso \u00e9 investigado como crueldade animal em Teut\u00f4nia - Folha Popular<\/title>\n<meta name=\"robots\" content=\"index, follow, max-snippet:-1, max-image-preview:large, max-video-preview:-1\" \/>\n<link rel=\"canonical\" href=\"https:\/\/folhapopular.info\/index.php\/2026\/01\/18\/cao-e-esfaqueado-em-via-publica-e-caso-e-investigado-como-crueldade-animal-em-teutonia\/\" \/>\n<meta property=\"og:locale\" content=\"pt_BR\" \/>\n<meta property=\"og:type\" content=\"article\" \/>\n<meta property=\"og:title\" content=\"C\u00e3o \u00e9 esfaqueado em via p\u00fablica e caso \u00e9 investigado como crueldade animal em Teut\u00f4nia - Folha Popular\" \/>\n<meta property=\"og:description\" content=\"Um homem foi encaminhado \u00e0 pol\u00edcia na tarde deste s\u00e1bado (17\/1) ap\u00f3s um ataque contra um cachorro no Bairro Alesgut, em Teut\u00f4nia. O animal foi ferido com uma faca e precisou de atendimento veterin\u00e1rio. A ocorr\u00eancia chegou ao conhecimento da Brigada Militar por meio de den\u00fancia, que apontava agress\u00e3o a um c\u00e3o em via p\u00fablica, [&hellip;]\" \/>\n<meta property=\"og:url\" content=\"https:\/\/folhapopular.info\/index.php\/2026\/01\/18\/cao-e-esfaqueado-em-via-publica-e-caso-e-investigado-como-crueldade-animal-em-teutonia\/\" \/>\n<meta property=\"og:site_name\" content=\"Folha Popular\" \/>\n<meta property=\"article:published_time\" content=\"2026-01-19T00:13:44+00:00\" \/>\n<meta property=\"article:modified_time\" content=\"2026-01-19T00:13:47+00:00\" \/>\n<meta property=\"og:image\" content=\"http:\/\/folhapopular.info\/wp-content\/uploads\/2026\/01\/Design-sem-nome-2-1.png\" \/>\n\t<meta property=\"og:image:width\" content=\"1920\" \/>\n\t<meta property=\"og:image:height\" content=\"1080\" \/>\n\t<meta property=\"og:image:type\" content=\"image\/png\" \/>\n<meta name=\"author\" content=\"Reda\u00e7\u00e3o Folha Popular\" \/>\n<meta name=\"twitter:card\" content=\"summary_large_image\" \/>\n<meta name=\"twitter:label1\" content=\"Escrito por\" \/>\n\t<meta name=\"twitter:data1\" content=\"Reda\u00e7\u00e3o Folha Popular\" \/>\n\t<meta name=\"twitter:label2\" content=\"Est. tempo de leitura\" \/>\n\t<meta name=\"twitter:data2\" content=\"2 minutos\" \/>\n<script type=\"application\/ld+json\" class=\"yoast-schema-graph\">{\"@context\":\"https:\\\/\\\/schema.org\",\"@graph\":[{\"@type\":\"Article\",\"@id\":\"https:\\\/\\\/folhapopular.info\\\/index.php\\\/2026\\\/01\\\/18\\\/cao-e-esfaqueado-em-via-publica-e-caso-e-investigado-como-crueldade-animal-em-teutonia\\\/#article\",\"isPartOf\":{\"@id\":\"https:\\\/\\\/folhapopular.info\\\/index.php\\\/2026\\\/01\\\/18\\\/cao-e-esfaqueado-em-via-publica-e-caso-e-investigado-como-crueldade-animal-em-teutonia\\\/\"},\"author\":{\"name\":\"Reda\u00e7\u00e3o Folha Popular\",\"@id\":\"https:\\\/\\\/folhapopular.info\\\/#\\\/schema\\\/person\\\/2814e8a0df7643585a9ca38bc6eb9d4b\"},\"headline\":\"C\u00e3o \u00e9 esfaqueado em via p\u00fablica e caso \u00e9 investigado como crueldade animal em Teut\u00f4nia\",\"datePublished\":\"2026-01-19T00:13:44+00:00\",\"dateModified\":\"2026-01-19T00:13:47+00:00\",\"mainEntityOfPage\":{\"@id\":\"https:\\\/\\\/folhapopular.info\\\/index.php\\\/2026\\\/01\\\/18\\\/cao-e-esfaqueado-em-via-publica-e-caso-e-investigado-como-crueldade-animal-em-teutonia\\\/\"},\"wordCount\":198,\"commentCount\":0,\"image\":{\"@id\":\"https:\\\/\\\/folhapopular.info\\\/index.php\\\/2026\\\/01\\\/18\\\/cao-e-esfaqueado-em-via-publica-e-caso-e-investigado-como-crueldade-animal-em-teutonia\\\/#primaryimage\"},\"thumbnailUrl\":\"https:\\\/\\\/folhapopular.info\\\/wp-content\\\/uploads\\\/2026\\\/01\\\/Design-sem-nome-2-1-e1777492414157.png\",\"keywords\":[\"alesgut\",\"cachorro esfaqueado\",\"Investiga\u00e7\u00e3o\",\"Maus Tratos\",\"Teut\u00f4nia\"],\"articleSection\":[\"Pol\u00edcia\",\"Seguran\u00e7a\"],\"inLanguage\":\"pt-BR\",\"potentialAction\":[{\"@type\":\"CommentAction\",\"name\":\"Comment\",\"target\":[\"https:\\\/\\\/folhapopular.info\\\/index.php\\\/2026\\\/01\\\/18\\\/cao-e-esfaqueado-em-via-publica-e-caso-e-investigado-como-crueldade-animal-em-teutonia\\\/#respond\"]}]},{\"@type\":\"WebPage\",\"@id\":\"https:\\\/\\\/folhapopular.info\\\/index.php\\\/2026\\\/01\\\/18\\\/cao-e-esfaqueado-em-via-publica-e-caso-e-investigado-como-crueldade-animal-em-teutonia\\\/\",\"url\":\"https:\\\/\\\/folhapopular.info\\\/index.php\\\/2026\\\/01\\\/18\\\/cao-e-esfaqueado-em-via-publica-e-caso-e-investigado-como-crueldade-animal-em-teutonia\\\/\",\"name\":\"C\u00e3o \u00e9 esfaqueado em via p\u00fablica e caso \u00e9 investigado como crueldade animal em Teut\u00f4nia - Folha Popular\",\"isPartOf\":{\"@id\":\"https:\\\/\\\/folhapopular.info\\\/#website\"},\"primaryImageOfPage\":{\"@id\":\"https:\\\/\\\/folhapopular.info\\\/index.php\\\/2026\\\/01\\\/18\\\/cao-e-esfaqueado-em-via-publica-e-caso-e-investigado-como-crueldade-animal-em-teutonia\\\/#primaryimage\"},\"image\":{\"@id\":\"https:\\\/\\\/folhapopular.info\\\/index.php\\\/2026\\\/01\\\/18\\\/cao-e-esfaqueado-em-via-publica-e-caso-e-investigado-como-crueldade-animal-em-teutonia\\\/#primaryimage\"},\"thumbnailUrl\":\"https:\\\/\\\/folhapopular.info\\\/wp-content\\\/uploads\\\/2026\\\/01\\\/Design-sem-nome-2-1-e1777492414157.png\",\"datePublished\":\"2026-01-19T00:13:44+00:00\",\"dateModified\":\"2026-01-19T00:13:47+00:00\",\"author\":{\"@id\":\"https:\\\/\\\/folhapopular.info\\\/#\\\/schema\\\/person\\\/2814e8a0df7643585a9ca38bc6eb9d4b\"},\"breadcrumb\":{\"@id\":\"https:\\\/\\\/folhapopular.info\\\/index.php\\\/2026\\\/01\\\/18\\\/cao-e-esfaqueado-em-via-publica-e-caso-e-investigado-como-crueldade-animal-em-teutonia\\\/#breadcrumb\"},\"inLanguage\":\"pt-BR\",\"potentialAction\":[{\"@type\":\"ReadAction\",\"target\":[\"https:\\\/\\\/folhapopular.info\\\/index.php\\\/2026\\\/01\\\/18\\\/cao-e-esfaqueado-em-via-publica-e-caso-e-investigado-como-crueldade-animal-em-teutonia\\\/\"]}]},{\"@type\":\"ImageObject\",\"inLanguage\":\"pt-BR\",\"@id\":\"https:\\\/\\\/folhapopular.info\\\/index.php\\\/2026\\\/01\\\/18\\\/cao-e-esfaqueado-em-via-publica-e-caso-e-investigado-como-crueldade-animal-em-teutonia\\\/#primaryimage\",\"url\":\"https:\\\/\\\/folhapopular.info\\\/wp-content\\\/uploads\\\/2026\\\/01\\\/Design-sem-nome-2-1-e1777492414157.png\",\"contentUrl\":\"https:\\\/\\\/folhapopular.info\\\/wp-content\\\/uploads\\\/2026\\\/01\\\/Design-sem-nome-2-1-e1777492414157.png\",\"width\":1000,\"height\":563,\"caption\":\"IMAGEM ILUSTRATIVA\"},{\"@type\":\"BreadcrumbList\",\"@id\":\"https:\\\/\\\/folhapopular.info\\\/index.php\\\/2026\\\/01\\\/18\\\/cao-e-esfaqueado-em-via-publica-e-caso-e-investigado-como-crueldade-animal-em-teutonia\\\/#breadcrumb\",\"itemListElement\":[{\"@type\":\"ListItem\",\"position\":1,\"name\":\"In\u00edcio\",\"item\":\"https:\\\/\\\/folhapopular.info\\\/\"},{\"@type\":\"ListItem\",\"position\":2,\"name\":\"C\u00e3o \u00e9 esfaqueado em via p\u00fablica e caso \u00e9 investigado como crueldade animal em Teut\u00f4nia\"}]},{\"@type\":\"WebSite\",\"@id\":\"https:\\\/\\\/folhapopular.info\\\/#website\",\"url\":\"https:\\\/\\\/folhapopular.info\\\/\",\"name\":\"Folha Popular\",\"description\":\"Onde voc\u00ea tem vez e voz\",\"potentialAction\":[{\"@type\":\"SearchAction\",\"target\":{\"@type\":\"EntryPoint\",\"urlTemplate\":\"https:\\\/\\\/folhapopular.info\\\/?s={search_term_string}\"},\"query-input\":{\"@type\":\"PropertyValueSpecification\",\"valueRequired\":true,\"valueName\":\"search_term_string\"}}],\"inLanguage\":\"pt-BR\"},{\"@type\":\"Person\",\"@id\":\"https:\\\/\\\/folhapopular.info\\\/#\\\/schema\\\/person\\\/2814e8a0df7643585a9ca38bc6eb9d4b\",\"name\":\"Reda\u00e7\u00e3o Folha Popular\",\"image\":{\"@type\":\"ImageObject\",\"inLanguage\":\"pt-BR\",\"@id\":\"https:\\\/\\\/folhapopular.info\\\/wp-content\\\/uploads\\\/2026\\\/04\\\/Folha-1.webp\",\"url\":\"https:\\\/\\\/folhapopular.info\\\/wp-content\\\/uploads\\\/2026\\\/04\\\/Folha-1.webp\",\"contentUrl\":\"https:\\\/\\\/folhapopular.info\\\/wp-content\\\/uploads\\\/2026\\\/04\\\/Folha-1.webp\",\"caption\":\"Reda\u00e7\u00e3o Folha Popular\"},\"url\":\"https:\\\/\\\/folhapopular.info\\\/index.php\\\/author\\\/redacao\\\/\"}]}<\/script>\n<!-- \/ Yoast SEO plugin. -->","yoast_head_json":{"title":"C\u00e3o \u00e9 esfaqueado em via p\u00fablica e caso \u00e9 investigado como crueldade animal em Teut\u00f4nia - Folha Popular","robots":{"index":"index","follow":"follow","max-snippet":"max-snippet:-1","max-image-preview":"max-image-preview:large","max-video-preview":"max-video-preview:-1"},"canonical":"https:\/\/folhapopular.info\/index.php\/2026\/01\/18\/cao-e-esfaqueado-em-via-publica-e-caso-e-investigado-como-crueldade-animal-em-teutonia\/","og_locale":"pt_BR","og_type":"article","og_title":"C\u00e3o \u00e9 esfaqueado em via p\u00fablica e caso \u00e9 investigado como crueldade animal em Teut\u00f4nia - Folha Popular","og_description":"Um homem foi encaminhado \u00e0 pol\u00edcia na tarde deste s\u00e1bado (17\/1) ap\u00f3s um ataque contra um cachorro no Bairro Alesgut, em Teut\u00f4nia. O animal foi ferido com uma faca e precisou de atendimento veterin\u00e1rio. A ocorr\u00eancia chegou ao conhecimento da Brigada Militar por meio de den\u00fancia, que apontava agress\u00e3o a um c\u00e3o em via p\u00fablica, [&hellip;]","og_url":"https:\/\/folhapopular.info\/index.php\/2026\/01\/18\/cao-e-esfaqueado-em-via-publica-e-caso-e-investigado-como-crueldade-animal-em-teutonia\/","og_site_name":"Folha Popular","article_published_time":"2026-01-19T00:13:44+00:00","article_modified_time":"2026-01-19T00:13:47+00:00","og_image":[{"width":1920,"height":1080,"url":"http:\/\/folhapopular.info\/wp-content\/uploads\/2026\/01\/Design-sem-nome-2-1.png","type":"image\/png"}],"author":"Reda\u00e7\u00e3o Folha Popular","twitter_card":"summary_large_image","twitter_misc":{"Escrito por":"Reda\u00e7\u00e3o Folha Popular","Est. tempo de leitura":"2 minutos"},"schema":{"@context":"https:\/\/schema.org","@graph":[{"@type":"Article","@id":"https:\/\/folhapopular.info\/index.php\/2026\/01\/18\/cao-e-esfaqueado-em-via-publica-e-caso-e-investigado-como-crueldade-animal-em-teutonia\/#article","isPartOf":{"@id":"https:\/\/folhapopular.info\/index.php\/2026\/01\/18\/cao-e-esfaqueado-em-via-publica-e-caso-e-investigado-como-crueldade-animal-em-teutonia\/"},"author":{"name":"Reda\u00e7\u00e3o Folha Popular","@id":"https:\/\/folhapopular.info\/#\/schema\/person\/2814e8a0df7643585a9ca38bc6eb9d4b"},"headline":"C\u00e3o \u00e9 esfaqueado em via p\u00fablica e caso \u00e9 investigado como crueldade animal em Teut\u00f4nia","datePublished":"2026-01-19T00:13:44+00:00","dateModified":"2026-01-19T00:13:47+00:00","mainEntityOfPage":{"@id":"https:\/\/folhapopular.info\/index.php\/2026\/01\/18\/cao-e-esfaqueado-em-via-publica-e-caso-e-investigado-como-crueldade-animal-em-teutonia\/"},"wordCount":198,"commentCount":0,"image":{"@id":"https:\/\/folhapopular.info\/index.php\/2026\/01\/18\/cao-e-esfaqueado-em-via-publica-e-caso-e-investigado-como-crueldade-animal-em-teutonia\/#primaryimage"},"thumbnailUrl":"https:\/\/folhapopular.info\/wp-content\/uploads\/2026\/01\/Design-sem-nome-2-1-e1777492414157.png","keywords":["alesgut","cachorro esfaqueado","Investiga\u00e7\u00e3o","Maus Tratos","Teut\u00f4nia"],"articleSection":["Pol\u00edcia","Seguran\u00e7a"],"inLanguage":"pt-BR","potentialAction":[{"@type":"CommentAction","name":"Comment","target":["https:\/\/folhapopular.info\/index.php\/2026\/01\/18\/cao-e-esfaqueado-em-via-publica-e-caso-e-investigado-como-crueldade-animal-em-teutonia\/#respond"]}]},{"@type":"WebPage","@id":"https:\/\/folhapopular.info\/index.php\/2026\/01\/18\/cao-e-esfaqueado-em-via-publica-e-caso-e-investigado-como-crueldade-animal-em-teutonia\/","url":"https:\/\/folhapopular.info\/index.php\/2026\/01\/18\/cao-e-esfaqueado-em-via-publica-e-caso-e-investigado-como-crueldade-animal-em-teutonia\/","name":"C\u00e3o \u00e9 esfaqueado em via p\u00fablica e caso \u00e9 investigado como crueldade animal em Teut\u00f4nia - Folha Popular","isPartOf":{"@id":"https:\/\/folhapopular.info\/#website"},"primaryImageOfPage":{"@id":"https:\/\/folhapopular.info\/index.php\/2026\/01\/18\/cao-e-esfaqueado-em-via-publica-e-caso-e-investigado-como-crueldade-animal-em-teutonia\/#primaryimage"},"image":{"@id":"https:\/\/folhapopular.info\/index.php\/2026\/01\/18\/cao-e-esfaqueado-em-via-publica-e-caso-e-investigado-como-crueldade-animal-em-teutonia\/#primaryimage"},"thumbnailUrl":"https:\/\/folhapopular.info\/wp-content\/uploads\/2026\/01\/Design-sem-nome-2-1-e1777492414157.png","datePublished":"2026-01-19T00:13:44+00:00","dateModified":"2026-01-19T00:13:47+00:00","author":{"@id":"https:\/\/folhapopular.info\/#\/schema\/person\/2814e8a0df7643585a9ca38bc6eb9d4b"},"breadcrumb":{"@id":"https:\/\/folhapopular.info\/index.php\/2026\/01\/18\/cao-e-esfaqueado-em-via-publica-e-caso-e-investigado-como-crueldade-animal-em-teutonia\/#breadcrumb"},"inLanguage":"pt-BR","potentialAction":[{"@type":"ReadAction","target":["https:\/\/folhapopular.info\/index.php\/2026\/01\/18\/cao-e-esfaqueado-em-via-publica-e-caso-e-investigado-como-crueldade-animal-em-teutonia\/"]}]},{"@type":"ImageObject","inLanguage":"pt-BR","@id":"https:\/\/folhapopular.info\/index.php\/2026\/01\/18\/cao-e-esfaqueado-em-via-publica-e-caso-e-investigado-como-crueldade-animal-em-teutonia\/#primaryimage","url":"https:\/\/folhapopular.info\/wp-content\/uploads\/2026\/01\/Design-sem-nome-2-1-e1777492414157.png","contentUrl":"https:\/\/folhapopular.info\/wp-content\/uploads\/2026\/01\/Design-sem-nome-2-1-e1777492414157.png","width":1000,"height":563,"caption":"IMAGEM ILUSTRATIVA"},{"@type":"BreadcrumbList","@id":"https:\/\/folhapopular.info\/index.php\/2026\/01\/18\/cao-e-esfaqueado-em-via-publica-e-caso-e-investigado-como-crueldade-animal-em-teutonia\/#breadcrumb","itemListElement":[{"@type":"ListItem","position":1,"name":"In\u00edcio","item":"https:\/\/folhapopular.info\/"},{"@type":"ListItem","position":2,"name":"C\u00e3o \u00e9 esfaqueado em via p\u00fablica e caso \u00e9 investigado como crueldade animal em Teut\u00f4nia"}]},{"@type":"WebSite","@id":"https:\/\/folhapopular.info\/#website","url":"https:\/\/folhapopular.info\/","name":"Folha Popular","description":"Onde voc\u00ea tem vez e voz","potentialAction":[{"@type":"SearchAction","target":{"@type":"EntryPoint","urlTemplate":"https:\/\/folhapopular.info\/?s={search_term_string}"},"query-input":{"@type":"PropertyValueSpecification","valueRequired":true,"valueName":"search_term_string"}}],"inLanguage":"pt-BR"},{"@type":"Person","@id":"https:\/\/folhapopular.info\/#\/schema\/person\/2814e8a0df7643585a9ca38bc6eb9d4b","name":"Reda\u00e7\u00e3o Folha Popular","image":{"@type":"ImageObject","inLanguage":"pt-BR","@id":"https:\/\/folhapopular.info\/wp-content\/uploads\/2026\/04\/Folha-1.webp","url":"https:\/\/folhapopular.info\/wp-content\/uploads\/2026\/04\/Folha-1.webp","contentUrl":"https:\/\/folhapopular.info\/wp-content\/uploads\/2026\/04\/Folha-1.webp","caption":"Reda\u00e7\u00e3o Folha Popular"},"url":"https:\/\/folhapopular.info\/index.php\/author\/redacao\/"}]}},"jetpack_featured_media_url":"https:\/\/folhapopular.info\/wp-content\/uploads\/2026\/01\/Design-sem-nome-2-1-e1777492414157.png","jetpack_sharing_enabled":true,"amp_enabled":true,"_links":{"self":[{"href":"https:\/\/folhapopular.info\/index.php\/wp-json\/wp\/v2\/posts\/202298","targetHints":{"allow":["GET"]}}],"collection":[{"href":"https:\/\/folhapopular.info\/index.php\/wp-json\/wp\/v2\/posts"}],"about":[{"href":"https:\/\/folhapopular.info\/index.php\/wp-json\/wp\/v2\/types\/post"}],"author":[{"embeddable":true,"href":"https:\/\/folhapopular.info\/index.php\/wp-json\/wp\/v2\/users\/8"}],"replies":[{"embeddable":true,"href":"https:\/\/folhapopular.info\/index.php\/wp-json\/wp\/v2\/comments?post=202298"}],"version-history":[{"count":0,"href":"https:\/\/folhapopular.info\/index.php\/wp-json\/wp\/v2\/posts\/202298\/revisions"}],"wp:featuredmedia":[{"embeddable":true,"href":"https:\/\/folhapopular.info\/index.php\/wp-json\/wp\/v2\/media\/202299"}],"wp:attachment":[{"href":"https:\/\/folhapopular.info\/index.php\/wp-json\/wp\/v2\/media?parent=202298"}],"wp:term":[{"taxonomy":"category","embeddable":true,"href":"https:\/\/folhapopular.info\/index.php\/wp-json\/wp\/v2\/categories?post=202298"},{"taxonomy":"post_tag","embeddable":true,"href":"https:\/\/folhapopular.info\/index.php\/wp-json\/wp\/v2\/tags?post=202298"}],"curies":[{"name":"wp","href":"https:\/\/api.w.org\/{rel}","templated":true}]}}