{"id":202356,"date":"2026-01-20T08:39:22","date_gmt":"2026-01-20T11:39:22","guid":{"rendered":"https:\/\/folhapopular.info\/?p=202356"},"modified":"2026-01-20T08:39:26","modified_gmt":"2026-01-20T11:39:26","slug":"homem-e-preso-em-lajeado-por-violar-medida-protetiva","status":"publish","type":"post","link":"https:\/\/folhapopular.info\/index.php\/2026\/01\/20\/homem-e-preso-em-lajeado-por-violar-medida-protetiva\/","title":{"rendered":"Homem \u00e9 preso em Lajeado por violar medida protetiva"},"content":{"rendered":"\n<p>Um homem de 51 anos foi preso em flagrante na manh\u00e3 desta segunda-feira (19\/1), em Lajeado, pelo descumprimento de medida protetiva de urg\u00eancia concedida em favor da pr\u00f3pria m\u00e3e, de 72 anos.<\/p>\n\n\n\n<p>De acordo com a Brigada Militar, a ocorr\u00eancia foi registrada por volta das 11h30, ap\u00f3s acionamento para verificar a poss\u00edvel viola\u00e7\u00e3o da decis\u00e3o judicial. No local, na Rua Santos Filho, os policiais constataram que o homem permanecia em frente ao pr\u00e9dio onde a v\u00edtima reside, situa\u00e7\u00e3o proibida pela medida em vigor.<\/p>\n\n\n\n<p>Diante da confirma\u00e7\u00e3o, o suspeito foi abordado e detido. Por quest\u00f5es de seguran\u00e7a, ele foi algemado e encaminhado inicialmente \u00e0 Unidade de Pronto Atendimento (UPA) e, posteriormente, \u00e0 Delegacia de Pol\u00edcia de Pronto Atendimento (DPPA) para o registro da ocorr\u00eancia.<\/p>\n\n\n\n<p>Conforme a pol\u00edcia, o homem possui extensa ficha criminal, com registros por descumprimento de medida protetiva, posse de entorpecentes, persegui\u00e7\u00e3o, dano, les\u00e3o corporal, amea\u00e7a e embriaguez ao volante. O caso ser\u00e1 investigado pela Pol\u00edcia Civil.<\/p>\n","protected":false},"excerpt":{"rendered":"<p>Um homem de 51 anos foi preso em flagrante na manh\u00e3 desta segunda-feira (19\/1), em Lajeado, pelo descumprimento de medida protetiva de urg\u00eancia concedida em favor da pr\u00f3pria m\u00e3e, de 72 anos. De acordo com a Brigada Militar, a ocorr\u00eancia foi registrada por volta das 11h30, ap\u00f3s acionamento para verificar a poss\u00edvel viola\u00e7\u00e3o da decis\u00e3o [&hellip;]<\/p>\n","protected":false},"author":8,"featured_media":129084,"comment_status":"open","ping_status":"open","sticky":false,"template":"","format":"standard","meta":{"pmpro_default_level":"","_jetpack_memberships_contains_paid_content":false,"footnotes":""},"categories":[10982,7],"tags":[27,107],"class_list":{"0":"post-202356","1":"post","2":"type-post","3":"status-publish","4":"format-standard","5":"has-post-thumbnail","7":"category-policia","8":"category-seguranca","9":"tag-lajeado","10":"tag-prisao","11":"pmpro-has-access"},"yoast_head":"<!-- This site is optimized with the Yoast SEO plugin v27.5 - https:\/\/yoast.com\/product\/yoast-seo-wordpress\/ -->\n<title>Homem \u00e9 preso em Lajeado por violar medida protetiva - Folha Popular<\/title>\n<meta name=\"robots\" content=\"index, follow, max-snippet:-1, max-image-preview:large, max-video-preview:-1\" \/>\n<link rel=\"canonical\" href=\"https:\/\/folhapopular.info\/index.php\/2026\/01\/20\/homem-e-preso-em-lajeado-por-violar-medida-protetiva\/\" \/>\n<meta property=\"og:locale\" content=\"pt_BR\" \/>\n<meta property=\"og:type\" content=\"article\" \/>\n<meta property=\"og:title\" content=\"Homem \u00e9 preso em Lajeado por violar medida protetiva - Folha Popular\" \/>\n<meta property=\"og:description\" content=\"Um homem de 51 anos foi preso em flagrante na manh\u00e3 desta segunda-feira (19\/1), em Lajeado, pelo descumprimento de medida protetiva de urg\u00eancia concedida em favor da pr\u00f3pria m\u00e3e, de 72 anos. De acordo com a Brigada Militar, a ocorr\u00eancia foi registrada por volta das 11h30, ap\u00f3s acionamento para verificar a poss\u00edvel viola\u00e7\u00e3o da decis\u00e3o [&hellip;]\" \/>\n<meta property=\"og:url\" content=\"https:\/\/folhapopular.info\/index.php\/2026\/01\/20\/homem-e-preso-em-lajeado-por-violar-medida-protetiva\/\" \/>\n<meta property=\"og:site_name\" content=\"Folha Popular\" \/>\n<meta property=\"article:published_time\" content=\"2026-01-20T11:39:22+00:00\" \/>\n<meta property=\"article:modified_time\" content=\"2026-01-20T11:39:26+00:00\" \/>\n<meta property=\"og:image\" content=\"http:\/\/folhapopular.info\/wp-content\/uploads\/2023\/06\/Sirene-da-Policia-Imagem-ilustrativa.jpg\" \/>\n\t<meta property=\"og:image:width\" content=\"1000\" \/>\n\t<meta property=\"og:image:height\" content=\"667\" \/>\n\t<meta property=\"og:image:type\" content=\"image\/jpeg\" \/>\n<meta name=\"author\" content=\"Reda\u00e7\u00e3o Folha Popular\" \/>\n<meta name=\"twitter:card\" content=\"summary_large_image\" \/>\n<meta name=\"twitter:label1\" content=\"Escrito por\" \/>\n\t<meta name=\"twitter:data1\" content=\"Reda\u00e7\u00e3o Folha Popular\" \/>\n\t<meta name=\"twitter:label2\" content=\"Est. tempo de leitura\" \/>\n\t<meta name=\"twitter:data2\" content=\"2 minutos\" \/>\n<script type=\"application\/ld+json\" class=\"yoast-schema-graph\">{\"@context\":\"https:\\\/\\\/schema.org\",\"@graph\":[{\"@type\":\"Article\",\"@id\":\"https:\\\/\\\/folhapopular.info\\\/index.php\\\/2026\\\/01\\\/20\\\/homem-e-preso-em-lajeado-por-violar-medida-protetiva\\\/#article\",\"isPartOf\":{\"@id\":\"https:\\\/\\\/folhapopular.info\\\/index.php\\\/2026\\\/01\\\/20\\\/homem-e-preso-em-lajeado-por-violar-medida-protetiva\\\/\"},\"author\":{\"name\":\"Reda\u00e7\u00e3o Folha Popular\",\"@id\":\"https:\\\/\\\/folhapopular.info\\\/#\\\/schema\\\/person\\\/2814e8a0df7643585a9ca38bc6eb9d4b\"},\"headline\":\"Homem \u00e9 preso em Lajeado por violar medida protetiva\",\"datePublished\":\"2026-01-20T11:39:22+00:00\",\"dateModified\":\"2026-01-20T11:39:26+00:00\",\"mainEntityOfPage\":{\"@id\":\"https:\\\/\\\/folhapopular.info\\\/index.php\\\/2026\\\/01\\\/20\\\/homem-e-preso-em-lajeado-por-violar-medida-protetiva\\\/\"},\"wordCount\":182,\"commentCount\":0,\"image\":{\"@id\":\"https:\\\/\\\/folhapopular.info\\\/index.php\\\/2026\\\/01\\\/20\\\/homem-e-preso-em-lajeado-por-violar-medida-protetiva\\\/#primaryimage\"},\"thumbnailUrl\":\"https:\\\/\\\/folhapopular.info\\\/wp-content\\\/uploads\\\/2023\\\/06\\\/Sirene-da-Policia-Imagem-ilustrativa.jpg\",\"keywords\":[\"Lajeado\",\"Pris\u00e3o\"],\"articleSection\":[\"Pol\u00edcia\",\"Seguran\u00e7a\"],\"inLanguage\":\"pt-BR\",\"potentialAction\":[{\"@type\":\"CommentAction\",\"name\":\"Comment\",\"target\":[\"https:\\\/\\\/folhapopular.info\\\/index.php\\\/2026\\\/01\\\/20\\\/homem-e-preso-em-lajeado-por-violar-medida-protetiva\\\/#respond\"]}]},{\"@type\":\"WebPage\",\"@id\":\"https:\\\/\\\/folhapopular.info\\\/index.php\\\/2026\\\/01\\\/20\\\/homem-e-preso-em-lajeado-por-violar-medida-protetiva\\\/\",\"url\":\"https:\\\/\\\/folhapopular.info\\\/index.php\\\/2026\\\/01\\\/20\\\/homem-e-preso-em-lajeado-por-violar-medida-protetiva\\\/\",\"name\":\"Homem \u00e9 preso em Lajeado por violar medida protetiva - Folha Popular\",\"isPartOf\":{\"@id\":\"https:\\\/\\\/folhapopular.info\\\/#website\"},\"primaryImageOfPage\":{\"@id\":\"https:\\\/\\\/folhapopular.info\\\/index.php\\\/2026\\\/01\\\/20\\\/homem-e-preso-em-lajeado-por-violar-medida-protetiva\\\/#primaryimage\"},\"image\":{\"@id\":\"https:\\\/\\\/folhapopular.info\\\/index.php\\\/2026\\\/01\\\/20\\\/homem-e-preso-em-lajeado-por-violar-medida-protetiva\\\/#primaryimage\"},\"thumbnailUrl\":\"https:\\\/\\\/folhapopular.info\\\/wp-content\\\/uploads\\\/2023\\\/06\\\/Sirene-da-Policia-Imagem-ilustrativa.jpg\",\"datePublished\":\"2026-01-20T11:39:22+00:00\",\"dateModified\":\"2026-01-20T11:39:26+00:00\",\"author\":{\"@id\":\"https:\\\/\\\/folhapopular.info\\\/#\\\/schema\\\/person\\\/2814e8a0df7643585a9ca38bc6eb9d4b\"},\"breadcrumb\":{\"@id\":\"https:\\\/\\\/folhapopular.info\\\/index.php\\\/2026\\\/01\\\/20\\\/homem-e-preso-em-lajeado-por-violar-medida-protetiva\\\/#breadcrumb\"},\"inLanguage\":\"pt-BR\",\"potentialAction\":[{\"@type\":\"ReadAction\",\"target\":[\"https:\\\/\\\/folhapopular.info\\\/index.php\\\/2026\\\/01\\\/20\\\/homem-e-preso-em-lajeado-por-violar-medida-protetiva\\\/\"]}]},{\"@type\":\"ImageObject\",\"inLanguage\":\"pt-BR\",\"@id\":\"https:\\\/\\\/folhapopular.info\\\/index.php\\\/2026\\\/01\\\/20\\\/homem-e-preso-em-lajeado-por-violar-medida-protetiva\\\/#primaryimage\",\"url\":\"https:\\\/\\\/folhapopular.info\\\/wp-content\\\/uploads\\\/2023\\\/06\\\/Sirene-da-Policia-Imagem-ilustrativa.jpg\",\"contentUrl\":\"https:\\\/\\\/folhapopular.info\\\/wp-content\\\/uploads\\\/2023\\\/06\\\/Sirene-da-Policia-Imagem-ilustrativa.jpg\",\"width\":1000,\"height\":667,\"caption\":\"Cr\u00e9dito: Divulga\u00e7\u00e3o\"},{\"@type\":\"BreadcrumbList\",\"@id\":\"https:\\\/\\\/folhapopular.info\\\/index.php\\\/2026\\\/01\\\/20\\\/homem-e-preso-em-lajeado-por-violar-medida-protetiva\\\/#breadcrumb\",\"itemListElement\":[{\"@type\":\"ListItem\",\"position\":1,\"name\":\"In\u00edcio\",\"item\":\"https:\\\/\\\/folhapopular.info\\\/\"},{\"@type\":\"ListItem\",\"position\":2,\"name\":\"Homem \u00e9 preso em Lajeado por violar medida protetiva\"}]},{\"@type\":\"WebSite\",\"@id\":\"https:\\\/\\\/folhapopular.info\\\/#website\",\"url\":\"https:\\\/\\\/folhapopular.info\\\/\",\"name\":\"Folha Popular\",\"description\":\"Onde voc\u00ea tem vez e voz\",\"potentialAction\":[{\"@type\":\"SearchAction\",\"target\":{\"@type\":\"EntryPoint\",\"urlTemplate\":\"https:\\\/\\\/folhapopular.info\\\/?s={search_term_string}\"},\"query-input\":{\"@type\":\"PropertyValueSpecification\",\"valueRequired\":true,\"valueName\":\"search_term_string\"}}],\"inLanguage\":\"pt-BR\"},{\"@type\":\"Person\",\"@id\":\"https:\\\/\\\/folhapopular.info\\\/#\\\/schema\\\/person\\\/2814e8a0df7643585a9ca38bc6eb9d4b\",\"name\":\"Reda\u00e7\u00e3o Folha Popular\",\"image\":{\"@type\":\"ImageObject\",\"inLanguage\":\"pt-BR\",\"@id\":\"https:\\\/\\\/folhapopular.info\\\/wp-content\\\/uploads\\\/2026\\\/04\\\/Folha-1.webp\",\"url\":\"https:\\\/\\\/folhapopular.info\\\/wp-content\\\/uploads\\\/2026\\\/04\\\/Folha-1.webp\",\"contentUrl\":\"https:\\\/\\\/folhapopular.info\\\/wp-content\\\/uploads\\\/2026\\\/04\\\/Folha-1.webp\",\"caption\":\"Reda\u00e7\u00e3o Folha Popular\"},\"url\":\"https:\\\/\\\/folhapopular.info\\\/index.php\\\/author\\\/redacao\\\/\"}]}<\/script>\n<!-- \/ Yoast SEO plugin. -->","yoast_head_json":{"title":"Homem \u00e9 preso em Lajeado por violar medida protetiva - Folha Popular","robots":{"index":"index","follow":"follow","max-snippet":"max-snippet:-1","max-image-preview":"max-image-preview:large","max-video-preview":"max-video-preview:-1"},"canonical":"https:\/\/folhapopular.info\/index.php\/2026\/01\/20\/homem-e-preso-em-lajeado-por-violar-medida-protetiva\/","og_locale":"pt_BR","og_type":"article","og_title":"Homem \u00e9 preso em Lajeado por violar medida protetiva - Folha Popular","og_description":"Um homem de 51 anos foi preso em flagrante na manh\u00e3 desta segunda-feira (19\/1), em Lajeado, pelo descumprimento de medida protetiva de urg\u00eancia concedida em favor da pr\u00f3pria m\u00e3e, de 72 anos. De acordo com a Brigada Militar, a ocorr\u00eancia foi registrada por volta das 11h30, ap\u00f3s acionamento para verificar a poss\u00edvel viola\u00e7\u00e3o da decis\u00e3o [&hellip;]","og_url":"https:\/\/folhapopular.info\/index.php\/2026\/01\/20\/homem-e-preso-em-lajeado-por-violar-medida-protetiva\/","og_site_name":"Folha Popular","article_published_time":"2026-01-20T11:39:22+00:00","article_modified_time":"2026-01-20T11:39:26+00:00","og_image":[{"width":1000,"height":667,"url":"http:\/\/folhapopular.info\/wp-content\/uploads\/2023\/06\/Sirene-da-Policia-Imagem-ilustrativa.jpg","type":"image\/jpeg"}],"author":"Reda\u00e7\u00e3o Folha Popular","twitter_card":"summary_large_image","twitter_misc":{"Escrito por":"Reda\u00e7\u00e3o Folha Popular","Est. tempo de leitura":"2 minutos"},"schema":{"@context":"https:\/\/schema.org","@graph":[{"@type":"Article","@id":"https:\/\/folhapopular.info\/index.php\/2026\/01\/20\/homem-e-preso-em-lajeado-por-violar-medida-protetiva\/#article","isPartOf":{"@id":"https:\/\/folhapopular.info\/index.php\/2026\/01\/20\/homem-e-preso-em-lajeado-por-violar-medida-protetiva\/"},"author":{"name":"Reda\u00e7\u00e3o Folha Popular","@id":"https:\/\/folhapopular.info\/#\/schema\/person\/2814e8a0df7643585a9ca38bc6eb9d4b"},"headline":"Homem \u00e9 preso em Lajeado por violar medida protetiva","datePublished":"2026-01-20T11:39:22+00:00","dateModified":"2026-01-20T11:39:26+00:00","mainEntityOfPage":{"@id":"https:\/\/folhapopular.info\/index.php\/2026\/01\/20\/homem-e-preso-em-lajeado-por-violar-medida-protetiva\/"},"wordCount":182,"commentCount":0,"image":{"@id":"https:\/\/folhapopular.info\/index.php\/2026\/01\/20\/homem-e-preso-em-lajeado-por-violar-medida-protetiva\/#primaryimage"},"thumbnailUrl":"https:\/\/folhapopular.info\/wp-content\/uploads\/2023\/06\/Sirene-da-Policia-Imagem-ilustrativa.jpg","keywords":["Lajeado","Pris\u00e3o"],"articleSection":["Pol\u00edcia","Seguran\u00e7a"],"inLanguage":"pt-BR","potentialAction":[{"@type":"CommentAction","name":"Comment","target":["https:\/\/folhapopular.info\/index.php\/2026\/01\/20\/homem-e-preso-em-lajeado-por-violar-medida-protetiva\/#respond"]}]},{"@type":"WebPage","@id":"https:\/\/folhapopular.info\/index.php\/2026\/01\/20\/homem-e-preso-em-lajeado-por-violar-medida-protetiva\/","url":"https:\/\/folhapopular.info\/index.php\/2026\/01\/20\/homem-e-preso-em-lajeado-por-violar-medida-protetiva\/","name":"Homem \u00e9 preso em Lajeado por violar medida protetiva - Folha Popular","isPartOf":{"@id":"https:\/\/folhapopular.info\/#website"},"primaryImageOfPage":{"@id":"https:\/\/folhapopular.info\/index.php\/2026\/01\/20\/homem-e-preso-em-lajeado-por-violar-medida-protetiva\/#primaryimage"},"image":{"@id":"https:\/\/folhapopular.info\/index.php\/2026\/01\/20\/homem-e-preso-em-lajeado-por-violar-medida-protetiva\/#primaryimage"},"thumbnailUrl":"https:\/\/folhapopular.info\/wp-content\/uploads\/2023\/06\/Sirene-da-Policia-Imagem-ilustrativa.jpg","datePublished":"2026-01-20T11:39:22+00:00","dateModified":"2026-01-20T11:39:26+00:00","author":{"@id":"https:\/\/folhapopular.info\/#\/schema\/person\/2814e8a0df7643585a9ca38bc6eb9d4b"},"breadcrumb":{"@id":"https:\/\/folhapopular.info\/index.php\/2026\/01\/20\/homem-e-preso-em-lajeado-por-violar-medida-protetiva\/#breadcrumb"},"inLanguage":"pt-BR","potentialAction":[{"@type":"ReadAction","target":["https:\/\/folhapopular.info\/index.php\/2026\/01\/20\/homem-e-preso-em-lajeado-por-violar-medida-protetiva\/"]}]},{"@type":"ImageObject","inLanguage":"pt-BR","@id":"https:\/\/folhapopular.info\/index.php\/2026\/01\/20\/homem-e-preso-em-lajeado-por-violar-medida-protetiva\/#primaryimage","url":"https:\/\/folhapopular.info\/wp-content\/uploads\/2023\/06\/Sirene-da-Policia-Imagem-ilustrativa.jpg","contentUrl":"https:\/\/folhapopular.info\/wp-content\/uploads\/2023\/06\/Sirene-da-Policia-Imagem-ilustrativa.jpg","width":1000,"height":667,"caption":"Cr\u00e9dito: Divulga\u00e7\u00e3o"},{"@type":"BreadcrumbList","@id":"https:\/\/folhapopular.info\/index.php\/2026\/01\/20\/homem-e-preso-em-lajeado-por-violar-medida-protetiva\/#breadcrumb","itemListElement":[{"@type":"ListItem","position":1,"name":"In\u00edcio","item":"https:\/\/folhapopular.info\/"},{"@type":"ListItem","position":2,"name":"Homem \u00e9 preso em Lajeado por violar medida protetiva"}]},{"@type":"WebSite","@id":"https:\/\/folhapopular.info\/#website","url":"https:\/\/folhapopular.info\/","name":"Folha Popular","description":"Onde voc\u00ea tem vez e voz","potentialAction":[{"@type":"SearchAction","target":{"@type":"EntryPoint","urlTemplate":"https:\/\/folhapopular.info\/?s={search_term_string}"},"query-input":{"@type":"PropertyValueSpecification","valueRequired":true,"valueName":"search_term_string"}}],"inLanguage":"pt-BR"},{"@type":"Person","@id":"https:\/\/folhapopular.info\/#\/schema\/person\/2814e8a0df7643585a9ca38bc6eb9d4b","name":"Reda\u00e7\u00e3o Folha Popular","image":{"@type":"ImageObject","inLanguage":"pt-BR","@id":"https:\/\/folhapopular.info\/wp-content\/uploads\/2026\/04\/Folha-1.webp","url":"https:\/\/folhapopular.info\/wp-content\/uploads\/2026\/04\/Folha-1.webp","contentUrl":"https:\/\/folhapopular.info\/wp-content\/uploads\/2026\/04\/Folha-1.webp","caption":"Reda\u00e7\u00e3o Folha Popular"},"url":"https:\/\/folhapopular.info\/index.php\/author\/redacao\/"}]}},"jetpack_featured_media_url":"https:\/\/folhapopular.info\/wp-content\/uploads\/2023\/06\/Sirene-da-Policia-Imagem-ilustrativa.jpg","jetpack_sharing_enabled":true,"amp_enabled":true,"_links":{"self":[{"href":"https:\/\/folhapopular.info\/index.php\/wp-json\/wp\/v2\/posts\/202356","targetHints":{"allow":["GET"]}}],"collection":[{"href":"https:\/\/folhapopular.info\/index.php\/wp-json\/wp\/v2\/posts"}],"about":[{"href":"https:\/\/folhapopular.info\/index.php\/wp-json\/wp\/v2\/types\/post"}],"author":[{"embeddable":true,"href":"https:\/\/folhapopular.info\/index.php\/wp-json\/wp\/v2\/users\/8"}],"replies":[{"embeddable":true,"href":"https:\/\/folhapopular.info\/index.php\/wp-json\/wp\/v2\/comments?post=202356"}],"version-history":[{"count":0,"href":"https:\/\/folhapopular.info\/index.php\/wp-json\/wp\/v2\/posts\/202356\/revisions"}],"wp:featuredmedia":[{"embeddable":true,"href":"https:\/\/folhapopular.info\/index.php\/wp-json\/wp\/v2\/media\/129084"}],"wp:attachment":[{"href":"https:\/\/folhapopular.info\/index.php\/wp-json\/wp\/v2\/media?parent=202356"}],"wp:term":[{"taxonomy":"category","embeddable":true,"href":"https:\/\/folhapopular.info\/index.php\/wp-json\/wp\/v2\/categories?post=202356"},{"taxonomy":"post_tag","embeddable":true,"href":"https:\/\/folhapopular.info\/index.php\/wp-json\/wp\/v2\/tags?post=202356"}],"curies":[{"name":"wp","href":"https:\/\/api.w.org\/{rel}","templated":true}]}}