{"id":202417,"date":"2026-01-21T10:13:19","date_gmt":"2026-01-21T13:13:19","guid":{"rendered":"https:\/\/folhapopular.info\/?p=202417"},"modified":"2026-01-21T10:13:22","modified_gmt":"2026-01-21T13:13:22","slug":"fim-de-semana-teve-rodadas-do-amador-pela-regiao","status":"publish","type":"post","link":"https:\/\/folhapopular.info\/index.php\/2026\/01\/21\/fim-de-semana-teve-rodadas-do-amador-pela-regiao\/","title":{"rendered":"Fim de semana teve rodadas do amador pela regi\u00e3o"},"content":{"rendered":"\n<p>O futebol amador voltou a ganhar for\u00e7a no fim de semana, com partidas que movimentaram comunidades da regi\u00e3o. Com jogos equilibrados e muitos gols, teve at\u00e9 competi\u00e7\u00e3o que deu o pontap\u00e9 inicial na temporada 2026.<\/p>\n\n\n\n<p>Durante o s\u00e1bado e o domingo (17 e 18\/1), Nova Br\u00e9scia, Boqueir\u00e3o do Le\u00e3o e Progresso receberam confrontos.<\/p>\n\n\n\n<h2 class=\"wp-block-heading\"><strong>Nova Br\u00e9scia abre a temporada<\/strong><\/h2>\n\n\n\n<p>A 1\u00aa rodada foi marcada por jogos movimentados. Pela categoria Titular, Atl\u00e9tico Ca\u00e7adorense e Canarinho protagonizaram um empate el\u00e9trico pelo placar de 3 a 3, em jogo de muita intensidade. No outro confronto, o Botafogo mostrou for\u00e7a e goleou o Cristal por 6 a 2.<\/p>\n\n\n\n<p>Nos Aspirantes, o Atl\u00e9tico Ca\u00e7adorense levou a melhor sobre o Canarinho por 1 a 0, enquanto o Botafogo voltou a vencer, desta vez por 4 a 1 diante do Cristal.<\/p>\n\n\n\n<h2 class=\"wp-block-heading\"><strong>11 gols em Progresso<\/strong><\/h2>\n\n\n\n<p>Os jogos foram disputados no s\u00e1bado, na localidade de S\u00e3o Luiz. Pelo Veterano, o Flamengo Xaxim venceu o Achados e Perdidos por 4 a 3. Os gols foram marcados por Barola (2x), Odi e Alex Zerves, enquanto Alem\u00e3o (2x) e Isael Caliari diminu\u00edram.<\/p>\n\n\n\n<p>No jogo de fundos do principal, o S\u00e3o Jo\u00e3o Alta Picada Serra levou a melhor sobre o Internacional Campo Branco, por 3 a 1. O destaque foi o campe\u00e3o regional Theylor, que balan\u00e7ou as redes duas vezes. Marcos completou e Lucas fez o de honra.<\/p>\n\n\n\n<p>Com a vit\u00f3ria o S\u00e3o Jo\u00e3o assume a vice-posi\u00e7\u00e3o com 4 pontos, 2 a menos que o l\u00edder Flamengo, que soma 6 pontos e 100% de aproveitamento. Em 3\u00ba est\u00e1 Cruzeiro com (1), e quem ainda n\u00e3o pontuou \u00e9 o Internacional.<\/p>\n\n\n\n<h2 class=\"wp-block-heading\"><strong>Inter forte em Boqueir\u00e3o<\/strong><\/h2>\n\n\n\n<p>A 2\u00aa rodada teve o Internacional como principal destaque. Na categoria Titulares, a equipe venceu o S\u00e3o Jos\u00e9 por 1 a 0, em jogo truncado, que teve expuls\u00e3o de Guina e gol de Airton Chicuta.<\/p>\n\n\n\n<p>Pelos Aspirantes, o Inter mostrou superioridade e construiu vit\u00f3ria s\u00f3lida por 4 a 0, marcada pelo controle das a\u00e7\u00f5es do in\u00edcio ao fim. Kaike Barbon brilhou com<em> hat-trick<\/em> e Robson Soares ampliou a vantagem.<\/p>\n","protected":false},"excerpt":{"rendered":"<p>O futebol amador voltou a ganhar for\u00e7a no fim de semana, com partidas que movimentaram comunidades da regi\u00e3o. Com jogos equilibrados e muitos gols, teve at\u00e9 competi\u00e7\u00e3o que deu o pontap\u00e9 inicial na temporada 2026. Durante o s\u00e1bado e o domingo (17 e 18\/1), Nova Br\u00e9scia, Boqueir\u00e3o do Le\u00e3o e Progresso receberam confrontos. Nova Br\u00e9scia [&hellip;]<\/p>\n","protected":false},"author":732,"featured_media":202418,"comment_status":"open","ping_status":"open","sticky":false,"template":"","format":"standard","meta":{"pmpro_default_level":"","_jetpack_memberships_contains_paid_content":false,"footnotes":""},"categories":[5,240],"tags":[3288,147,3820,151],"class_list":{"0":"post-202417","1":"post","2":"type-post","3":"status-publish","4":"format-standard","5":"has-post-thumbnail","7":"category-esportes","8":"category-futebol-amador","9":"tag-boqueirao-do-leao","10":"tag-futebol-amador","11":"tag-nova-brescia","12":"tag-progresso","13":"pmpro-has-access"},"yoast_head":"<!-- This site is optimized with the Yoast SEO plugin v27.5 - https:\/\/yoast.com\/product\/yoast-seo-wordpress\/ -->\n<title>Fim de semana teve rodadas do amador pela regi\u00e3o - Folha Popular<\/title>\n<meta name=\"robots\" content=\"index, follow, max-snippet:-1, max-image-preview:large, max-video-preview:-1\" \/>\n<link rel=\"canonical\" href=\"https:\/\/folhapopular.info\/index.php\/2026\/01\/21\/fim-de-semana-teve-rodadas-do-amador-pela-regiao\/\" \/>\n<meta property=\"og:locale\" content=\"pt_BR\" \/>\n<meta property=\"og:type\" content=\"article\" \/>\n<meta property=\"og:title\" content=\"Fim de semana teve rodadas do amador pela regi\u00e3o - Folha Popular\" \/>\n<meta property=\"og:description\" content=\"O futebol amador voltou a ganhar for\u00e7a no fim de semana, com partidas que movimentaram comunidades da regi\u00e3o. Com jogos equilibrados e muitos gols, teve at\u00e9 competi\u00e7\u00e3o que deu o pontap\u00e9 inicial na temporada 2026. Durante o s\u00e1bado e o domingo (17 e 18\/1), Nova Br\u00e9scia, Boqueir\u00e3o do Le\u00e3o e Progresso receberam confrontos. Nova Br\u00e9scia [&hellip;]\" \/>\n<meta property=\"og:url\" content=\"https:\/\/folhapopular.info\/index.php\/2026\/01\/21\/fim-de-semana-teve-rodadas-do-amador-pela-regiao\/\" \/>\n<meta property=\"og:site_name\" content=\"Folha Popular\" \/>\n<meta property=\"article:author\" content=\"https:\/\/www.facebook.com\/luis.huppes\/\" \/>\n<meta property=\"article:published_time\" content=\"2026-01-21T13:13:19+00:00\" \/>\n<meta property=\"article:modified_time\" content=\"2026-01-21T13:13:22+00:00\" \/>\n<meta property=\"og:image\" content=\"http:\/\/folhapopular.info\/wp-content\/uploads\/2026\/01\/618902553_18090992915054736_3693572811108132073_n.jpg\" \/>\n\t<meta property=\"og:image:width\" content=\"1080\" \/>\n\t<meta property=\"og:image:height\" content=\"814\" \/>\n\t<meta property=\"og:image:type\" content=\"image\/jpeg\" \/>\n<meta name=\"author\" content=\"Luis Augusto Huppes\" \/>\n<meta name=\"twitter:card\" content=\"summary_large_image\" \/>\n<meta name=\"twitter:label1\" content=\"Escrito por\" \/>\n\t<meta name=\"twitter:data1\" content=\"Luis Augusto Huppes\" \/>\n\t<meta name=\"twitter:label2\" content=\"Est. tempo de leitura\" \/>\n\t<meta name=\"twitter:data2\" content=\"3 minutos\" \/>\n<script type=\"application\/ld+json\" class=\"yoast-schema-graph\">{\"@context\":\"https:\\\/\\\/schema.org\",\"@graph\":[{\"@type\":\"Article\",\"@id\":\"https:\\\/\\\/folhapopular.info\\\/index.php\\\/2026\\\/01\\\/21\\\/fim-de-semana-teve-rodadas-do-amador-pela-regiao\\\/#article\",\"isPartOf\":{\"@id\":\"https:\\\/\\\/folhapopular.info\\\/index.php\\\/2026\\\/01\\\/21\\\/fim-de-semana-teve-rodadas-do-amador-pela-regiao\\\/\"},\"author\":{\"name\":\"Luis Augusto Huppes\",\"@id\":\"https:\\\/\\\/folhapopular.info\\\/#\\\/schema\\\/person\\\/e852c327371714676d02e58cf917fd9f\"},\"headline\":\"Fim de semana teve rodadas do amador pela regi\u00e3o\",\"datePublished\":\"2026-01-21T13:13:19+00:00\",\"dateModified\":\"2026-01-21T13:13:22+00:00\",\"mainEntityOfPage\":{\"@id\":\"https:\\\/\\\/folhapopular.info\\\/index.php\\\/2026\\\/01\\\/21\\\/fim-de-semana-teve-rodadas-do-amador-pela-regiao\\\/\"},\"wordCount\":355,\"commentCount\":0,\"image\":{\"@id\":\"https:\\\/\\\/folhapopular.info\\\/index.php\\\/2026\\\/01\\\/21\\\/fim-de-semana-teve-rodadas-do-amador-pela-regiao\\\/#primaryimage\"},\"thumbnailUrl\":\"https:\\\/\\\/folhapopular.info\\\/wp-content\\\/uploads\\\/2026\\\/01\\\/618902553_18090992915054736_3693572811108132073_n.jpg\",\"keywords\":[\"Boqueir\u00e3o do Le\u00e3o\",\"futebol amador\",\"Nova Br\u00e9scia\",\"Progresso\"],\"articleSection\":[\"Esportes\",\"Futebol Amador\"],\"inLanguage\":\"pt-BR\",\"potentialAction\":[{\"@type\":\"CommentAction\",\"name\":\"Comment\",\"target\":[\"https:\\\/\\\/folhapopular.info\\\/index.php\\\/2026\\\/01\\\/21\\\/fim-de-semana-teve-rodadas-do-amador-pela-regiao\\\/#respond\"]}]},{\"@type\":\"WebPage\",\"@id\":\"https:\\\/\\\/folhapopular.info\\\/index.php\\\/2026\\\/01\\\/21\\\/fim-de-semana-teve-rodadas-do-amador-pela-regiao\\\/\",\"url\":\"https:\\\/\\\/folhapopular.info\\\/index.php\\\/2026\\\/01\\\/21\\\/fim-de-semana-teve-rodadas-do-amador-pela-regiao\\\/\",\"name\":\"Fim de semana teve rodadas do amador pela regi\u00e3o - Folha Popular\",\"isPartOf\":{\"@id\":\"https:\\\/\\\/folhapopular.info\\\/#website\"},\"primaryImageOfPage\":{\"@id\":\"https:\\\/\\\/folhapopular.info\\\/index.php\\\/2026\\\/01\\\/21\\\/fim-de-semana-teve-rodadas-do-amador-pela-regiao\\\/#primaryimage\"},\"image\":{\"@id\":\"https:\\\/\\\/folhapopular.info\\\/index.php\\\/2026\\\/01\\\/21\\\/fim-de-semana-teve-rodadas-do-amador-pela-regiao\\\/#primaryimage\"},\"thumbnailUrl\":\"https:\\\/\\\/folhapopular.info\\\/wp-content\\\/uploads\\\/2026\\\/01\\\/618902553_18090992915054736_3693572811108132073_n.jpg\",\"datePublished\":\"2026-01-21T13:13:19+00:00\",\"dateModified\":\"2026-01-21T13:13:22+00:00\",\"author\":{\"@id\":\"https:\\\/\\\/folhapopular.info\\\/#\\\/schema\\\/person\\\/e852c327371714676d02e58cf917fd9f\"},\"breadcrumb\":{\"@id\":\"https:\\\/\\\/folhapopular.info\\\/index.php\\\/2026\\\/01\\\/21\\\/fim-de-semana-teve-rodadas-do-amador-pela-regiao\\\/#breadcrumb\"},\"inLanguage\":\"pt-BR\",\"potentialAction\":[{\"@type\":\"ReadAction\",\"target\":[\"https:\\\/\\\/folhapopular.info\\\/index.php\\\/2026\\\/01\\\/21\\\/fim-de-semana-teve-rodadas-do-amador-pela-regiao\\\/\"]}]},{\"@type\":\"ImageObject\",\"inLanguage\":\"pt-BR\",\"@id\":\"https:\\\/\\\/folhapopular.info\\\/index.php\\\/2026\\\/01\\\/21\\\/fim-de-semana-teve-rodadas-do-amador-pela-regiao\\\/#primaryimage\",\"url\":\"https:\\\/\\\/folhapopular.info\\\/wp-content\\\/uploads\\\/2026\\\/01\\\/618902553_18090992915054736_3693572811108132073_n.jpg\",\"contentUrl\":\"https:\\\/\\\/folhapopular.info\\\/wp-content\\\/uploads\\\/2026\\\/01\\\/618902553_18090992915054736_3693572811108132073_n.jpg\",\"width\":1080,\"height\":814,\"caption\":\"S\u00e3o Jo\u00e3o venceu em Progresso - Cr\u00e9dito: Divulga\u00e7\u00e3o\"},{\"@type\":\"BreadcrumbList\",\"@id\":\"https:\\\/\\\/folhapopular.info\\\/index.php\\\/2026\\\/01\\\/21\\\/fim-de-semana-teve-rodadas-do-amador-pela-regiao\\\/#breadcrumb\",\"itemListElement\":[{\"@type\":\"ListItem\",\"position\":1,\"name\":\"In\u00edcio\",\"item\":\"https:\\\/\\\/folhapopular.info\\\/\"},{\"@type\":\"ListItem\",\"position\":2,\"name\":\"Fim de semana teve rodadas do amador pela regi\u00e3o\"}]},{\"@type\":\"WebSite\",\"@id\":\"https:\\\/\\\/folhapopular.info\\\/#website\",\"url\":\"https:\\\/\\\/folhapopular.info\\\/\",\"name\":\"Folha Popular\",\"description\":\"Onde voc\u00ea tem vez e voz\",\"potentialAction\":[{\"@type\":\"SearchAction\",\"target\":{\"@type\":\"EntryPoint\",\"urlTemplate\":\"https:\\\/\\\/folhapopular.info\\\/?s={search_term_string}\"},\"query-input\":{\"@type\":\"PropertyValueSpecification\",\"valueRequired\":true,\"valueName\":\"search_term_string\"}}],\"inLanguage\":\"pt-BR\"},{\"@type\":\"Person\",\"@id\":\"https:\\\/\\\/folhapopular.info\\\/#\\\/schema\\\/person\\\/e852c327371714676d02e58cf917fd9f\",\"name\":\"Luis Augusto Huppes\",\"image\":{\"@type\":\"ImageObject\",\"inLanguage\":\"pt-BR\",\"@id\":\"https:\\\/\\\/folhapopular.info\\\/wp-content\\\/uploads\\\/2026\\\/04\\\/Luis-Augusto-Huppes-1-1.webp\",\"url\":\"https:\\\/\\\/folhapopular.info\\\/wp-content\\\/uploads\\\/2026\\\/04\\\/Luis-Augusto-Huppes-1-1.webp\",\"contentUrl\":\"https:\\\/\\\/folhapopular.info\\\/wp-content\\\/uploads\\\/2026\\\/04\\\/Luis-Augusto-Huppes-1-1.webp\",\"caption\":\"Luis Augusto Huppes\"},\"sameAs\":[\"https:\\\/\\\/www.facebook.com\\\/luis.huppes\\\/\",\"https:\\\/\\\/www.instagram.com\\\/luis.huppes\\\/\",\"https:\\\/\\\/www.linkedin.com\\\/in\\\/luis-augusto-huppes-2554b52b7\\\/\"],\"url\":\"https:\\\/\\\/folhapopular.info\\\/index.php\\\/author\\\/luis-augusto-huppes\\\/\"}]}<\/script>\n<!-- \/ Yoast SEO plugin. -->","yoast_head_json":{"title":"Fim de semana teve rodadas do amador pela regi\u00e3o - Folha Popular","robots":{"index":"index","follow":"follow","max-snippet":"max-snippet:-1","max-image-preview":"max-image-preview:large","max-video-preview":"max-video-preview:-1"},"canonical":"https:\/\/folhapopular.info\/index.php\/2026\/01\/21\/fim-de-semana-teve-rodadas-do-amador-pela-regiao\/","og_locale":"pt_BR","og_type":"article","og_title":"Fim de semana teve rodadas do amador pela regi\u00e3o - Folha Popular","og_description":"O futebol amador voltou a ganhar for\u00e7a no fim de semana, com partidas que movimentaram comunidades da regi\u00e3o. Com jogos equilibrados e muitos gols, teve at\u00e9 competi\u00e7\u00e3o que deu o pontap\u00e9 inicial na temporada 2026. Durante o s\u00e1bado e o domingo (17 e 18\/1), Nova Br\u00e9scia, Boqueir\u00e3o do Le\u00e3o e Progresso receberam confrontos. Nova Br\u00e9scia [&hellip;]","og_url":"https:\/\/folhapopular.info\/index.php\/2026\/01\/21\/fim-de-semana-teve-rodadas-do-amador-pela-regiao\/","og_site_name":"Folha Popular","article_author":"https:\/\/www.facebook.com\/luis.huppes\/","article_published_time":"2026-01-21T13:13:19+00:00","article_modified_time":"2026-01-21T13:13:22+00:00","og_image":[{"width":1080,"height":814,"url":"http:\/\/folhapopular.info\/wp-content\/uploads\/2026\/01\/618902553_18090992915054736_3693572811108132073_n.jpg","type":"image\/jpeg"}],"author":"Luis Augusto Huppes","twitter_card":"summary_large_image","twitter_misc":{"Escrito por":"Luis Augusto Huppes","Est. tempo de leitura":"3 minutos"},"schema":{"@context":"https:\/\/schema.org","@graph":[{"@type":"Article","@id":"https:\/\/folhapopular.info\/index.php\/2026\/01\/21\/fim-de-semana-teve-rodadas-do-amador-pela-regiao\/#article","isPartOf":{"@id":"https:\/\/folhapopular.info\/index.php\/2026\/01\/21\/fim-de-semana-teve-rodadas-do-amador-pela-regiao\/"},"author":{"name":"Luis Augusto Huppes","@id":"https:\/\/folhapopular.info\/#\/schema\/person\/e852c327371714676d02e58cf917fd9f"},"headline":"Fim de semana teve rodadas do amador pela regi\u00e3o","datePublished":"2026-01-21T13:13:19+00:00","dateModified":"2026-01-21T13:13:22+00:00","mainEntityOfPage":{"@id":"https:\/\/folhapopular.info\/index.php\/2026\/01\/21\/fim-de-semana-teve-rodadas-do-amador-pela-regiao\/"},"wordCount":355,"commentCount":0,"image":{"@id":"https:\/\/folhapopular.info\/index.php\/2026\/01\/21\/fim-de-semana-teve-rodadas-do-amador-pela-regiao\/#primaryimage"},"thumbnailUrl":"https:\/\/folhapopular.info\/wp-content\/uploads\/2026\/01\/618902553_18090992915054736_3693572811108132073_n.jpg","keywords":["Boqueir\u00e3o do Le\u00e3o","futebol amador","Nova Br\u00e9scia","Progresso"],"articleSection":["Esportes","Futebol Amador"],"inLanguage":"pt-BR","potentialAction":[{"@type":"CommentAction","name":"Comment","target":["https:\/\/folhapopular.info\/index.php\/2026\/01\/21\/fim-de-semana-teve-rodadas-do-amador-pela-regiao\/#respond"]}]},{"@type":"WebPage","@id":"https:\/\/folhapopular.info\/index.php\/2026\/01\/21\/fim-de-semana-teve-rodadas-do-amador-pela-regiao\/","url":"https:\/\/folhapopular.info\/index.php\/2026\/01\/21\/fim-de-semana-teve-rodadas-do-amador-pela-regiao\/","name":"Fim de semana teve rodadas do amador pela regi\u00e3o - Folha Popular","isPartOf":{"@id":"https:\/\/folhapopular.info\/#website"},"primaryImageOfPage":{"@id":"https:\/\/folhapopular.info\/index.php\/2026\/01\/21\/fim-de-semana-teve-rodadas-do-amador-pela-regiao\/#primaryimage"},"image":{"@id":"https:\/\/folhapopular.info\/index.php\/2026\/01\/21\/fim-de-semana-teve-rodadas-do-amador-pela-regiao\/#primaryimage"},"thumbnailUrl":"https:\/\/folhapopular.info\/wp-content\/uploads\/2026\/01\/618902553_18090992915054736_3693572811108132073_n.jpg","datePublished":"2026-01-21T13:13:19+00:00","dateModified":"2026-01-21T13:13:22+00:00","author":{"@id":"https:\/\/folhapopular.info\/#\/schema\/person\/e852c327371714676d02e58cf917fd9f"},"breadcrumb":{"@id":"https:\/\/folhapopular.info\/index.php\/2026\/01\/21\/fim-de-semana-teve-rodadas-do-amador-pela-regiao\/#breadcrumb"},"inLanguage":"pt-BR","potentialAction":[{"@type":"ReadAction","target":["https:\/\/folhapopular.info\/index.php\/2026\/01\/21\/fim-de-semana-teve-rodadas-do-amador-pela-regiao\/"]}]},{"@type":"ImageObject","inLanguage":"pt-BR","@id":"https:\/\/folhapopular.info\/index.php\/2026\/01\/21\/fim-de-semana-teve-rodadas-do-amador-pela-regiao\/#primaryimage","url":"https:\/\/folhapopular.info\/wp-content\/uploads\/2026\/01\/618902553_18090992915054736_3693572811108132073_n.jpg","contentUrl":"https:\/\/folhapopular.info\/wp-content\/uploads\/2026\/01\/618902553_18090992915054736_3693572811108132073_n.jpg","width":1080,"height":814,"caption":"S\u00e3o Jo\u00e3o venceu em Progresso - Cr\u00e9dito: Divulga\u00e7\u00e3o"},{"@type":"BreadcrumbList","@id":"https:\/\/folhapopular.info\/index.php\/2026\/01\/21\/fim-de-semana-teve-rodadas-do-amador-pela-regiao\/#breadcrumb","itemListElement":[{"@type":"ListItem","position":1,"name":"In\u00edcio","item":"https:\/\/folhapopular.info\/"},{"@type":"ListItem","position":2,"name":"Fim de semana teve rodadas do amador pela regi\u00e3o"}]},{"@type":"WebSite","@id":"https:\/\/folhapopular.info\/#website","url":"https:\/\/folhapopular.info\/","name":"Folha Popular","description":"Onde voc\u00ea tem vez e voz","potentialAction":[{"@type":"SearchAction","target":{"@type":"EntryPoint","urlTemplate":"https:\/\/folhapopular.info\/?s={search_term_string}"},"query-input":{"@type":"PropertyValueSpecification","valueRequired":true,"valueName":"search_term_string"}}],"inLanguage":"pt-BR"},{"@type":"Person","@id":"https:\/\/folhapopular.info\/#\/schema\/person\/e852c327371714676d02e58cf917fd9f","name":"Luis Augusto Huppes","image":{"@type":"ImageObject","inLanguage":"pt-BR","@id":"https:\/\/folhapopular.info\/wp-content\/uploads\/2026\/04\/Luis-Augusto-Huppes-1-1.webp","url":"https:\/\/folhapopular.info\/wp-content\/uploads\/2026\/04\/Luis-Augusto-Huppes-1-1.webp","contentUrl":"https:\/\/folhapopular.info\/wp-content\/uploads\/2026\/04\/Luis-Augusto-Huppes-1-1.webp","caption":"Luis Augusto Huppes"},"sameAs":["https:\/\/www.facebook.com\/luis.huppes\/","https:\/\/www.instagram.com\/luis.huppes\/","https:\/\/www.linkedin.com\/in\/luis-augusto-huppes-2554b52b7\/"],"url":"https:\/\/folhapopular.info\/index.php\/author\/luis-augusto-huppes\/"}]}},"jetpack_featured_media_url":"https:\/\/folhapopular.info\/wp-content\/uploads\/2026\/01\/618902553_18090992915054736_3693572811108132073_n.jpg","jetpack_sharing_enabled":true,"amp_enabled":true,"_links":{"self":[{"href":"https:\/\/folhapopular.info\/index.php\/wp-json\/wp\/v2\/posts\/202417","targetHints":{"allow":["GET"]}}],"collection":[{"href":"https:\/\/folhapopular.info\/index.php\/wp-json\/wp\/v2\/posts"}],"about":[{"href":"https:\/\/folhapopular.info\/index.php\/wp-json\/wp\/v2\/types\/post"}],"author":[{"embeddable":true,"href":"https:\/\/folhapopular.info\/index.php\/wp-json\/wp\/v2\/users\/732"}],"replies":[{"embeddable":true,"href":"https:\/\/folhapopular.info\/index.php\/wp-json\/wp\/v2\/comments?post=202417"}],"version-history":[{"count":0,"href":"https:\/\/folhapopular.info\/index.php\/wp-json\/wp\/v2\/posts\/202417\/revisions"}],"wp:featuredmedia":[{"embeddable":true,"href":"https:\/\/folhapopular.info\/index.php\/wp-json\/wp\/v2\/media\/202418"}],"wp:attachment":[{"href":"https:\/\/folhapopular.info\/index.php\/wp-json\/wp\/v2\/media?parent=202417"}],"wp:term":[{"taxonomy":"category","embeddable":true,"href":"https:\/\/folhapopular.info\/index.php\/wp-json\/wp\/v2\/categories?post=202417"},{"taxonomy":"post_tag","embeddable":true,"href":"https:\/\/folhapopular.info\/index.php\/wp-json\/wp\/v2\/tags?post=202417"}],"curies":[{"name":"wp","href":"https:\/\/api.w.org\/{rel}","templated":true}]}}