{"id":202423,"date":"2026-01-21T10:41:36","date_gmt":"2026-01-21T13:41:36","guid":{"rendered":"https:\/\/folhapopular.info\/?p=202423"},"modified":"2026-01-21T10:41:39","modified_gmt":"2026-01-21T13:41:39","slug":"aberto-de-verao-realiza-novas-rodadas-na-sexta-feira","status":"publish","type":"post","link":"https:\/\/folhapopular.info\/index.php\/2026\/01\/21\/aberto-de-verao-realiza-novas-rodadas-na-sexta-feira\/","title":{"rendered":"Aberto de Ver\u00e3o realiza novas rodadas na sexta-feira"},"content":{"rendered":"\n<p>A sexta-feira (16\/1) foi de equil\u00edbrio no 46\u00ba Aberto de Ver\u00e3o Lojas Becker, com uma maratona de jogos no futsal e no futebol sete, que registraram 57 gols.<\/p>\n\n\n\n<p>Na quadra, pela categoria Sub-15, o Atl\u00e9tico Maia venceu o Redeemfut por 3 a 2. Na For\u00e7a Livre, a rodada seguiu com o empate em 1 a 1 entre Os Guri da Obra e Imeec. Em seguida, o Curticar \/ Reis da Copa levou a melhor diante do Esquenta Banco, ap\u00f3s vencer por 4 a 1. Para fechar a programa\u00e7\u00e3o do futsal, o FC Planta \/ Imp\u00e9rio Reboques superou o Brocadores por de 2 a 1.<\/p>\n\n\n\n<p>No Campo 2 do sete, EC Nacional e Fluminense ficaram no empate em 2 a 2 na categoria Sub-18. Pela M\u00e1ster, o Amigos do Lolo \/ Boa Forma Academia venceu o S\u00e3o Jos\u00e9 \/ Grupo Costa \/ Comercial El\u00e9trica por 4 a 0. J\u00e1 pela For\u00e7a Livre, o Meninos da Vila aplicou goleada de 6 a 0 sobre a Tropa do 7. No encerramento da noite, pela categoria Veterano, o Vira Copos venceu o Po\u00e7o das Antas por 5 a 1.<\/p>\n\n\n\n<p>A rodada do Campo 1 come\u00e7ou com a Sub-23, onde o Barca J\u00fanior venceu o Amigos do Tiago por 6 a 1. Pela M\u00e1ster, o Amigos do Gemeii \/ Los Gringos superou o ADC FC \/ Amigos do Cacau por 5 a 0. Na For\u00e7a Livre, o Furac\u00e3o venceu o BDC por 4 a 1, e o Shaktar fechou a noite com vit\u00f3ria apertada sobre o Unidos Futebol 7, por 3 a 2.<\/p>\n\n\n\n<p>A competi\u00e7\u00e3o segue com mais uma rodada nesta sexta-feira (23\/1), com nova sequ\u00eancia de jogos. No futsal, a programa\u00e7\u00e3o inicia \u00e0s 19h30, pela Sub-15, com o confronto entre Brochier x Kakedos FC.<\/p>\n\n\n\n<p>\u00c0s 20h15, pela For\u00e7a Livre, jogam <em>Sporting<\/em> FC x Pariza \/ Carv\u00e3o Wilke. Na sequ\u00eancia, \u00e0s 21h15, o duelo ser\u00e1 entre Meninos da Vila x Brocadores, tamb\u00e9m pela For\u00e7a Livre. Para encerrar a noite na quadra, \u00e0s 22h15, entram em quadra Os Guri da Obra x KBF \/ Guri das Frutas.<\/p>\n\n\n\n<p>No Campo 1, a bola rola \u00e0s 19h45 para Projeto Guarani x Upal, pela Sub-23. \u00c0s 20h45, ainda pela Sub-23, jogam Brochier x Amigos do Bar\u00e7a.<\/p>\n\n\n\n<p>A For\u00e7a Livre, \u00e0s 21h45, ter\u00e1 o confronto entre Po\u00e7o das Antas x S\u00e3o Jac\u00f3 FC, e \u00e0s 22h45, a programa\u00e7\u00e3o fecha com Vira Copos x Rui Barbosa.<\/p>\n\n\n\n<p>J\u00e1 no Campo 2, a rodada come\u00e7a \u00e0s 19h45, pela categoria Veterano, com Barcelona FC x Amigos do Egon. \u00c0s 20h45, pela M\u00e1ster, jogam S\u00e3o Jos\u00e9 \/ Grupo Costa \/ Comercial El\u00e9trica x Fim de Carreira.<\/p>\n\n\n\n<p>\u00c0s 21h45, o duelo ser\u00e1 entre Carvo <em>Haus<\/em> x Amigos do Sacola na For\u00e7a Livre. No fim da noite, \u00e0s 22h45, entram em campo Fim de Carreira x Elitte Show, pela categoria Veterano.<\/p>\n","protected":false},"excerpt":{"rendered":"<p>A sexta-feira (16\/1) foi de equil\u00edbrio no 46\u00ba Aberto de Ver\u00e3o Lojas Becker, com uma maratona de jogos no futsal e no futebol sete, que registraram 57 gols. Na quadra, pela categoria Sub-15, o Atl\u00e9tico Maia venceu o Redeemfut por 3 a 2. Na For\u00e7a Livre, a rodada seguiu com o empate em 1 a [&hellip;]<\/p>\n","protected":false},"author":732,"featured_media":202424,"comment_status":"open","ping_status":"open","sticky":false,"template":"","format":"standard","meta":{"pmpro_default_level":"","_jetpack_memberships_contains_paid_content":false,"footnotes":""},"categories":[5,6592,530],"tags":[8160,1273,31,1621,26],"class_list":{"0":"post-202423","1":"post","2":"type-post","3":"status-publish","4":"format-standard","5":"has-post-thumbnail","7":"category-esportes","8":"category-futebol-sete","9":"category-futsal","10":"tag-aberto-de-verao","11":"tag-futebol-sete","12":"tag-futsal","13":"tag-mimi","14":"tag-teutonia","15":"pmpro-has-access"},"yoast_head":"<!-- This site is optimized with the Yoast SEO plugin v27.5 - https:\/\/yoast.com\/product\/yoast-seo-wordpress\/ -->\n<title>Aberto de Ver\u00e3o realiza novas rodadas na sexta-feira - Folha Popular<\/title>\n<meta name=\"robots\" content=\"index, follow, max-snippet:-1, max-image-preview:large, max-video-preview:-1\" \/>\n<link rel=\"canonical\" href=\"https:\/\/folhapopular.info\/index.php\/2026\/01\/21\/aberto-de-verao-realiza-novas-rodadas-na-sexta-feira\/\" \/>\n<meta property=\"og:locale\" content=\"pt_BR\" \/>\n<meta property=\"og:type\" content=\"article\" \/>\n<meta property=\"og:title\" content=\"Aberto de Ver\u00e3o realiza novas rodadas na sexta-feira - Folha Popular\" \/>\n<meta property=\"og:description\" content=\"A sexta-feira (16\/1) foi de equil\u00edbrio no 46\u00ba Aberto de Ver\u00e3o Lojas Becker, com uma maratona de jogos no futsal e no futebol sete, que registraram 57 gols. Na quadra, pela categoria Sub-15, o Atl\u00e9tico Maia venceu o Redeemfut por 3 a 2. Na For\u00e7a Livre, a rodada seguiu com o empate em 1 a [&hellip;]\" \/>\n<meta property=\"og:url\" content=\"https:\/\/folhapopular.info\/index.php\/2026\/01\/21\/aberto-de-verao-realiza-novas-rodadas-na-sexta-feira\/\" \/>\n<meta property=\"og:site_name\" content=\"Folha Popular\" \/>\n<meta property=\"article:author\" content=\"https:\/\/www.facebook.com\/luis.huppes\/\" \/>\n<meta property=\"article:published_time\" content=\"2026-01-21T13:41:36+00:00\" \/>\n<meta property=\"article:modified_time\" content=\"2026-01-21T13:41:39+00:00\" \/>\n<meta property=\"og:image\" content=\"http:\/\/folhapopular.info\/wp-content\/uploads\/2026\/01\/Partidas-ocorrem-na-Associacao-dos-Funcionarios-da-Cooperativa-Languiru.jpg\" \/>\n\t<meta property=\"og:image:width\" content=\"1440\" \/>\n\t<meta property=\"og:image:height\" content=\"960\" \/>\n\t<meta property=\"og:image:type\" content=\"image\/jpeg\" \/>\n<meta name=\"author\" content=\"Luis Augusto Huppes\" \/>\n<meta name=\"twitter:card\" content=\"summary_large_image\" \/>\n<meta name=\"twitter:label1\" content=\"Escrito por\" \/>\n\t<meta name=\"twitter:data1\" content=\"Luis Augusto Huppes\" \/>\n\t<meta name=\"twitter:label2\" content=\"Est. tempo de leitura\" \/>\n\t<meta name=\"twitter:data2\" content=\"3 minutos\" \/>\n<script type=\"application\/ld+json\" class=\"yoast-schema-graph\">{\"@context\":\"https:\\\/\\\/schema.org\",\"@graph\":[{\"@type\":\"Article\",\"@id\":\"https:\\\/\\\/folhapopular.info\\\/index.php\\\/2026\\\/01\\\/21\\\/aberto-de-verao-realiza-novas-rodadas-na-sexta-feira\\\/#article\",\"isPartOf\":{\"@id\":\"https:\\\/\\\/folhapopular.info\\\/index.php\\\/2026\\\/01\\\/21\\\/aberto-de-verao-realiza-novas-rodadas-na-sexta-feira\\\/\"},\"author\":{\"name\":\"Luis Augusto Huppes\",\"@id\":\"https:\\\/\\\/folhapopular.info\\\/#\\\/schema\\\/person\\\/e852c327371714676d02e58cf917fd9f\"},\"headline\":\"Aberto de Ver\u00e3o realiza novas rodadas na sexta-feira\",\"datePublished\":\"2026-01-21T13:41:36+00:00\",\"dateModified\":\"2026-01-21T13:41:39+00:00\",\"mainEntityOfPage\":{\"@id\":\"https:\\\/\\\/folhapopular.info\\\/index.php\\\/2026\\\/01\\\/21\\\/aberto-de-verao-realiza-novas-rodadas-na-sexta-feira\\\/\"},\"wordCount\":464,\"commentCount\":0,\"image\":{\"@id\":\"https:\\\/\\\/folhapopular.info\\\/index.php\\\/2026\\\/01\\\/21\\\/aberto-de-verao-realiza-novas-rodadas-na-sexta-feira\\\/#primaryimage\"},\"thumbnailUrl\":\"https:\\\/\\\/folhapopular.info\\\/wp-content\\\/uploads\\\/2026\\\/01\\\/Partidas-ocorrem-na-Associacao-dos-Funcionarios-da-Cooperativa-Languiru.jpg\",\"keywords\":[\"Aberto de Ver\u00e3o\",\"Futebol Sete\",\"Futsal\",\"Mimi\",\"Teut\u00f4nia\"],\"articleSection\":[\"Esportes\",\"Futebol Sete\",\"Futsal\"],\"inLanguage\":\"pt-BR\",\"potentialAction\":[{\"@type\":\"CommentAction\",\"name\":\"Comment\",\"target\":[\"https:\\\/\\\/folhapopular.info\\\/index.php\\\/2026\\\/01\\\/21\\\/aberto-de-verao-realiza-novas-rodadas-na-sexta-feira\\\/#respond\"]}]},{\"@type\":\"WebPage\",\"@id\":\"https:\\\/\\\/folhapopular.info\\\/index.php\\\/2026\\\/01\\\/21\\\/aberto-de-verao-realiza-novas-rodadas-na-sexta-feira\\\/\",\"url\":\"https:\\\/\\\/folhapopular.info\\\/index.php\\\/2026\\\/01\\\/21\\\/aberto-de-verao-realiza-novas-rodadas-na-sexta-feira\\\/\",\"name\":\"Aberto de Ver\u00e3o realiza novas rodadas na sexta-feira - Folha Popular\",\"isPartOf\":{\"@id\":\"https:\\\/\\\/folhapopular.info\\\/#website\"},\"primaryImageOfPage\":{\"@id\":\"https:\\\/\\\/folhapopular.info\\\/index.php\\\/2026\\\/01\\\/21\\\/aberto-de-verao-realiza-novas-rodadas-na-sexta-feira\\\/#primaryimage\"},\"image\":{\"@id\":\"https:\\\/\\\/folhapopular.info\\\/index.php\\\/2026\\\/01\\\/21\\\/aberto-de-verao-realiza-novas-rodadas-na-sexta-feira\\\/#primaryimage\"},\"thumbnailUrl\":\"https:\\\/\\\/folhapopular.info\\\/wp-content\\\/uploads\\\/2026\\\/01\\\/Partidas-ocorrem-na-Associacao-dos-Funcionarios-da-Cooperativa-Languiru.jpg\",\"datePublished\":\"2026-01-21T13:41:36+00:00\",\"dateModified\":\"2026-01-21T13:41:39+00:00\",\"author\":{\"@id\":\"https:\\\/\\\/folhapopular.info\\\/#\\\/schema\\\/person\\\/e852c327371714676d02e58cf917fd9f\"},\"breadcrumb\":{\"@id\":\"https:\\\/\\\/folhapopular.info\\\/index.php\\\/2026\\\/01\\\/21\\\/aberto-de-verao-realiza-novas-rodadas-na-sexta-feira\\\/#breadcrumb\"},\"inLanguage\":\"pt-BR\",\"potentialAction\":[{\"@type\":\"ReadAction\",\"target\":[\"https:\\\/\\\/folhapopular.info\\\/index.php\\\/2026\\\/01\\\/21\\\/aberto-de-verao-realiza-novas-rodadas-na-sexta-feira\\\/\"]}]},{\"@type\":\"ImageObject\",\"inLanguage\":\"pt-BR\",\"@id\":\"https:\\\/\\\/folhapopular.info\\\/index.php\\\/2026\\\/01\\\/21\\\/aberto-de-verao-realiza-novas-rodadas-na-sexta-feira\\\/#primaryimage\",\"url\":\"https:\\\/\\\/folhapopular.info\\\/wp-content\\\/uploads\\\/2026\\\/01\\\/Partidas-ocorrem-na-Associacao-dos-Funcionarios-da-Cooperativa-Languiru.jpg\",\"contentUrl\":\"https:\\\/\\\/folhapopular.info\\\/wp-content\\\/uploads\\\/2026\\\/01\\\/Partidas-ocorrem-na-Associacao-dos-Funcionarios-da-Cooperativa-Languiru.jpg\",\"width\":1440,\"height\":960,\"caption\":\"Partidas ocorrem na Associa\u00e7\u00e3o dos Funcion\u00e1rios da Cooperativa Languiru - Cr\u00e9dito: Tain\u00e1 Danzer \\\/ Divulga\u00e7\u00e3o\"},{\"@type\":\"BreadcrumbList\",\"@id\":\"https:\\\/\\\/folhapopular.info\\\/index.php\\\/2026\\\/01\\\/21\\\/aberto-de-verao-realiza-novas-rodadas-na-sexta-feira\\\/#breadcrumb\",\"itemListElement\":[{\"@type\":\"ListItem\",\"position\":1,\"name\":\"In\u00edcio\",\"item\":\"https:\\\/\\\/folhapopular.info\\\/\"},{\"@type\":\"ListItem\",\"position\":2,\"name\":\"Aberto de Ver\u00e3o realiza novas rodadas na sexta-feira\"}]},{\"@type\":\"WebSite\",\"@id\":\"https:\\\/\\\/folhapopular.info\\\/#website\",\"url\":\"https:\\\/\\\/folhapopular.info\\\/\",\"name\":\"Folha Popular\",\"description\":\"Onde voc\u00ea tem vez e voz\",\"potentialAction\":[{\"@type\":\"SearchAction\",\"target\":{\"@type\":\"EntryPoint\",\"urlTemplate\":\"https:\\\/\\\/folhapopular.info\\\/?s={search_term_string}\"},\"query-input\":{\"@type\":\"PropertyValueSpecification\",\"valueRequired\":true,\"valueName\":\"search_term_string\"}}],\"inLanguage\":\"pt-BR\"},{\"@type\":\"Person\",\"@id\":\"https:\\\/\\\/folhapopular.info\\\/#\\\/schema\\\/person\\\/e852c327371714676d02e58cf917fd9f\",\"name\":\"Luis Augusto Huppes\",\"image\":{\"@type\":\"ImageObject\",\"inLanguage\":\"pt-BR\",\"@id\":\"https:\\\/\\\/folhapopular.info\\\/wp-content\\\/uploads\\\/2026\\\/04\\\/Luis-Augusto-Huppes-1-1.webp\",\"url\":\"https:\\\/\\\/folhapopular.info\\\/wp-content\\\/uploads\\\/2026\\\/04\\\/Luis-Augusto-Huppes-1-1.webp\",\"contentUrl\":\"https:\\\/\\\/folhapopular.info\\\/wp-content\\\/uploads\\\/2026\\\/04\\\/Luis-Augusto-Huppes-1-1.webp\",\"caption\":\"Luis Augusto Huppes\"},\"sameAs\":[\"https:\\\/\\\/www.facebook.com\\\/luis.huppes\\\/\",\"https:\\\/\\\/www.instagram.com\\\/luis.huppes\\\/\",\"https:\\\/\\\/www.linkedin.com\\\/in\\\/luis-augusto-huppes-2554b52b7\\\/\"],\"url\":\"https:\\\/\\\/folhapopular.info\\\/index.php\\\/author\\\/luis-augusto-huppes\\\/\"}]}<\/script>\n<!-- \/ Yoast SEO plugin. -->","yoast_head_json":{"title":"Aberto de Ver\u00e3o realiza novas rodadas na sexta-feira - Folha Popular","robots":{"index":"index","follow":"follow","max-snippet":"max-snippet:-1","max-image-preview":"max-image-preview:large","max-video-preview":"max-video-preview:-1"},"canonical":"https:\/\/folhapopular.info\/index.php\/2026\/01\/21\/aberto-de-verao-realiza-novas-rodadas-na-sexta-feira\/","og_locale":"pt_BR","og_type":"article","og_title":"Aberto de Ver\u00e3o realiza novas rodadas na sexta-feira - Folha Popular","og_description":"A sexta-feira (16\/1) foi de equil\u00edbrio no 46\u00ba Aberto de Ver\u00e3o Lojas Becker, com uma maratona de jogos no futsal e no futebol sete, que registraram 57 gols. Na quadra, pela categoria Sub-15, o Atl\u00e9tico Maia venceu o Redeemfut por 3 a 2. Na For\u00e7a Livre, a rodada seguiu com o empate em 1 a [&hellip;]","og_url":"https:\/\/folhapopular.info\/index.php\/2026\/01\/21\/aberto-de-verao-realiza-novas-rodadas-na-sexta-feira\/","og_site_name":"Folha Popular","article_author":"https:\/\/www.facebook.com\/luis.huppes\/","article_published_time":"2026-01-21T13:41:36+00:00","article_modified_time":"2026-01-21T13:41:39+00:00","og_image":[{"width":1440,"height":960,"url":"http:\/\/folhapopular.info\/wp-content\/uploads\/2026\/01\/Partidas-ocorrem-na-Associacao-dos-Funcionarios-da-Cooperativa-Languiru.jpg","type":"image\/jpeg"}],"author":"Luis Augusto Huppes","twitter_card":"summary_large_image","twitter_misc":{"Escrito por":"Luis Augusto Huppes","Est. tempo de leitura":"3 minutos"},"schema":{"@context":"https:\/\/schema.org","@graph":[{"@type":"Article","@id":"https:\/\/folhapopular.info\/index.php\/2026\/01\/21\/aberto-de-verao-realiza-novas-rodadas-na-sexta-feira\/#article","isPartOf":{"@id":"https:\/\/folhapopular.info\/index.php\/2026\/01\/21\/aberto-de-verao-realiza-novas-rodadas-na-sexta-feira\/"},"author":{"name":"Luis Augusto Huppes","@id":"https:\/\/folhapopular.info\/#\/schema\/person\/e852c327371714676d02e58cf917fd9f"},"headline":"Aberto de Ver\u00e3o realiza novas rodadas na sexta-feira","datePublished":"2026-01-21T13:41:36+00:00","dateModified":"2026-01-21T13:41:39+00:00","mainEntityOfPage":{"@id":"https:\/\/folhapopular.info\/index.php\/2026\/01\/21\/aberto-de-verao-realiza-novas-rodadas-na-sexta-feira\/"},"wordCount":464,"commentCount":0,"image":{"@id":"https:\/\/folhapopular.info\/index.php\/2026\/01\/21\/aberto-de-verao-realiza-novas-rodadas-na-sexta-feira\/#primaryimage"},"thumbnailUrl":"https:\/\/folhapopular.info\/wp-content\/uploads\/2026\/01\/Partidas-ocorrem-na-Associacao-dos-Funcionarios-da-Cooperativa-Languiru.jpg","keywords":["Aberto de Ver\u00e3o","Futebol Sete","Futsal","Mimi","Teut\u00f4nia"],"articleSection":["Esportes","Futebol Sete","Futsal"],"inLanguage":"pt-BR","potentialAction":[{"@type":"CommentAction","name":"Comment","target":["https:\/\/folhapopular.info\/index.php\/2026\/01\/21\/aberto-de-verao-realiza-novas-rodadas-na-sexta-feira\/#respond"]}]},{"@type":"WebPage","@id":"https:\/\/folhapopular.info\/index.php\/2026\/01\/21\/aberto-de-verao-realiza-novas-rodadas-na-sexta-feira\/","url":"https:\/\/folhapopular.info\/index.php\/2026\/01\/21\/aberto-de-verao-realiza-novas-rodadas-na-sexta-feira\/","name":"Aberto de Ver\u00e3o realiza novas rodadas na sexta-feira - Folha Popular","isPartOf":{"@id":"https:\/\/folhapopular.info\/#website"},"primaryImageOfPage":{"@id":"https:\/\/folhapopular.info\/index.php\/2026\/01\/21\/aberto-de-verao-realiza-novas-rodadas-na-sexta-feira\/#primaryimage"},"image":{"@id":"https:\/\/folhapopular.info\/index.php\/2026\/01\/21\/aberto-de-verao-realiza-novas-rodadas-na-sexta-feira\/#primaryimage"},"thumbnailUrl":"https:\/\/folhapopular.info\/wp-content\/uploads\/2026\/01\/Partidas-ocorrem-na-Associacao-dos-Funcionarios-da-Cooperativa-Languiru.jpg","datePublished":"2026-01-21T13:41:36+00:00","dateModified":"2026-01-21T13:41:39+00:00","author":{"@id":"https:\/\/folhapopular.info\/#\/schema\/person\/e852c327371714676d02e58cf917fd9f"},"breadcrumb":{"@id":"https:\/\/folhapopular.info\/index.php\/2026\/01\/21\/aberto-de-verao-realiza-novas-rodadas-na-sexta-feira\/#breadcrumb"},"inLanguage":"pt-BR","potentialAction":[{"@type":"ReadAction","target":["https:\/\/folhapopular.info\/index.php\/2026\/01\/21\/aberto-de-verao-realiza-novas-rodadas-na-sexta-feira\/"]}]},{"@type":"ImageObject","inLanguage":"pt-BR","@id":"https:\/\/folhapopular.info\/index.php\/2026\/01\/21\/aberto-de-verao-realiza-novas-rodadas-na-sexta-feira\/#primaryimage","url":"https:\/\/folhapopular.info\/wp-content\/uploads\/2026\/01\/Partidas-ocorrem-na-Associacao-dos-Funcionarios-da-Cooperativa-Languiru.jpg","contentUrl":"https:\/\/folhapopular.info\/wp-content\/uploads\/2026\/01\/Partidas-ocorrem-na-Associacao-dos-Funcionarios-da-Cooperativa-Languiru.jpg","width":1440,"height":960,"caption":"Partidas ocorrem na Associa\u00e7\u00e3o dos Funcion\u00e1rios da Cooperativa Languiru - Cr\u00e9dito: Tain\u00e1 Danzer \/ Divulga\u00e7\u00e3o"},{"@type":"BreadcrumbList","@id":"https:\/\/folhapopular.info\/index.php\/2026\/01\/21\/aberto-de-verao-realiza-novas-rodadas-na-sexta-feira\/#breadcrumb","itemListElement":[{"@type":"ListItem","position":1,"name":"In\u00edcio","item":"https:\/\/folhapopular.info\/"},{"@type":"ListItem","position":2,"name":"Aberto de Ver\u00e3o realiza novas rodadas na sexta-feira"}]},{"@type":"WebSite","@id":"https:\/\/folhapopular.info\/#website","url":"https:\/\/folhapopular.info\/","name":"Folha Popular","description":"Onde voc\u00ea tem vez e voz","potentialAction":[{"@type":"SearchAction","target":{"@type":"EntryPoint","urlTemplate":"https:\/\/folhapopular.info\/?s={search_term_string}"},"query-input":{"@type":"PropertyValueSpecification","valueRequired":true,"valueName":"search_term_string"}}],"inLanguage":"pt-BR"},{"@type":"Person","@id":"https:\/\/folhapopular.info\/#\/schema\/person\/e852c327371714676d02e58cf917fd9f","name":"Luis Augusto Huppes","image":{"@type":"ImageObject","inLanguage":"pt-BR","@id":"https:\/\/folhapopular.info\/wp-content\/uploads\/2026\/04\/Luis-Augusto-Huppes-1-1.webp","url":"https:\/\/folhapopular.info\/wp-content\/uploads\/2026\/04\/Luis-Augusto-Huppes-1-1.webp","contentUrl":"https:\/\/folhapopular.info\/wp-content\/uploads\/2026\/04\/Luis-Augusto-Huppes-1-1.webp","caption":"Luis Augusto Huppes"},"sameAs":["https:\/\/www.facebook.com\/luis.huppes\/","https:\/\/www.instagram.com\/luis.huppes\/","https:\/\/www.linkedin.com\/in\/luis-augusto-huppes-2554b52b7\/"],"url":"https:\/\/folhapopular.info\/index.php\/author\/luis-augusto-huppes\/"}]}},"jetpack_featured_media_url":"https:\/\/folhapopular.info\/wp-content\/uploads\/2026\/01\/Partidas-ocorrem-na-Associacao-dos-Funcionarios-da-Cooperativa-Languiru.jpg","jetpack_sharing_enabled":true,"amp_enabled":true,"_links":{"self":[{"href":"https:\/\/folhapopular.info\/index.php\/wp-json\/wp\/v2\/posts\/202423","targetHints":{"allow":["GET"]}}],"collection":[{"href":"https:\/\/folhapopular.info\/index.php\/wp-json\/wp\/v2\/posts"}],"about":[{"href":"https:\/\/folhapopular.info\/index.php\/wp-json\/wp\/v2\/types\/post"}],"author":[{"embeddable":true,"href":"https:\/\/folhapopular.info\/index.php\/wp-json\/wp\/v2\/users\/732"}],"replies":[{"embeddable":true,"href":"https:\/\/folhapopular.info\/index.php\/wp-json\/wp\/v2\/comments?post=202423"}],"version-history":[{"count":0,"href":"https:\/\/folhapopular.info\/index.php\/wp-json\/wp\/v2\/posts\/202423\/revisions"}],"wp:featuredmedia":[{"embeddable":true,"href":"https:\/\/folhapopular.info\/index.php\/wp-json\/wp\/v2\/media\/202424"}],"wp:attachment":[{"href":"https:\/\/folhapopular.info\/index.php\/wp-json\/wp\/v2\/media?parent=202423"}],"wp:term":[{"taxonomy":"category","embeddable":true,"href":"https:\/\/folhapopular.info\/index.php\/wp-json\/wp\/v2\/categories?post=202423"},{"taxonomy":"post_tag","embeddable":true,"href":"https:\/\/folhapopular.info\/index.php\/wp-json\/wp\/v2\/tags?post=202423"}],"curies":[{"name":"wp","href":"https:\/\/api.w.org\/{rel}","templated":true}]}}