{"id":202460,"date":"2026-01-21T15:57:01","date_gmt":"2026-01-21T18:57:01","guid":{"rendered":"https:\/\/folhapopular.info\/?p=202460"},"modified":"2026-01-21T15:59:54","modified_gmt":"2026-01-21T18:59:54","slug":"municipal-de-encantado-comeca-no-dia-21-de-fevereiro-com-sete-equipes","status":"publish","type":"post","link":"https:\/\/folhapopular.info\/index.php\/2026\/01\/21\/municipal-de-encantado-comeca-no-dia-21-de-fevereiro-com-sete-equipes\/","title":{"rendered":"Municipal de Encantado come\u00e7a no dia 21 de fevereiro com sete equipes"},"content":{"rendered":"\n<p>A temporada de 2026 do Campeonato Municipal de Futebol de Campo de Encantado j\u00e1 come\u00e7ou a ganhar forma e promete mais uma edi\u00e7\u00e3o equilibrado competitiva e com muita comunidade envolvida.<\/p>\n\n\n\n<p>Mais uma vez, a organiza\u00e7\u00e3o \u00e9 da Liga Encantadense de Esporte Amador (LEEA), que realizou o sorteio oficial dos atletas que defender\u00e3o os clubes participantes.<\/p>\n\n\n\n<p>Ao todo, cada equipe recebeu 12 jogadores sorteados, al\u00e9m da possibilidade de indicar um atleta diretamente, medida que busca garantir maior equil\u00edbrio t\u00e9cnico entre os elencos.<\/p>\n\n\n\n<p>Al\u00e9m disso, os clubes poder\u00e3o inscrever mais 12 jogadores complementares, o que totaliza at\u00e9 25 atletas por equipe.<\/p>\n\n\n\n<p>O regulamento permite ainda fichar at\u00e9 tr\u00eas jogadores de fora do munic\u00edpio, sendo obrigatoriamente um goleiro e dois atletas de linha.<\/p>\n\n\n\n<p>A competi\u00e7\u00e3o est\u00e1 confirmada para iniciar no dia 21 de fevereiro, com jogos sempre aos s\u00e1bados, \u00e0s 16h.<\/p>\n\n\n\n<p>A defini\u00e7\u00e3o dos \u00faltimos detalhes ocorreu em reuni\u00e3o realizada no dia 13 de janeiro, no Audit\u00f3rio Brasil, com a presen\u00e7a de dirigentes da LEEA e representantes dos clubes.<\/p>\n\n\n\n<h2 class=\"wp-block-heading\"><strong>Sete clubes na disputa<\/strong><\/h2>\n\n\n\n<p>A edi\u00e7\u00e3o deste ano \u00e9 a 39\u00aa e ter\u00e1 sete equipes que se enfrentar\u00e3o em turno \u00fanico. A cada rodada, tr\u00eas jogos ser\u00e3o realizados, com um clube de folga.<\/p>\n\n\n\n<p>Os quatro melhores colocados avan\u00e7am para as semifinais e a grande final est\u00e1 prevista para o dia 2 de maio.<\/p>\n\n\n\n<p>Em 2025, o Clube Atl\u00e9tico Navegantes (CAN) foi campe\u00e3o invicto, com o Guarani como vice-campe\u00e3o. Na ocasi\u00e3o, o Navegantes teve quatro vit\u00f3rias e oito empates em 12 rodadas.<\/p>\n\n\n\n<figure class=\"wp-block-table is-style-stripes\"><table class=\"has-light-green-cyan-to-vivid-green-cyan-gradient-background has-background\"><tbody><tr><td colspan=\"2\"><strong>Clubes participantes:<\/strong><\/td><\/tr><tr><td>CAN &#8211; Clube Atl\u00e9tico Navegantes<\/td><td><\/td><\/tr><tr><td>SCRE Cruzeiro (Lajeadinho)<\/td><td><\/td><\/tr><tr><td>EC Lago Azul<\/td><td><\/td><\/tr><tr><td>C.E. Uni\u00e3o (Palmas)<\/td><td><\/td><\/tr><tr><td>SCRE Uni\u00e3o Barrense (Barra do Guapor\u00e9)<\/td><td><\/td><\/tr><tr><td>EC Nacional (Santa Clara)<\/td><td><\/td><\/tr><tr><td>SERC Ouro Verde (Vila Mo\u00e7a)<\/td><td><\/td><\/tr><\/tbody><\/table><\/figure>\n\n\n\n<figure class=\"wp-block-table is-style-stripes\"><table class=\"has-light-green-cyan-to-vivid-green-cyan-gradient-background has-background\"><tbody><tr><td colspan=\"9\"><strong>Atletas sorteados por equipe:<\/strong><\/td><\/tr><tr><td colspan=\"9\"><strong>CAN &#8211; Clube Atl\u00e9tico Navegantes:<\/strong><\/td><\/tr><tr><td colspan=\"9\">Ramon G, G. Magedanz, Henrique Bin, Cl\u00e9ber Sartori, Belotti, Ricardo Bronca, Tinga, Jonas T\u00e9vez, A. Davi, Henrique Peixe, Robson S, Jackson B e Tikeno<\/td><\/tr><tr><td colspan=\"9\"><strong>Cruzeiro:<\/strong><\/td><\/tr><tr><td colspan=\"9\">L\u00e9o Luft, William Pasqualetto, Rian, Cleo, Bika, Erick, Mica, Teck, Maso, Paulinho, Goiano, Japa Bouvi\u00e9 e Gui dos Passos<\/td><\/tr><tr><td colspan=\"9\"><strong>Nacional:<\/strong><\/td><\/tr><tr><td colspan=\"9\">Bi Delazeri, Paraguai, Vini Bagnara, Adriel, Jo\u00e3o Olsefer, Juninho Agnoletto, Ferrugem, Max Klauck, Z\u00e9 Ribeiro, Gian Capelarri, Caetano Costi, B. Poletto e William Damasio<\/td><\/tr><tr><td colspan=\"9\"><strong>Uni\u00e3o:<\/strong><\/td><\/tr><tr><td colspan=\"9\">Jeferson L., Tadeu, Renatinho, Gabi B., Jonas Valandro, Jefe Gedoz, Zequi, Maninho, Maci, Nava, Jean Fernandes, Luis Carlos e Renan F.<\/td><\/tr><tr><td colspan=\"9\"><strong>Lago Azul:<\/strong><\/td><\/tr><tr><td colspan=\"9\">Igor Vuaden, Mateus Pott, Marciano, Andrius, Tasca, Didi, Geovan, Pingo, Adonis, Capella, Francis Xuxa, Jean Moruga e Lucas Coppini<\/td><\/tr><tr><td colspan=\"9\"><strong>Barrense:<\/strong><\/td><\/tr><tr><td colspan=\"9\">Junior Parecy, L. Bagnara, Bigode, Douglinhas, M. Jachetti, L\u00e9o Kappler, Daniel Z, \u00c9der, B\u00f3ia, Aguero, L\u00e9o V\u00edgolo, R\u00f4mulo Daldon e Tintim<\/td><\/tr><tr><td colspan=\"9\"><strong>Ouro Verde:<\/strong><\/td><\/tr><tr><td colspan=\"9\">Gui Guapor\u00e9, Ivan, Daniel, Viel, Pedro, Pablo, Isma Dorigon, Patrick G., Caju, Josu\u00e9 Almeida, Leli, Luizinho e Seco Z.<\/td><\/tr><\/tbody><\/table><\/figure>\n","protected":false},"excerpt":{"rendered":"<p>A temporada de 2026 do Campeonato Municipal de Futebol de Campo de Encantado j\u00e1 come\u00e7ou a ganhar forma e promete mais uma edi\u00e7\u00e3o equilibrado competitiva e com muita comunidade envolvida. Mais uma vez, a organiza\u00e7\u00e3o \u00e9 da Liga Encantadense de Esporte Amador (LEEA), que realizou o sorteio oficial dos atletas que defender\u00e3o os clubes participantes. [&hellip;]<\/p>\n","protected":false},"author":732,"featured_media":202461,"comment_status":"open","ping_status":"open","sticky":false,"template":"","format":"standard","meta":{"pmpro_default_level":"","_jetpack_memberships_contains_paid_content":false,"footnotes":""},"categories":[5,240],"tags":[499,20412,466,147,2073],"class_list":{"0":"post-202460","1":"post","2":"type-post","3":"status-publish","4":"format-standard","5":"has-post-thumbnail","7":"category-esportes","8":"category-futebol-amador","9":"tag-campeonato-municipal","10":"tag-campeonato-municipal-de-encantado","11":"tag-encantado","12":"tag-futebol-amador","13":"tag-municipal-de-futebol","14":"pmpro-has-access"},"yoast_head":"<!-- This site is optimized with the Yoast SEO plugin v27.5 - https:\/\/yoast.com\/product\/yoast-seo-wordpress\/ -->\n<title>Municipal de Encantado come\u00e7a no dia 21 de fevereiro com sete equipes - Folha Popular<\/title>\n<meta name=\"robots\" content=\"index, follow, max-snippet:-1, max-image-preview:large, max-video-preview:-1\" \/>\n<link rel=\"canonical\" href=\"https:\/\/folhapopular.info\/index.php\/2026\/01\/21\/municipal-de-encantado-comeca-no-dia-21-de-fevereiro-com-sete-equipes\/\" \/>\n<meta property=\"og:locale\" content=\"pt_BR\" \/>\n<meta property=\"og:type\" content=\"article\" \/>\n<meta property=\"og:title\" content=\"Municipal de Encantado come\u00e7a no dia 21 de fevereiro com sete equipes - Folha Popular\" \/>\n<meta property=\"og:description\" content=\"A temporada de 2026 do Campeonato Municipal de Futebol de Campo de Encantado j\u00e1 come\u00e7ou a ganhar forma e promete mais uma edi\u00e7\u00e3o equilibrado competitiva e com muita comunidade envolvida. Mais uma vez, a organiza\u00e7\u00e3o \u00e9 da Liga Encantadense de Esporte Amador (LEEA), que realizou o sorteio oficial dos atletas que defender\u00e3o os clubes participantes. [&hellip;]\" \/>\n<meta property=\"og:url\" content=\"https:\/\/folhapopular.info\/index.php\/2026\/01\/21\/municipal-de-encantado-comeca-no-dia-21-de-fevereiro-com-sete-equipes\/\" \/>\n<meta property=\"og:site_name\" content=\"Folha Popular\" \/>\n<meta property=\"article:author\" content=\"https:\/\/www.facebook.com\/luis.huppes\/\" \/>\n<meta property=\"article:published_time\" content=\"2026-01-21T18:57:01+00:00\" \/>\n<meta property=\"article:modified_time\" content=\"2026-01-21T18:59:54+00:00\" \/>\n<meta property=\"og:image\" content=\"http:\/\/folhapopular.info\/wp-content\/uploads\/2026\/01\/WhatsApp-Image-2025-05-13-at-14.49.54-696x522-1.jpeg\" \/>\n\t<meta property=\"og:image:width\" content=\"696\" \/>\n\t<meta property=\"og:image:height\" content=\"522\" \/>\n\t<meta property=\"og:image:type\" content=\"image\/jpeg\" \/>\n<meta name=\"author\" content=\"Luis Augusto Huppes\" \/>\n<meta name=\"twitter:card\" content=\"summary_large_image\" \/>\n<meta name=\"twitter:label1\" content=\"Escrito por\" \/>\n\t<meta name=\"twitter:data1\" content=\"Luis Augusto Huppes\" \/>\n\t<meta name=\"twitter:label2\" content=\"Est. tempo de leitura\" \/>\n\t<meta name=\"twitter:data2\" content=\"3 minutos\" \/>\n<script type=\"application\/ld+json\" class=\"yoast-schema-graph\">{\"@context\":\"https:\\\/\\\/schema.org\",\"@graph\":[{\"@type\":\"Article\",\"@id\":\"https:\\\/\\\/folhapopular.info\\\/index.php\\\/2026\\\/01\\\/21\\\/municipal-de-encantado-comeca-no-dia-21-de-fevereiro-com-sete-equipes\\\/#article\",\"isPartOf\":{\"@id\":\"https:\\\/\\\/folhapopular.info\\\/index.php\\\/2026\\\/01\\\/21\\\/municipal-de-encantado-comeca-no-dia-21-de-fevereiro-com-sete-equipes\\\/\"},\"author\":{\"name\":\"Luis Augusto Huppes\",\"@id\":\"https:\\\/\\\/folhapopular.info\\\/#\\\/schema\\\/person\\\/e852c327371714676d02e58cf917fd9f\"},\"headline\":\"Municipal de Encantado come\u00e7a no dia 21 de fevereiro com sete equipes\",\"datePublished\":\"2026-01-21T18:57:01+00:00\",\"dateModified\":\"2026-01-21T18:59:54+00:00\",\"mainEntityOfPage\":{\"@id\":\"https:\\\/\\\/folhapopular.info\\\/index.php\\\/2026\\\/01\\\/21\\\/municipal-de-encantado-comeca-no-dia-21-de-fevereiro-com-sete-equipes\\\/\"},\"wordCount\":485,\"commentCount\":0,\"image\":{\"@id\":\"https:\\\/\\\/folhapopular.info\\\/index.php\\\/2026\\\/01\\\/21\\\/municipal-de-encantado-comeca-no-dia-21-de-fevereiro-com-sete-equipes\\\/#primaryimage\"},\"thumbnailUrl\":\"https:\\\/\\\/folhapopular.info\\\/wp-content\\\/uploads\\\/2026\\\/01\\\/WhatsApp-Image-2025-05-13-at-14.49.54-696x522-1.jpeg\",\"keywords\":[\"Campeonato Municipal\",\"Campeonato Municipal de Encantado\",\"Encantado\",\"futebol amador\",\"Municipal de Futebol\"],\"articleSection\":[\"Esportes\",\"Futebol Amador\"],\"inLanguage\":\"pt-BR\",\"potentialAction\":[{\"@type\":\"CommentAction\",\"name\":\"Comment\",\"target\":[\"https:\\\/\\\/folhapopular.info\\\/index.php\\\/2026\\\/01\\\/21\\\/municipal-de-encantado-comeca-no-dia-21-de-fevereiro-com-sete-equipes\\\/#respond\"]}]},{\"@type\":\"WebPage\",\"@id\":\"https:\\\/\\\/folhapopular.info\\\/index.php\\\/2026\\\/01\\\/21\\\/municipal-de-encantado-comeca-no-dia-21-de-fevereiro-com-sete-equipes\\\/\",\"url\":\"https:\\\/\\\/folhapopular.info\\\/index.php\\\/2026\\\/01\\\/21\\\/municipal-de-encantado-comeca-no-dia-21-de-fevereiro-com-sete-equipes\\\/\",\"name\":\"Municipal de Encantado come\u00e7a no dia 21 de fevereiro com sete equipes - Folha Popular\",\"isPartOf\":{\"@id\":\"https:\\\/\\\/folhapopular.info\\\/#website\"},\"primaryImageOfPage\":{\"@id\":\"https:\\\/\\\/folhapopular.info\\\/index.php\\\/2026\\\/01\\\/21\\\/municipal-de-encantado-comeca-no-dia-21-de-fevereiro-com-sete-equipes\\\/#primaryimage\"},\"image\":{\"@id\":\"https:\\\/\\\/folhapopular.info\\\/index.php\\\/2026\\\/01\\\/21\\\/municipal-de-encantado-comeca-no-dia-21-de-fevereiro-com-sete-equipes\\\/#primaryimage\"},\"thumbnailUrl\":\"https:\\\/\\\/folhapopular.info\\\/wp-content\\\/uploads\\\/2026\\\/01\\\/WhatsApp-Image-2025-05-13-at-14.49.54-696x522-1.jpeg\",\"datePublished\":\"2026-01-21T18:57:01+00:00\",\"dateModified\":\"2026-01-21T18:59:54+00:00\",\"author\":{\"@id\":\"https:\\\/\\\/folhapopular.info\\\/#\\\/schema\\\/person\\\/e852c327371714676d02e58cf917fd9f\"},\"breadcrumb\":{\"@id\":\"https:\\\/\\\/folhapopular.info\\\/index.php\\\/2026\\\/01\\\/21\\\/municipal-de-encantado-comeca-no-dia-21-de-fevereiro-com-sete-equipes\\\/#breadcrumb\"},\"inLanguage\":\"pt-BR\",\"potentialAction\":[{\"@type\":\"ReadAction\",\"target\":[\"https:\\\/\\\/folhapopular.info\\\/index.php\\\/2026\\\/01\\\/21\\\/municipal-de-encantado-comeca-no-dia-21-de-fevereiro-com-sete-equipes\\\/\"]}]},{\"@type\":\"ImageObject\",\"inLanguage\":\"pt-BR\",\"@id\":\"https:\\\/\\\/folhapopular.info\\\/index.php\\\/2026\\\/01\\\/21\\\/municipal-de-encantado-comeca-no-dia-21-de-fevereiro-com-sete-equipes\\\/#primaryimage\",\"url\":\"https:\\\/\\\/folhapopular.info\\\/wp-content\\\/uploads\\\/2026\\\/01\\\/WhatsApp-Image-2025-05-13-at-14.49.54-696x522-1.jpeg\",\"contentUrl\":\"https:\\\/\\\/folhapopular.info\\\/wp-content\\\/uploads\\\/2026\\\/01\\\/WhatsApp-Image-2025-05-13-at-14.49.54-696x522-1.jpeg\",\"width\":696,\"height\":522,\"caption\":\"Navegantes \u00e9 o atual campe\u00e3o - Cr\u00e9dito: Arquivo\"},{\"@type\":\"BreadcrumbList\",\"@id\":\"https:\\\/\\\/folhapopular.info\\\/index.php\\\/2026\\\/01\\\/21\\\/municipal-de-encantado-comeca-no-dia-21-de-fevereiro-com-sete-equipes\\\/#breadcrumb\",\"itemListElement\":[{\"@type\":\"ListItem\",\"position\":1,\"name\":\"In\u00edcio\",\"item\":\"https:\\\/\\\/folhapopular.info\\\/\"},{\"@type\":\"ListItem\",\"position\":2,\"name\":\"Municipal de Encantado come\u00e7a no dia 21 de fevereiro com sete equipes\"}]},{\"@type\":\"WebSite\",\"@id\":\"https:\\\/\\\/folhapopular.info\\\/#website\",\"url\":\"https:\\\/\\\/folhapopular.info\\\/\",\"name\":\"Folha Popular\",\"description\":\"Onde voc\u00ea tem vez e voz\",\"potentialAction\":[{\"@type\":\"SearchAction\",\"target\":{\"@type\":\"EntryPoint\",\"urlTemplate\":\"https:\\\/\\\/folhapopular.info\\\/?s={search_term_string}\"},\"query-input\":{\"@type\":\"PropertyValueSpecification\",\"valueRequired\":true,\"valueName\":\"search_term_string\"}}],\"inLanguage\":\"pt-BR\"},{\"@type\":\"Person\",\"@id\":\"https:\\\/\\\/folhapopular.info\\\/#\\\/schema\\\/person\\\/e852c327371714676d02e58cf917fd9f\",\"name\":\"Luis Augusto Huppes\",\"image\":{\"@type\":\"ImageObject\",\"inLanguage\":\"pt-BR\",\"@id\":\"https:\\\/\\\/folhapopular.info\\\/wp-content\\\/uploads\\\/2026\\\/04\\\/Luis-Augusto-Huppes-1-1.webp\",\"url\":\"https:\\\/\\\/folhapopular.info\\\/wp-content\\\/uploads\\\/2026\\\/04\\\/Luis-Augusto-Huppes-1-1.webp\",\"contentUrl\":\"https:\\\/\\\/folhapopular.info\\\/wp-content\\\/uploads\\\/2026\\\/04\\\/Luis-Augusto-Huppes-1-1.webp\",\"caption\":\"Luis Augusto Huppes\"},\"sameAs\":[\"https:\\\/\\\/www.facebook.com\\\/luis.huppes\\\/\",\"https:\\\/\\\/www.instagram.com\\\/luis.huppes\\\/\",\"https:\\\/\\\/www.linkedin.com\\\/in\\\/luis-augusto-huppes-2554b52b7\\\/\"],\"url\":\"https:\\\/\\\/folhapopular.info\\\/index.php\\\/author\\\/luis-augusto-huppes\\\/\"}]}<\/script>\n<!-- \/ Yoast SEO plugin. -->","yoast_head_json":{"title":"Municipal de Encantado come\u00e7a no dia 21 de fevereiro com sete equipes - Folha Popular","robots":{"index":"index","follow":"follow","max-snippet":"max-snippet:-1","max-image-preview":"max-image-preview:large","max-video-preview":"max-video-preview:-1"},"canonical":"https:\/\/folhapopular.info\/index.php\/2026\/01\/21\/municipal-de-encantado-comeca-no-dia-21-de-fevereiro-com-sete-equipes\/","og_locale":"pt_BR","og_type":"article","og_title":"Municipal de Encantado come\u00e7a no dia 21 de fevereiro com sete equipes - Folha Popular","og_description":"A temporada de 2026 do Campeonato Municipal de Futebol de Campo de Encantado j\u00e1 come\u00e7ou a ganhar forma e promete mais uma edi\u00e7\u00e3o equilibrado competitiva e com muita comunidade envolvida. Mais uma vez, a organiza\u00e7\u00e3o \u00e9 da Liga Encantadense de Esporte Amador (LEEA), que realizou o sorteio oficial dos atletas que defender\u00e3o os clubes participantes. [&hellip;]","og_url":"https:\/\/folhapopular.info\/index.php\/2026\/01\/21\/municipal-de-encantado-comeca-no-dia-21-de-fevereiro-com-sete-equipes\/","og_site_name":"Folha Popular","article_author":"https:\/\/www.facebook.com\/luis.huppes\/","article_published_time":"2026-01-21T18:57:01+00:00","article_modified_time":"2026-01-21T18:59:54+00:00","og_image":[{"width":696,"height":522,"url":"http:\/\/folhapopular.info\/wp-content\/uploads\/2026\/01\/WhatsApp-Image-2025-05-13-at-14.49.54-696x522-1.jpeg","type":"image\/jpeg"}],"author":"Luis Augusto Huppes","twitter_card":"summary_large_image","twitter_misc":{"Escrito por":"Luis Augusto Huppes","Est. tempo de leitura":"3 minutos"},"schema":{"@context":"https:\/\/schema.org","@graph":[{"@type":"Article","@id":"https:\/\/folhapopular.info\/index.php\/2026\/01\/21\/municipal-de-encantado-comeca-no-dia-21-de-fevereiro-com-sete-equipes\/#article","isPartOf":{"@id":"https:\/\/folhapopular.info\/index.php\/2026\/01\/21\/municipal-de-encantado-comeca-no-dia-21-de-fevereiro-com-sete-equipes\/"},"author":{"name":"Luis Augusto Huppes","@id":"https:\/\/folhapopular.info\/#\/schema\/person\/e852c327371714676d02e58cf917fd9f"},"headline":"Municipal de Encantado come\u00e7a no dia 21 de fevereiro com sete equipes","datePublished":"2026-01-21T18:57:01+00:00","dateModified":"2026-01-21T18:59:54+00:00","mainEntityOfPage":{"@id":"https:\/\/folhapopular.info\/index.php\/2026\/01\/21\/municipal-de-encantado-comeca-no-dia-21-de-fevereiro-com-sete-equipes\/"},"wordCount":485,"commentCount":0,"image":{"@id":"https:\/\/folhapopular.info\/index.php\/2026\/01\/21\/municipal-de-encantado-comeca-no-dia-21-de-fevereiro-com-sete-equipes\/#primaryimage"},"thumbnailUrl":"https:\/\/folhapopular.info\/wp-content\/uploads\/2026\/01\/WhatsApp-Image-2025-05-13-at-14.49.54-696x522-1.jpeg","keywords":["Campeonato Municipal","Campeonato Municipal de Encantado","Encantado","futebol amador","Municipal de Futebol"],"articleSection":["Esportes","Futebol Amador"],"inLanguage":"pt-BR","potentialAction":[{"@type":"CommentAction","name":"Comment","target":["https:\/\/folhapopular.info\/index.php\/2026\/01\/21\/municipal-de-encantado-comeca-no-dia-21-de-fevereiro-com-sete-equipes\/#respond"]}]},{"@type":"WebPage","@id":"https:\/\/folhapopular.info\/index.php\/2026\/01\/21\/municipal-de-encantado-comeca-no-dia-21-de-fevereiro-com-sete-equipes\/","url":"https:\/\/folhapopular.info\/index.php\/2026\/01\/21\/municipal-de-encantado-comeca-no-dia-21-de-fevereiro-com-sete-equipes\/","name":"Municipal de Encantado come\u00e7a no dia 21 de fevereiro com sete equipes - Folha Popular","isPartOf":{"@id":"https:\/\/folhapopular.info\/#website"},"primaryImageOfPage":{"@id":"https:\/\/folhapopular.info\/index.php\/2026\/01\/21\/municipal-de-encantado-comeca-no-dia-21-de-fevereiro-com-sete-equipes\/#primaryimage"},"image":{"@id":"https:\/\/folhapopular.info\/index.php\/2026\/01\/21\/municipal-de-encantado-comeca-no-dia-21-de-fevereiro-com-sete-equipes\/#primaryimage"},"thumbnailUrl":"https:\/\/folhapopular.info\/wp-content\/uploads\/2026\/01\/WhatsApp-Image-2025-05-13-at-14.49.54-696x522-1.jpeg","datePublished":"2026-01-21T18:57:01+00:00","dateModified":"2026-01-21T18:59:54+00:00","author":{"@id":"https:\/\/folhapopular.info\/#\/schema\/person\/e852c327371714676d02e58cf917fd9f"},"breadcrumb":{"@id":"https:\/\/folhapopular.info\/index.php\/2026\/01\/21\/municipal-de-encantado-comeca-no-dia-21-de-fevereiro-com-sete-equipes\/#breadcrumb"},"inLanguage":"pt-BR","potentialAction":[{"@type":"ReadAction","target":["https:\/\/folhapopular.info\/index.php\/2026\/01\/21\/municipal-de-encantado-comeca-no-dia-21-de-fevereiro-com-sete-equipes\/"]}]},{"@type":"ImageObject","inLanguage":"pt-BR","@id":"https:\/\/folhapopular.info\/index.php\/2026\/01\/21\/municipal-de-encantado-comeca-no-dia-21-de-fevereiro-com-sete-equipes\/#primaryimage","url":"https:\/\/folhapopular.info\/wp-content\/uploads\/2026\/01\/WhatsApp-Image-2025-05-13-at-14.49.54-696x522-1.jpeg","contentUrl":"https:\/\/folhapopular.info\/wp-content\/uploads\/2026\/01\/WhatsApp-Image-2025-05-13-at-14.49.54-696x522-1.jpeg","width":696,"height":522,"caption":"Navegantes \u00e9 o atual campe\u00e3o - Cr\u00e9dito: Arquivo"},{"@type":"BreadcrumbList","@id":"https:\/\/folhapopular.info\/index.php\/2026\/01\/21\/municipal-de-encantado-comeca-no-dia-21-de-fevereiro-com-sete-equipes\/#breadcrumb","itemListElement":[{"@type":"ListItem","position":1,"name":"In\u00edcio","item":"https:\/\/folhapopular.info\/"},{"@type":"ListItem","position":2,"name":"Municipal de Encantado come\u00e7a no dia 21 de fevereiro com sete equipes"}]},{"@type":"WebSite","@id":"https:\/\/folhapopular.info\/#website","url":"https:\/\/folhapopular.info\/","name":"Folha Popular","description":"Onde voc\u00ea tem vez e voz","potentialAction":[{"@type":"SearchAction","target":{"@type":"EntryPoint","urlTemplate":"https:\/\/folhapopular.info\/?s={search_term_string}"},"query-input":{"@type":"PropertyValueSpecification","valueRequired":true,"valueName":"search_term_string"}}],"inLanguage":"pt-BR"},{"@type":"Person","@id":"https:\/\/folhapopular.info\/#\/schema\/person\/e852c327371714676d02e58cf917fd9f","name":"Luis Augusto Huppes","image":{"@type":"ImageObject","inLanguage":"pt-BR","@id":"https:\/\/folhapopular.info\/wp-content\/uploads\/2026\/04\/Luis-Augusto-Huppes-1-1.webp","url":"https:\/\/folhapopular.info\/wp-content\/uploads\/2026\/04\/Luis-Augusto-Huppes-1-1.webp","contentUrl":"https:\/\/folhapopular.info\/wp-content\/uploads\/2026\/04\/Luis-Augusto-Huppes-1-1.webp","caption":"Luis Augusto Huppes"},"sameAs":["https:\/\/www.facebook.com\/luis.huppes\/","https:\/\/www.instagram.com\/luis.huppes\/","https:\/\/www.linkedin.com\/in\/luis-augusto-huppes-2554b52b7\/"],"url":"https:\/\/folhapopular.info\/index.php\/author\/luis-augusto-huppes\/"}]}},"jetpack_featured_media_url":"https:\/\/folhapopular.info\/wp-content\/uploads\/2026\/01\/WhatsApp-Image-2025-05-13-at-14.49.54-696x522-1.jpeg","jetpack_sharing_enabled":true,"amp_enabled":true,"_links":{"self":[{"href":"https:\/\/folhapopular.info\/index.php\/wp-json\/wp\/v2\/posts\/202460","targetHints":{"allow":["GET"]}}],"collection":[{"href":"https:\/\/folhapopular.info\/index.php\/wp-json\/wp\/v2\/posts"}],"about":[{"href":"https:\/\/folhapopular.info\/index.php\/wp-json\/wp\/v2\/types\/post"}],"author":[{"embeddable":true,"href":"https:\/\/folhapopular.info\/index.php\/wp-json\/wp\/v2\/users\/732"}],"replies":[{"embeddable":true,"href":"https:\/\/folhapopular.info\/index.php\/wp-json\/wp\/v2\/comments?post=202460"}],"version-history":[{"count":0,"href":"https:\/\/folhapopular.info\/index.php\/wp-json\/wp\/v2\/posts\/202460\/revisions"}],"wp:featuredmedia":[{"embeddable":true,"href":"https:\/\/folhapopular.info\/index.php\/wp-json\/wp\/v2\/media\/202461"}],"wp:attachment":[{"href":"https:\/\/folhapopular.info\/index.php\/wp-json\/wp\/v2\/media?parent=202460"}],"wp:term":[{"taxonomy":"category","embeddable":true,"href":"https:\/\/folhapopular.info\/index.php\/wp-json\/wp\/v2\/categories?post=202460"},{"taxonomy":"post_tag","embeddable":true,"href":"https:\/\/folhapopular.info\/index.php\/wp-json\/wp\/v2\/tags?post=202460"}],"curies":[{"name":"wp","href":"https:\/\/api.w.org\/{rel}","templated":true}]}}