{"id":202476,"date":"2026-01-21T17:15:35","date_gmt":"2026-01-21T20:15:35","guid":{"rendered":"https:\/\/folhapopular.info\/?p=202476"},"modified":"2026-01-21T17:17:56","modified_gmt":"2026-01-21T20:17:56","slug":"os-telefones-publicos-tem-data-para-seu-fim","status":"publish","type":"post","link":"https:\/\/folhapopular.info\/index.php\/2026\/01\/21\/os-telefones-publicos-tem-data-para-seu-fim\/","title":{"rendered":"Os telefones p\u00fablicos tem data para seu fim"},"content":{"rendered":"\n<p>O ano de 2026 simboliza o encerramento de uma era na comunica\u00e7\u00e3o brasileira. A partir de janeiro, os tradicionais orelh\u00f5es, telefones p\u00fablicos que por d\u00e9cadas fizeram parte do cotidiano urbano, come\u00e7am a ser retirados definitivamente das ruas do pa\u00eds.<\/p>\n\n\n\n<p>De acordo com dados da Ag\u00eancia Nacional de Telecomunica\u00e7\u00f5es (Anatel), cerca de 38 mil aparelhos ainda permanecem espalhados pelo territ\u00f3rio nacional. A remo\u00e7\u00e3o ocorre ap\u00f3s o t\u00e9rmino das concess\u00f5es da telefonia fixa, encerradas em 2025, o que desobriga as empresas respons\u00e1veis (Algar, Claro, Oi, Sercomtel e Telef\u00f4nica) de manter a infraestrutura.<\/p>\n\n\n\n<p>Quase indispens\u00e1veis entre as d\u00e9cadas de 1970 e o in\u00edcio dos anos 2000, os orelh\u00f5es perderam espa\u00e7o com a populariza\u00e7\u00e3o dos telefones celulares. Atualmente, mais de 33 mil aparelhos ainda est\u00e3o ativos e cerca de 4 mil passam por manuten\u00e7\u00e3o, segundo a Anatel.<\/p>\n\n\n\n<p>A extin\u00e7\u00e3o, no entanto, n\u00e3o ser\u00e1 imediata em todos os munic\u00edpios. Os telefones p\u00fablicos poder\u00e3o ser mantidos at\u00e9 2028 em localidades onde n\u00e3o h\u00e1 cobertura de telefonia m\u00f3vel. Paralelamente, a ag\u00eancia reguladora determinou que os recursos antes destinados aos orelh\u00f5es sejam investidos na amplia\u00e7\u00e3o das redes de banda larga e telefonia m\u00f3vel.<\/p>\n\n\n\n<figure class=\"wp-block-gallery has-nested-images columns-default is-cropped wp-block-gallery-1 is-layout-flex wp-block-gallery-is-layout-flex\">\n<figure class=\"wp-block-image size-large\"><img loading=\"lazy\" decoding=\"async\" width=\"1024\" height=\"576\" data-id=\"202478\" src=\"https:\/\/folhapopular.info\/wp-content\/uploads\/2026\/01\/WhatsApp-Image-2026-01-21-at-17.08.55-1024x576.jpeg\" alt=\"\" class=\"wp-image-202478\" srcset=\"https:\/\/folhapopular.info\/wp-content\/uploads\/2026\/01\/WhatsApp-Image-2026-01-21-at-17.08.55-1024x576.jpeg 1024w, https:\/\/folhapopular.info\/wp-content\/uploads\/2026\/01\/WhatsApp-Image-2026-01-21-at-17.08.55-300x169.jpeg 300w, https:\/\/folhapopular.info\/wp-content\/uploads\/2026\/01\/WhatsApp-Image-2026-01-21-at-17.08.55-768x432.jpeg 768w, https:\/\/folhapopular.info\/wp-content\/uploads\/2026\/01\/WhatsApp-Image-2026-01-21-at-17.08.55-747x420.jpeg 747w, https:\/\/folhapopular.info\/wp-content\/uploads\/2026\/01\/WhatsApp-Image-2026-01-21-at-17.08.55-696x392.jpeg 696w, https:\/\/folhapopular.info\/wp-content\/uploads\/2026\/01\/WhatsApp-Image-2026-01-21-at-17.08.55-1068x601.jpeg 1068w, https:\/\/folhapopular.info\/wp-content\/uploads\/2026\/01\/WhatsApp-Image-2026-01-21-at-17.08.55.jpeg 1280w\" sizes=\"auto, (max-width: 1024px) 100vw, 1024px\" \/><\/figure>\n<\/figure>\n\n\n\n<p><em>Uso com &#8220;ficha&#8221; e depois para o cart\u00e3o magn\u00e9tico, agora esquecido pela facilidade do uso das redes<\/em>.<\/p>\n\n\n\n<p><\/p>\n","protected":false},"excerpt":{"rendered":"<p>O ano de 2026 simboliza o encerramento de uma era na comunica\u00e7\u00e3o brasileira. A partir de janeiro, os tradicionais orelh\u00f5es, telefones p\u00fablicos que por d\u00e9cadas fizeram parte do cotidiano urbano, come\u00e7am a ser retirados definitivamente das ruas do pa\u00eds. De acordo com dados da Ag\u00eancia Nacional de Telecomunica\u00e7\u00f5es (Anatel), cerca de 38 mil aparelhos ainda [&hellip;]<\/p>\n","protected":false},"author":773,"featured_media":202477,"comment_status":"open","ping_status":"open","sticky":false,"template":"","format":"standard","meta":{"pmpro_default_level":"","_jetpack_memberships_contains_paid_content":false,"footnotes":""},"categories":[3,11091],"tags":[17116],"class_list":{"0":"post-202476","1":"post","2":"type-post","3":"status-publish","4":"format-standard","5":"has-post-thumbnail","7":"category-geral","8":"category-servicos","9":"tag-telefone-gratuito","10":"pmpro-has-access"},"yoast_head":"<!-- This site is optimized with the Yoast SEO plugin v27.5 - https:\/\/yoast.com\/product\/yoast-seo-wordpress\/ -->\n<title>Os telefones p\u00fablicos tem data para seu fim - Folha Popular<\/title>\n<meta name=\"robots\" content=\"index, follow, max-snippet:-1, max-image-preview:large, max-video-preview:-1\" \/>\n<link rel=\"canonical\" href=\"https:\/\/folhapopular.info\/index.php\/2026\/01\/21\/os-telefones-publicos-tem-data-para-seu-fim\/\" \/>\n<meta property=\"og:locale\" content=\"pt_BR\" \/>\n<meta property=\"og:type\" content=\"article\" \/>\n<meta property=\"og:title\" content=\"Os telefones p\u00fablicos tem data para seu fim - Folha Popular\" \/>\n<meta property=\"og:description\" content=\"O ano de 2026 simboliza o encerramento de uma era na comunica\u00e7\u00e3o brasileira. A partir de janeiro, os tradicionais orelh\u00f5es, telefones p\u00fablicos que por d\u00e9cadas fizeram parte do cotidiano urbano, come\u00e7am a ser retirados definitivamente das ruas do pa\u00eds. De acordo com dados da Ag\u00eancia Nacional de Telecomunica\u00e7\u00f5es (Anatel), cerca de 38 mil aparelhos ainda [&hellip;]\" \/>\n<meta property=\"og:url\" content=\"https:\/\/folhapopular.info\/index.php\/2026\/01\/21\/os-telefones-publicos-tem-data-para-seu-fim\/\" \/>\n<meta property=\"og:site_name\" content=\"Folha Popular\" \/>\n<meta property=\"article:published_time\" content=\"2026-01-21T20:15:35+00:00\" \/>\n<meta property=\"article:modified_time\" content=\"2026-01-21T20:17:56+00:00\" \/>\n<meta property=\"og:image\" content=\"http:\/\/folhapopular.info\/wp-content\/uploads\/2026\/01\/WhatsApp-Image-2026-01-21-at-17.08.43.jpeg\" \/>\n\t<meta property=\"og:image:width\" content=\"1280\" \/>\n\t<meta property=\"og:image:height\" content=\"720\" \/>\n\t<meta property=\"og:image:type\" content=\"image\/jpeg\" \/>\n<meta name=\"author\" content=\"Gabriely Hartmann Mallmann\" \/>\n<meta name=\"twitter:card\" content=\"summary_large_image\" \/>\n<meta name=\"twitter:label1\" content=\"Escrito por\" \/>\n\t<meta name=\"twitter:data1\" content=\"Gabriely Hartmann Mallmann\" \/>\n\t<meta name=\"twitter:label2\" content=\"Est. tempo de leitura\" \/>\n\t<meta name=\"twitter:data2\" content=\"2 minutos\" \/>\n<script type=\"application\/ld+json\" class=\"yoast-schema-graph\">{\"@context\":\"https:\\\/\\\/schema.org\",\"@graph\":[{\"@type\":\"Article\",\"@id\":\"https:\\\/\\\/folhapopular.info\\\/index.php\\\/2026\\\/01\\\/21\\\/os-telefones-publicos-tem-data-para-seu-fim\\\/#article\",\"isPartOf\":{\"@id\":\"https:\\\/\\\/folhapopular.info\\\/index.php\\\/2026\\\/01\\\/21\\\/os-telefones-publicos-tem-data-para-seu-fim\\\/\"},\"author\":{\"name\":\"Gabriely Hartmann Mallmann\",\"@id\":\"https:\\\/\\\/folhapopular.info\\\/#\\\/schema\\\/person\\\/41b3bb1ecf6e33e81cbab2c29b178754\"},\"headline\":\"Os telefones p\u00fablicos tem data para seu fim\",\"datePublished\":\"2026-01-21T20:15:35+00:00\",\"dateModified\":\"2026-01-21T20:17:56+00:00\",\"mainEntityOfPage\":{\"@id\":\"https:\\\/\\\/folhapopular.info\\\/index.php\\\/2026\\\/01\\\/21\\\/os-telefones-publicos-tem-data-para-seu-fim\\\/\"},\"wordCount\":239,\"commentCount\":0,\"image\":{\"@id\":\"https:\\\/\\\/folhapopular.info\\\/index.php\\\/2026\\\/01\\\/21\\\/os-telefones-publicos-tem-data-para-seu-fim\\\/#primaryimage\"},\"thumbnailUrl\":\"https:\\\/\\\/folhapopular.info\\\/wp-content\\\/uploads\\\/2026\\\/01\\\/WhatsApp-Image-2026-01-21-at-17.08.43.jpeg\",\"keywords\":[\"telefone gratuito\"],\"articleSection\":[\"Geral\",\"Servi\u00e7os\"],\"inLanguage\":\"pt-BR\",\"potentialAction\":[{\"@type\":\"CommentAction\",\"name\":\"Comment\",\"target\":[\"https:\\\/\\\/folhapopular.info\\\/index.php\\\/2026\\\/01\\\/21\\\/os-telefones-publicos-tem-data-para-seu-fim\\\/#respond\"]}]},{\"@type\":\"WebPage\",\"@id\":\"https:\\\/\\\/folhapopular.info\\\/index.php\\\/2026\\\/01\\\/21\\\/os-telefones-publicos-tem-data-para-seu-fim\\\/\",\"url\":\"https:\\\/\\\/folhapopular.info\\\/index.php\\\/2026\\\/01\\\/21\\\/os-telefones-publicos-tem-data-para-seu-fim\\\/\",\"name\":\"Os telefones p\u00fablicos tem data para seu fim - Folha Popular\",\"isPartOf\":{\"@id\":\"https:\\\/\\\/folhapopular.info\\\/#website\"},\"primaryImageOfPage\":{\"@id\":\"https:\\\/\\\/folhapopular.info\\\/index.php\\\/2026\\\/01\\\/21\\\/os-telefones-publicos-tem-data-para-seu-fim\\\/#primaryimage\"},\"image\":{\"@id\":\"https:\\\/\\\/folhapopular.info\\\/index.php\\\/2026\\\/01\\\/21\\\/os-telefones-publicos-tem-data-para-seu-fim\\\/#primaryimage\"},\"thumbnailUrl\":\"https:\\\/\\\/folhapopular.info\\\/wp-content\\\/uploads\\\/2026\\\/01\\\/WhatsApp-Image-2026-01-21-at-17.08.43.jpeg\",\"datePublished\":\"2026-01-21T20:15:35+00:00\",\"dateModified\":\"2026-01-21T20:17:56+00:00\",\"author\":{\"@id\":\"https:\\\/\\\/folhapopular.info\\\/#\\\/schema\\\/person\\\/41b3bb1ecf6e33e81cbab2c29b178754\"},\"breadcrumb\":{\"@id\":\"https:\\\/\\\/folhapopular.info\\\/index.php\\\/2026\\\/01\\\/21\\\/os-telefones-publicos-tem-data-para-seu-fim\\\/#breadcrumb\"},\"inLanguage\":\"pt-BR\",\"potentialAction\":[{\"@type\":\"ReadAction\",\"target\":[\"https:\\\/\\\/folhapopular.info\\\/index.php\\\/2026\\\/01\\\/21\\\/os-telefones-publicos-tem-data-para-seu-fim\\\/\"]}]},{\"@type\":\"ImageObject\",\"inLanguage\":\"pt-BR\",\"@id\":\"https:\\\/\\\/folhapopular.info\\\/index.php\\\/2026\\\/01\\\/21\\\/os-telefones-publicos-tem-data-para-seu-fim\\\/#primaryimage\",\"url\":\"https:\\\/\\\/folhapopular.info\\\/wp-content\\\/uploads\\\/2026\\\/01\\\/WhatsApp-Image-2026-01-21-at-17.08.43.jpeg\",\"contentUrl\":\"https:\\\/\\\/folhapopular.info\\\/wp-content\\\/uploads\\\/2026\\\/01\\\/WhatsApp-Image-2026-01-21-at-17.08.43.jpeg\",\"width\":1280,\"height\":720,\"caption\":\"Orelh\u00e3o da RS-419, junto a Escola Estadual de Ensino Fundamental Tancredo Neves \\\/ Cr\u00e9dito: Gabriely Mallmann\"},{\"@type\":\"BreadcrumbList\",\"@id\":\"https:\\\/\\\/folhapopular.info\\\/index.php\\\/2026\\\/01\\\/21\\\/os-telefones-publicos-tem-data-para-seu-fim\\\/#breadcrumb\",\"itemListElement\":[{\"@type\":\"ListItem\",\"position\":1,\"name\":\"In\u00edcio\",\"item\":\"https:\\\/\\\/folhapopular.info\\\/\"},{\"@type\":\"ListItem\",\"position\":2,\"name\":\"Os telefones p\u00fablicos tem data para seu fim\"}]},{\"@type\":\"WebSite\",\"@id\":\"https:\\\/\\\/folhapopular.info\\\/#website\",\"url\":\"https:\\\/\\\/folhapopular.info\\\/\",\"name\":\"Folha Popular\",\"description\":\"Onde voc\u00ea tem vez e voz\",\"potentialAction\":[{\"@type\":\"SearchAction\",\"target\":{\"@type\":\"EntryPoint\",\"urlTemplate\":\"https:\\\/\\\/folhapopular.info\\\/?s={search_term_string}\"},\"query-input\":{\"@type\":\"PropertyValueSpecification\",\"valueRequired\":true,\"valueName\":\"search_term_string\"}}],\"inLanguage\":\"pt-BR\"},{\"@type\":\"Person\",\"@id\":\"https:\\\/\\\/folhapopular.info\\\/#\\\/schema\\\/person\\\/41b3bb1ecf6e33e81cbab2c29b178754\",\"name\":\"Gabriely Hartmann Mallmann\",\"image\":{\"@type\":\"ImageObject\",\"inLanguage\":\"pt-BR\",\"@id\":\"https:\\\/\\\/secure.gravatar.com\\\/avatar\\\/92999d30b0cc9bf49e6aa3c07c592bb06855a37dcfbdc7bbe6567a4637e999ce?s=96&d=mm&r=g\",\"url\":\"https:\\\/\\\/secure.gravatar.com\\\/avatar\\\/92999d30b0cc9bf49e6aa3c07c592bb06855a37dcfbdc7bbe6567a4637e999ce?s=96&d=mm&r=g\",\"contentUrl\":\"https:\\\/\\\/secure.gravatar.com\\\/avatar\\\/92999d30b0cc9bf49e6aa3c07c592bb06855a37dcfbdc7bbe6567a4637e999ce?s=96&d=mm&r=g\",\"caption\":\"Gabriely Hartmann Mallmann\"},\"url\":\"https:\\\/\\\/folhapopular.info\\\/index.php\\\/author\\\/gabriely-hartmann-mallmann\\\/\"}]}<\/script>\n<!-- \/ Yoast SEO plugin. -->","yoast_head_json":{"title":"Os telefones p\u00fablicos tem data para seu fim - Folha Popular","robots":{"index":"index","follow":"follow","max-snippet":"max-snippet:-1","max-image-preview":"max-image-preview:large","max-video-preview":"max-video-preview:-1"},"canonical":"https:\/\/folhapopular.info\/index.php\/2026\/01\/21\/os-telefones-publicos-tem-data-para-seu-fim\/","og_locale":"pt_BR","og_type":"article","og_title":"Os telefones p\u00fablicos tem data para seu fim - Folha Popular","og_description":"O ano de 2026 simboliza o encerramento de uma era na comunica\u00e7\u00e3o brasileira. A partir de janeiro, os tradicionais orelh\u00f5es, telefones p\u00fablicos que por d\u00e9cadas fizeram parte do cotidiano urbano, come\u00e7am a ser retirados definitivamente das ruas do pa\u00eds. De acordo com dados da Ag\u00eancia Nacional de Telecomunica\u00e7\u00f5es (Anatel), cerca de 38 mil aparelhos ainda [&hellip;]","og_url":"https:\/\/folhapopular.info\/index.php\/2026\/01\/21\/os-telefones-publicos-tem-data-para-seu-fim\/","og_site_name":"Folha Popular","article_published_time":"2026-01-21T20:15:35+00:00","article_modified_time":"2026-01-21T20:17:56+00:00","og_image":[{"width":1280,"height":720,"url":"http:\/\/folhapopular.info\/wp-content\/uploads\/2026\/01\/WhatsApp-Image-2026-01-21-at-17.08.43.jpeg","type":"image\/jpeg"}],"author":"Gabriely Hartmann Mallmann","twitter_card":"summary_large_image","twitter_misc":{"Escrito por":"Gabriely Hartmann Mallmann","Est. tempo de leitura":"2 minutos"},"schema":{"@context":"https:\/\/schema.org","@graph":[{"@type":"Article","@id":"https:\/\/folhapopular.info\/index.php\/2026\/01\/21\/os-telefones-publicos-tem-data-para-seu-fim\/#article","isPartOf":{"@id":"https:\/\/folhapopular.info\/index.php\/2026\/01\/21\/os-telefones-publicos-tem-data-para-seu-fim\/"},"author":{"name":"Gabriely Hartmann Mallmann","@id":"https:\/\/folhapopular.info\/#\/schema\/person\/41b3bb1ecf6e33e81cbab2c29b178754"},"headline":"Os telefones p\u00fablicos tem data para seu fim","datePublished":"2026-01-21T20:15:35+00:00","dateModified":"2026-01-21T20:17:56+00:00","mainEntityOfPage":{"@id":"https:\/\/folhapopular.info\/index.php\/2026\/01\/21\/os-telefones-publicos-tem-data-para-seu-fim\/"},"wordCount":239,"commentCount":0,"image":{"@id":"https:\/\/folhapopular.info\/index.php\/2026\/01\/21\/os-telefones-publicos-tem-data-para-seu-fim\/#primaryimage"},"thumbnailUrl":"https:\/\/folhapopular.info\/wp-content\/uploads\/2026\/01\/WhatsApp-Image-2026-01-21-at-17.08.43.jpeg","keywords":["telefone gratuito"],"articleSection":["Geral","Servi\u00e7os"],"inLanguage":"pt-BR","potentialAction":[{"@type":"CommentAction","name":"Comment","target":["https:\/\/folhapopular.info\/index.php\/2026\/01\/21\/os-telefones-publicos-tem-data-para-seu-fim\/#respond"]}]},{"@type":"WebPage","@id":"https:\/\/folhapopular.info\/index.php\/2026\/01\/21\/os-telefones-publicos-tem-data-para-seu-fim\/","url":"https:\/\/folhapopular.info\/index.php\/2026\/01\/21\/os-telefones-publicos-tem-data-para-seu-fim\/","name":"Os telefones p\u00fablicos tem data para seu fim - Folha Popular","isPartOf":{"@id":"https:\/\/folhapopular.info\/#website"},"primaryImageOfPage":{"@id":"https:\/\/folhapopular.info\/index.php\/2026\/01\/21\/os-telefones-publicos-tem-data-para-seu-fim\/#primaryimage"},"image":{"@id":"https:\/\/folhapopular.info\/index.php\/2026\/01\/21\/os-telefones-publicos-tem-data-para-seu-fim\/#primaryimage"},"thumbnailUrl":"https:\/\/folhapopular.info\/wp-content\/uploads\/2026\/01\/WhatsApp-Image-2026-01-21-at-17.08.43.jpeg","datePublished":"2026-01-21T20:15:35+00:00","dateModified":"2026-01-21T20:17:56+00:00","author":{"@id":"https:\/\/folhapopular.info\/#\/schema\/person\/41b3bb1ecf6e33e81cbab2c29b178754"},"breadcrumb":{"@id":"https:\/\/folhapopular.info\/index.php\/2026\/01\/21\/os-telefones-publicos-tem-data-para-seu-fim\/#breadcrumb"},"inLanguage":"pt-BR","potentialAction":[{"@type":"ReadAction","target":["https:\/\/folhapopular.info\/index.php\/2026\/01\/21\/os-telefones-publicos-tem-data-para-seu-fim\/"]}]},{"@type":"ImageObject","inLanguage":"pt-BR","@id":"https:\/\/folhapopular.info\/index.php\/2026\/01\/21\/os-telefones-publicos-tem-data-para-seu-fim\/#primaryimage","url":"https:\/\/folhapopular.info\/wp-content\/uploads\/2026\/01\/WhatsApp-Image-2026-01-21-at-17.08.43.jpeg","contentUrl":"https:\/\/folhapopular.info\/wp-content\/uploads\/2026\/01\/WhatsApp-Image-2026-01-21-at-17.08.43.jpeg","width":1280,"height":720,"caption":"Orelh\u00e3o da RS-419, junto a Escola Estadual de Ensino Fundamental Tancredo Neves \/ Cr\u00e9dito: Gabriely Mallmann"},{"@type":"BreadcrumbList","@id":"https:\/\/folhapopular.info\/index.php\/2026\/01\/21\/os-telefones-publicos-tem-data-para-seu-fim\/#breadcrumb","itemListElement":[{"@type":"ListItem","position":1,"name":"In\u00edcio","item":"https:\/\/folhapopular.info\/"},{"@type":"ListItem","position":2,"name":"Os telefones p\u00fablicos tem data para seu fim"}]},{"@type":"WebSite","@id":"https:\/\/folhapopular.info\/#website","url":"https:\/\/folhapopular.info\/","name":"Folha Popular","description":"Onde voc\u00ea tem vez e voz","potentialAction":[{"@type":"SearchAction","target":{"@type":"EntryPoint","urlTemplate":"https:\/\/folhapopular.info\/?s={search_term_string}"},"query-input":{"@type":"PropertyValueSpecification","valueRequired":true,"valueName":"search_term_string"}}],"inLanguage":"pt-BR"},{"@type":"Person","@id":"https:\/\/folhapopular.info\/#\/schema\/person\/41b3bb1ecf6e33e81cbab2c29b178754","name":"Gabriely Hartmann Mallmann","image":{"@type":"ImageObject","inLanguage":"pt-BR","@id":"https:\/\/secure.gravatar.com\/avatar\/92999d30b0cc9bf49e6aa3c07c592bb06855a37dcfbdc7bbe6567a4637e999ce?s=96&d=mm&r=g","url":"https:\/\/secure.gravatar.com\/avatar\/92999d30b0cc9bf49e6aa3c07c592bb06855a37dcfbdc7bbe6567a4637e999ce?s=96&d=mm&r=g","contentUrl":"https:\/\/secure.gravatar.com\/avatar\/92999d30b0cc9bf49e6aa3c07c592bb06855a37dcfbdc7bbe6567a4637e999ce?s=96&d=mm&r=g","caption":"Gabriely Hartmann Mallmann"},"url":"https:\/\/folhapopular.info\/index.php\/author\/gabriely-hartmann-mallmann\/"}]}},"jetpack_featured_media_url":"https:\/\/folhapopular.info\/wp-content\/uploads\/2026\/01\/WhatsApp-Image-2026-01-21-at-17.08.43.jpeg","jetpack_sharing_enabled":true,"amp_enabled":true,"_links":{"self":[{"href":"https:\/\/folhapopular.info\/index.php\/wp-json\/wp\/v2\/posts\/202476","targetHints":{"allow":["GET"]}}],"collection":[{"href":"https:\/\/folhapopular.info\/index.php\/wp-json\/wp\/v2\/posts"}],"about":[{"href":"https:\/\/folhapopular.info\/index.php\/wp-json\/wp\/v2\/types\/post"}],"author":[{"embeddable":true,"href":"https:\/\/folhapopular.info\/index.php\/wp-json\/wp\/v2\/users\/773"}],"replies":[{"embeddable":true,"href":"https:\/\/folhapopular.info\/index.php\/wp-json\/wp\/v2\/comments?post=202476"}],"version-history":[{"count":0,"href":"https:\/\/folhapopular.info\/index.php\/wp-json\/wp\/v2\/posts\/202476\/revisions"}],"wp:featuredmedia":[{"embeddable":true,"href":"https:\/\/folhapopular.info\/index.php\/wp-json\/wp\/v2\/media\/202477"}],"wp:attachment":[{"href":"https:\/\/folhapopular.info\/index.php\/wp-json\/wp\/v2\/media?parent=202476"}],"wp:term":[{"taxonomy":"category","embeddable":true,"href":"https:\/\/folhapopular.info\/index.php\/wp-json\/wp\/v2\/categories?post=202476"},{"taxonomy":"post_tag","embeddable":true,"href":"https:\/\/folhapopular.info\/index.php\/wp-json\/wp\/v2\/tags?post=202476"}],"curies":[{"name":"wp","href":"https:\/\/api.w.org\/{rel}","templated":true}]}}