{"id":202501,"date":"2026-01-22T17:06:24","date_gmt":"2026-01-22T20:06:24","guid":{"rendered":"https:\/\/folhapopular.info\/?p=202501"},"modified":"2026-01-22T17:06:27","modified_gmt":"2026-01-22T20:06:27","slug":"fruki-promove-experiencias-sensoriais-no-litoral","status":"publish","type":"post","link":"https:\/\/folhapopular.info\/index.php\/2026\/01\/22\/fruki-promove-experiencias-sensoriais-no-litoral\/","title":{"rendered":"Fruki promove experi\u00eancias sensoriais no litoral\u00a0"},"content":{"rendered":"<p>Ap\u00f3s passar por Torres e Cap\u00e3o da Canoa, o Fruki LAB aporta em Tramanda\u00ed neste fim de semana, dando sequ\u00eancia ao roteiro de ver\u00e3o que leva ao litoral do Rio Grande do Sul e de Santa Catarina uma experi\u00eancia de cocria\u00e7\u00e3o com o p\u00fablico. A proposta coloca as pessoas no centro do processo de desenvolvimento&#8230; <\/p>\n<div class=\"pmpro\">\n<div class=\"pmpro_card pmpro_content_message\">\n<div class=\"pmpro_card_content\">Este conte\u00fado \u00e9 apenas para associados Grupo Popular &#8211; Conte\u00fado Total Anual e Grupo Popular &#8211; Conte\u00fado Total Mensal. <br \/><a href=\"https:\/\/folhapopular.info\/wp-login.php?action=register\">Cadastre-se<\/a><\/div>\n<div class=\"pmpro_card_actions pmpro_font-medium\">J\u00e1 se associou? <a href=\"https:\/\/folhapopular.info\/wp-login.php?redirect_to=https%3A%2F%2Ffolhapopular.info%2Findex.php%2F2026%2F01%2F22%2Ffruki-promove-experiencias-sensoriais-no-litoral%2F\">Acesse aqui<\/a><\/div>\n<\/div>\n<\/div>\n","protected":false},"excerpt":{"rendered":"<p>Ap\u00f3s passar por Torres e Cap\u00e3o da Canoa, o Fruki LAB aporta em Tramanda\u00ed neste fim de semana, dando sequ\u00eancia ao roteiro de ver\u00e3o que leva ao litoral do Rio Grande do Sul e de Santa Catarina uma experi\u00eancia de cocria\u00e7\u00e3o com o p\u00fablico. A proposta coloca as pessoas no centro do processo de desenvolvimento... <\/p>\n<div class=\"pmpro\"><div class=\"pmpro_card pmpro_content_message\"><div class=\"pmpro_card_content\">Este conte\u00fado \u00e9 apenas para associados Grupo Popular - Conte\u00fado Total Anual e Grupo Popular - Conte\u00fado Total Mensal. <br \/><a href=\"https:\/\/folhapopular.info\/wp-login.php?action=register\">Cadastre-se<\/a><\/div><div class=\"pmpro_card_actions pmpro_font-medium\">J\u00e1 se associou? <a href=\"https:\/\/folhapopular.info\/wp-login.php?redirect_to=https%3A%2F%2Ffolhapopular.info%2Findex.php%2F2026%2F01%2F22%2Ffruki-promove-experiencias-sensoriais-no-litoral%2F\">Acesse aqui<\/a><\/div><\/div><\/div>","protected":false},"author":771,"featured_media":202507,"comment_status":"open","ping_status":"open","sticky":false,"template":"","format":"standard","meta":{"pmpro_default_level":"","_jetpack_memberships_contains_paid_content":false,"footnotes":""},"categories":[5495,2,19496],"tags":[1375,20414,6312,10950],"class_list":{"0":"post-202501","1":"post","2":"type-post","3":"status-publish","4":"format-standard","5":"has-post-thumbnail","7":"category-colunistas","8":"category-featured","9":"category-inteligencia-empresarial-thiago-maurique","10":"tag-fruki","11":"tag-fruki-lab","12":"tag-litoral","13":"tag-torres","14":"pmpro-level-required","15":"pmpro-level-2","16":"pmpro-level-4","17":"pmpro-level-5","18":"pmpro-no-access"},"yoast_head":"<!-- This site is optimized with the Yoast SEO plugin v27.5 - https:\/\/yoast.com\/product\/yoast-seo-wordpress\/ -->\n<title>Fruki promove experi\u00eancias sensoriais no litoral\u00a0 - Folha Popular<\/title>\n<meta name=\"description\" content=\"Fruki promove experi\u00eancias sensoriais no litoral. Ap\u00f3s passar por Torres e Cap\u00e3o da Canoa, o Fruki LAB aporta em Tramanda\u00ed.\" \/>\n<meta name=\"robots\" content=\"index, follow, max-snippet:-1, max-image-preview:large, max-video-preview:-1\" \/>\n<link rel=\"canonical\" href=\"https:\/\/folhapopular.info\/index.php\/2026\/01\/22\/fruki-promove-experiencias-sensoriais-no-litoral\/\" \/>\n<meta property=\"og:locale\" content=\"pt_BR\" \/>\n<meta property=\"og:type\" content=\"article\" \/>\n<meta property=\"og:title\" content=\"Fruki promove experi\u00eancias sensoriais no litoral\u00a0 - Folha Popular\" \/>\n<meta property=\"og:description\" content=\"Fruki promove experi\u00eancias sensoriais no litoral. Ap\u00f3s passar por Torres e Cap\u00e3o da Canoa, o Fruki LAB aporta em Tramanda\u00ed.\" \/>\n<meta property=\"og:url\" content=\"https:\/\/folhapopular.info\/index.php\/2026\/01\/22\/fruki-promove-experiencias-sensoriais-no-litoral\/\" \/>\n<meta property=\"og:site_name\" content=\"Folha Popular\" \/>\n<meta property=\"article:published_time\" content=\"2026-01-22T20:06:24+00:00\" \/>\n<meta property=\"article:modified_time\" content=\"2026-01-22T20:06:27+00:00\" \/>\n<meta property=\"og:image\" content=\"https:\/\/folhapopular.info\/wp-content\/uploads\/2026\/01\/Fruki-na-praia.jpg\" \/>\n\t<meta property=\"og:image:width\" content=\"1555\" \/>\n\t<meta property=\"og:image:height\" content=\"931\" \/>\n\t<meta property=\"og:image:type\" content=\"image\/jpeg\" \/>\n<meta name=\"author\" content=\"Thiago Maurique\" \/>\n<meta name=\"twitter:card\" content=\"summary_large_image\" \/>\n<meta name=\"twitter:label1\" content=\"Escrito por\" \/>\n\t<meta name=\"twitter:data1\" content=\"Thiago Maurique\" \/>\n\t<meta name=\"twitter:label2\" content=\"Est. tempo de leitura\" \/>\n\t<meta name=\"twitter:data2\" content=\"2 minutos\" \/>\n<script type=\"application\/ld+json\" class=\"yoast-schema-graph\">{\"@context\":\"https:\\\/\\\/schema.org\",\"@graph\":[{\"@type\":\"Article\",\"@id\":\"https:\\\/\\\/folhapopular.info\\\/index.php\\\/2026\\\/01\\\/22\\\/fruki-promove-experiencias-sensoriais-no-litoral\\\/#article\",\"isPartOf\":{\"@id\":\"https:\\\/\\\/folhapopular.info\\\/index.php\\\/2026\\\/01\\\/22\\\/fruki-promove-experiencias-sensoriais-no-litoral\\\/\"},\"author\":{\"name\":\"Thiago Maurique\",\"@id\":\"https:\\\/\\\/folhapopular.info\\\/#\\\/schema\\\/person\\\/da0b2794f793376cb5dd908e88ca6911\"},\"headline\":\"Fruki promove experi\u00eancias sensoriais no litoral\u00a0\",\"datePublished\":\"2026-01-22T20:06:24+00:00\",\"dateModified\":\"2026-01-22T20:06:27+00:00\",\"mainEntityOfPage\":{\"@id\":\"https:\\\/\\\/folhapopular.info\\\/index.php\\\/2026\\\/01\\\/22\\\/fruki-promove-experiencias-sensoriais-no-litoral\\\/\"},\"wordCount\":322,\"commentCount\":0,\"image\":{\"@id\":\"https:\\\/\\\/folhapopular.info\\\/index.php\\\/2026\\\/01\\\/22\\\/fruki-promove-experiencias-sensoriais-no-litoral\\\/#primaryimage\"},\"thumbnailUrl\":\"https:\\\/\\\/folhapopular.info\\\/wp-content\\\/uploads\\\/2026\\\/01\\\/Fruki-na-praia.jpg\",\"keywords\":[\"Fruki\",\"Fruki LAB\",\"Litoral\",\"Torres\"],\"articleSection\":[\"Colunistas\",\"Destaques\",\"Intelig\u00eancia Empresarial - Thiago Maurique\"],\"inLanguage\":\"pt-BR\",\"potentialAction\":[{\"@type\":\"CommentAction\",\"name\":\"Comment\",\"target\":[\"https:\\\/\\\/folhapopular.info\\\/index.php\\\/2026\\\/01\\\/22\\\/fruki-promove-experiencias-sensoriais-no-litoral\\\/#respond\"]}]},{\"@type\":\"WebPage\",\"@id\":\"https:\\\/\\\/folhapopular.info\\\/index.php\\\/2026\\\/01\\\/22\\\/fruki-promove-experiencias-sensoriais-no-litoral\\\/\",\"url\":\"https:\\\/\\\/folhapopular.info\\\/index.php\\\/2026\\\/01\\\/22\\\/fruki-promove-experiencias-sensoriais-no-litoral\\\/\",\"name\":\"Fruki promove experi\u00eancias sensoriais no litoral\u00a0 - Folha Popular\",\"isPartOf\":{\"@id\":\"https:\\\/\\\/folhapopular.info\\\/#website\"},\"primaryImageOfPage\":{\"@id\":\"https:\\\/\\\/folhapopular.info\\\/index.php\\\/2026\\\/01\\\/22\\\/fruki-promove-experiencias-sensoriais-no-litoral\\\/#primaryimage\"},\"image\":{\"@id\":\"https:\\\/\\\/folhapopular.info\\\/index.php\\\/2026\\\/01\\\/22\\\/fruki-promove-experiencias-sensoriais-no-litoral\\\/#primaryimage\"},\"thumbnailUrl\":\"https:\\\/\\\/folhapopular.info\\\/wp-content\\\/uploads\\\/2026\\\/01\\\/Fruki-na-praia.jpg\",\"datePublished\":\"2026-01-22T20:06:24+00:00\",\"dateModified\":\"2026-01-22T20:06:27+00:00\",\"author\":{\"@id\":\"https:\\\/\\\/folhapopular.info\\\/#\\\/schema\\\/person\\\/da0b2794f793376cb5dd908e88ca6911\"},\"description\":\"Fruki promove experi\u00eancias sensoriais no litoral. Ap\u00f3s passar por Torres e Cap\u00e3o da Canoa, o Fruki LAB aporta em Tramanda\u00ed.\",\"breadcrumb\":{\"@id\":\"https:\\\/\\\/folhapopular.info\\\/index.php\\\/2026\\\/01\\\/22\\\/fruki-promove-experiencias-sensoriais-no-litoral\\\/#breadcrumb\"},\"inLanguage\":\"pt-BR\",\"potentialAction\":[{\"@type\":\"ReadAction\",\"target\":[\"https:\\\/\\\/folhapopular.info\\\/index.php\\\/2026\\\/01\\\/22\\\/fruki-promove-experiencias-sensoriais-no-litoral\\\/\"]}]},{\"@type\":\"ImageObject\",\"inLanguage\":\"pt-BR\",\"@id\":\"https:\\\/\\\/folhapopular.info\\\/index.php\\\/2026\\\/01\\\/22\\\/fruki-promove-experiencias-sensoriais-no-litoral\\\/#primaryimage\",\"url\":\"https:\\\/\\\/folhapopular.info\\\/wp-content\\\/uploads\\\/2026\\\/01\\\/Fruki-na-praia.jpg\",\"contentUrl\":\"https:\\\/\\\/folhapopular.info\\\/wp-content\\\/uploads\\\/2026\\\/01\\\/Fruki-na-praia.jpg\",\"width\":1555,\"height\":931,\"caption\":\"Foto: Daniel Barbosa\"},{\"@type\":\"BreadcrumbList\",\"@id\":\"https:\\\/\\\/folhapopular.info\\\/index.php\\\/2026\\\/01\\\/22\\\/fruki-promove-experiencias-sensoriais-no-litoral\\\/#breadcrumb\",\"itemListElement\":[{\"@type\":\"ListItem\",\"position\":1,\"name\":\"In\u00edcio\",\"item\":\"https:\\\/\\\/folhapopular.info\\\/\"},{\"@type\":\"ListItem\",\"position\":2,\"name\":\"Fruki promove experi\u00eancias sensoriais no litoral\u00a0\"}]},{\"@type\":\"WebSite\",\"@id\":\"https:\\\/\\\/folhapopular.info\\\/#website\",\"url\":\"https:\\\/\\\/folhapopular.info\\\/\",\"name\":\"Folha Popular\",\"description\":\"Onde voc\u00ea tem vez e voz\",\"potentialAction\":[{\"@type\":\"SearchAction\",\"target\":{\"@type\":\"EntryPoint\",\"urlTemplate\":\"https:\\\/\\\/folhapopular.info\\\/?s={search_term_string}\"},\"query-input\":{\"@type\":\"PropertyValueSpecification\",\"valueRequired\":true,\"valueName\":\"search_term_string\"}}],\"inLanguage\":\"pt-BR\"},{\"@type\":\"Person\",\"@id\":\"https:\\\/\\\/folhapopular.info\\\/#\\\/schema\\\/person\\\/da0b2794f793376cb5dd908e88ca6911\",\"name\":\"Thiago Maurique\",\"image\":{\"@type\":\"ImageObject\",\"inLanguage\":\"pt-BR\",\"@id\":\"https:\\\/\\\/folhapopular.info\\\/wp-content\\\/uploads\\\/2026\\\/04\\\/THIAGO-MAURIQUE-1-1.webp\",\"url\":\"https:\\\/\\\/folhapopular.info\\\/wp-content\\\/uploads\\\/2026\\\/04\\\/THIAGO-MAURIQUE-1-1.webp\",\"contentUrl\":\"https:\\\/\\\/folhapopular.info\\\/wp-content\\\/uploads\\\/2026\\\/04\\\/THIAGO-MAURIQUE-1-1.webp\",\"caption\":\"Thiago Maurique\"},\"url\":\"https:\\\/\\\/folhapopular.info\\\/index.php\\\/author\\\/thiago-maurique\\\/\"}]}<\/script>\n<!-- \/ Yoast SEO plugin. -->","yoast_head_json":{"title":"Fruki promove experi\u00eancias sensoriais no litoral\u00a0 - Folha Popular","description":"Fruki promove experi\u00eancias sensoriais no litoral. Ap\u00f3s passar por Torres e Cap\u00e3o da Canoa, o Fruki LAB aporta em Tramanda\u00ed.","robots":{"index":"index","follow":"follow","max-snippet":"max-snippet:-1","max-image-preview":"max-image-preview:large","max-video-preview":"max-video-preview:-1"},"canonical":"https:\/\/folhapopular.info\/index.php\/2026\/01\/22\/fruki-promove-experiencias-sensoriais-no-litoral\/","og_locale":"pt_BR","og_type":"article","og_title":"Fruki promove experi\u00eancias sensoriais no litoral\u00a0 - Folha Popular","og_description":"Fruki promove experi\u00eancias sensoriais no litoral. Ap\u00f3s passar por Torres e Cap\u00e3o da Canoa, o Fruki LAB aporta em Tramanda\u00ed.","og_url":"https:\/\/folhapopular.info\/index.php\/2026\/01\/22\/fruki-promove-experiencias-sensoriais-no-litoral\/","og_site_name":"Folha Popular","article_published_time":"2026-01-22T20:06:24+00:00","article_modified_time":"2026-01-22T20:06:27+00:00","og_image":[{"width":1555,"height":931,"url":"https:\/\/folhapopular.info\/wp-content\/uploads\/2026\/01\/Fruki-na-praia.jpg","type":"image\/jpeg"}],"author":"Thiago Maurique","twitter_card":"summary_large_image","twitter_misc":{"Escrito por":"Thiago Maurique","Est. tempo de leitura":"2 minutos"},"schema":{"@context":"https:\/\/schema.org","@graph":[{"@type":"Article","@id":"https:\/\/folhapopular.info\/index.php\/2026\/01\/22\/fruki-promove-experiencias-sensoriais-no-litoral\/#article","isPartOf":{"@id":"https:\/\/folhapopular.info\/index.php\/2026\/01\/22\/fruki-promove-experiencias-sensoriais-no-litoral\/"},"author":{"name":"Thiago Maurique","@id":"https:\/\/folhapopular.info\/#\/schema\/person\/da0b2794f793376cb5dd908e88ca6911"},"headline":"Fruki promove experi\u00eancias sensoriais no litoral\u00a0","datePublished":"2026-01-22T20:06:24+00:00","dateModified":"2026-01-22T20:06:27+00:00","mainEntityOfPage":{"@id":"https:\/\/folhapopular.info\/index.php\/2026\/01\/22\/fruki-promove-experiencias-sensoriais-no-litoral\/"},"wordCount":322,"commentCount":0,"image":{"@id":"https:\/\/folhapopular.info\/index.php\/2026\/01\/22\/fruki-promove-experiencias-sensoriais-no-litoral\/#primaryimage"},"thumbnailUrl":"https:\/\/folhapopular.info\/wp-content\/uploads\/2026\/01\/Fruki-na-praia.jpg","keywords":["Fruki","Fruki LAB","Litoral","Torres"],"articleSection":["Colunistas","Destaques","Intelig\u00eancia Empresarial - Thiago Maurique"],"inLanguage":"pt-BR","potentialAction":[{"@type":"CommentAction","name":"Comment","target":["https:\/\/folhapopular.info\/index.php\/2026\/01\/22\/fruki-promove-experiencias-sensoriais-no-litoral\/#respond"]}]},{"@type":"WebPage","@id":"https:\/\/folhapopular.info\/index.php\/2026\/01\/22\/fruki-promove-experiencias-sensoriais-no-litoral\/","url":"https:\/\/folhapopular.info\/index.php\/2026\/01\/22\/fruki-promove-experiencias-sensoriais-no-litoral\/","name":"Fruki promove experi\u00eancias sensoriais no litoral\u00a0 - Folha Popular","isPartOf":{"@id":"https:\/\/folhapopular.info\/#website"},"primaryImageOfPage":{"@id":"https:\/\/folhapopular.info\/index.php\/2026\/01\/22\/fruki-promove-experiencias-sensoriais-no-litoral\/#primaryimage"},"image":{"@id":"https:\/\/folhapopular.info\/index.php\/2026\/01\/22\/fruki-promove-experiencias-sensoriais-no-litoral\/#primaryimage"},"thumbnailUrl":"https:\/\/folhapopular.info\/wp-content\/uploads\/2026\/01\/Fruki-na-praia.jpg","datePublished":"2026-01-22T20:06:24+00:00","dateModified":"2026-01-22T20:06:27+00:00","author":{"@id":"https:\/\/folhapopular.info\/#\/schema\/person\/da0b2794f793376cb5dd908e88ca6911"},"description":"Fruki promove experi\u00eancias sensoriais no litoral. Ap\u00f3s passar por Torres e Cap\u00e3o da Canoa, o Fruki LAB aporta em Tramanda\u00ed.","breadcrumb":{"@id":"https:\/\/folhapopular.info\/index.php\/2026\/01\/22\/fruki-promove-experiencias-sensoriais-no-litoral\/#breadcrumb"},"inLanguage":"pt-BR","potentialAction":[{"@type":"ReadAction","target":["https:\/\/folhapopular.info\/index.php\/2026\/01\/22\/fruki-promove-experiencias-sensoriais-no-litoral\/"]}]},{"@type":"ImageObject","inLanguage":"pt-BR","@id":"https:\/\/folhapopular.info\/index.php\/2026\/01\/22\/fruki-promove-experiencias-sensoriais-no-litoral\/#primaryimage","url":"https:\/\/folhapopular.info\/wp-content\/uploads\/2026\/01\/Fruki-na-praia.jpg","contentUrl":"https:\/\/folhapopular.info\/wp-content\/uploads\/2026\/01\/Fruki-na-praia.jpg","width":1555,"height":931,"caption":"Foto: Daniel Barbosa"},{"@type":"BreadcrumbList","@id":"https:\/\/folhapopular.info\/index.php\/2026\/01\/22\/fruki-promove-experiencias-sensoriais-no-litoral\/#breadcrumb","itemListElement":[{"@type":"ListItem","position":1,"name":"In\u00edcio","item":"https:\/\/folhapopular.info\/"},{"@type":"ListItem","position":2,"name":"Fruki promove experi\u00eancias sensoriais no litoral\u00a0"}]},{"@type":"WebSite","@id":"https:\/\/folhapopular.info\/#website","url":"https:\/\/folhapopular.info\/","name":"Folha Popular","description":"Onde voc\u00ea tem vez e voz","potentialAction":[{"@type":"SearchAction","target":{"@type":"EntryPoint","urlTemplate":"https:\/\/folhapopular.info\/?s={search_term_string}"},"query-input":{"@type":"PropertyValueSpecification","valueRequired":true,"valueName":"search_term_string"}}],"inLanguage":"pt-BR"},{"@type":"Person","@id":"https:\/\/folhapopular.info\/#\/schema\/person\/da0b2794f793376cb5dd908e88ca6911","name":"Thiago Maurique","image":{"@type":"ImageObject","inLanguage":"pt-BR","@id":"https:\/\/folhapopular.info\/wp-content\/uploads\/2026\/04\/THIAGO-MAURIQUE-1-1.webp","url":"https:\/\/folhapopular.info\/wp-content\/uploads\/2026\/04\/THIAGO-MAURIQUE-1-1.webp","contentUrl":"https:\/\/folhapopular.info\/wp-content\/uploads\/2026\/04\/THIAGO-MAURIQUE-1-1.webp","caption":"Thiago Maurique"},"url":"https:\/\/folhapopular.info\/index.php\/author\/thiago-maurique\/"}]}},"jetpack_featured_media_url":"https:\/\/folhapopular.info\/wp-content\/uploads\/2026\/01\/Fruki-na-praia.jpg","jetpack_sharing_enabled":true,"amp_enabled":true,"_links":{"self":[{"href":"https:\/\/folhapopular.info\/index.php\/wp-json\/wp\/v2\/posts\/202501","targetHints":{"allow":["GET"]}}],"collection":[{"href":"https:\/\/folhapopular.info\/index.php\/wp-json\/wp\/v2\/posts"}],"about":[{"href":"https:\/\/folhapopular.info\/index.php\/wp-json\/wp\/v2\/types\/post"}],"author":[{"embeddable":true,"href":"https:\/\/folhapopular.info\/index.php\/wp-json\/wp\/v2\/users\/771"}],"replies":[{"embeddable":true,"href":"https:\/\/folhapopular.info\/index.php\/wp-json\/wp\/v2\/comments?post=202501"}],"version-history":[{"count":0,"href":"https:\/\/folhapopular.info\/index.php\/wp-json\/wp\/v2\/posts\/202501\/revisions"}],"wp:featuredmedia":[{"embeddable":true,"href":"https:\/\/folhapopular.info\/index.php\/wp-json\/wp\/v2\/media\/202507"}],"wp:attachment":[{"href":"https:\/\/folhapopular.info\/index.php\/wp-json\/wp\/v2\/media?parent=202501"}],"wp:term":[{"taxonomy":"category","embeddable":true,"href":"https:\/\/folhapopular.info\/index.php\/wp-json\/wp\/v2\/categories?post=202501"},{"taxonomy":"post_tag","embeddable":true,"href":"https:\/\/folhapopular.info\/index.php\/wp-json\/wp\/v2\/tags?post=202501"}],"curies":[{"name":"wp","href":"https:\/\/api.w.org\/{rel}","templated":true}]}}