{"id":202533,"date":"2026-01-23T22:25:22","date_gmt":"2026-01-24T01:25:22","guid":{"rendered":"https:\/\/folhapopular.info\/?p=202533"},"modified":"2026-01-23T22:25:29","modified_gmt":"2026-01-24T01:25:29","slug":"suspeito-de-ataque-a-tiros-que-feriu-homem-e-crianca-e-preso-em-guapore","status":"publish","type":"post","link":"https:\/\/folhapopular.info\/index.php\/2026\/01\/23\/suspeito-de-ataque-a-tiros-que-feriu-homem-e-crianca-e-preso-em-guapore\/","title":{"rendered":"Suspeito de ataque a tiros que feriu homem e crian\u00e7a \u00e9 preso em Guapor\u00e9"},"content":{"rendered":"\n<p>A Pol\u00edcia Civil prendeu temporariamente, na tarde desta sexta-feira (23\/1), um jovem de 21 anos suspeito de envolvimento no ataque a tiros que deixou um homem e uma <a href=\"https:\/\/folhapopular.info\/index.php\/2026\/01\/13\/crianca-de-3-anos-fica-gravemente-ferida-durante-tentativa-de-homicidio-em-guapore\/\">crian\u00e7a de 3 anos feridos no munic\u00edpio de Guapor\u00e9<\/a>.<\/p>\n\n\n\n<p>A pris\u00e3o ocorreu no pr\u00f3prio munic\u00edpio, em uma a\u00e7\u00e3o da Pol\u00edcia Civil de Guapor\u00e9, com apoio da Delegacia de Homic\u00eddios de Passo Fundo. Ap\u00f3s os procedimentos legais, o suspeito foi encaminhado ao Pres\u00eddio Estadual de Guapor\u00e9.<\/p>\n\n\n\n<p>O crime aconteceu na madrugada do dia 13 de janeiro, no bairro Promorar. Conforme a investiga\u00e7\u00e3o, homens armados chegaram a uma resid\u00eancia e efetuaram diversos disparos. Pelo menos 10 tiros atingiram um homem de 39 anos e uma crian\u00e7a de 3 anos, que estavam no local.<\/p>\n\n\n\n<p>Segundo a pol\u00edcia, o homem ferido \u00e9 tio da crian\u00e7a. O menino foi atingido no olho esquerdo e precisou ser encaminhado em estado grave ao Hospital de Pronto Socorro (HPS), em Porto Alegre. O alvo do ataque seria a m\u00e3e da crian\u00e7a, que n\u00e3o ficou ferida.<\/p>\n\n\n\n<p>De acordo com a Pol\u00edcia Civil, a principal linha de investiga\u00e7\u00e3o aponta que o atentado est\u00e1 relacionado \u00e0 disputa entre fac\u00e7\u00f5es criminosas pelo controle do tr\u00e1fico de drogas. As investiga\u00e7\u00f5es continuam para identificar e prender o segundo envolvido, al\u00e9m de apurar a poss\u00edvel participa\u00e7\u00e3o de outros suspeitos.<\/p>\n","protected":false},"excerpt":{"rendered":"<p>A Pol\u00edcia Civil prendeu temporariamente, na tarde desta sexta-feira (23\/1), um jovem de 21 anos suspeito de envolvimento no ataque a tiros que deixou um homem e uma crian\u00e7a de 3 anos feridos no munic\u00edpio de Guapor\u00e9. A pris\u00e3o ocorreu no pr\u00f3prio munic\u00edpio, em uma a\u00e7\u00e3o da Pol\u00edcia Civil de Guapor\u00e9, com apoio da Delegacia [&hellip;]<\/p>\n","protected":false},"author":8,"featured_media":202299,"comment_status":"open","ping_status":"open","sticky":false,"template":"","format":"standard","meta":{"pmpro_default_level":"","_jetpack_memberships_contains_paid_content":false,"footnotes":""},"categories":[10982,7],"tags":[1655,107],"class_list":{"0":"post-202533","1":"post","2":"type-post","3":"status-publish","4":"format-standard","5":"has-post-thumbnail","7":"category-policia","8":"category-seguranca","9":"tag-guapore","10":"tag-prisao","11":"pmpro-has-access"},"yoast_head":"<!-- This site is optimized with the Yoast SEO plugin v27.4 - https:\/\/yoast.com\/product\/yoast-seo-wordpress\/ -->\n<title>Suspeito de ataque a tiros que feriu homem e crian\u00e7a \u00e9 preso em Guapor\u00e9 - Folha Popular<\/title>\n<meta name=\"robots\" content=\"index, follow, max-snippet:-1, max-image-preview:large, max-video-preview:-1\" \/>\n<link rel=\"canonical\" href=\"https:\/\/folhapopular.info\/index.php\/2026\/01\/23\/suspeito-de-ataque-a-tiros-que-feriu-homem-e-crianca-e-preso-em-guapore\/\" \/>\n<meta property=\"og:locale\" content=\"pt_BR\" \/>\n<meta property=\"og:type\" content=\"article\" \/>\n<meta property=\"og:title\" content=\"Suspeito de ataque a tiros que feriu homem e crian\u00e7a \u00e9 preso em Guapor\u00e9 - Folha Popular\" \/>\n<meta property=\"og:description\" content=\"A Pol\u00edcia Civil prendeu temporariamente, na tarde desta sexta-feira (23\/1), um jovem de 21 anos suspeito de envolvimento no ataque a tiros que deixou um homem e uma crian\u00e7a de 3 anos feridos no munic\u00edpio de Guapor\u00e9. A pris\u00e3o ocorreu no pr\u00f3prio munic\u00edpio, em uma a\u00e7\u00e3o da Pol\u00edcia Civil de Guapor\u00e9, com apoio da Delegacia [&hellip;]\" \/>\n<meta property=\"og:url\" content=\"https:\/\/folhapopular.info\/index.php\/2026\/01\/23\/suspeito-de-ataque-a-tiros-que-feriu-homem-e-crianca-e-preso-em-guapore\/\" \/>\n<meta property=\"og:site_name\" content=\"Folha Popular\" \/>\n<meta property=\"article:published_time\" content=\"2026-01-24T01:25:22+00:00\" \/>\n<meta property=\"article:modified_time\" content=\"2026-01-24T01:25:29+00:00\" \/>\n<meta property=\"og:image\" content=\"https:\/\/folhapopular.info\/wp-content\/uploads\/2026\/01\/Design-sem-nome-2-1.png\" \/>\n\t<meta property=\"og:image:width\" content=\"1920\" \/>\n\t<meta property=\"og:image:height\" content=\"1080\" \/>\n\t<meta property=\"og:image:type\" content=\"image\/png\" \/>\n<meta name=\"author\" content=\"Reda\u00e7\u00e3o Folha Popular\" \/>\n<meta name=\"twitter:card\" content=\"summary_large_image\" \/>\n<meta name=\"twitter:label1\" content=\"Escrito por\" \/>\n\t<meta name=\"twitter:data1\" content=\"Reda\u00e7\u00e3o Folha Popular\" \/>\n\t<meta name=\"twitter:label2\" content=\"Est. tempo de leitura\" \/>\n\t<meta name=\"twitter:data2\" content=\"2 minutos\" \/>\n<script type=\"application\/ld+json\" class=\"yoast-schema-graph\">{\"@context\":\"https:\\\/\\\/schema.org\",\"@graph\":[{\"@type\":\"Article\",\"@id\":\"https:\\\/\\\/folhapopular.info\\\/index.php\\\/2026\\\/01\\\/23\\\/suspeito-de-ataque-a-tiros-que-feriu-homem-e-crianca-e-preso-em-guapore\\\/#article\",\"isPartOf\":{\"@id\":\"https:\\\/\\\/folhapopular.info\\\/index.php\\\/2026\\\/01\\\/23\\\/suspeito-de-ataque-a-tiros-que-feriu-homem-e-crianca-e-preso-em-guapore\\\/\"},\"author\":{\"name\":\"Reda\u00e7\u00e3o Folha Popular\",\"@id\":\"https:\\\/\\\/folhapopular.info\\\/#\\\/schema\\\/person\\\/2814e8a0df7643585a9ca38bc6eb9d4b\"},\"headline\":\"Suspeito de ataque a tiros que feriu homem e crian\u00e7a \u00e9 preso em Guapor\u00e9\",\"datePublished\":\"2026-01-24T01:25:22+00:00\",\"dateModified\":\"2026-01-24T01:25:29+00:00\",\"mainEntityOfPage\":{\"@id\":\"https:\\\/\\\/folhapopular.info\\\/index.php\\\/2026\\\/01\\\/23\\\/suspeito-de-ataque-a-tiros-que-feriu-homem-e-crianca-e-preso-em-guapore\\\/\"},\"wordCount\":244,\"commentCount\":0,\"image\":{\"@id\":\"https:\\\/\\\/folhapopular.info\\\/index.php\\\/2026\\\/01\\\/23\\\/suspeito-de-ataque-a-tiros-que-feriu-homem-e-crianca-e-preso-em-guapore\\\/#primaryimage\"},\"thumbnailUrl\":\"https:\\\/\\\/folhapopular.info\\\/wp-content\\\/uploads\\\/2026\\\/01\\\/Design-sem-nome-2-1.png\",\"keywords\":[\"Guapor\u00e9\",\"Pris\u00e3o\"],\"articleSection\":[\"Pol\u00edcia\",\"Seguran\u00e7a\"],\"inLanguage\":\"pt-BR\",\"potentialAction\":[{\"@type\":\"CommentAction\",\"name\":\"Comment\",\"target\":[\"https:\\\/\\\/folhapopular.info\\\/index.php\\\/2026\\\/01\\\/23\\\/suspeito-de-ataque-a-tiros-que-feriu-homem-e-crianca-e-preso-em-guapore\\\/#respond\"]}]},{\"@type\":\"WebPage\",\"@id\":\"https:\\\/\\\/folhapopular.info\\\/index.php\\\/2026\\\/01\\\/23\\\/suspeito-de-ataque-a-tiros-que-feriu-homem-e-crianca-e-preso-em-guapore\\\/\",\"url\":\"https:\\\/\\\/folhapopular.info\\\/index.php\\\/2026\\\/01\\\/23\\\/suspeito-de-ataque-a-tiros-que-feriu-homem-e-crianca-e-preso-em-guapore\\\/\",\"name\":\"Suspeito de ataque a tiros que feriu homem e crian\u00e7a \u00e9 preso em Guapor\u00e9 - Folha Popular\",\"isPartOf\":{\"@id\":\"https:\\\/\\\/folhapopular.info\\\/#website\"},\"primaryImageOfPage\":{\"@id\":\"https:\\\/\\\/folhapopular.info\\\/index.php\\\/2026\\\/01\\\/23\\\/suspeito-de-ataque-a-tiros-que-feriu-homem-e-crianca-e-preso-em-guapore\\\/#primaryimage\"},\"image\":{\"@id\":\"https:\\\/\\\/folhapopular.info\\\/index.php\\\/2026\\\/01\\\/23\\\/suspeito-de-ataque-a-tiros-que-feriu-homem-e-crianca-e-preso-em-guapore\\\/#primaryimage\"},\"thumbnailUrl\":\"https:\\\/\\\/folhapopular.info\\\/wp-content\\\/uploads\\\/2026\\\/01\\\/Design-sem-nome-2-1.png\",\"datePublished\":\"2026-01-24T01:25:22+00:00\",\"dateModified\":\"2026-01-24T01:25:29+00:00\",\"author\":{\"@id\":\"https:\\\/\\\/folhapopular.info\\\/#\\\/schema\\\/person\\\/2814e8a0df7643585a9ca38bc6eb9d4b\"},\"breadcrumb\":{\"@id\":\"https:\\\/\\\/folhapopular.info\\\/index.php\\\/2026\\\/01\\\/23\\\/suspeito-de-ataque-a-tiros-que-feriu-homem-e-crianca-e-preso-em-guapore\\\/#breadcrumb\"},\"inLanguage\":\"pt-BR\",\"potentialAction\":[{\"@type\":\"ReadAction\",\"target\":[\"https:\\\/\\\/folhapopular.info\\\/index.php\\\/2026\\\/01\\\/23\\\/suspeito-de-ataque-a-tiros-que-feriu-homem-e-crianca-e-preso-em-guapore\\\/\"]}]},{\"@type\":\"ImageObject\",\"inLanguage\":\"pt-BR\",\"@id\":\"https:\\\/\\\/folhapopular.info\\\/index.php\\\/2026\\\/01\\\/23\\\/suspeito-de-ataque-a-tiros-que-feriu-homem-e-crianca-e-preso-em-guapore\\\/#primaryimage\",\"url\":\"https:\\\/\\\/folhapopular.info\\\/wp-content\\\/uploads\\\/2026\\\/01\\\/Design-sem-nome-2-1.png\",\"contentUrl\":\"https:\\\/\\\/folhapopular.info\\\/wp-content\\\/uploads\\\/2026\\\/01\\\/Design-sem-nome-2-1.png\",\"width\":1920,\"height\":1080,\"caption\":\"IMAGEM ILUSTRATIVA\"},{\"@type\":\"BreadcrumbList\",\"@id\":\"https:\\\/\\\/folhapopular.info\\\/index.php\\\/2026\\\/01\\\/23\\\/suspeito-de-ataque-a-tiros-que-feriu-homem-e-crianca-e-preso-em-guapore\\\/#breadcrumb\",\"itemListElement\":[{\"@type\":\"ListItem\",\"position\":1,\"name\":\"In\u00edcio\",\"item\":\"https:\\\/\\\/folhapopular.info\\\/\"},{\"@type\":\"ListItem\",\"position\":2,\"name\":\"Suspeito de ataque a tiros que feriu homem e crian\u00e7a \u00e9 preso em Guapor\u00e9\"}]},{\"@type\":\"WebSite\",\"@id\":\"https:\\\/\\\/folhapopular.info\\\/#website\",\"url\":\"https:\\\/\\\/folhapopular.info\\\/\",\"name\":\"Folha Popular\",\"description\":\"Onde voc\u00ea tem vez e voz\",\"potentialAction\":[{\"@type\":\"SearchAction\",\"target\":{\"@type\":\"EntryPoint\",\"urlTemplate\":\"https:\\\/\\\/folhapopular.info\\\/?s={search_term_string}\"},\"query-input\":{\"@type\":\"PropertyValueSpecification\",\"valueRequired\":true,\"valueName\":\"search_term_string\"}}],\"inLanguage\":\"pt-BR\"},{\"@type\":\"Person\",\"@id\":\"https:\\\/\\\/folhapopular.info\\\/#\\\/schema\\\/person\\\/2814e8a0df7643585a9ca38bc6eb9d4b\",\"name\":\"Reda\u00e7\u00e3o Folha Popular\",\"image\":{\"@type\":\"ImageObject\",\"inLanguage\":\"pt-BR\",\"@id\":\"https:\\\/\\\/folhapopular.info\\\/wp-content\\\/uploads\\\/2026\\\/04\\\/Folha-1.webp\",\"url\":\"https:\\\/\\\/folhapopular.info\\\/wp-content\\\/uploads\\\/2026\\\/04\\\/Folha-1.webp\",\"contentUrl\":\"https:\\\/\\\/folhapopular.info\\\/wp-content\\\/uploads\\\/2026\\\/04\\\/Folha-1.webp\",\"caption\":\"Reda\u00e7\u00e3o Folha Popular\"},\"url\":\"https:\\\/\\\/folhapopular.info\\\/index.php\\\/author\\\/redacao\\\/\"}]}<\/script>\n<!-- \/ Yoast SEO plugin. -->","yoast_head_json":{"title":"Suspeito de ataque a tiros que feriu homem e crian\u00e7a \u00e9 preso em Guapor\u00e9 - Folha Popular","robots":{"index":"index","follow":"follow","max-snippet":"max-snippet:-1","max-image-preview":"max-image-preview:large","max-video-preview":"max-video-preview:-1"},"canonical":"https:\/\/folhapopular.info\/index.php\/2026\/01\/23\/suspeito-de-ataque-a-tiros-que-feriu-homem-e-crianca-e-preso-em-guapore\/","og_locale":"pt_BR","og_type":"article","og_title":"Suspeito de ataque a tiros que feriu homem e crian\u00e7a \u00e9 preso em Guapor\u00e9 - Folha Popular","og_description":"A Pol\u00edcia Civil prendeu temporariamente, na tarde desta sexta-feira (23\/1), um jovem de 21 anos suspeito de envolvimento no ataque a tiros que deixou um homem e uma crian\u00e7a de 3 anos feridos no munic\u00edpio de Guapor\u00e9. A pris\u00e3o ocorreu no pr\u00f3prio munic\u00edpio, em uma a\u00e7\u00e3o da Pol\u00edcia Civil de Guapor\u00e9, com apoio da Delegacia [&hellip;]","og_url":"https:\/\/folhapopular.info\/index.php\/2026\/01\/23\/suspeito-de-ataque-a-tiros-que-feriu-homem-e-crianca-e-preso-em-guapore\/","og_site_name":"Folha Popular","article_published_time":"2026-01-24T01:25:22+00:00","article_modified_time":"2026-01-24T01:25:29+00:00","og_image":[{"width":1920,"height":1080,"url":"https:\/\/folhapopular.info\/wp-content\/uploads\/2026\/01\/Design-sem-nome-2-1.png","type":"image\/png"}],"author":"Reda\u00e7\u00e3o Folha Popular","twitter_card":"summary_large_image","twitter_misc":{"Escrito por":"Reda\u00e7\u00e3o Folha Popular","Est. tempo de leitura":"2 minutos"},"schema":{"@context":"https:\/\/schema.org","@graph":[{"@type":"Article","@id":"https:\/\/folhapopular.info\/index.php\/2026\/01\/23\/suspeito-de-ataque-a-tiros-que-feriu-homem-e-crianca-e-preso-em-guapore\/#article","isPartOf":{"@id":"https:\/\/folhapopular.info\/index.php\/2026\/01\/23\/suspeito-de-ataque-a-tiros-que-feriu-homem-e-crianca-e-preso-em-guapore\/"},"author":{"name":"Reda\u00e7\u00e3o Folha Popular","@id":"https:\/\/folhapopular.info\/#\/schema\/person\/2814e8a0df7643585a9ca38bc6eb9d4b"},"headline":"Suspeito de ataque a tiros que feriu homem e crian\u00e7a \u00e9 preso em Guapor\u00e9","datePublished":"2026-01-24T01:25:22+00:00","dateModified":"2026-01-24T01:25:29+00:00","mainEntityOfPage":{"@id":"https:\/\/folhapopular.info\/index.php\/2026\/01\/23\/suspeito-de-ataque-a-tiros-que-feriu-homem-e-crianca-e-preso-em-guapore\/"},"wordCount":244,"commentCount":0,"image":{"@id":"https:\/\/folhapopular.info\/index.php\/2026\/01\/23\/suspeito-de-ataque-a-tiros-que-feriu-homem-e-crianca-e-preso-em-guapore\/#primaryimage"},"thumbnailUrl":"https:\/\/folhapopular.info\/wp-content\/uploads\/2026\/01\/Design-sem-nome-2-1.png","keywords":["Guapor\u00e9","Pris\u00e3o"],"articleSection":["Pol\u00edcia","Seguran\u00e7a"],"inLanguage":"pt-BR","potentialAction":[{"@type":"CommentAction","name":"Comment","target":["https:\/\/folhapopular.info\/index.php\/2026\/01\/23\/suspeito-de-ataque-a-tiros-que-feriu-homem-e-crianca-e-preso-em-guapore\/#respond"]}]},{"@type":"WebPage","@id":"https:\/\/folhapopular.info\/index.php\/2026\/01\/23\/suspeito-de-ataque-a-tiros-que-feriu-homem-e-crianca-e-preso-em-guapore\/","url":"https:\/\/folhapopular.info\/index.php\/2026\/01\/23\/suspeito-de-ataque-a-tiros-que-feriu-homem-e-crianca-e-preso-em-guapore\/","name":"Suspeito de ataque a tiros que feriu homem e crian\u00e7a \u00e9 preso em Guapor\u00e9 - Folha Popular","isPartOf":{"@id":"https:\/\/folhapopular.info\/#website"},"primaryImageOfPage":{"@id":"https:\/\/folhapopular.info\/index.php\/2026\/01\/23\/suspeito-de-ataque-a-tiros-que-feriu-homem-e-crianca-e-preso-em-guapore\/#primaryimage"},"image":{"@id":"https:\/\/folhapopular.info\/index.php\/2026\/01\/23\/suspeito-de-ataque-a-tiros-que-feriu-homem-e-crianca-e-preso-em-guapore\/#primaryimage"},"thumbnailUrl":"https:\/\/folhapopular.info\/wp-content\/uploads\/2026\/01\/Design-sem-nome-2-1.png","datePublished":"2026-01-24T01:25:22+00:00","dateModified":"2026-01-24T01:25:29+00:00","author":{"@id":"https:\/\/folhapopular.info\/#\/schema\/person\/2814e8a0df7643585a9ca38bc6eb9d4b"},"breadcrumb":{"@id":"https:\/\/folhapopular.info\/index.php\/2026\/01\/23\/suspeito-de-ataque-a-tiros-que-feriu-homem-e-crianca-e-preso-em-guapore\/#breadcrumb"},"inLanguage":"pt-BR","potentialAction":[{"@type":"ReadAction","target":["https:\/\/folhapopular.info\/index.php\/2026\/01\/23\/suspeito-de-ataque-a-tiros-que-feriu-homem-e-crianca-e-preso-em-guapore\/"]}]},{"@type":"ImageObject","inLanguage":"pt-BR","@id":"https:\/\/folhapopular.info\/index.php\/2026\/01\/23\/suspeito-de-ataque-a-tiros-que-feriu-homem-e-crianca-e-preso-em-guapore\/#primaryimage","url":"https:\/\/folhapopular.info\/wp-content\/uploads\/2026\/01\/Design-sem-nome-2-1.png","contentUrl":"https:\/\/folhapopular.info\/wp-content\/uploads\/2026\/01\/Design-sem-nome-2-1.png","width":1920,"height":1080,"caption":"IMAGEM ILUSTRATIVA"},{"@type":"BreadcrumbList","@id":"https:\/\/folhapopular.info\/index.php\/2026\/01\/23\/suspeito-de-ataque-a-tiros-que-feriu-homem-e-crianca-e-preso-em-guapore\/#breadcrumb","itemListElement":[{"@type":"ListItem","position":1,"name":"In\u00edcio","item":"https:\/\/folhapopular.info\/"},{"@type":"ListItem","position":2,"name":"Suspeito de ataque a tiros que feriu homem e crian\u00e7a \u00e9 preso em Guapor\u00e9"}]},{"@type":"WebSite","@id":"https:\/\/folhapopular.info\/#website","url":"https:\/\/folhapopular.info\/","name":"Folha Popular","description":"Onde voc\u00ea tem vez e voz","potentialAction":[{"@type":"SearchAction","target":{"@type":"EntryPoint","urlTemplate":"https:\/\/folhapopular.info\/?s={search_term_string}"},"query-input":{"@type":"PropertyValueSpecification","valueRequired":true,"valueName":"search_term_string"}}],"inLanguage":"pt-BR"},{"@type":"Person","@id":"https:\/\/folhapopular.info\/#\/schema\/person\/2814e8a0df7643585a9ca38bc6eb9d4b","name":"Reda\u00e7\u00e3o Folha Popular","image":{"@type":"ImageObject","inLanguage":"pt-BR","@id":"https:\/\/folhapopular.info\/wp-content\/uploads\/2026\/04\/Folha-1.webp","url":"https:\/\/folhapopular.info\/wp-content\/uploads\/2026\/04\/Folha-1.webp","contentUrl":"https:\/\/folhapopular.info\/wp-content\/uploads\/2026\/04\/Folha-1.webp","caption":"Reda\u00e7\u00e3o Folha Popular"},"url":"https:\/\/folhapopular.info\/index.php\/author\/redacao\/"}]}},"jetpack_featured_media_url":"https:\/\/folhapopular.info\/wp-content\/uploads\/2026\/01\/Design-sem-nome-2-1.png","jetpack_sharing_enabled":true,"amp_enabled":true,"_links":{"self":[{"href":"https:\/\/folhapopular.info\/index.php\/wp-json\/wp\/v2\/posts\/202533","targetHints":{"allow":["GET"]}}],"collection":[{"href":"https:\/\/folhapopular.info\/index.php\/wp-json\/wp\/v2\/posts"}],"about":[{"href":"https:\/\/folhapopular.info\/index.php\/wp-json\/wp\/v2\/types\/post"}],"author":[{"embeddable":true,"href":"https:\/\/folhapopular.info\/index.php\/wp-json\/wp\/v2\/users\/8"}],"replies":[{"embeddable":true,"href":"https:\/\/folhapopular.info\/index.php\/wp-json\/wp\/v2\/comments?post=202533"}],"version-history":[{"count":0,"href":"https:\/\/folhapopular.info\/index.php\/wp-json\/wp\/v2\/posts\/202533\/revisions"}],"wp:featuredmedia":[{"embeddable":true,"href":"https:\/\/folhapopular.info\/index.php\/wp-json\/wp\/v2\/media\/202299"}],"wp:attachment":[{"href":"https:\/\/folhapopular.info\/index.php\/wp-json\/wp\/v2\/media?parent=202533"}],"wp:term":[{"taxonomy":"category","embeddable":true,"href":"https:\/\/folhapopular.info\/index.php\/wp-json\/wp\/v2\/categories?post=202533"},{"taxonomy":"post_tag","embeddable":true,"href":"https:\/\/folhapopular.info\/index.php\/wp-json\/wp\/v2\/tags?post=202533"}],"curies":[{"name":"wp","href":"https:\/\/api.w.org\/{rel}","templated":true}]}}