{"id":202535,"date":"2026-01-23T22:26:47","date_gmt":"2026-01-24T01:26:47","guid":{"rendered":"https:\/\/folhapopular.info\/?p=202535"},"modified":"2026-01-23T22:33:30","modified_gmt":"2026-01-24T01:33:30","slug":"policia-civil-apreende-587-kg-de-maconha-e-prende-dois-homens-em-alvorada","status":"publish","type":"post","link":"https:\/\/folhapopular.info\/index.php\/2026\/01\/23\/policia-civil-apreende-587-kg-de-maconha-e-prende-dois-homens-em-alvorada\/","title":{"rendered":"Pol\u00edcia Civil apreende 587 kg de maconha e prende dois homens em Alvorada"},"content":{"rendered":"\n<p>A Pol\u00edcia Civil apreendeu 587 quilos de maconha e prendeu dois homens na tarde desta sexta-feira (23\/1), durante uma a\u00e7\u00e3o realizada no bairro Tijuca, em Alvorada, \u00e0s margens da ERS-118.<\/p>\n\n\n\n<p>A ofensiva foi conduzida pela 3\u00aa Delegacia de Investiga\u00e7\u00e3o do Narcotr\u00e1fico (3\u00aa DIN), vinculada ao Departamento Estadual de Investiga\u00e7\u00f5es do Narcotr\u00e1fico (Denarc). Conforme a pol\u00edcia, a investiga\u00e7\u00e3o permitiu identificar um ve\u00edculo utilizado para o transporte da droga e um im\u00f3vel que funcionava como dep\u00f3sito dos entorpecentes.<\/p>\n\n\n\n<p>Ap\u00f3s per\u00edodo de monitoramento, os agentes flagraram dois homens movimentando fardos de drogas no local. Diante da situa\u00e7\u00e3o, os policiais ingressaram no im\u00f3vel, onde localizaram grande quantidade de maconha, al\u00e9m de apreenderem o ve\u00edculo usado na log\u00edstica do tr\u00e1fico.<\/p>\n\n\n\n<p>Os suspeitos, de 41 e 44 anos, foram presos em flagrante pelos crimes de tr\u00e1fico de drogas e associa\u00e7\u00e3o para o tr\u00e1fico. Ap\u00f3s os procedimentos legais, ambos foram encaminhados ao sistema prisional.<\/p>\n\n\n\n<p>Segundo o delegado Joel Wagner, a apreens\u00e3o integra a estrat\u00e9gia da Pol\u00edcia Civil de intensificar o combate ao tr\u00e1fico de entorpecentes e \u00e0s organiza\u00e7\u00f5es criminosas no Estado.<\/p>\n","protected":false},"excerpt":{"rendered":"<p>A Pol\u00edcia Civil apreendeu 587 quilos de maconha e prendeu dois homens na tarde desta sexta-feira (23\/1), durante uma a\u00e7\u00e3o realizada no bairro Tijuca, em Alvorada, \u00e0s margens da ERS-118. A ofensiva foi conduzida pela 3\u00aa Delegacia de Investiga\u00e7\u00e3o do Narcotr\u00e1fico (3\u00aa DIN), vinculada ao Departamento Estadual de Investiga\u00e7\u00f5es do Narcotr\u00e1fico (Denarc). Conforme a pol\u00edcia, [&hellip;]<\/p>\n","protected":false},"author":8,"featured_media":202536,"comment_status":"open","ping_status":"open","sticky":false,"template":"","format":"standard","meta":{"pmpro_default_level":"","_jetpack_memberships_contains_paid_content":false,"footnotes":""},"categories":[10982,7],"tags":[20415,1027,752],"class_list":{"0":"post-202535","1":"post","2":"type-post","3":"status-publish","4":"format-standard","5":"has-post-thumbnail","7":"category-policia","8":"category-seguranca","9":"tag-alvorada","10":"tag-maconha","11":"tag-trafico-de-drogas","12":"pmpro-has-access"},"yoast_head":"<!-- This site is optimized with the Yoast SEO plugin v27.4 - https:\/\/yoast.com\/product\/yoast-seo-wordpress\/ -->\n<title>Pol\u00edcia Civil apreende 587 kg de maconha e prende dois homens em Alvorada - Folha Popular<\/title>\n<meta name=\"robots\" content=\"index, follow, max-snippet:-1, max-image-preview:large, max-video-preview:-1\" \/>\n<link rel=\"canonical\" href=\"https:\/\/folhapopular.info\/index.php\/2026\/01\/23\/policia-civil-apreende-587-kg-de-maconha-e-prende-dois-homens-em-alvorada\/\" \/>\n<meta property=\"og:locale\" content=\"pt_BR\" \/>\n<meta property=\"og:type\" content=\"article\" \/>\n<meta property=\"og:title\" content=\"Pol\u00edcia Civil apreende 587 kg de maconha e prende dois homens em Alvorada - Folha Popular\" \/>\n<meta property=\"og:description\" content=\"A Pol\u00edcia Civil apreendeu 587 quilos de maconha e prendeu dois homens na tarde desta sexta-feira (23\/1), durante uma a\u00e7\u00e3o realizada no bairro Tijuca, em Alvorada, \u00e0s margens da ERS-118. A ofensiva foi conduzida pela 3\u00aa Delegacia de Investiga\u00e7\u00e3o do Narcotr\u00e1fico (3\u00aa DIN), vinculada ao Departamento Estadual de Investiga\u00e7\u00f5es do Narcotr\u00e1fico (Denarc). Conforme a pol\u00edcia, [&hellip;]\" \/>\n<meta property=\"og:url\" content=\"https:\/\/folhapopular.info\/index.php\/2026\/01\/23\/policia-civil-apreende-587-kg-de-maconha-e-prende-dois-homens-em-alvorada\/\" \/>\n<meta property=\"og:site_name\" content=\"Folha Popular\" \/>\n<meta property=\"article:published_time\" content=\"2026-01-24T01:26:47+00:00\" \/>\n<meta property=\"article:modified_time\" content=\"2026-01-24T01:33:30+00:00\" \/>\n<meta property=\"og:image\" content=\"https:\/\/folhapopular.info\/wp-content\/uploads\/2026\/01\/23173556_577041_GDO.jpeg\" \/>\n\t<meta property=\"og:image:width\" content=\"800\" \/>\n\t<meta property=\"og:image:height\" content=\"600\" \/>\n\t<meta property=\"og:image:type\" content=\"image\/jpeg\" \/>\n<meta name=\"author\" content=\"Reda\u00e7\u00e3o Folha Popular\" \/>\n<meta name=\"twitter:card\" content=\"summary_large_image\" \/>\n<meta name=\"twitter:label1\" content=\"Escrito por\" \/>\n\t<meta name=\"twitter:data1\" content=\"Reda\u00e7\u00e3o Folha Popular\" \/>\n\t<meta name=\"twitter:label2\" content=\"Est. tempo de leitura\" \/>\n\t<meta name=\"twitter:data2\" content=\"2 minutos\" \/>\n<script type=\"application\/ld+json\" class=\"yoast-schema-graph\">{\"@context\":\"https:\\\/\\\/schema.org\",\"@graph\":[{\"@type\":\"Article\",\"@id\":\"https:\\\/\\\/folhapopular.info\\\/index.php\\\/2026\\\/01\\\/23\\\/policia-civil-apreende-587-kg-de-maconha-e-prende-dois-homens-em-alvorada\\\/#article\",\"isPartOf\":{\"@id\":\"https:\\\/\\\/folhapopular.info\\\/index.php\\\/2026\\\/01\\\/23\\\/policia-civil-apreende-587-kg-de-maconha-e-prende-dois-homens-em-alvorada\\\/\"},\"author\":{\"name\":\"Reda\u00e7\u00e3o Folha Popular\",\"@id\":\"https:\\\/\\\/folhapopular.info\\\/#\\\/schema\\\/person\\\/2814e8a0df7643585a9ca38bc6eb9d4b\"},\"headline\":\"Pol\u00edcia Civil apreende 587 kg de maconha e prende dois homens em Alvorada\",\"datePublished\":\"2026-01-24T01:26:47+00:00\",\"dateModified\":\"2026-01-24T01:33:30+00:00\",\"mainEntityOfPage\":{\"@id\":\"https:\\\/\\\/folhapopular.info\\\/index.php\\\/2026\\\/01\\\/23\\\/policia-civil-apreende-587-kg-de-maconha-e-prende-dois-homens-em-alvorada\\\/\"},\"wordCount\":209,\"commentCount\":0,\"image\":{\"@id\":\"https:\\\/\\\/folhapopular.info\\\/index.php\\\/2026\\\/01\\\/23\\\/policia-civil-apreende-587-kg-de-maconha-e-prende-dois-homens-em-alvorada\\\/#primaryimage\"},\"thumbnailUrl\":\"https:\\\/\\\/folhapopular.info\\\/wp-content\\\/uploads\\\/2026\\\/01\\\/23173556_577041_GDO.jpeg\",\"keywords\":[\"alvorada\",\"Maconha\",\"tr\u00e1fico de drogas\"],\"articleSection\":[\"Pol\u00edcia\",\"Seguran\u00e7a\"],\"inLanguage\":\"pt-BR\",\"potentialAction\":[{\"@type\":\"CommentAction\",\"name\":\"Comment\",\"target\":[\"https:\\\/\\\/folhapopular.info\\\/index.php\\\/2026\\\/01\\\/23\\\/policia-civil-apreende-587-kg-de-maconha-e-prende-dois-homens-em-alvorada\\\/#respond\"]}]},{\"@type\":\"WebPage\",\"@id\":\"https:\\\/\\\/folhapopular.info\\\/index.php\\\/2026\\\/01\\\/23\\\/policia-civil-apreende-587-kg-de-maconha-e-prende-dois-homens-em-alvorada\\\/\",\"url\":\"https:\\\/\\\/folhapopular.info\\\/index.php\\\/2026\\\/01\\\/23\\\/policia-civil-apreende-587-kg-de-maconha-e-prende-dois-homens-em-alvorada\\\/\",\"name\":\"Pol\u00edcia Civil apreende 587 kg de maconha e prende dois homens em Alvorada - Folha Popular\",\"isPartOf\":{\"@id\":\"https:\\\/\\\/folhapopular.info\\\/#website\"},\"primaryImageOfPage\":{\"@id\":\"https:\\\/\\\/folhapopular.info\\\/index.php\\\/2026\\\/01\\\/23\\\/policia-civil-apreende-587-kg-de-maconha-e-prende-dois-homens-em-alvorada\\\/#primaryimage\"},\"image\":{\"@id\":\"https:\\\/\\\/folhapopular.info\\\/index.php\\\/2026\\\/01\\\/23\\\/policia-civil-apreende-587-kg-de-maconha-e-prende-dois-homens-em-alvorada\\\/#primaryimage\"},\"thumbnailUrl\":\"https:\\\/\\\/folhapopular.info\\\/wp-content\\\/uploads\\\/2026\\\/01\\\/23173556_577041_GDO.jpeg\",\"datePublished\":\"2026-01-24T01:26:47+00:00\",\"dateModified\":\"2026-01-24T01:33:30+00:00\",\"author\":{\"@id\":\"https:\\\/\\\/folhapopular.info\\\/#\\\/schema\\\/person\\\/2814e8a0df7643585a9ca38bc6eb9d4b\"},\"breadcrumb\":{\"@id\":\"https:\\\/\\\/folhapopular.info\\\/index.php\\\/2026\\\/01\\\/23\\\/policia-civil-apreende-587-kg-de-maconha-e-prende-dois-homens-em-alvorada\\\/#breadcrumb\"},\"inLanguage\":\"pt-BR\",\"potentialAction\":[{\"@type\":\"ReadAction\",\"target\":[\"https:\\\/\\\/folhapopular.info\\\/index.php\\\/2026\\\/01\\\/23\\\/policia-civil-apreende-587-kg-de-maconha-e-prende-dois-homens-em-alvorada\\\/\"]}]},{\"@type\":\"ImageObject\",\"inLanguage\":\"pt-BR\",\"@id\":\"https:\\\/\\\/folhapopular.info\\\/index.php\\\/2026\\\/01\\\/23\\\/policia-civil-apreende-587-kg-de-maconha-e-prende-dois-homens-em-alvorada\\\/#primaryimage\",\"url\":\"https:\\\/\\\/folhapopular.info\\\/wp-content\\\/uploads\\\/2026\\\/01\\\/23173556_577041_GDO.jpeg\",\"contentUrl\":\"https:\\\/\\\/folhapopular.info\\\/wp-content\\\/uploads\\\/2026\\\/01\\\/23173556_577041_GDO.jpeg\",\"width\":800,\"height\":600},{\"@type\":\"BreadcrumbList\",\"@id\":\"https:\\\/\\\/folhapopular.info\\\/index.php\\\/2026\\\/01\\\/23\\\/policia-civil-apreende-587-kg-de-maconha-e-prende-dois-homens-em-alvorada\\\/#breadcrumb\",\"itemListElement\":[{\"@type\":\"ListItem\",\"position\":1,\"name\":\"In\u00edcio\",\"item\":\"https:\\\/\\\/folhapopular.info\\\/\"},{\"@type\":\"ListItem\",\"position\":2,\"name\":\"Pol\u00edcia Civil apreende 587 kg de maconha e prende dois homens em Alvorada\"}]},{\"@type\":\"WebSite\",\"@id\":\"https:\\\/\\\/folhapopular.info\\\/#website\",\"url\":\"https:\\\/\\\/folhapopular.info\\\/\",\"name\":\"Folha Popular\",\"description\":\"Onde voc\u00ea tem vez e voz\",\"potentialAction\":[{\"@type\":\"SearchAction\",\"target\":{\"@type\":\"EntryPoint\",\"urlTemplate\":\"https:\\\/\\\/folhapopular.info\\\/?s={search_term_string}\"},\"query-input\":{\"@type\":\"PropertyValueSpecification\",\"valueRequired\":true,\"valueName\":\"search_term_string\"}}],\"inLanguage\":\"pt-BR\"},{\"@type\":\"Person\",\"@id\":\"https:\\\/\\\/folhapopular.info\\\/#\\\/schema\\\/person\\\/2814e8a0df7643585a9ca38bc6eb9d4b\",\"name\":\"Reda\u00e7\u00e3o Folha Popular\",\"image\":{\"@type\":\"ImageObject\",\"inLanguage\":\"pt-BR\",\"@id\":\"https:\\\/\\\/folhapopular.info\\\/wp-content\\\/uploads\\\/2026\\\/04\\\/Folha-1.webp\",\"url\":\"https:\\\/\\\/folhapopular.info\\\/wp-content\\\/uploads\\\/2026\\\/04\\\/Folha-1.webp\",\"contentUrl\":\"https:\\\/\\\/folhapopular.info\\\/wp-content\\\/uploads\\\/2026\\\/04\\\/Folha-1.webp\",\"caption\":\"Reda\u00e7\u00e3o Folha Popular\"},\"url\":\"https:\\\/\\\/folhapopular.info\\\/index.php\\\/author\\\/redacao\\\/\"}]}<\/script>\n<!-- \/ Yoast SEO plugin. -->","yoast_head_json":{"title":"Pol\u00edcia Civil apreende 587 kg de maconha e prende dois homens em Alvorada - Folha Popular","robots":{"index":"index","follow":"follow","max-snippet":"max-snippet:-1","max-image-preview":"max-image-preview:large","max-video-preview":"max-video-preview:-1"},"canonical":"https:\/\/folhapopular.info\/index.php\/2026\/01\/23\/policia-civil-apreende-587-kg-de-maconha-e-prende-dois-homens-em-alvorada\/","og_locale":"pt_BR","og_type":"article","og_title":"Pol\u00edcia Civil apreende 587 kg de maconha e prende dois homens em Alvorada - Folha Popular","og_description":"A Pol\u00edcia Civil apreendeu 587 quilos de maconha e prendeu dois homens na tarde desta sexta-feira (23\/1), durante uma a\u00e7\u00e3o realizada no bairro Tijuca, em Alvorada, \u00e0s margens da ERS-118. A ofensiva foi conduzida pela 3\u00aa Delegacia de Investiga\u00e7\u00e3o do Narcotr\u00e1fico (3\u00aa DIN), vinculada ao Departamento Estadual de Investiga\u00e7\u00f5es do Narcotr\u00e1fico (Denarc). Conforme a pol\u00edcia, [&hellip;]","og_url":"https:\/\/folhapopular.info\/index.php\/2026\/01\/23\/policia-civil-apreende-587-kg-de-maconha-e-prende-dois-homens-em-alvorada\/","og_site_name":"Folha Popular","article_published_time":"2026-01-24T01:26:47+00:00","article_modified_time":"2026-01-24T01:33:30+00:00","og_image":[{"width":800,"height":600,"url":"https:\/\/folhapopular.info\/wp-content\/uploads\/2026\/01\/23173556_577041_GDO.jpeg","type":"image\/jpeg"}],"author":"Reda\u00e7\u00e3o Folha Popular","twitter_card":"summary_large_image","twitter_misc":{"Escrito por":"Reda\u00e7\u00e3o Folha Popular","Est. tempo de leitura":"2 minutos"},"schema":{"@context":"https:\/\/schema.org","@graph":[{"@type":"Article","@id":"https:\/\/folhapopular.info\/index.php\/2026\/01\/23\/policia-civil-apreende-587-kg-de-maconha-e-prende-dois-homens-em-alvorada\/#article","isPartOf":{"@id":"https:\/\/folhapopular.info\/index.php\/2026\/01\/23\/policia-civil-apreende-587-kg-de-maconha-e-prende-dois-homens-em-alvorada\/"},"author":{"name":"Reda\u00e7\u00e3o Folha Popular","@id":"https:\/\/folhapopular.info\/#\/schema\/person\/2814e8a0df7643585a9ca38bc6eb9d4b"},"headline":"Pol\u00edcia Civil apreende 587 kg de maconha e prende dois homens em Alvorada","datePublished":"2026-01-24T01:26:47+00:00","dateModified":"2026-01-24T01:33:30+00:00","mainEntityOfPage":{"@id":"https:\/\/folhapopular.info\/index.php\/2026\/01\/23\/policia-civil-apreende-587-kg-de-maconha-e-prende-dois-homens-em-alvorada\/"},"wordCount":209,"commentCount":0,"image":{"@id":"https:\/\/folhapopular.info\/index.php\/2026\/01\/23\/policia-civil-apreende-587-kg-de-maconha-e-prende-dois-homens-em-alvorada\/#primaryimage"},"thumbnailUrl":"https:\/\/folhapopular.info\/wp-content\/uploads\/2026\/01\/23173556_577041_GDO.jpeg","keywords":["alvorada","Maconha","tr\u00e1fico de drogas"],"articleSection":["Pol\u00edcia","Seguran\u00e7a"],"inLanguage":"pt-BR","potentialAction":[{"@type":"CommentAction","name":"Comment","target":["https:\/\/folhapopular.info\/index.php\/2026\/01\/23\/policia-civil-apreende-587-kg-de-maconha-e-prende-dois-homens-em-alvorada\/#respond"]}]},{"@type":"WebPage","@id":"https:\/\/folhapopular.info\/index.php\/2026\/01\/23\/policia-civil-apreende-587-kg-de-maconha-e-prende-dois-homens-em-alvorada\/","url":"https:\/\/folhapopular.info\/index.php\/2026\/01\/23\/policia-civil-apreende-587-kg-de-maconha-e-prende-dois-homens-em-alvorada\/","name":"Pol\u00edcia Civil apreende 587 kg de maconha e prende dois homens em Alvorada - Folha Popular","isPartOf":{"@id":"https:\/\/folhapopular.info\/#website"},"primaryImageOfPage":{"@id":"https:\/\/folhapopular.info\/index.php\/2026\/01\/23\/policia-civil-apreende-587-kg-de-maconha-e-prende-dois-homens-em-alvorada\/#primaryimage"},"image":{"@id":"https:\/\/folhapopular.info\/index.php\/2026\/01\/23\/policia-civil-apreende-587-kg-de-maconha-e-prende-dois-homens-em-alvorada\/#primaryimage"},"thumbnailUrl":"https:\/\/folhapopular.info\/wp-content\/uploads\/2026\/01\/23173556_577041_GDO.jpeg","datePublished":"2026-01-24T01:26:47+00:00","dateModified":"2026-01-24T01:33:30+00:00","author":{"@id":"https:\/\/folhapopular.info\/#\/schema\/person\/2814e8a0df7643585a9ca38bc6eb9d4b"},"breadcrumb":{"@id":"https:\/\/folhapopular.info\/index.php\/2026\/01\/23\/policia-civil-apreende-587-kg-de-maconha-e-prende-dois-homens-em-alvorada\/#breadcrumb"},"inLanguage":"pt-BR","potentialAction":[{"@type":"ReadAction","target":["https:\/\/folhapopular.info\/index.php\/2026\/01\/23\/policia-civil-apreende-587-kg-de-maconha-e-prende-dois-homens-em-alvorada\/"]}]},{"@type":"ImageObject","inLanguage":"pt-BR","@id":"https:\/\/folhapopular.info\/index.php\/2026\/01\/23\/policia-civil-apreende-587-kg-de-maconha-e-prende-dois-homens-em-alvorada\/#primaryimage","url":"https:\/\/folhapopular.info\/wp-content\/uploads\/2026\/01\/23173556_577041_GDO.jpeg","contentUrl":"https:\/\/folhapopular.info\/wp-content\/uploads\/2026\/01\/23173556_577041_GDO.jpeg","width":800,"height":600},{"@type":"BreadcrumbList","@id":"https:\/\/folhapopular.info\/index.php\/2026\/01\/23\/policia-civil-apreende-587-kg-de-maconha-e-prende-dois-homens-em-alvorada\/#breadcrumb","itemListElement":[{"@type":"ListItem","position":1,"name":"In\u00edcio","item":"https:\/\/folhapopular.info\/"},{"@type":"ListItem","position":2,"name":"Pol\u00edcia Civil apreende 587 kg de maconha e prende dois homens em Alvorada"}]},{"@type":"WebSite","@id":"https:\/\/folhapopular.info\/#website","url":"https:\/\/folhapopular.info\/","name":"Folha Popular","description":"Onde voc\u00ea tem vez e voz","potentialAction":[{"@type":"SearchAction","target":{"@type":"EntryPoint","urlTemplate":"https:\/\/folhapopular.info\/?s={search_term_string}"},"query-input":{"@type":"PropertyValueSpecification","valueRequired":true,"valueName":"search_term_string"}}],"inLanguage":"pt-BR"},{"@type":"Person","@id":"https:\/\/folhapopular.info\/#\/schema\/person\/2814e8a0df7643585a9ca38bc6eb9d4b","name":"Reda\u00e7\u00e3o Folha Popular","image":{"@type":"ImageObject","inLanguage":"pt-BR","@id":"https:\/\/folhapopular.info\/wp-content\/uploads\/2026\/04\/Folha-1.webp","url":"https:\/\/folhapopular.info\/wp-content\/uploads\/2026\/04\/Folha-1.webp","contentUrl":"https:\/\/folhapopular.info\/wp-content\/uploads\/2026\/04\/Folha-1.webp","caption":"Reda\u00e7\u00e3o Folha Popular"},"url":"https:\/\/folhapopular.info\/index.php\/author\/redacao\/"}]}},"jetpack_featured_media_url":"https:\/\/folhapopular.info\/wp-content\/uploads\/2026\/01\/23173556_577041_GDO.jpeg","jetpack_sharing_enabled":true,"amp_enabled":true,"_links":{"self":[{"href":"https:\/\/folhapopular.info\/index.php\/wp-json\/wp\/v2\/posts\/202535","targetHints":{"allow":["GET"]}}],"collection":[{"href":"https:\/\/folhapopular.info\/index.php\/wp-json\/wp\/v2\/posts"}],"about":[{"href":"https:\/\/folhapopular.info\/index.php\/wp-json\/wp\/v2\/types\/post"}],"author":[{"embeddable":true,"href":"https:\/\/folhapopular.info\/index.php\/wp-json\/wp\/v2\/users\/8"}],"replies":[{"embeddable":true,"href":"https:\/\/folhapopular.info\/index.php\/wp-json\/wp\/v2\/comments?post=202535"}],"version-history":[{"count":0,"href":"https:\/\/folhapopular.info\/index.php\/wp-json\/wp\/v2\/posts\/202535\/revisions"}],"wp:featuredmedia":[{"embeddable":true,"href":"https:\/\/folhapopular.info\/index.php\/wp-json\/wp\/v2\/media\/202536"}],"wp:attachment":[{"href":"https:\/\/folhapopular.info\/index.php\/wp-json\/wp\/v2\/media?parent=202535"}],"wp:term":[{"taxonomy":"category","embeddable":true,"href":"https:\/\/folhapopular.info\/index.php\/wp-json\/wp\/v2\/categories?post=202535"},{"taxonomy":"post_tag","embeddable":true,"href":"https:\/\/folhapopular.info\/index.php\/wp-json\/wp\/v2\/tags?post=202535"}],"curies":[{"name":"wp","href":"https:\/\/api.w.org\/{rel}","templated":true}]}}