{"id":202562,"date":"2026-01-24T08:57:55","date_gmt":"2026-01-24T11:57:55","guid":{"rendered":"https:\/\/folhapopular.info\/?p=202562"},"modified":"2026-01-24T08:57:59","modified_gmt":"2026-01-24T11:57:59","slug":"quando-a-estetica-vira-proposito-se-torna-negocio","status":"publish","type":"post","link":"https:\/\/folhapopular.info\/index.php\/2026\/01\/24\/quando-a-estetica-vira-proposito-se-torna-negocio\/","title":{"rendered":"Quando a est\u00e9tica vira prop\u00f3sito, se torna neg\u00f3cio"},"content":{"rendered":"<p>O ramo est\u00e9tico sempre esteve em alta, hoje o legado da beleza toma outros caminhos e \u00e9 liderado por empreendimentos de mulheres. Com um novo visual, organizado de forma diferente dos tradicionais sal\u00f5es, as \u201ccl\u00ednicas de est\u00e9tica\u201d ganham palco em Teut\u00f4nia. De acordo com a Vigil\u00e2ncia Sanit\u00e1ria de Teut\u00f4nia, em 2025, foram abertas 20 novas&#8230; <\/p>\n<div class=\"pmpro\">\n<div class=\"pmpro_card pmpro_content_message\">\n<div class=\"pmpro_card_content\">Este conte\u00fado \u00e9 apenas para associados Grupo Popular &#8211; Conte\u00fado Total Anual e Grupo Popular &#8211; Conte\u00fado Total Mensal. <br \/><a href=\"https:\/\/folhapopular.info\/wp-login.php?action=register\">Cadastre-se<\/a><\/div>\n<div class=\"pmpro_card_actions pmpro_font-medium\">J\u00e1 se associou? <a href=\"https:\/\/folhapopular.info\/wp-login.php?redirect_to=https%3A%2F%2Ffolhapopular.info%2Findex.php%2F2026%2F01%2F24%2Fquando-a-estetica-vira-proposito-se-torna-negocio%2F\">Acesse aqui<\/a><\/div>\n<\/div>\n<\/div>\n","protected":false},"excerpt":{"rendered":"<p>O ramo est\u00e9tico sempre esteve em alta, hoje o legado da beleza toma outros caminhos e \u00e9 liderado por empreendimentos de mulheres. Com um novo visual, organizado de forma diferente dos tradicionais sal\u00f5es, as \u201ccl\u00ednicas de est\u00e9tica\u201d ganham palco em Teut\u00f4nia. De acordo com a Vigil\u00e2ncia Sanit\u00e1ria de Teut\u00f4nia, em 2025, foram abertas 20 novas... <\/p>\n<div class=\"pmpro\"><div class=\"pmpro_card pmpro_content_message\"><div class=\"pmpro_card_content\">Este conte\u00fado \u00e9 apenas para associados Grupo Popular - Conte\u00fado Total Anual e Grupo Popular - Conte\u00fado Total Mensal. <br \/><a href=\"https:\/\/folhapopular.info\/wp-login.php?action=register\">Cadastre-se<\/a><\/div><div class=\"pmpro_card_actions pmpro_font-medium\">J\u00e1 se associou? <a href=\"https:\/\/folhapopular.info\/wp-login.php?redirect_to=https%3A%2F%2Ffolhapopular.info%2Findex.php%2F2026%2F01%2F24%2Fquando-a-estetica-vira-proposito-se-torna-negocio%2F\">Acesse aqui<\/a><\/div><\/div><\/div>","protected":false},"author":773,"featured_media":202595,"comment_status":"open","ping_status":"open","sticky":false,"template":"","format":"standard","meta":{"pmpro_default_level":"","_jetpack_memberships_contains_paid_content":false,"footnotes":""},"categories":[11078,6],"tags":[2418,10973,26],"class_list":{"0":"post-202562","1":"post","2":"type-post","3":"status-publish","4":"format-standard","5":"has-post-thumbnail","7":"category-assinantes","8":"category-inclusive","9":"tag-beleza","10":"tag-estetica","11":"tag-teutonia","12":"pmpro-level-required","13":"pmpro-level-2","14":"pmpro-level-4","15":"pmpro-level-5","16":"pmpro-no-access"},"yoast_head":"<!-- This site is optimized with the Yoast SEO plugin v27.5 - https:\/\/yoast.com\/product\/yoast-seo-wordpress\/ -->\n<title>Quando a est\u00e9tica vira prop\u00f3sito, se torna neg\u00f3cio - Folha Popular<\/title>\n<meta name=\"robots\" content=\"index, follow, max-snippet:-1, max-image-preview:large, max-video-preview:-1\" \/>\n<link rel=\"canonical\" href=\"https:\/\/folhapopular.info\/index.php\/2026\/01\/24\/quando-a-estetica-vira-proposito-se-torna-negocio\/\" \/>\n<meta property=\"og:locale\" content=\"pt_BR\" \/>\n<meta property=\"og:type\" content=\"article\" \/>\n<meta property=\"og:title\" content=\"Quando a est\u00e9tica vira prop\u00f3sito, se torna neg\u00f3cio - Folha Popular\" \/>\n<meta property=\"og:description\" content=\"O ramo est\u00e9tico sempre esteve em alta, hoje o legado da beleza toma outros caminhos e \u00e9 liderado por empreendimentos de mulheres. Com um novo visual, organizado de forma diferente dos tradicionais sal\u00f5es, as \u201ccl\u00ednicas de est\u00e9tica\u201d ganham palco em Teut\u00f4nia. De acordo com a Vigil\u00e2ncia Sanit\u00e1ria de Teut\u00f4nia, em 2025, foram abertas 20 novas [&hellip;]\" \/>\n<meta property=\"og:url\" content=\"https:\/\/folhapopular.info\/index.php\/2026\/01\/24\/quando-a-estetica-vira-proposito-se-torna-negocio\/\" \/>\n<meta property=\"og:site_name\" content=\"Folha Popular\" \/>\n<meta property=\"article:published_time\" content=\"2026-01-24T11:57:55+00:00\" \/>\n<meta property=\"article:modified_time\" content=\"2026-01-24T11:57:59+00:00\" \/>\n<meta property=\"og:image\" content=\"https:\/\/folhapopular.info\/wp-content\/uploads\/2026\/01\/WhatsApp-Image-2026-01-24-at-08.56.28-scaled.jpeg\" \/>\n\t<meta property=\"og:image:width\" content=\"2560\" \/>\n\t<meta property=\"og:image:height\" content=\"1920\" \/>\n\t<meta property=\"og:image:type\" content=\"image\/jpeg\" \/>\n<meta name=\"author\" content=\"Gabriely Hartmann Mallmann\" \/>\n<meta name=\"twitter:card\" content=\"summary_large_image\" \/>\n<meta name=\"twitter:label1\" content=\"Escrito por\" \/>\n\t<meta name=\"twitter:data1\" content=\"Gabriely Hartmann Mallmann\" \/>\n\t<meta name=\"twitter:label2\" content=\"Est. tempo de leitura\" \/>\n\t<meta name=\"twitter:data2\" content=\"4 minutos\" \/>\n<script type=\"application\/ld+json\" class=\"yoast-schema-graph\">{\"@context\":\"https:\\\/\\\/schema.org\",\"@graph\":[{\"@type\":\"Article\",\"@id\":\"https:\\\/\\\/folhapopular.info\\\/index.php\\\/2026\\\/01\\\/24\\\/quando-a-estetica-vira-proposito-se-torna-negocio\\\/#article\",\"isPartOf\":{\"@id\":\"https:\\\/\\\/folhapopular.info\\\/index.php\\\/2026\\\/01\\\/24\\\/quando-a-estetica-vira-proposito-se-torna-negocio\\\/\"},\"author\":{\"name\":\"Gabriely Hartmann Mallmann\",\"@id\":\"https:\\\/\\\/folhapopular.info\\\/#\\\/schema\\\/person\\\/41b3bb1ecf6e33e81cbab2c29b178754\"},\"headline\":\"Quando a est\u00e9tica vira prop\u00f3sito, se torna neg\u00f3cio\",\"datePublished\":\"2026-01-24T11:57:55+00:00\",\"dateModified\":\"2026-01-24T11:57:59+00:00\",\"mainEntityOfPage\":{\"@id\":\"https:\\\/\\\/folhapopular.info\\\/index.php\\\/2026\\\/01\\\/24\\\/quando-a-estetica-vira-proposito-se-torna-negocio\\\/\"},\"wordCount\":563,\"commentCount\":0,\"image\":{\"@id\":\"https:\\\/\\\/folhapopular.info\\\/index.php\\\/2026\\\/01\\\/24\\\/quando-a-estetica-vira-proposito-se-torna-negocio\\\/#primaryimage\"},\"thumbnailUrl\":\"https:\\\/\\\/folhapopular.info\\\/wp-content\\\/uploads\\\/2026\\\/01\\\/WhatsApp-Image-2026-01-24-at-08.56.28-scaled.jpeg\",\"keywords\":[\"Beleza\",\"Est\u00e9tica\",\"Teut\u00f4nia\"],\"articleSection\":[\"Assinantes\",\"Inclusive\"],\"inLanguage\":\"pt-BR\",\"potentialAction\":[{\"@type\":\"CommentAction\",\"name\":\"Comment\",\"target\":[\"https:\\\/\\\/folhapopular.info\\\/index.php\\\/2026\\\/01\\\/24\\\/quando-a-estetica-vira-proposito-se-torna-negocio\\\/#respond\"]}]},{\"@type\":\"WebPage\",\"@id\":\"https:\\\/\\\/folhapopular.info\\\/index.php\\\/2026\\\/01\\\/24\\\/quando-a-estetica-vira-proposito-se-torna-negocio\\\/\",\"url\":\"https:\\\/\\\/folhapopular.info\\\/index.php\\\/2026\\\/01\\\/24\\\/quando-a-estetica-vira-proposito-se-torna-negocio\\\/\",\"name\":\"Quando a est\u00e9tica vira prop\u00f3sito, se torna neg\u00f3cio - Folha Popular\",\"isPartOf\":{\"@id\":\"https:\\\/\\\/folhapopular.info\\\/#website\"},\"primaryImageOfPage\":{\"@id\":\"https:\\\/\\\/folhapopular.info\\\/index.php\\\/2026\\\/01\\\/24\\\/quando-a-estetica-vira-proposito-se-torna-negocio\\\/#primaryimage\"},\"image\":{\"@id\":\"https:\\\/\\\/folhapopular.info\\\/index.php\\\/2026\\\/01\\\/24\\\/quando-a-estetica-vira-proposito-se-torna-negocio\\\/#primaryimage\"},\"thumbnailUrl\":\"https:\\\/\\\/folhapopular.info\\\/wp-content\\\/uploads\\\/2026\\\/01\\\/WhatsApp-Image-2026-01-24-at-08.56.28-scaled.jpeg\",\"datePublished\":\"2026-01-24T11:57:55+00:00\",\"dateModified\":\"2026-01-24T11:57:59+00:00\",\"author\":{\"@id\":\"https:\\\/\\\/folhapopular.info\\\/#\\\/schema\\\/person\\\/41b3bb1ecf6e33e81cbab2c29b178754\"},\"breadcrumb\":{\"@id\":\"https:\\\/\\\/folhapopular.info\\\/index.php\\\/2026\\\/01\\\/24\\\/quando-a-estetica-vira-proposito-se-torna-negocio\\\/#breadcrumb\"},\"inLanguage\":\"pt-BR\",\"potentialAction\":[{\"@type\":\"ReadAction\",\"target\":[\"https:\\\/\\\/folhapopular.info\\\/index.php\\\/2026\\\/01\\\/24\\\/quando-a-estetica-vira-proposito-se-torna-negocio\\\/\"]}]},{\"@type\":\"ImageObject\",\"inLanguage\":\"pt-BR\",\"@id\":\"https:\\\/\\\/folhapopular.info\\\/index.php\\\/2026\\\/01\\\/24\\\/quando-a-estetica-vira-proposito-se-torna-negocio\\\/#primaryimage\",\"url\":\"https:\\\/\\\/folhapopular.info\\\/wp-content\\\/uploads\\\/2026\\\/01\\\/WhatsApp-Image-2026-01-24-at-08.56.28-scaled.jpeg\",\"contentUrl\":\"https:\\\/\\\/folhapopular.info\\\/wp-content\\\/uploads\\\/2026\\\/01\\\/WhatsApp-Image-2026-01-24-at-08.56.28-scaled.jpeg\",\"width\":2560,\"height\":1920,\"caption\":\"Cr\u00e9dito: Gabriely Hartmann Mallmann\"},{\"@type\":\"BreadcrumbList\",\"@id\":\"https:\\\/\\\/folhapopular.info\\\/index.php\\\/2026\\\/01\\\/24\\\/quando-a-estetica-vira-proposito-se-torna-negocio\\\/#breadcrumb\",\"itemListElement\":[{\"@type\":\"ListItem\",\"position\":1,\"name\":\"In\u00edcio\",\"item\":\"https:\\\/\\\/folhapopular.info\\\/\"},{\"@type\":\"ListItem\",\"position\":2,\"name\":\"Quando a est\u00e9tica vira prop\u00f3sito, se torna neg\u00f3cio\"}]},{\"@type\":\"WebSite\",\"@id\":\"https:\\\/\\\/folhapopular.info\\\/#website\",\"url\":\"https:\\\/\\\/folhapopular.info\\\/\",\"name\":\"Folha Popular\",\"description\":\"Onde voc\u00ea tem vez e voz\",\"potentialAction\":[{\"@type\":\"SearchAction\",\"target\":{\"@type\":\"EntryPoint\",\"urlTemplate\":\"https:\\\/\\\/folhapopular.info\\\/?s={search_term_string}\"},\"query-input\":{\"@type\":\"PropertyValueSpecification\",\"valueRequired\":true,\"valueName\":\"search_term_string\"}}],\"inLanguage\":\"pt-BR\"},{\"@type\":\"Person\",\"@id\":\"https:\\\/\\\/folhapopular.info\\\/#\\\/schema\\\/person\\\/41b3bb1ecf6e33e81cbab2c29b178754\",\"name\":\"Gabriely Hartmann Mallmann\",\"image\":{\"@type\":\"ImageObject\",\"inLanguage\":\"pt-BR\",\"@id\":\"https:\\\/\\\/secure.gravatar.com\\\/avatar\\\/92999d30b0cc9bf49e6aa3c07c592bb06855a37dcfbdc7bbe6567a4637e999ce?s=96&d=mm&r=g\",\"url\":\"https:\\\/\\\/secure.gravatar.com\\\/avatar\\\/92999d30b0cc9bf49e6aa3c07c592bb06855a37dcfbdc7bbe6567a4637e999ce?s=96&d=mm&r=g\",\"contentUrl\":\"https:\\\/\\\/secure.gravatar.com\\\/avatar\\\/92999d30b0cc9bf49e6aa3c07c592bb06855a37dcfbdc7bbe6567a4637e999ce?s=96&d=mm&r=g\",\"caption\":\"Gabriely Hartmann Mallmann\"},\"url\":\"https:\\\/\\\/folhapopular.info\\\/index.php\\\/author\\\/gabriely-hartmann-mallmann\\\/\"}]}<\/script>\n<!-- \/ Yoast SEO plugin. -->","yoast_head_json":{"title":"Quando a est\u00e9tica vira prop\u00f3sito, se torna neg\u00f3cio - Folha Popular","robots":{"index":"index","follow":"follow","max-snippet":"max-snippet:-1","max-image-preview":"max-image-preview:large","max-video-preview":"max-video-preview:-1"},"canonical":"https:\/\/folhapopular.info\/index.php\/2026\/01\/24\/quando-a-estetica-vira-proposito-se-torna-negocio\/","og_locale":"pt_BR","og_type":"article","og_title":"Quando a est\u00e9tica vira prop\u00f3sito, se torna neg\u00f3cio - Folha Popular","og_description":"O ramo est\u00e9tico sempre esteve em alta, hoje o legado da beleza toma outros caminhos e \u00e9 liderado por empreendimentos de mulheres. Com um novo visual, organizado de forma diferente dos tradicionais sal\u00f5es, as \u201ccl\u00ednicas de est\u00e9tica\u201d ganham palco em Teut\u00f4nia. De acordo com a Vigil\u00e2ncia Sanit\u00e1ria de Teut\u00f4nia, em 2025, foram abertas 20 novas [&hellip;]","og_url":"https:\/\/folhapopular.info\/index.php\/2026\/01\/24\/quando-a-estetica-vira-proposito-se-torna-negocio\/","og_site_name":"Folha Popular","article_published_time":"2026-01-24T11:57:55+00:00","article_modified_time":"2026-01-24T11:57:59+00:00","og_image":[{"width":2560,"height":1920,"url":"https:\/\/folhapopular.info\/wp-content\/uploads\/2026\/01\/WhatsApp-Image-2026-01-24-at-08.56.28-scaled.jpeg","type":"image\/jpeg"}],"author":"Gabriely Hartmann Mallmann","twitter_card":"summary_large_image","twitter_misc":{"Escrito por":"Gabriely Hartmann Mallmann","Est. tempo de leitura":"4 minutos"},"schema":{"@context":"https:\/\/schema.org","@graph":[{"@type":"Article","@id":"https:\/\/folhapopular.info\/index.php\/2026\/01\/24\/quando-a-estetica-vira-proposito-se-torna-negocio\/#article","isPartOf":{"@id":"https:\/\/folhapopular.info\/index.php\/2026\/01\/24\/quando-a-estetica-vira-proposito-se-torna-negocio\/"},"author":{"name":"Gabriely Hartmann Mallmann","@id":"https:\/\/folhapopular.info\/#\/schema\/person\/41b3bb1ecf6e33e81cbab2c29b178754"},"headline":"Quando a est\u00e9tica vira prop\u00f3sito, se torna neg\u00f3cio","datePublished":"2026-01-24T11:57:55+00:00","dateModified":"2026-01-24T11:57:59+00:00","mainEntityOfPage":{"@id":"https:\/\/folhapopular.info\/index.php\/2026\/01\/24\/quando-a-estetica-vira-proposito-se-torna-negocio\/"},"wordCount":563,"commentCount":0,"image":{"@id":"https:\/\/folhapopular.info\/index.php\/2026\/01\/24\/quando-a-estetica-vira-proposito-se-torna-negocio\/#primaryimage"},"thumbnailUrl":"https:\/\/folhapopular.info\/wp-content\/uploads\/2026\/01\/WhatsApp-Image-2026-01-24-at-08.56.28-scaled.jpeg","keywords":["Beleza","Est\u00e9tica","Teut\u00f4nia"],"articleSection":["Assinantes","Inclusive"],"inLanguage":"pt-BR","potentialAction":[{"@type":"CommentAction","name":"Comment","target":["https:\/\/folhapopular.info\/index.php\/2026\/01\/24\/quando-a-estetica-vira-proposito-se-torna-negocio\/#respond"]}]},{"@type":"WebPage","@id":"https:\/\/folhapopular.info\/index.php\/2026\/01\/24\/quando-a-estetica-vira-proposito-se-torna-negocio\/","url":"https:\/\/folhapopular.info\/index.php\/2026\/01\/24\/quando-a-estetica-vira-proposito-se-torna-negocio\/","name":"Quando a est\u00e9tica vira prop\u00f3sito, se torna neg\u00f3cio - Folha Popular","isPartOf":{"@id":"https:\/\/folhapopular.info\/#website"},"primaryImageOfPage":{"@id":"https:\/\/folhapopular.info\/index.php\/2026\/01\/24\/quando-a-estetica-vira-proposito-se-torna-negocio\/#primaryimage"},"image":{"@id":"https:\/\/folhapopular.info\/index.php\/2026\/01\/24\/quando-a-estetica-vira-proposito-se-torna-negocio\/#primaryimage"},"thumbnailUrl":"https:\/\/folhapopular.info\/wp-content\/uploads\/2026\/01\/WhatsApp-Image-2026-01-24-at-08.56.28-scaled.jpeg","datePublished":"2026-01-24T11:57:55+00:00","dateModified":"2026-01-24T11:57:59+00:00","author":{"@id":"https:\/\/folhapopular.info\/#\/schema\/person\/41b3bb1ecf6e33e81cbab2c29b178754"},"breadcrumb":{"@id":"https:\/\/folhapopular.info\/index.php\/2026\/01\/24\/quando-a-estetica-vira-proposito-se-torna-negocio\/#breadcrumb"},"inLanguage":"pt-BR","potentialAction":[{"@type":"ReadAction","target":["https:\/\/folhapopular.info\/index.php\/2026\/01\/24\/quando-a-estetica-vira-proposito-se-torna-negocio\/"]}]},{"@type":"ImageObject","inLanguage":"pt-BR","@id":"https:\/\/folhapopular.info\/index.php\/2026\/01\/24\/quando-a-estetica-vira-proposito-se-torna-negocio\/#primaryimage","url":"https:\/\/folhapopular.info\/wp-content\/uploads\/2026\/01\/WhatsApp-Image-2026-01-24-at-08.56.28-scaled.jpeg","contentUrl":"https:\/\/folhapopular.info\/wp-content\/uploads\/2026\/01\/WhatsApp-Image-2026-01-24-at-08.56.28-scaled.jpeg","width":2560,"height":1920,"caption":"Cr\u00e9dito: Gabriely Hartmann Mallmann"},{"@type":"BreadcrumbList","@id":"https:\/\/folhapopular.info\/index.php\/2026\/01\/24\/quando-a-estetica-vira-proposito-se-torna-negocio\/#breadcrumb","itemListElement":[{"@type":"ListItem","position":1,"name":"In\u00edcio","item":"https:\/\/folhapopular.info\/"},{"@type":"ListItem","position":2,"name":"Quando a est\u00e9tica vira prop\u00f3sito, se torna neg\u00f3cio"}]},{"@type":"WebSite","@id":"https:\/\/folhapopular.info\/#website","url":"https:\/\/folhapopular.info\/","name":"Folha Popular","description":"Onde voc\u00ea tem vez e voz","potentialAction":[{"@type":"SearchAction","target":{"@type":"EntryPoint","urlTemplate":"https:\/\/folhapopular.info\/?s={search_term_string}"},"query-input":{"@type":"PropertyValueSpecification","valueRequired":true,"valueName":"search_term_string"}}],"inLanguage":"pt-BR"},{"@type":"Person","@id":"https:\/\/folhapopular.info\/#\/schema\/person\/41b3bb1ecf6e33e81cbab2c29b178754","name":"Gabriely Hartmann Mallmann","image":{"@type":"ImageObject","inLanguage":"pt-BR","@id":"https:\/\/secure.gravatar.com\/avatar\/92999d30b0cc9bf49e6aa3c07c592bb06855a37dcfbdc7bbe6567a4637e999ce?s=96&d=mm&r=g","url":"https:\/\/secure.gravatar.com\/avatar\/92999d30b0cc9bf49e6aa3c07c592bb06855a37dcfbdc7bbe6567a4637e999ce?s=96&d=mm&r=g","contentUrl":"https:\/\/secure.gravatar.com\/avatar\/92999d30b0cc9bf49e6aa3c07c592bb06855a37dcfbdc7bbe6567a4637e999ce?s=96&d=mm&r=g","caption":"Gabriely Hartmann Mallmann"},"url":"https:\/\/folhapopular.info\/index.php\/author\/gabriely-hartmann-mallmann\/"}]}},"jetpack_featured_media_url":"https:\/\/folhapopular.info\/wp-content\/uploads\/2026\/01\/WhatsApp-Image-2026-01-24-at-08.56.28-scaled.jpeg","jetpack_sharing_enabled":true,"amp_enabled":true,"_links":{"self":[{"href":"https:\/\/folhapopular.info\/index.php\/wp-json\/wp\/v2\/posts\/202562","targetHints":{"allow":["GET"]}}],"collection":[{"href":"https:\/\/folhapopular.info\/index.php\/wp-json\/wp\/v2\/posts"}],"about":[{"href":"https:\/\/folhapopular.info\/index.php\/wp-json\/wp\/v2\/types\/post"}],"author":[{"embeddable":true,"href":"https:\/\/folhapopular.info\/index.php\/wp-json\/wp\/v2\/users\/773"}],"replies":[{"embeddable":true,"href":"https:\/\/folhapopular.info\/index.php\/wp-json\/wp\/v2\/comments?post=202562"}],"version-history":[{"count":0,"href":"https:\/\/folhapopular.info\/index.php\/wp-json\/wp\/v2\/posts\/202562\/revisions"}],"wp:featuredmedia":[{"embeddable":true,"href":"https:\/\/folhapopular.info\/index.php\/wp-json\/wp\/v2\/media\/202595"}],"wp:attachment":[{"href":"https:\/\/folhapopular.info\/index.php\/wp-json\/wp\/v2\/media?parent=202562"}],"wp:term":[{"taxonomy":"category","embeddable":true,"href":"https:\/\/folhapopular.info\/index.php\/wp-json\/wp\/v2\/categories?post=202562"},{"taxonomy":"post_tag","embeddable":true,"href":"https:\/\/folhapopular.info\/index.php\/wp-json\/wp\/v2\/tags?post=202562"}],"curies":[{"name":"wp","href":"https:\/\/api.w.org\/{rel}","templated":true}]}}