{"id":202588,"date":"2026-01-24T08:43:19","date_gmt":"2026-01-24T11:43:19","guid":{"rendered":"https:\/\/folhapopular.info\/?p=202588"},"modified":"2026-01-24T08:43:22","modified_gmt":"2026-01-24T11:43:22","slug":"sicredi-integracao-rs-mg-inicia-os-encontros-de-nucleos-em-fevereiro","status":"publish","type":"post","link":"https:\/\/folhapopular.info\/index.php\/2026\/01\/24\/sicredi-integracao-rs-mg-inicia-os-encontros-de-nucleos-em-fevereiro\/","title":{"rendered":"Sicredi Integra\u00e7\u00e3o RS\/MG inicia os Encontros de N\u00facleos em fevereiro"},"content":{"rendered":"\n<p>A participa\u00e7\u00e3o dos associados nas decis\u00f5es da Sicredi Integra\u00e7\u00e3o RS \/ MG, principal caracter\u00edstica do cooperativismo, tem seu ponto alto no processo assemblear. E a edi\u00e7\u00e3o de 2026 ganha um significado maior ainda por ocorrer no ano comemorativo aos 120 anos da regional.<\/p>\n\n\n\n<p>Os Encontros de N\u00facleos, reuni\u00f5es presenciais nas quais s\u00e3o apresentados a presta\u00e7\u00e3o de contas, os principais projetos realizados e a proposta de distribui\u00e7\u00e3o de sobras, iniciam no dia 2 de fevereiro e terminam em 26 de mar\u00e7o.<\/p>\n\n\n\n<p>Eles ser\u00e3o realizados em todos os munic\u00edpios onde a cooperativa atua, tanto no Rio Grande do Sul, quanto em Minas Gerais, totalizando 26 atividades. Os encontros ser\u00e3o marcados tamb\u00e9m por uma atra\u00e7\u00e3o especial surpresa, para que os associados celebrem juntos o anivers\u00e1rio da cooperativa.<\/p>\n\n\n\n<p>No entanto, em raz\u00e3o da limita\u00e7\u00e3o de lugares nos espa\u00e7os onde as reuni\u00f5es ocorrem, ser\u00e1 necess\u00e1rio confirmar presen\u00e7a e retirar o convite na ag\u00eancia onde o associado possui sua conta.<\/p>\n\n\n\n<p>Paralelo a isso, no dia 16 de mar\u00e7o ser\u00e1 aberta a Assembleia Geral de N\u00facleos (AGN) Digital que ficar\u00e1 dispon\u00edvel para vota\u00e7\u00e3o online a todos os associados at\u00e9 31 de mar\u00e7o.<\/p>\n\n\n\n<p>J\u00e1 a Assembleia Geral Ordin\u00e1ria com os coordenadores de n\u00facleos, que neste ano ser\u00e1 tem\u00e1tica em virtude dos 120 anos, est\u00e1 agendada para 16 de abril, na sede da cooperativa em Lajeado.<\/p>\n\n\n\n<p>Neste momento, os coordenadores efetivos ser\u00e3o convocados para vota\u00e7\u00e3o e seu voto dever\u00e1 representar a decis\u00e3o da maioria dos associados do seu n\u00facleo, que votaram na AGN Digital.<\/p>\n\n\n\n<p>Em 2025, o processo assemblear contabilizou mais de 11 mil associados nos encontros presenciais e registrou cerca de 34,3 mil votantes na Assembleia Digital.<\/p>\n\n\n\n<figure class=\"wp-block-table is-style-stripes\"><table class=\"has-very-light-gray-to-cyan-bluish-gray-gradient-background has-background\"><tbody><tr><td><strong>Cronograma dos Encontros de N\u00facleos Presenciais &#8211; RS<\/strong><\/td><\/tr><tr><td>2\/2 \u2013 Marques de Souza<\/td><\/tr><tr><td>3\/2 \u2013 S\u00e9rio<\/td><\/tr><tr><td>4\/2 \u2013 Santa Clara&nbsp;do Sul<\/td><\/tr><tr><td>5\/2 \u2013 Mato Leit\u00e3o<\/td><\/tr><tr><td>9\/2 \u2013 Cruzeiro do Sul<\/td><\/tr><tr><td>10\/2 \u2013 Travesseiro<\/td><\/tr><tr><td>11\/2 \u2013 Lajeado (evento \u00fanico com os associados de todas as ag\u00eancias do munic\u00edpio)<\/td><\/tr><tr><td>12\/2 \u2013 Canudos do Vale<\/td><\/tr><tr><td>2\/3 \u2013 Forquetinha<\/td><\/tr><tr><td>3\/3 \u2013 Boqueir\u00e3o do Le\u00e3o<\/td><\/tr><tr><td>5\/3 \u2013 Progresso<\/td><\/tr><tr><td>&nbsp;<\/td><\/tr><tr><td><strong>Cronograma dos Encontros de N\u00facleos Presenciais \u2013 MG<\/strong><\/td><\/tr><tr><td>23\/2 \u2013 Conselheiro Lafaiete (evento \u00fanico)<\/td><\/tr><tr><td>24\/2 \u2013 S\u00e3o Joaquim de Bicas<\/td><\/tr><tr><td>25\/2 \u2013 Congonhas<\/td><\/tr><tr><td>9\/3 \u2013 Itabirito<\/td><\/tr><tr><td>10\/3 \u2013 Mariana<\/td><\/tr><tr><td>11\/3 \u2013 Cachoeira do Campo<\/td><\/tr><tr><td>12\/3 \u2013 Ouro Preto<\/td><\/tr><tr><td>16\/3 \u2013 Entre Rios de Minas<\/td><\/tr><tr><td>17\/3 \u2013 Jeceaba<\/td><\/tr><tr><td>18\/3 \u2013 Belo Vale<\/td><\/tr><tr><td>19\/3 \u2013 Brumadinho<\/td><\/tr><tr><td>23\/3 \u2013 Ouro Branco<\/td><\/tr><tr><td>24\/3 \u2013 Itaverava<\/td><\/tr><tr><td>25\/3 \u2013 Montes Claros (evento \u00fanico)<\/td><\/tr><tr><td>26\/3 \u2013 Bras\u00edlia de Minas<\/td><\/tr><\/tbody><\/table><\/figure>\n\n\n\n<p><\/p>\n","protected":false},"excerpt":{"rendered":"<p>A participa\u00e7\u00e3o dos associados nas decis\u00f5es da Sicredi Integra\u00e7\u00e3o RS \/ MG, principal caracter\u00edstica do cooperativismo, tem seu ponto alto no processo assemblear. E a edi\u00e7\u00e3o de 2026 ganha um significado maior ainda por ocorrer no ano comemorativo aos 120 anos da regional. Os Encontros de N\u00facleos, reuni\u00f5es presenciais nas quais s\u00e3o apresentados a presta\u00e7\u00e3o [&hellip;]<\/p>\n","protected":false},"author":8,"featured_media":202589,"comment_status":"open","ping_status":"open","sticky":false,"template":"","format":"standard","meta":{"pmpro_default_level":"","_jetpack_memberships_contains_paid_content":false,"footnotes":""},"categories":[10991],"tags":[746,20429,292,20074],"class_list":{"0":"post-202588","1":"post","2":"type-post","3":"status-publish","4":"format-standard","5":"has-post-thumbnail","7":"category-economia","8":"tag-economia","9":"tag-encontros-de-nucleos","10":"tag-sicredi","11":"tag-sicredi-integracao-rs-mg-4","12":"pmpro-has-access"},"yoast_head":"<!-- This site is optimized with the Yoast SEO plugin v27.5 - https:\/\/yoast.com\/product\/yoast-seo-wordpress\/ -->\n<title>Sicredi Integra\u00e7\u00e3o RS\/MG inicia os Encontros de N\u00facleos em fevereiro - Folha Popular<\/title>\n<meta name=\"robots\" content=\"index, follow, max-snippet:-1, max-image-preview:large, max-video-preview:-1\" \/>\n<link rel=\"canonical\" href=\"https:\/\/folhapopular.info\/index.php\/2026\/01\/24\/sicredi-integracao-rs-mg-inicia-os-encontros-de-nucleos-em-fevereiro\/\" \/>\n<meta property=\"og:locale\" content=\"pt_BR\" \/>\n<meta property=\"og:type\" content=\"article\" \/>\n<meta property=\"og:title\" content=\"Sicredi Integra\u00e7\u00e3o RS\/MG inicia os Encontros de N\u00facleos em fevereiro - Folha Popular\" \/>\n<meta property=\"og:description\" content=\"A participa\u00e7\u00e3o dos associados nas decis\u00f5es da Sicredi Integra\u00e7\u00e3o RS \/ MG, principal caracter\u00edstica do cooperativismo, tem seu ponto alto no processo assemblear. E a edi\u00e7\u00e3o de 2026 ganha um significado maior ainda por ocorrer no ano comemorativo aos 120 anos da regional. Os Encontros de N\u00facleos, reuni\u00f5es presenciais nas quais s\u00e3o apresentados a presta\u00e7\u00e3o [&hellip;]\" \/>\n<meta property=\"og:url\" content=\"https:\/\/folhapopular.info\/index.php\/2026\/01\/24\/sicredi-integracao-rs-mg-inicia-os-encontros-de-nucleos-em-fevereiro\/\" \/>\n<meta property=\"og:site_name\" content=\"Folha Popular\" \/>\n<meta property=\"article:published_time\" content=\"2026-01-24T11:43:19+00:00\" \/>\n<meta property=\"article:modified_time\" content=\"2026-01-24T11:43:22+00:00\" \/>\n<meta property=\"og:image\" content=\"https:\/\/folhapopular.info\/wp-content\/uploads\/2026\/01\/461398_1188795_assembleia_travesseiro_rs-scaled.jpg\" \/>\n\t<meta property=\"og:image:width\" content=\"2560\" \/>\n\t<meta property=\"og:image:height\" content=\"1153\" \/>\n\t<meta property=\"og:image:type\" content=\"image\/jpeg\" \/>\n<meta name=\"author\" content=\"Reda\u00e7\u00e3o Folha Popular\" \/>\n<meta name=\"twitter:card\" content=\"summary_large_image\" \/>\n<meta name=\"twitter:label1\" content=\"Escrito por\" \/>\n\t<meta name=\"twitter:data1\" content=\"Reda\u00e7\u00e3o Folha Popular\" \/>\n\t<meta name=\"twitter:label2\" content=\"Est. tempo de leitura\" \/>\n\t<meta name=\"twitter:data2\" content=\"3 minutos\" \/>\n<script type=\"application\/ld+json\" class=\"yoast-schema-graph\">{\"@context\":\"https:\\\/\\\/schema.org\",\"@graph\":[{\"@type\":\"Article\",\"@id\":\"https:\\\/\\\/folhapopular.info\\\/index.php\\\/2026\\\/01\\\/24\\\/sicredi-integracao-rs-mg-inicia-os-encontros-de-nucleos-em-fevereiro\\\/#article\",\"isPartOf\":{\"@id\":\"https:\\\/\\\/folhapopular.info\\\/index.php\\\/2026\\\/01\\\/24\\\/sicredi-integracao-rs-mg-inicia-os-encontros-de-nucleos-em-fevereiro\\\/\"},\"author\":{\"name\":\"Reda\u00e7\u00e3o Folha Popular\",\"@id\":\"https:\\\/\\\/folhapopular.info\\\/#\\\/schema\\\/person\\\/2814e8a0df7643585a9ca38bc6eb9d4b\"},\"headline\":\"Sicredi Integra\u00e7\u00e3o RS\\\/MG inicia os Encontros de N\u00facleos em fevereiro\",\"datePublished\":\"2026-01-24T11:43:19+00:00\",\"dateModified\":\"2026-01-24T11:43:22+00:00\",\"mainEntityOfPage\":{\"@id\":\"https:\\\/\\\/folhapopular.info\\\/index.php\\\/2026\\\/01\\\/24\\\/sicredi-integracao-rs-mg-inicia-os-encontros-de-nucleos-em-fevereiro\\\/\"},\"wordCount\":400,\"commentCount\":0,\"image\":{\"@id\":\"https:\\\/\\\/folhapopular.info\\\/index.php\\\/2026\\\/01\\\/24\\\/sicredi-integracao-rs-mg-inicia-os-encontros-de-nucleos-em-fevereiro\\\/#primaryimage\"},\"thumbnailUrl\":\"https:\\\/\\\/folhapopular.info\\\/wp-content\\\/uploads\\\/2026\\\/01\\\/461398_1188795_assembleia_travesseiro_rs-scaled.jpg\",\"keywords\":[\"Economia\",\"Encontros de N\u00facleos\",\"Sicredi\",\"Sicredi Integra\u00e7\u00e3o RS \\\/ MG\"],\"articleSection\":[\"Economia\"],\"inLanguage\":\"pt-BR\",\"potentialAction\":[{\"@type\":\"CommentAction\",\"name\":\"Comment\",\"target\":[\"https:\\\/\\\/folhapopular.info\\\/index.php\\\/2026\\\/01\\\/24\\\/sicredi-integracao-rs-mg-inicia-os-encontros-de-nucleos-em-fevereiro\\\/#respond\"]}]},{\"@type\":\"WebPage\",\"@id\":\"https:\\\/\\\/folhapopular.info\\\/index.php\\\/2026\\\/01\\\/24\\\/sicredi-integracao-rs-mg-inicia-os-encontros-de-nucleos-em-fevereiro\\\/\",\"url\":\"https:\\\/\\\/folhapopular.info\\\/index.php\\\/2026\\\/01\\\/24\\\/sicredi-integracao-rs-mg-inicia-os-encontros-de-nucleos-em-fevereiro\\\/\",\"name\":\"Sicredi Integra\u00e7\u00e3o RS\\\/MG inicia os Encontros de N\u00facleos em fevereiro - Folha Popular\",\"isPartOf\":{\"@id\":\"https:\\\/\\\/folhapopular.info\\\/#website\"},\"primaryImageOfPage\":{\"@id\":\"https:\\\/\\\/folhapopular.info\\\/index.php\\\/2026\\\/01\\\/24\\\/sicredi-integracao-rs-mg-inicia-os-encontros-de-nucleos-em-fevereiro\\\/#primaryimage\"},\"image\":{\"@id\":\"https:\\\/\\\/folhapopular.info\\\/index.php\\\/2026\\\/01\\\/24\\\/sicredi-integracao-rs-mg-inicia-os-encontros-de-nucleos-em-fevereiro\\\/#primaryimage\"},\"thumbnailUrl\":\"https:\\\/\\\/folhapopular.info\\\/wp-content\\\/uploads\\\/2026\\\/01\\\/461398_1188795_assembleia_travesseiro_rs-scaled.jpg\",\"datePublished\":\"2026-01-24T11:43:19+00:00\",\"dateModified\":\"2026-01-24T11:43:22+00:00\",\"author\":{\"@id\":\"https:\\\/\\\/folhapopular.info\\\/#\\\/schema\\\/person\\\/2814e8a0df7643585a9ca38bc6eb9d4b\"},\"breadcrumb\":{\"@id\":\"https:\\\/\\\/folhapopular.info\\\/index.php\\\/2026\\\/01\\\/24\\\/sicredi-integracao-rs-mg-inicia-os-encontros-de-nucleos-em-fevereiro\\\/#breadcrumb\"},\"inLanguage\":\"pt-BR\",\"potentialAction\":[{\"@type\":\"ReadAction\",\"target\":[\"https:\\\/\\\/folhapopular.info\\\/index.php\\\/2026\\\/01\\\/24\\\/sicredi-integracao-rs-mg-inicia-os-encontros-de-nucleos-em-fevereiro\\\/\"]}]},{\"@type\":\"ImageObject\",\"inLanguage\":\"pt-BR\",\"@id\":\"https:\\\/\\\/folhapopular.info\\\/index.php\\\/2026\\\/01\\\/24\\\/sicredi-integracao-rs-mg-inicia-os-encontros-de-nucleos-em-fevereiro\\\/#primaryimage\",\"url\":\"https:\\\/\\\/folhapopular.info\\\/wp-content\\\/uploads\\\/2026\\\/01\\\/461398_1188795_assembleia_travesseiro_rs-scaled.jpg\",\"contentUrl\":\"https:\\\/\\\/folhapopular.info\\\/wp-content\\\/uploads\\\/2026\\\/01\\\/461398_1188795_assembleia_travesseiro_rs-scaled.jpg\",\"width\":2560,\"height\":1153,\"caption\":\"Reuni\u00f5es presenciais ter\u00e3o presta\u00e7\u00e3o de contas e apresenta\u00e7\u00e3o de projetos - Cr\u00e9dito: Divulga\u00e7\u00e3o\"},{\"@type\":\"BreadcrumbList\",\"@id\":\"https:\\\/\\\/folhapopular.info\\\/index.php\\\/2026\\\/01\\\/24\\\/sicredi-integracao-rs-mg-inicia-os-encontros-de-nucleos-em-fevereiro\\\/#breadcrumb\",\"itemListElement\":[{\"@type\":\"ListItem\",\"position\":1,\"name\":\"In\u00edcio\",\"item\":\"https:\\\/\\\/folhapopular.info\\\/\"},{\"@type\":\"ListItem\",\"position\":2,\"name\":\"Sicredi Integra\u00e7\u00e3o RS\\\/MG inicia os Encontros de N\u00facleos em fevereiro\"}]},{\"@type\":\"WebSite\",\"@id\":\"https:\\\/\\\/folhapopular.info\\\/#website\",\"url\":\"https:\\\/\\\/folhapopular.info\\\/\",\"name\":\"Folha Popular\",\"description\":\"Onde voc\u00ea tem vez e voz\",\"potentialAction\":[{\"@type\":\"SearchAction\",\"target\":{\"@type\":\"EntryPoint\",\"urlTemplate\":\"https:\\\/\\\/folhapopular.info\\\/?s={search_term_string}\"},\"query-input\":{\"@type\":\"PropertyValueSpecification\",\"valueRequired\":true,\"valueName\":\"search_term_string\"}}],\"inLanguage\":\"pt-BR\"},{\"@type\":\"Person\",\"@id\":\"https:\\\/\\\/folhapopular.info\\\/#\\\/schema\\\/person\\\/2814e8a0df7643585a9ca38bc6eb9d4b\",\"name\":\"Reda\u00e7\u00e3o Folha Popular\",\"image\":{\"@type\":\"ImageObject\",\"inLanguage\":\"pt-BR\",\"@id\":\"https:\\\/\\\/folhapopular.info\\\/wp-content\\\/uploads\\\/2026\\\/04\\\/Folha-1.webp\",\"url\":\"https:\\\/\\\/folhapopular.info\\\/wp-content\\\/uploads\\\/2026\\\/04\\\/Folha-1.webp\",\"contentUrl\":\"https:\\\/\\\/folhapopular.info\\\/wp-content\\\/uploads\\\/2026\\\/04\\\/Folha-1.webp\",\"caption\":\"Reda\u00e7\u00e3o Folha Popular\"},\"url\":\"https:\\\/\\\/folhapopular.info\\\/index.php\\\/author\\\/redacao\\\/\"}]}<\/script>\n<!-- \/ Yoast SEO plugin. -->","yoast_head_json":{"title":"Sicredi Integra\u00e7\u00e3o RS\/MG inicia os Encontros de N\u00facleos em fevereiro - Folha Popular","robots":{"index":"index","follow":"follow","max-snippet":"max-snippet:-1","max-image-preview":"max-image-preview:large","max-video-preview":"max-video-preview:-1"},"canonical":"https:\/\/folhapopular.info\/index.php\/2026\/01\/24\/sicredi-integracao-rs-mg-inicia-os-encontros-de-nucleos-em-fevereiro\/","og_locale":"pt_BR","og_type":"article","og_title":"Sicredi Integra\u00e7\u00e3o RS\/MG inicia os Encontros de N\u00facleos em fevereiro - Folha Popular","og_description":"A participa\u00e7\u00e3o dos associados nas decis\u00f5es da Sicredi Integra\u00e7\u00e3o RS \/ MG, principal caracter\u00edstica do cooperativismo, tem seu ponto alto no processo assemblear. E a edi\u00e7\u00e3o de 2026 ganha um significado maior ainda por ocorrer no ano comemorativo aos 120 anos da regional. Os Encontros de N\u00facleos, reuni\u00f5es presenciais nas quais s\u00e3o apresentados a presta\u00e7\u00e3o [&hellip;]","og_url":"https:\/\/folhapopular.info\/index.php\/2026\/01\/24\/sicredi-integracao-rs-mg-inicia-os-encontros-de-nucleos-em-fevereiro\/","og_site_name":"Folha Popular","article_published_time":"2026-01-24T11:43:19+00:00","article_modified_time":"2026-01-24T11:43:22+00:00","og_image":[{"width":2560,"height":1153,"url":"https:\/\/folhapopular.info\/wp-content\/uploads\/2026\/01\/461398_1188795_assembleia_travesseiro_rs-scaled.jpg","type":"image\/jpeg"}],"author":"Reda\u00e7\u00e3o Folha Popular","twitter_card":"summary_large_image","twitter_misc":{"Escrito por":"Reda\u00e7\u00e3o Folha Popular","Est. tempo de leitura":"3 minutos"},"schema":{"@context":"https:\/\/schema.org","@graph":[{"@type":"Article","@id":"https:\/\/folhapopular.info\/index.php\/2026\/01\/24\/sicredi-integracao-rs-mg-inicia-os-encontros-de-nucleos-em-fevereiro\/#article","isPartOf":{"@id":"https:\/\/folhapopular.info\/index.php\/2026\/01\/24\/sicredi-integracao-rs-mg-inicia-os-encontros-de-nucleos-em-fevereiro\/"},"author":{"name":"Reda\u00e7\u00e3o Folha Popular","@id":"https:\/\/folhapopular.info\/#\/schema\/person\/2814e8a0df7643585a9ca38bc6eb9d4b"},"headline":"Sicredi Integra\u00e7\u00e3o RS\/MG inicia os Encontros de N\u00facleos em fevereiro","datePublished":"2026-01-24T11:43:19+00:00","dateModified":"2026-01-24T11:43:22+00:00","mainEntityOfPage":{"@id":"https:\/\/folhapopular.info\/index.php\/2026\/01\/24\/sicredi-integracao-rs-mg-inicia-os-encontros-de-nucleos-em-fevereiro\/"},"wordCount":400,"commentCount":0,"image":{"@id":"https:\/\/folhapopular.info\/index.php\/2026\/01\/24\/sicredi-integracao-rs-mg-inicia-os-encontros-de-nucleos-em-fevereiro\/#primaryimage"},"thumbnailUrl":"https:\/\/folhapopular.info\/wp-content\/uploads\/2026\/01\/461398_1188795_assembleia_travesseiro_rs-scaled.jpg","keywords":["Economia","Encontros de N\u00facleos","Sicredi","Sicredi Integra\u00e7\u00e3o RS \/ MG"],"articleSection":["Economia"],"inLanguage":"pt-BR","potentialAction":[{"@type":"CommentAction","name":"Comment","target":["https:\/\/folhapopular.info\/index.php\/2026\/01\/24\/sicredi-integracao-rs-mg-inicia-os-encontros-de-nucleos-em-fevereiro\/#respond"]}]},{"@type":"WebPage","@id":"https:\/\/folhapopular.info\/index.php\/2026\/01\/24\/sicredi-integracao-rs-mg-inicia-os-encontros-de-nucleos-em-fevereiro\/","url":"https:\/\/folhapopular.info\/index.php\/2026\/01\/24\/sicredi-integracao-rs-mg-inicia-os-encontros-de-nucleos-em-fevereiro\/","name":"Sicredi Integra\u00e7\u00e3o RS\/MG inicia os Encontros de N\u00facleos em fevereiro - Folha Popular","isPartOf":{"@id":"https:\/\/folhapopular.info\/#website"},"primaryImageOfPage":{"@id":"https:\/\/folhapopular.info\/index.php\/2026\/01\/24\/sicredi-integracao-rs-mg-inicia-os-encontros-de-nucleos-em-fevereiro\/#primaryimage"},"image":{"@id":"https:\/\/folhapopular.info\/index.php\/2026\/01\/24\/sicredi-integracao-rs-mg-inicia-os-encontros-de-nucleos-em-fevereiro\/#primaryimage"},"thumbnailUrl":"https:\/\/folhapopular.info\/wp-content\/uploads\/2026\/01\/461398_1188795_assembleia_travesseiro_rs-scaled.jpg","datePublished":"2026-01-24T11:43:19+00:00","dateModified":"2026-01-24T11:43:22+00:00","author":{"@id":"https:\/\/folhapopular.info\/#\/schema\/person\/2814e8a0df7643585a9ca38bc6eb9d4b"},"breadcrumb":{"@id":"https:\/\/folhapopular.info\/index.php\/2026\/01\/24\/sicredi-integracao-rs-mg-inicia-os-encontros-de-nucleos-em-fevereiro\/#breadcrumb"},"inLanguage":"pt-BR","potentialAction":[{"@type":"ReadAction","target":["https:\/\/folhapopular.info\/index.php\/2026\/01\/24\/sicredi-integracao-rs-mg-inicia-os-encontros-de-nucleos-em-fevereiro\/"]}]},{"@type":"ImageObject","inLanguage":"pt-BR","@id":"https:\/\/folhapopular.info\/index.php\/2026\/01\/24\/sicredi-integracao-rs-mg-inicia-os-encontros-de-nucleos-em-fevereiro\/#primaryimage","url":"https:\/\/folhapopular.info\/wp-content\/uploads\/2026\/01\/461398_1188795_assembleia_travesseiro_rs-scaled.jpg","contentUrl":"https:\/\/folhapopular.info\/wp-content\/uploads\/2026\/01\/461398_1188795_assembleia_travesseiro_rs-scaled.jpg","width":2560,"height":1153,"caption":"Reuni\u00f5es presenciais ter\u00e3o presta\u00e7\u00e3o de contas e apresenta\u00e7\u00e3o de projetos - Cr\u00e9dito: Divulga\u00e7\u00e3o"},{"@type":"BreadcrumbList","@id":"https:\/\/folhapopular.info\/index.php\/2026\/01\/24\/sicredi-integracao-rs-mg-inicia-os-encontros-de-nucleos-em-fevereiro\/#breadcrumb","itemListElement":[{"@type":"ListItem","position":1,"name":"In\u00edcio","item":"https:\/\/folhapopular.info\/"},{"@type":"ListItem","position":2,"name":"Sicredi Integra\u00e7\u00e3o RS\/MG inicia os Encontros de N\u00facleos em fevereiro"}]},{"@type":"WebSite","@id":"https:\/\/folhapopular.info\/#website","url":"https:\/\/folhapopular.info\/","name":"Folha Popular","description":"Onde voc\u00ea tem vez e voz","potentialAction":[{"@type":"SearchAction","target":{"@type":"EntryPoint","urlTemplate":"https:\/\/folhapopular.info\/?s={search_term_string}"},"query-input":{"@type":"PropertyValueSpecification","valueRequired":true,"valueName":"search_term_string"}}],"inLanguage":"pt-BR"},{"@type":"Person","@id":"https:\/\/folhapopular.info\/#\/schema\/person\/2814e8a0df7643585a9ca38bc6eb9d4b","name":"Reda\u00e7\u00e3o Folha Popular","image":{"@type":"ImageObject","inLanguage":"pt-BR","@id":"https:\/\/folhapopular.info\/wp-content\/uploads\/2026\/04\/Folha-1.webp","url":"https:\/\/folhapopular.info\/wp-content\/uploads\/2026\/04\/Folha-1.webp","contentUrl":"https:\/\/folhapopular.info\/wp-content\/uploads\/2026\/04\/Folha-1.webp","caption":"Reda\u00e7\u00e3o Folha Popular"},"url":"https:\/\/folhapopular.info\/index.php\/author\/redacao\/"}]}},"jetpack_featured_media_url":"https:\/\/folhapopular.info\/wp-content\/uploads\/2026\/01\/461398_1188795_assembleia_travesseiro_rs-scaled.jpg","jetpack_sharing_enabled":true,"amp_enabled":true,"_links":{"self":[{"href":"https:\/\/folhapopular.info\/index.php\/wp-json\/wp\/v2\/posts\/202588","targetHints":{"allow":["GET"]}}],"collection":[{"href":"https:\/\/folhapopular.info\/index.php\/wp-json\/wp\/v2\/posts"}],"about":[{"href":"https:\/\/folhapopular.info\/index.php\/wp-json\/wp\/v2\/types\/post"}],"author":[{"embeddable":true,"href":"https:\/\/folhapopular.info\/index.php\/wp-json\/wp\/v2\/users\/8"}],"replies":[{"embeddable":true,"href":"https:\/\/folhapopular.info\/index.php\/wp-json\/wp\/v2\/comments?post=202588"}],"version-history":[{"count":0,"href":"https:\/\/folhapopular.info\/index.php\/wp-json\/wp\/v2\/posts\/202588\/revisions"}],"wp:featuredmedia":[{"embeddable":true,"href":"https:\/\/folhapopular.info\/index.php\/wp-json\/wp\/v2\/media\/202589"}],"wp:attachment":[{"href":"https:\/\/folhapopular.info\/index.php\/wp-json\/wp\/v2\/media?parent=202588"}],"wp:term":[{"taxonomy":"category","embeddable":true,"href":"https:\/\/folhapopular.info\/index.php\/wp-json\/wp\/v2\/categories?post=202588"},{"taxonomy":"post_tag","embeddable":true,"href":"https:\/\/folhapopular.info\/index.php\/wp-json\/wp\/v2\/tags?post=202588"}],"curies":[{"name":"wp","href":"https:\/\/api.w.org\/{rel}","templated":true}]}}