{"id":202636,"date":"2026-01-24T10:34:24","date_gmt":"2026-01-24T13:34:24","guid":{"rendered":"https:\/\/folhapopular.info\/?p=202636"},"modified":"2026-01-24T10:38:54","modified_gmt":"2026-01-24T13:38:54","slug":"brasileiros-encaram-ufc-324-neste-sabado","status":"publish","type":"post","link":"https:\/\/folhapopular.info\/index.php\/2026\/01\/24\/brasileiros-encaram-ufc-324-neste-sabado\/","title":{"rendered":"Brasileiros encaram UFC 324 neste s\u00e1bado"},"content":{"rendered":"\n<p>Ap\u00f3s tr\u00eas fins de semana sem eventos, o UFC volta em grande estilo. O UFC 324 ser\u00e1 neste s\u00e1bado (24\/1) e abre o calend\u00e1rio da organiza\u00e7\u00e3o em 2026. O evento re\u00fane lutas de alto impacto, nomes consagrados e, sobretudo, brasileiros com reais chances de protagonismo.<\/p>\n\n\n\n<p>Embora o duelo principal traga a disputa do cintur\u00e3o interino dos leves entre Justin Gaethje e Paddy Pimblett, o <em>card<\/em> reserva aten\u00e7\u00e3o especial aos atletas do Brasil, que entram no oct\u00f3gono em confrontos capazes de redefinir rumos de carreira e aproximar o pa\u00eds, mais uma vez, do topo do UFC.<\/p>\n\n\n\n<p>O UFC 324 carrega um simbolismo especial para o Brasil. Em meio a um <em>card<\/em> estrelado, Jean Silva, Nat\u00e1lia Silva e Deiveson Figueiredo entram em a\u00e7\u00e3o com lutas que valem espa\u00e7o, respeito e, principalmente, aproxima\u00e7\u00e3o de disputas por cintur\u00e3o.<\/p>\n\n\n\n<h2 class=\"wp-block-heading\"><strong>Jean Silva busca consolida\u00e7\u00e3o entre os grandes<\/strong><\/h2>\n\n\n\n<p>Silva chega pressionado, mas motivado. Depois de ficar pr\u00f3ximo de uma disputa de t\u00edtulo e ser superado por Diego Lopes &#8211; hoje desafiante direto de Alexander Volkanovski &#8211; o brasileiro recebe uma nova chance de ouro. O duelo contra um dos nomes mais s\u00f3lidos da categoria dos penas, Arnold Allen, \u00e9 daqueles que funcionam como divisor de \u00e1guas.<\/p>\n\n\n\n<p>Allen \u00e9 experiente, t\u00e9cnico e raramente comete erros. Para Jean, vencer significa romper a barreira entre promessa e realidade. Um triunfo o recoloca no radar do UFC como poss\u00edvel candidato ao cintur\u00e3o e refor\u00e7a sua posi\u00e7\u00e3o entre a elite da divis\u00e3o.<\/p>\n\n\n\n<h2 class=\"wp-block-heading\"><strong>Nat\u00e1lia Silva encara teste de fogo contra Namajunas<\/strong><\/h2>\n\n\n\n<p>No feminino, os holofotes se voltam para Nat\u00e1lia Silva, que enfrenta ningu\u00e9m menos que Rose Namajunas, ex-campe\u00e3 e uma das lutadoras mais respeitadas do MMA moderno.<\/p>\n\n\n\n<p>Para Nat\u00e1lia, trata-se da chance de provar que est\u00e1 pronta para voos maiores e, principalmente, de se consolidar como desafiante real ao cintur\u00e3o hoje dominado por Valentina Shevchenko. Vencer uma atleta do calibre de Rose muda status, percep\u00e7\u00f5es e, inevitavelmente, os planos da organiza\u00e7\u00e3o.<\/p>\n\n\n\n<p>\u00c9 o tipo de luta que testa maturidade, frieza e capacidade de crescer sob press\u00e3o &#8211; exatamente o que se espera de quem sonha com o topo.<\/p>\n\n\n\n<h2 class=\"wp-block-heading\"><strong>Deiveson Figueiredo em duelo de gera\u00e7\u00f5es<\/strong><\/h2>\n\n\n\n<p>Ainda nas lutas preliminares, mas com clima de decis\u00e3o, Deiveson Figueiredo enfrenta Umar Nurmagomedov, primo de Khabib e um dos nomes mais promissores da divis\u00e3o dos galos.<\/p>\n\n\n\n<p>Deiveson carrega no curr\u00edculo t\u00edtulos, guerras memor\u00e1veis e experi\u00eancia de sobra. Do outro lado, Umar representa a nova gera\u00e7\u00e3o: t\u00e9cnico, estrat\u00e9gico e com o grappling como principal arma.<\/p>\n\n\n\n<p>O confronto simboliza o choque entre a bagagem de um ex-campe\u00e3o e a ascens\u00e3o de um atleta que quer encurtar o caminho at\u00e9 o topo.<\/p>\n\n\n\n<p>Para o Brasil, \u00e9 uma luta-chave. Uma vit\u00f3ria de Figueiredo mostra que ainda h\u00e1 espa\u00e7o para o veterano entre os melhores do mundo.<\/p>\n\n\n\n<p>Na pesagem mais recente para o UFC 324, Deiveson Figueiredo pesou 62,8 quilos (138,5 libras), peso acima do limite da categoria peso-galo de 61 quilogramas. A luta prosseguiu em peso casado e ele foi multado em 25% de sua bolsa.<\/p>\n\n\n\n<h2 class=\"wp-block-heading\"><strong>Cintur\u00e3o interino e o caminho at\u00e9 Topuria<\/strong><\/h2>\n\n\n\n<p>No evento principal, Justin Gaethje e Paddy Pimblett disputam o cintur\u00e3o interino dos leves e, de quebra, o direito de enfrentar o invicto Ilia Topuria.<\/p>\n\n\n\n<p>O confronto \u00e9 um cl\u00e1ssico de estilos. Gaethje representa a viol\u00eancia controlada, o poder de nocaute e a experi\u00eancia de quem j\u00e1 esteve no topo. Pimblett, por sua vez, chega embalado pela popularidade e pela efici\u00eancia no jogo de ch\u00e3o, na busca de provar que seu sucesso vai al\u00e9m do carisma.<\/p>\n\n\n\n<p>O americano, conhecido como \u201c<em>The Highlight<\/em>\u201d, n\u00e3o esconde a confian\u00e7a. Em entrevistas recentes, prometeu impor seu ritmo, explorar sua troca\u00e7\u00e3o e usar a experi\u00eancia para neutralizar o jogo do brit\u00e2nico. Para ele, o pr\u00f3prio legado &#8211; e possivelmente sua \u00faltima grande corrida rumo ao t\u00edtulo linear &#8211; est\u00e1 em jogo<\/p>\n\n\n\n<h2 class=\"wp-block-heading\"><strong>Evento com cara de recome\u00e7o<\/strong><\/h2>\n\n\n\n<p>O UFC 324 pode ser considerado o in\u00edcio de um novo ciclo para a organiza\u00e7\u00e3o. Novo acordo de transmiss\u00e3o, <em>card<\/em> recheado de nomes fortes e lutas que podem mexer com categorias.<\/p>\n\n\n\n<p>Para o Brasil, a noite carrega expectativa e esperan\u00e7a. Jean Silva, Nat\u00e1lia Silva e Deiveson Figueiredo entram no oct\u00f3gono n\u00e3o apenas para vencer, mas para recolocar o pa\u00eds em posi\u00e7\u00e3o de protagonismo no cen\u00e1rio mundial.<\/p>\n\n\n\n<p>Se os resultados forem positivos, o s\u00e1bado pode marcar o in\u00edcio de um ano hist\u00f3rico para o MMA brasileiro &#8211; com novos candidatos a cintur\u00e3o e a certeza de que o Brasil segue muito vivo na elite do esporte.<\/p>\n\n\n\n<figure class=\"wp-block-table is-style-stripes\"><table class=\"has-light-green-cyan-to-vivid-green-cyan-gradient-background has-background\"><tbody><tr><td colspan=\"5\"><strong>UFC 324<\/strong><\/td><\/tr><tr><td colspan=\"5\"><strong>Card Principal &#8211; 23 horas<\/strong><\/td><\/tr><tr><td>Cintur\u00e3o interino peso-leve: Justin Gaethje x Paddy Pimblett<\/td><td><\/td><td><\/td><td><\/td><td><\/td><\/tr><tr><td>Peso-galo: Sean O&#8217;Malley x Song Yadong<\/td><td><\/td><td><\/td><td><\/td><td><\/td><\/tr><tr><td>Peso-pesado: Waldo Cortes Acosta x Derrick Lewis<\/td><td><\/td><td><\/td><td><\/td><td><\/td><\/tr><tr><td>Peso-mosca: <strong>Nat\u00e1lia Silva<\/strong> x Rose Namajunas<\/td><td><\/td><td><\/td><td><\/td><td><\/td><\/tr><tr><td>Peso-pena: Arnold Allen x <strong>Jean Silva<\/strong><\/td><td><\/td><td><\/td><td><\/td><td><\/td><\/tr><tr><td colspan=\"5\"><strong>Card Preliminar &#8211; 19 horas<\/strong><\/td><\/tr><tr><td>Peso-galo: Umar Nurmagomedov x <strong>Deiveson Figueiredo<\/strong><\/td><td><\/td><td><\/td><td><\/td><td><\/td><\/tr><tr><td>Peso-m\u00e9dio: Ateba Gautier x Andrey Pulyaev<\/td><td><\/td><td><\/td><td><\/td><td><\/td><\/tr><tr><td>Peso meio-pesado: Nikita Krylov x Modestas Bukauskas <\/td><td><\/td><td><\/td><td><\/td><td><\/td><\/tr><tr><td>Peso-mosca: Alex Perez x Charles Johnson<\/td><td><\/td><td><\/td><td><\/td><td><\/td><\/tr><tr><td>Peso-leve: Michael Johnson x Alexander Hernandez<\/td><td><\/td><td><\/td><td><\/td><td><\/td><\/tr><tr><td>Peso-pesado: Josh Hokit x Denzel Freeman<\/td><td><\/td><td><\/td><td><\/td><td><\/td><\/tr><tr><td>Peso-galo: Ricky Turcios x Cameron Smotherman &#8211; CANCELADA<\/td><td><\/td><td><\/td><td><\/td><td><\/td><\/tr><tr><td>Peso meio-m\u00e9dio: Adam Fugitt x Ty Miller<\/td><td><\/td><td><\/td><td><\/td><td><\/td><\/tr><\/tbody><\/table><\/figure>\n","protected":false},"excerpt":{"rendered":"<p>Ap\u00f3s tr\u00eas fins de semana sem eventos, o UFC volta em grande estilo. O UFC 324 ser\u00e1 neste s\u00e1bado (24\/1) e abre o calend\u00e1rio da organiza\u00e7\u00e3o em 2026. O evento re\u00fane lutas de alto impacto, nomes consagrados e, sobretudo, brasileiros com reais chances de protagonismo. Embora o duelo principal traga a disputa do cintur\u00e3o interino [&hellip;]<\/p>\n","protected":false},"author":732,"featured_media":202655,"comment_status":"open","ping_status":"open","sticky":false,"template":"","format":"standard","meta":{"pmpro_default_level":"","_jetpack_memberships_contains_paid_content":false,"footnotes":""},"categories":[18195,5],"tags":[9681,14137,20439,20438,20440,20437],"class_list":{"0":"post-202636","1":"post","2":"type-post","3":"status-publish","4":"format-standard","5":"has-post-thumbnail","7":"category-artes-marciais","8":"category-esportes","9":"tag-artes-marciais","10":"tag-brasileiros","11":"tag-deivison-figueiredo","12":"tag-jean-silva","13":"tag-natalia-silva","14":"tag-ufc-324","15":"pmpro-has-access"},"yoast_head":"<!-- This site is optimized with the Yoast SEO plugin v27.5 - https:\/\/yoast.com\/product\/yoast-seo-wordpress\/ -->\n<title>Brasileiros encaram UFC 324 neste s\u00e1bado - Folha Popular<\/title>\n<meta name=\"robots\" content=\"index, follow, max-snippet:-1, max-image-preview:large, max-video-preview:-1\" \/>\n<link rel=\"canonical\" href=\"https:\/\/folhapopular.info\/index.php\/2026\/01\/24\/brasileiros-encaram-ufc-324-neste-sabado\/\" \/>\n<meta property=\"og:locale\" content=\"pt_BR\" \/>\n<meta property=\"og:type\" content=\"article\" \/>\n<meta property=\"og:title\" content=\"Brasileiros encaram UFC 324 neste s\u00e1bado - Folha Popular\" \/>\n<meta property=\"og:description\" content=\"Ap\u00f3s tr\u00eas fins de semana sem eventos, o UFC volta em grande estilo. O UFC 324 ser\u00e1 neste s\u00e1bado (24\/1) e abre o calend\u00e1rio da organiza\u00e7\u00e3o em 2026. O evento re\u00fane lutas de alto impacto, nomes consagrados e, sobretudo, brasileiros com reais chances de protagonismo. Embora o duelo principal traga a disputa do cintur\u00e3o interino [&hellip;]\" \/>\n<meta property=\"og:url\" content=\"https:\/\/folhapopular.info\/index.php\/2026\/01\/24\/brasileiros-encaram-ufc-324-neste-sabado\/\" \/>\n<meta property=\"og:site_name\" content=\"Folha Popular\" \/>\n<meta property=\"article:author\" content=\"https:\/\/www.facebook.com\/luis.huppes\/\" \/>\n<meta property=\"article:published_time\" content=\"2026-01-24T13:34:24+00:00\" \/>\n<meta property=\"article:modified_time\" content=\"2026-01-24T13:38:54+00:00\" \/>\n<meta property=\"og:image\" content=\"https:\/\/folhapopular.info\/wp-content\/uploads\/2026\/01\/Design-sem-nome-71.png\" \/>\n\t<meta property=\"og:image:width\" content=\"1200\" \/>\n\t<meta property=\"og:image:height\" content=\"675\" \/>\n\t<meta property=\"og:image:type\" content=\"image\/png\" \/>\n<meta name=\"author\" content=\"Luis Augusto Huppes\" \/>\n<meta name=\"twitter:card\" content=\"summary_large_image\" \/>\n<meta name=\"twitter:label1\" content=\"Escrito por\" \/>\n\t<meta name=\"twitter:data1\" content=\"Luis Augusto Huppes\" \/>\n\t<meta name=\"twitter:label2\" content=\"Est. tempo de leitura\" \/>\n\t<meta name=\"twitter:data2\" content=\"5 minutos\" \/>\n<script type=\"application\/ld+json\" class=\"yoast-schema-graph\">{\"@context\":\"https:\\\/\\\/schema.org\",\"@graph\":[{\"@type\":\"Article\",\"@id\":\"https:\\\/\\\/folhapopular.info\\\/index.php\\\/2026\\\/01\\\/24\\\/brasileiros-encaram-ufc-324-neste-sabado\\\/#article\",\"isPartOf\":{\"@id\":\"https:\\\/\\\/folhapopular.info\\\/index.php\\\/2026\\\/01\\\/24\\\/brasileiros-encaram-ufc-324-neste-sabado\\\/\"},\"author\":{\"name\":\"Luis Augusto Huppes\",\"@id\":\"https:\\\/\\\/folhapopular.info\\\/#\\\/schema\\\/person\\\/e852c327371714676d02e58cf917fd9f\"},\"headline\":\"Brasileiros encaram UFC 324 neste s\u00e1bado\",\"datePublished\":\"2026-01-24T13:34:24+00:00\",\"dateModified\":\"2026-01-24T13:38:54+00:00\",\"mainEntityOfPage\":{\"@id\":\"https:\\\/\\\/folhapopular.info\\\/index.php\\\/2026\\\/01\\\/24\\\/brasileiros-encaram-ufc-324-neste-sabado\\\/\"},\"wordCount\":904,\"commentCount\":0,\"image\":{\"@id\":\"https:\\\/\\\/folhapopular.info\\\/index.php\\\/2026\\\/01\\\/24\\\/brasileiros-encaram-ufc-324-neste-sabado\\\/#primaryimage\"},\"thumbnailUrl\":\"https:\\\/\\\/folhapopular.info\\\/wp-content\\\/uploads\\\/2026\\\/01\\\/Design-sem-nome-71.png\",\"keywords\":[\"Artes Marciais\",\"brasileiros\",\"Deivison Figueiredo\",\"Jean Silva\",\"Nat\u00e1lia Silva\",\"UFC 324\"],\"articleSection\":[\"Artes Marciais\",\"Esportes\"],\"inLanguage\":\"pt-BR\",\"potentialAction\":[{\"@type\":\"CommentAction\",\"name\":\"Comment\",\"target\":[\"https:\\\/\\\/folhapopular.info\\\/index.php\\\/2026\\\/01\\\/24\\\/brasileiros-encaram-ufc-324-neste-sabado\\\/#respond\"]}]},{\"@type\":\"WebPage\",\"@id\":\"https:\\\/\\\/folhapopular.info\\\/index.php\\\/2026\\\/01\\\/24\\\/brasileiros-encaram-ufc-324-neste-sabado\\\/\",\"url\":\"https:\\\/\\\/folhapopular.info\\\/index.php\\\/2026\\\/01\\\/24\\\/brasileiros-encaram-ufc-324-neste-sabado\\\/\",\"name\":\"Brasileiros encaram UFC 324 neste s\u00e1bado - Folha Popular\",\"isPartOf\":{\"@id\":\"https:\\\/\\\/folhapopular.info\\\/#website\"},\"primaryImageOfPage\":{\"@id\":\"https:\\\/\\\/folhapopular.info\\\/index.php\\\/2026\\\/01\\\/24\\\/brasileiros-encaram-ufc-324-neste-sabado\\\/#primaryimage\"},\"image\":{\"@id\":\"https:\\\/\\\/folhapopular.info\\\/index.php\\\/2026\\\/01\\\/24\\\/brasileiros-encaram-ufc-324-neste-sabado\\\/#primaryimage\"},\"thumbnailUrl\":\"https:\\\/\\\/folhapopular.info\\\/wp-content\\\/uploads\\\/2026\\\/01\\\/Design-sem-nome-71.png\",\"datePublished\":\"2026-01-24T13:34:24+00:00\",\"dateModified\":\"2026-01-24T13:38:54+00:00\",\"author\":{\"@id\":\"https:\\\/\\\/folhapopular.info\\\/#\\\/schema\\\/person\\\/e852c327371714676d02e58cf917fd9f\"},\"breadcrumb\":{\"@id\":\"https:\\\/\\\/folhapopular.info\\\/index.php\\\/2026\\\/01\\\/24\\\/brasileiros-encaram-ufc-324-neste-sabado\\\/#breadcrumb\"},\"inLanguage\":\"pt-BR\",\"potentialAction\":[{\"@type\":\"ReadAction\",\"target\":[\"https:\\\/\\\/folhapopular.info\\\/index.php\\\/2026\\\/01\\\/24\\\/brasileiros-encaram-ufc-324-neste-sabado\\\/\"]}]},{\"@type\":\"ImageObject\",\"inLanguage\":\"pt-BR\",\"@id\":\"https:\\\/\\\/folhapopular.info\\\/index.php\\\/2026\\\/01\\\/24\\\/brasileiros-encaram-ufc-324-neste-sabado\\\/#primaryimage\",\"url\":\"https:\\\/\\\/folhapopular.info\\\/wp-content\\\/uploads\\\/2026\\\/01\\\/Design-sem-nome-71.png\",\"contentUrl\":\"https:\\\/\\\/folhapopular.info\\\/wp-content\\\/uploads\\\/2026\\\/01\\\/Design-sem-nome-71.png\",\"width\":1200,\"height\":675,\"caption\":\"Jean Silva, Nat\u00e1lia Silva e Deiveson Figueiredo entram no oct\u00f3gono - Cr\u00e9dito: UFC \\\/ Divulga\u00e7\u00e3o\"},{\"@type\":\"BreadcrumbList\",\"@id\":\"https:\\\/\\\/folhapopular.info\\\/index.php\\\/2026\\\/01\\\/24\\\/brasileiros-encaram-ufc-324-neste-sabado\\\/#breadcrumb\",\"itemListElement\":[{\"@type\":\"ListItem\",\"position\":1,\"name\":\"In\u00edcio\",\"item\":\"https:\\\/\\\/folhapopular.info\\\/\"},{\"@type\":\"ListItem\",\"position\":2,\"name\":\"Brasileiros encaram UFC 324 neste s\u00e1bado\"}]},{\"@type\":\"WebSite\",\"@id\":\"https:\\\/\\\/folhapopular.info\\\/#website\",\"url\":\"https:\\\/\\\/folhapopular.info\\\/\",\"name\":\"Folha Popular\",\"description\":\"Onde voc\u00ea tem vez e voz\",\"potentialAction\":[{\"@type\":\"SearchAction\",\"target\":{\"@type\":\"EntryPoint\",\"urlTemplate\":\"https:\\\/\\\/folhapopular.info\\\/?s={search_term_string}\"},\"query-input\":{\"@type\":\"PropertyValueSpecification\",\"valueRequired\":true,\"valueName\":\"search_term_string\"}}],\"inLanguage\":\"pt-BR\"},{\"@type\":\"Person\",\"@id\":\"https:\\\/\\\/folhapopular.info\\\/#\\\/schema\\\/person\\\/e852c327371714676d02e58cf917fd9f\",\"name\":\"Luis Augusto Huppes\",\"image\":{\"@type\":\"ImageObject\",\"inLanguage\":\"pt-BR\",\"@id\":\"https:\\\/\\\/folhapopular.info\\\/wp-content\\\/uploads\\\/2026\\\/04\\\/Luis-Augusto-Huppes-1-1.webp\",\"url\":\"https:\\\/\\\/folhapopular.info\\\/wp-content\\\/uploads\\\/2026\\\/04\\\/Luis-Augusto-Huppes-1-1.webp\",\"contentUrl\":\"https:\\\/\\\/folhapopular.info\\\/wp-content\\\/uploads\\\/2026\\\/04\\\/Luis-Augusto-Huppes-1-1.webp\",\"caption\":\"Luis Augusto Huppes\"},\"sameAs\":[\"https:\\\/\\\/www.facebook.com\\\/luis.huppes\\\/\",\"https:\\\/\\\/www.instagram.com\\\/luis.huppes\\\/\",\"https:\\\/\\\/www.linkedin.com\\\/in\\\/luis-augusto-huppes-2554b52b7\\\/\"],\"url\":\"https:\\\/\\\/folhapopular.info\\\/index.php\\\/author\\\/luis-augusto-huppes\\\/\"}]}<\/script>\n<!-- \/ Yoast SEO plugin. -->","yoast_head_json":{"title":"Brasileiros encaram UFC 324 neste s\u00e1bado - Folha Popular","robots":{"index":"index","follow":"follow","max-snippet":"max-snippet:-1","max-image-preview":"max-image-preview:large","max-video-preview":"max-video-preview:-1"},"canonical":"https:\/\/folhapopular.info\/index.php\/2026\/01\/24\/brasileiros-encaram-ufc-324-neste-sabado\/","og_locale":"pt_BR","og_type":"article","og_title":"Brasileiros encaram UFC 324 neste s\u00e1bado - Folha Popular","og_description":"Ap\u00f3s tr\u00eas fins de semana sem eventos, o UFC volta em grande estilo. O UFC 324 ser\u00e1 neste s\u00e1bado (24\/1) e abre o calend\u00e1rio da organiza\u00e7\u00e3o em 2026. O evento re\u00fane lutas de alto impacto, nomes consagrados e, sobretudo, brasileiros com reais chances de protagonismo. Embora o duelo principal traga a disputa do cintur\u00e3o interino [&hellip;]","og_url":"https:\/\/folhapopular.info\/index.php\/2026\/01\/24\/brasileiros-encaram-ufc-324-neste-sabado\/","og_site_name":"Folha Popular","article_author":"https:\/\/www.facebook.com\/luis.huppes\/","article_published_time":"2026-01-24T13:34:24+00:00","article_modified_time":"2026-01-24T13:38:54+00:00","og_image":[{"width":1200,"height":675,"url":"https:\/\/folhapopular.info\/wp-content\/uploads\/2026\/01\/Design-sem-nome-71.png","type":"image\/png"}],"author":"Luis Augusto Huppes","twitter_card":"summary_large_image","twitter_misc":{"Escrito por":"Luis Augusto Huppes","Est. tempo de leitura":"5 minutos"},"schema":{"@context":"https:\/\/schema.org","@graph":[{"@type":"Article","@id":"https:\/\/folhapopular.info\/index.php\/2026\/01\/24\/brasileiros-encaram-ufc-324-neste-sabado\/#article","isPartOf":{"@id":"https:\/\/folhapopular.info\/index.php\/2026\/01\/24\/brasileiros-encaram-ufc-324-neste-sabado\/"},"author":{"name":"Luis Augusto Huppes","@id":"https:\/\/folhapopular.info\/#\/schema\/person\/e852c327371714676d02e58cf917fd9f"},"headline":"Brasileiros encaram UFC 324 neste s\u00e1bado","datePublished":"2026-01-24T13:34:24+00:00","dateModified":"2026-01-24T13:38:54+00:00","mainEntityOfPage":{"@id":"https:\/\/folhapopular.info\/index.php\/2026\/01\/24\/brasileiros-encaram-ufc-324-neste-sabado\/"},"wordCount":904,"commentCount":0,"image":{"@id":"https:\/\/folhapopular.info\/index.php\/2026\/01\/24\/brasileiros-encaram-ufc-324-neste-sabado\/#primaryimage"},"thumbnailUrl":"https:\/\/folhapopular.info\/wp-content\/uploads\/2026\/01\/Design-sem-nome-71.png","keywords":["Artes Marciais","brasileiros","Deivison Figueiredo","Jean Silva","Nat\u00e1lia Silva","UFC 324"],"articleSection":["Artes Marciais","Esportes"],"inLanguage":"pt-BR","potentialAction":[{"@type":"CommentAction","name":"Comment","target":["https:\/\/folhapopular.info\/index.php\/2026\/01\/24\/brasileiros-encaram-ufc-324-neste-sabado\/#respond"]}]},{"@type":"WebPage","@id":"https:\/\/folhapopular.info\/index.php\/2026\/01\/24\/brasileiros-encaram-ufc-324-neste-sabado\/","url":"https:\/\/folhapopular.info\/index.php\/2026\/01\/24\/brasileiros-encaram-ufc-324-neste-sabado\/","name":"Brasileiros encaram UFC 324 neste s\u00e1bado - Folha Popular","isPartOf":{"@id":"https:\/\/folhapopular.info\/#website"},"primaryImageOfPage":{"@id":"https:\/\/folhapopular.info\/index.php\/2026\/01\/24\/brasileiros-encaram-ufc-324-neste-sabado\/#primaryimage"},"image":{"@id":"https:\/\/folhapopular.info\/index.php\/2026\/01\/24\/brasileiros-encaram-ufc-324-neste-sabado\/#primaryimage"},"thumbnailUrl":"https:\/\/folhapopular.info\/wp-content\/uploads\/2026\/01\/Design-sem-nome-71.png","datePublished":"2026-01-24T13:34:24+00:00","dateModified":"2026-01-24T13:38:54+00:00","author":{"@id":"https:\/\/folhapopular.info\/#\/schema\/person\/e852c327371714676d02e58cf917fd9f"},"breadcrumb":{"@id":"https:\/\/folhapopular.info\/index.php\/2026\/01\/24\/brasileiros-encaram-ufc-324-neste-sabado\/#breadcrumb"},"inLanguage":"pt-BR","potentialAction":[{"@type":"ReadAction","target":["https:\/\/folhapopular.info\/index.php\/2026\/01\/24\/brasileiros-encaram-ufc-324-neste-sabado\/"]}]},{"@type":"ImageObject","inLanguage":"pt-BR","@id":"https:\/\/folhapopular.info\/index.php\/2026\/01\/24\/brasileiros-encaram-ufc-324-neste-sabado\/#primaryimage","url":"https:\/\/folhapopular.info\/wp-content\/uploads\/2026\/01\/Design-sem-nome-71.png","contentUrl":"https:\/\/folhapopular.info\/wp-content\/uploads\/2026\/01\/Design-sem-nome-71.png","width":1200,"height":675,"caption":"Jean Silva, Nat\u00e1lia Silva e Deiveson Figueiredo entram no oct\u00f3gono - Cr\u00e9dito: UFC \/ Divulga\u00e7\u00e3o"},{"@type":"BreadcrumbList","@id":"https:\/\/folhapopular.info\/index.php\/2026\/01\/24\/brasileiros-encaram-ufc-324-neste-sabado\/#breadcrumb","itemListElement":[{"@type":"ListItem","position":1,"name":"In\u00edcio","item":"https:\/\/folhapopular.info\/"},{"@type":"ListItem","position":2,"name":"Brasileiros encaram UFC 324 neste s\u00e1bado"}]},{"@type":"WebSite","@id":"https:\/\/folhapopular.info\/#website","url":"https:\/\/folhapopular.info\/","name":"Folha Popular","description":"Onde voc\u00ea tem vez e voz","potentialAction":[{"@type":"SearchAction","target":{"@type":"EntryPoint","urlTemplate":"https:\/\/folhapopular.info\/?s={search_term_string}"},"query-input":{"@type":"PropertyValueSpecification","valueRequired":true,"valueName":"search_term_string"}}],"inLanguage":"pt-BR"},{"@type":"Person","@id":"https:\/\/folhapopular.info\/#\/schema\/person\/e852c327371714676d02e58cf917fd9f","name":"Luis Augusto Huppes","image":{"@type":"ImageObject","inLanguage":"pt-BR","@id":"https:\/\/folhapopular.info\/wp-content\/uploads\/2026\/04\/Luis-Augusto-Huppes-1-1.webp","url":"https:\/\/folhapopular.info\/wp-content\/uploads\/2026\/04\/Luis-Augusto-Huppes-1-1.webp","contentUrl":"https:\/\/folhapopular.info\/wp-content\/uploads\/2026\/04\/Luis-Augusto-Huppes-1-1.webp","caption":"Luis Augusto Huppes"},"sameAs":["https:\/\/www.facebook.com\/luis.huppes\/","https:\/\/www.instagram.com\/luis.huppes\/","https:\/\/www.linkedin.com\/in\/luis-augusto-huppes-2554b52b7\/"],"url":"https:\/\/folhapopular.info\/index.php\/author\/luis-augusto-huppes\/"}]}},"jetpack_featured_media_url":"https:\/\/folhapopular.info\/wp-content\/uploads\/2026\/01\/Design-sem-nome-71.png","jetpack_sharing_enabled":true,"amp_enabled":true,"_links":{"self":[{"href":"https:\/\/folhapopular.info\/index.php\/wp-json\/wp\/v2\/posts\/202636","targetHints":{"allow":["GET"]}}],"collection":[{"href":"https:\/\/folhapopular.info\/index.php\/wp-json\/wp\/v2\/posts"}],"about":[{"href":"https:\/\/folhapopular.info\/index.php\/wp-json\/wp\/v2\/types\/post"}],"author":[{"embeddable":true,"href":"https:\/\/folhapopular.info\/index.php\/wp-json\/wp\/v2\/users\/732"}],"replies":[{"embeddable":true,"href":"https:\/\/folhapopular.info\/index.php\/wp-json\/wp\/v2\/comments?post=202636"}],"version-history":[{"count":0,"href":"https:\/\/folhapopular.info\/index.php\/wp-json\/wp\/v2\/posts\/202636\/revisions"}],"wp:featuredmedia":[{"embeddable":true,"href":"https:\/\/folhapopular.info\/index.php\/wp-json\/wp\/v2\/media\/202655"}],"wp:attachment":[{"href":"https:\/\/folhapopular.info\/index.php\/wp-json\/wp\/v2\/media?parent=202636"}],"wp:term":[{"taxonomy":"category","embeddable":true,"href":"https:\/\/folhapopular.info\/index.php\/wp-json\/wp\/v2\/categories?post=202636"},{"taxonomy":"post_tag","embeddable":true,"href":"https:\/\/folhapopular.info\/index.php\/wp-json\/wp\/v2\/tags?post=202636"}],"curies":[{"name":"wp","href":"https:\/\/api.w.org\/{rel}","templated":true}]}}