{"id":202639,"date":"2026-01-25T15:32:00","date_gmt":"2026-01-25T18:32:00","guid":{"rendered":"https:\/\/folhapopular.info\/?p=202639"},"modified":"2026-01-24T10:37:42","modified_gmt":"2026-01-24T13:37:42","slug":"inscricoes-para-o-prouni-comecam-nesta-segunda-feira","status":"publish","type":"post","link":"https:\/\/folhapopular.info\/index.php\/2026\/01\/25\/inscricoes-para-o-prouni-comecam-nesta-segunda-feira\/","title":{"rendered":"Inscri\u00e7\u00f5es para o Prouni come\u00e7am nesta segunda-feira"},"content":{"rendered":"\n<p>Criado em 2004, o Programa Universidade para Todos (Prouni) nasce com prop\u00f3sito de motivar os cidad\u00e3os se qualificarem em faculdades privadas. Com oferta bolsas de estudo integrais, que corresponde ao valor total da mensalidade do curso, tornando-o totalmente gratuito para o estudante, e parciais, que corresponde a 50% do valor da mensalidade do curso.&nbsp;<\/p>\n\n\n\n<p>Duas vezes ao ano, o Prouni abre inscri\u00e7\u00f5es para selecionar os participantes com base nas notas obtidas no Exame Nacional do Ensino M\u00e9dio (Enem) a partir de uma m\u00e9dia de 450 pontos, \u00e9 poss\u00edvel se inscrever.<\/p>\n\n\n\n<p>O programa tem a necessidade de uma documenta\u00e7\u00e3o espec\u00edfica, destinada por cada faculdade que abrange, sendo assim, \u00e9 particular de cada faculdade divulgar em sua p\u00e1gina, por meio de edital os documentos necess\u00e1rios.<\/p>\n\n\n\n<p>A consulta de bolsas est\u00e1 aberta desde o dia 19\/1, por\u00e9m \u00e9 nesta segunda que a inscri\u00e7\u00e3o pode ser feita. Consulte mais informa\u00e7\u00f5es no site, <a href=\"https:\/\/acessounico.mec.gov.br\/prouni\">https:\/\/acessounico.mec.gov.br\/prouni<\/a> .<\/p>\n\n\n\n<p><\/p>\n","protected":false},"excerpt":{"rendered":"<p>Criado em 2004, o Programa Universidade para Todos (Prouni) nasce com prop\u00f3sito de motivar os cidad\u00e3os se qualificarem em faculdades privadas. Com oferta bolsas de estudo integrais, que corresponde ao valor total da mensalidade do curso, tornando-o totalmente gratuito para o estudante, e parciais, que corresponde a 50% do valor da mensalidade do curso.&nbsp; Duas [&hellip;]<\/p>\n","protected":false},"author":773,"featured_media":202654,"comment_status":"open","ping_status":"open","sticky":false,"template":"","format":"standard","meta":{"pmpro_default_level":"","_jetpack_memberships_contains_paid_content":false,"footnotes":""},"categories":[10988,3],"tags":[73,946,8153],"class_list":{"0":"post-202639","1":"post","2":"type-post","3":"status-publish","4":"format-standard","5":"has-post-thumbnail","7":"category-educacao","8":"category-geral","9":"tag-educacao","10":"tag-inscricoes","11":"tag-prouni","12":"pmpro-has-access"},"yoast_head":"<!-- This site is optimized with the Yoast SEO plugin v27.5 - https:\/\/yoast.com\/product\/yoast-seo-wordpress\/ -->\n<title>Inscri\u00e7\u00f5es para o Prouni come\u00e7am nesta segunda-feira - Folha Popular<\/title>\n<meta name=\"robots\" content=\"index, follow, max-snippet:-1, max-image-preview:large, max-video-preview:-1\" \/>\n<link rel=\"canonical\" href=\"https:\/\/folhapopular.info\/index.php\/2026\/01\/25\/inscricoes-para-o-prouni-comecam-nesta-segunda-feira\/\" \/>\n<meta property=\"og:locale\" content=\"pt_BR\" \/>\n<meta property=\"og:type\" content=\"article\" \/>\n<meta property=\"og:title\" content=\"Inscri\u00e7\u00f5es para o Prouni come\u00e7am nesta segunda-feira - Folha Popular\" \/>\n<meta property=\"og:description\" content=\"Criado em 2004, o Programa Universidade para Todos (Prouni) nasce com prop\u00f3sito de motivar os cidad\u00e3os se qualificarem em faculdades privadas. Com oferta bolsas de estudo integrais, que corresponde ao valor total da mensalidade do curso, tornando-o totalmente gratuito para o estudante, e parciais, que corresponde a 50% do valor da mensalidade do curso.&nbsp; Duas [&hellip;]\" \/>\n<meta property=\"og:url\" content=\"https:\/\/folhapopular.info\/index.php\/2026\/01\/25\/inscricoes-para-o-prouni-comecam-nesta-segunda-feira\/\" \/>\n<meta property=\"og:site_name\" content=\"Folha Popular\" \/>\n<meta property=\"article:published_time\" content=\"2026-01-25T18:32:00+00:00\" \/>\n<meta property=\"og:image\" content=\"https:\/\/folhapopular.info\/wp-content\/uploads\/2026\/01\/IMG_8691-1024x768.png\" \/>\n\t<meta property=\"og:image:width\" content=\"1024\" \/>\n\t<meta property=\"og:image:height\" content=\"768\" \/>\n\t<meta property=\"og:image:type\" content=\"image\/png\" \/>\n<meta name=\"author\" content=\"Gabriely Hartmann Mallmann\" \/>\n<meta name=\"twitter:card\" content=\"summary_large_image\" \/>\n<meta name=\"twitter:label1\" content=\"Escrito por\" \/>\n\t<meta name=\"twitter:data1\" content=\"Gabriely Hartmann Mallmann\" \/>\n\t<meta name=\"twitter:label2\" content=\"Est. tempo de leitura\" \/>\n\t<meta name=\"twitter:data2\" content=\"2 minutos\" \/>\n<script type=\"application\/ld+json\" class=\"yoast-schema-graph\">{\"@context\":\"https:\\\/\\\/schema.org\",\"@graph\":[{\"@type\":\"Article\",\"@id\":\"https:\\\/\\\/folhapopular.info\\\/index.php\\\/2026\\\/01\\\/25\\\/inscricoes-para-o-prouni-comecam-nesta-segunda-feira\\\/#article\",\"isPartOf\":{\"@id\":\"https:\\\/\\\/folhapopular.info\\\/index.php\\\/2026\\\/01\\\/25\\\/inscricoes-para-o-prouni-comecam-nesta-segunda-feira\\\/\"},\"author\":{\"name\":\"Gabriely Hartmann Mallmann\",\"@id\":\"https:\\\/\\\/folhapopular.info\\\/#\\\/schema\\\/person\\\/41b3bb1ecf6e33e81cbab2c29b178754\"},\"headline\":\"Inscri\u00e7\u00f5es para o Prouni come\u00e7am nesta segunda-feira\",\"datePublished\":\"2026-01-25T18:32:00+00:00\",\"mainEntityOfPage\":{\"@id\":\"https:\\\/\\\/folhapopular.info\\\/index.php\\\/2026\\\/01\\\/25\\\/inscricoes-para-o-prouni-comecam-nesta-segunda-feira\\\/\"},\"wordCount\":170,\"commentCount\":0,\"image\":{\"@id\":\"https:\\\/\\\/folhapopular.info\\\/index.php\\\/2026\\\/01\\\/25\\\/inscricoes-para-o-prouni-comecam-nesta-segunda-feira\\\/#primaryimage\"},\"thumbnailUrl\":\"https:\\\/\\\/folhapopular.info\\\/wp-content\\\/uploads\\\/2026\\\/01\\\/IMG_8691-scaled.png\",\"keywords\":[\"Educa\u00e7\u00e3o\",\"Inscri\u00e7\u00f5es\",\"Prouni\"],\"articleSection\":[\"Educa\u00e7\u00e3o\",\"Geral\"],\"inLanguage\":\"pt-BR\",\"potentialAction\":[{\"@type\":\"CommentAction\",\"name\":\"Comment\",\"target\":[\"https:\\\/\\\/folhapopular.info\\\/index.php\\\/2026\\\/01\\\/25\\\/inscricoes-para-o-prouni-comecam-nesta-segunda-feira\\\/#respond\"]}]},{\"@type\":\"WebPage\",\"@id\":\"https:\\\/\\\/folhapopular.info\\\/index.php\\\/2026\\\/01\\\/25\\\/inscricoes-para-o-prouni-comecam-nesta-segunda-feira\\\/\",\"url\":\"https:\\\/\\\/folhapopular.info\\\/index.php\\\/2026\\\/01\\\/25\\\/inscricoes-para-o-prouni-comecam-nesta-segunda-feira\\\/\",\"name\":\"Inscri\u00e7\u00f5es para o Prouni come\u00e7am nesta segunda-feira - Folha Popular\",\"isPartOf\":{\"@id\":\"https:\\\/\\\/folhapopular.info\\\/#website\"},\"primaryImageOfPage\":{\"@id\":\"https:\\\/\\\/folhapopular.info\\\/index.php\\\/2026\\\/01\\\/25\\\/inscricoes-para-o-prouni-comecam-nesta-segunda-feira\\\/#primaryimage\"},\"image\":{\"@id\":\"https:\\\/\\\/folhapopular.info\\\/index.php\\\/2026\\\/01\\\/25\\\/inscricoes-para-o-prouni-comecam-nesta-segunda-feira\\\/#primaryimage\"},\"thumbnailUrl\":\"https:\\\/\\\/folhapopular.info\\\/wp-content\\\/uploads\\\/2026\\\/01\\\/IMG_8691-scaled.png\",\"datePublished\":\"2026-01-25T18:32:00+00:00\",\"author\":{\"@id\":\"https:\\\/\\\/folhapopular.info\\\/#\\\/schema\\\/person\\\/41b3bb1ecf6e33e81cbab2c29b178754\"},\"breadcrumb\":{\"@id\":\"https:\\\/\\\/folhapopular.info\\\/index.php\\\/2026\\\/01\\\/25\\\/inscricoes-para-o-prouni-comecam-nesta-segunda-feira\\\/#breadcrumb\"},\"inLanguage\":\"pt-BR\",\"potentialAction\":[{\"@type\":\"ReadAction\",\"target\":[\"https:\\\/\\\/folhapopular.info\\\/index.php\\\/2026\\\/01\\\/25\\\/inscricoes-para-o-prouni-comecam-nesta-segunda-feira\\\/\"]}]},{\"@type\":\"ImageObject\",\"inLanguage\":\"pt-BR\",\"@id\":\"https:\\\/\\\/folhapopular.info\\\/index.php\\\/2026\\\/01\\\/25\\\/inscricoes-para-o-prouni-comecam-nesta-segunda-feira\\\/#primaryimage\",\"url\":\"https:\\\/\\\/folhapopular.info\\\/wp-content\\\/uploads\\\/2026\\\/01\\\/IMG_8691-scaled.png\",\"contentUrl\":\"https:\\\/\\\/folhapopular.info\\\/wp-content\\\/uploads\\\/2026\\\/01\\\/IMG_8691-scaled.png\",\"width\":2560,\"height\":1920,\"caption\":\"Cr\u00e9dito: Gabriely Mallmann\"},{\"@type\":\"BreadcrumbList\",\"@id\":\"https:\\\/\\\/folhapopular.info\\\/index.php\\\/2026\\\/01\\\/25\\\/inscricoes-para-o-prouni-comecam-nesta-segunda-feira\\\/#breadcrumb\",\"itemListElement\":[{\"@type\":\"ListItem\",\"position\":1,\"name\":\"In\u00edcio\",\"item\":\"https:\\\/\\\/folhapopular.info\\\/\"},{\"@type\":\"ListItem\",\"position\":2,\"name\":\"Inscri\u00e7\u00f5es para o Prouni come\u00e7am nesta segunda-feira\"}]},{\"@type\":\"WebSite\",\"@id\":\"https:\\\/\\\/folhapopular.info\\\/#website\",\"url\":\"https:\\\/\\\/folhapopular.info\\\/\",\"name\":\"Folha Popular\",\"description\":\"Onde voc\u00ea tem vez e voz\",\"potentialAction\":[{\"@type\":\"SearchAction\",\"target\":{\"@type\":\"EntryPoint\",\"urlTemplate\":\"https:\\\/\\\/folhapopular.info\\\/?s={search_term_string}\"},\"query-input\":{\"@type\":\"PropertyValueSpecification\",\"valueRequired\":true,\"valueName\":\"search_term_string\"}}],\"inLanguage\":\"pt-BR\"},{\"@type\":\"Person\",\"@id\":\"https:\\\/\\\/folhapopular.info\\\/#\\\/schema\\\/person\\\/41b3bb1ecf6e33e81cbab2c29b178754\",\"name\":\"Gabriely Hartmann Mallmann\",\"image\":{\"@type\":\"ImageObject\",\"inLanguage\":\"pt-BR\",\"@id\":\"https:\\\/\\\/secure.gravatar.com\\\/avatar\\\/92999d30b0cc9bf49e6aa3c07c592bb06855a37dcfbdc7bbe6567a4637e999ce?s=96&d=mm&r=g\",\"url\":\"https:\\\/\\\/secure.gravatar.com\\\/avatar\\\/92999d30b0cc9bf49e6aa3c07c592bb06855a37dcfbdc7bbe6567a4637e999ce?s=96&d=mm&r=g\",\"contentUrl\":\"https:\\\/\\\/secure.gravatar.com\\\/avatar\\\/92999d30b0cc9bf49e6aa3c07c592bb06855a37dcfbdc7bbe6567a4637e999ce?s=96&d=mm&r=g\",\"caption\":\"Gabriely Hartmann Mallmann\"},\"url\":\"https:\\\/\\\/folhapopular.info\\\/index.php\\\/author\\\/gabriely-hartmann-mallmann\\\/\"}]}<\/script>\n<!-- \/ Yoast SEO plugin. -->","yoast_head_json":{"title":"Inscri\u00e7\u00f5es para o Prouni come\u00e7am nesta segunda-feira - Folha Popular","robots":{"index":"index","follow":"follow","max-snippet":"max-snippet:-1","max-image-preview":"max-image-preview:large","max-video-preview":"max-video-preview:-1"},"canonical":"https:\/\/folhapopular.info\/index.php\/2026\/01\/25\/inscricoes-para-o-prouni-comecam-nesta-segunda-feira\/","og_locale":"pt_BR","og_type":"article","og_title":"Inscri\u00e7\u00f5es para o Prouni come\u00e7am nesta segunda-feira - Folha Popular","og_description":"Criado em 2004, o Programa Universidade para Todos (Prouni) nasce com prop\u00f3sito de motivar os cidad\u00e3os se qualificarem em faculdades privadas. Com oferta bolsas de estudo integrais, que corresponde ao valor total da mensalidade do curso, tornando-o totalmente gratuito para o estudante, e parciais, que corresponde a 50% do valor da mensalidade do curso.&nbsp; Duas [&hellip;]","og_url":"https:\/\/folhapopular.info\/index.php\/2026\/01\/25\/inscricoes-para-o-prouni-comecam-nesta-segunda-feira\/","og_site_name":"Folha Popular","article_published_time":"2026-01-25T18:32:00+00:00","og_image":[{"width":1024,"height":768,"url":"https:\/\/folhapopular.info\/wp-content\/uploads\/2026\/01\/IMG_8691-1024x768.png","type":"image\/png"}],"author":"Gabriely Hartmann Mallmann","twitter_card":"summary_large_image","twitter_misc":{"Escrito por":"Gabriely Hartmann Mallmann","Est. tempo de leitura":"2 minutos"},"schema":{"@context":"https:\/\/schema.org","@graph":[{"@type":"Article","@id":"https:\/\/folhapopular.info\/index.php\/2026\/01\/25\/inscricoes-para-o-prouni-comecam-nesta-segunda-feira\/#article","isPartOf":{"@id":"https:\/\/folhapopular.info\/index.php\/2026\/01\/25\/inscricoes-para-o-prouni-comecam-nesta-segunda-feira\/"},"author":{"name":"Gabriely Hartmann Mallmann","@id":"https:\/\/folhapopular.info\/#\/schema\/person\/41b3bb1ecf6e33e81cbab2c29b178754"},"headline":"Inscri\u00e7\u00f5es para o Prouni come\u00e7am nesta segunda-feira","datePublished":"2026-01-25T18:32:00+00:00","mainEntityOfPage":{"@id":"https:\/\/folhapopular.info\/index.php\/2026\/01\/25\/inscricoes-para-o-prouni-comecam-nesta-segunda-feira\/"},"wordCount":170,"commentCount":0,"image":{"@id":"https:\/\/folhapopular.info\/index.php\/2026\/01\/25\/inscricoes-para-o-prouni-comecam-nesta-segunda-feira\/#primaryimage"},"thumbnailUrl":"https:\/\/folhapopular.info\/wp-content\/uploads\/2026\/01\/IMG_8691-scaled.png","keywords":["Educa\u00e7\u00e3o","Inscri\u00e7\u00f5es","Prouni"],"articleSection":["Educa\u00e7\u00e3o","Geral"],"inLanguage":"pt-BR","potentialAction":[{"@type":"CommentAction","name":"Comment","target":["https:\/\/folhapopular.info\/index.php\/2026\/01\/25\/inscricoes-para-o-prouni-comecam-nesta-segunda-feira\/#respond"]}]},{"@type":"WebPage","@id":"https:\/\/folhapopular.info\/index.php\/2026\/01\/25\/inscricoes-para-o-prouni-comecam-nesta-segunda-feira\/","url":"https:\/\/folhapopular.info\/index.php\/2026\/01\/25\/inscricoes-para-o-prouni-comecam-nesta-segunda-feira\/","name":"Inscri\u00e7\u00f5es para o Prouni come\u00e7am nesta segunda-feira - Folha Popular","isPartOf":{"@id":"https:\/\/folhapopular.info\/#website"},"primaryImageOfPage":{"@id":"https:\/\/folhapopular.info\/index.php\/2026\/01\/25\/inscricoes-para-o-prouni-comecam-nesta-segunda-feira\/#primaryimage"},"image":{"@id":"https:\/\/folhapopular.info\/index.php\/2026\/01\/25\/inscricoes-para-o-prouni-comecam-nesta-segunda-feira\/#primaryimage"},"thumbnailUrl":"https:\/\/folhapopular.info\/wp-content\/uploads\/2026\/01\/IMG_8691-scaled.png","datePublished":"2026-01-25T18:32:00+00:00","author":{"@id":"https:\/\/folhapopular.info\/#\/schema\/person\/41b3bb1ecf6e33e81cbab2c29b178754"},"breadcrumb":{"@id":"https:\/\/folhapopular.info\/index.php\/2026\/01\/25\/inscricoes-para-o-prouni-comecam-nesta-segunda-feira\/#breadcrumb"},"inLanguage":"pt-BR","potentialAction":[{"@type":"ReadAction","target":["https:\/\/folhapopular.info\/index.php\/2026\/01\/25\/inscricoes-para-o-prouni-comecam-nesta-segunda-feira\/"]}]},{"@type":"ImageObject","inLanguage":"pt-BR","@id":"https:\/\/folhapopular.info\/index.php\/2026\/01\/25\/inscricoes-para-o-prouni-comecam-nesta-segunda-feira\/#primaryimage","url":"https:\/\/folhapopular.info\/wp-content\/uploads\/2026\/01\/IMG_8691-scaled.png","contentUrl":"https:\/\/folhapopular.info\/wp-content\/uploads\/2026\/01\/IMG_8691-scaled.png","width":2560,"height":1920,"caption":"Cr\u00e9dito: Gabriely Mallmann"},{"@type":"BreadcrumbList","@id":"https:\/\/folhapopular.info\/index.php\/2026\/01\/25\/inscricoes-para-o-prouni-comecam-nesta-segunda-feira\/#breadcrumb","itemListElement":[{"@type":"ListItem","position":1,"name":"In\u00edcio","item":"https:\/\/folhapopular.info\/"},{"@type":"ListItem","position":2,"name":"Inscri\u00e7\u00f5es para o Prouni come\u00e7am nesta segunda-feira"}]},{"@type":"WebSite","@id":"https:\/\/folhapopular.info\/#website","url":"https:\/\/folhapopular.info\/","name":"Folha Popular","description":"Onde voc\u00ea tem vez e voz","potentialAction":[{"@type":"SearchAction","target":{"@type":"EntryPoint","urlTemplate":"https:\/\/folhapopular.info\/?s={search_term_string}"},"query-input":{"@type":"PropertyValueSpecification","valueRequired":true,"valueName":"search_term_string"}}],"inLanguage":"pt-BR"},{"@type":"Person","@id":"https:\/\/folhapopular.info\/#\/schema\/person\/41b3bb1ecf6e33e81cbab2c29b178754","name":"Gabriely Hartmann Mallmann","image":{"@type":"ImageObject","inLanguage":"pt-BR","@id":"https:\/\/secure.gravatar.com\/avatar\/92999d30b0cc9bf49e6aa3c07c592bb06855a37dcfbdc7bbe6567a4637e999ce?s=96&d=mm&r=g","url":"https:\/\/secure.gravatar.com\/avatar\/92999d30b0cc9bf49e6aa3c07c592bb06855a37dcfbdc7bbe6567a4637e999ce?s=96&d=mm&r=g","contentUrl":"https:\/\/secure.gravatar.com\/avatar\/92999d30b0cc9bf49e6aa3c07c592bb06855a37dcfbdc7bbe6567a4637e999ce?s=96&d=mm&r=g","caption":"Gabriely Hartmann Mallmann"},"url":"https:\/\/folhapopular.info\/index.php\/author\/gabriely-hartmann-mallmann\/"}]}},"jetpack_featured_media_url":"https:\/\/folhapopular.info\/wp-content\/uploads\/2026\/01\/IMG_8691-scaled.png","jetpack_sharing_enabled":true,"amp_enabled":true,"_links":{"self":[{"href":"https:\/\/folhapopular.info\/index.php\/wp-json\/wp\/v2\/posts\/202639","targetHints":{"allow":["GET"]}}],"collection":[{"href":"https:\/\/folhapopular.info\/index.php\/wp-json\/wp\/v2\/posts"}],"about":[{"href":"https:\/\/folhapopular.info\/index.php\/wp-json\/wp\/v2\/types\/post"}],"author":[{"embeddable":true,"href":"https:\/\/folhapopular.info\/index.php\/wp-json\/wp\/v2\/users\/773"}],"replies":[{"embeddable":true,"href":"https:\/\/folhapopular.info\/index.php\/wp-json\/wp\/v2\/comments?post=202639"}],"version-history":[{"count":0,"href":"https:\/\/folhapopular.info\/index.php\/wp-json\/wp\/v2\/posts\/202639\/revisions"}],"wp:featuredmedia":[{"embeddable":true,"href":"https:\/\/folhapopular.info\/index.php\/wp-json\/wp\/v2\/media\/202654"}],"wp:attachment":[{"href":"https:\/\/folhapopular.info\/index.php\/wp-json\/wp\/v2\/media?parent=202639"}],"wp:term":[{"taxonomy":"category","embeddable":true,"href":"https:\/\/folhapopular.info\/index.php\/wp-json\/wp\/v2\/categories?post=202639"},{"taxonomy":"post_tag","embeddable":true,"href":"https:\/\/folhapopular.info\/index.php\/wp-json\/wp\/v2\/tags?post=202639"}],"curies":[{"name":"wp","href":"https:\/\/api.w.org\/{rel}","templated":true}]}}