{"id":202677,"date":"2026-01-25T18:30:12","date_gmt":"2026-01-25T21:30:12","guid":{"rendered":"https:\/\/folhapopular.info\/?p=202677"},"modified":"2026-01-25T18:30:15","modified_gmt":"2026-01-25T21:30:15","slug":"o-atendimento-contou-com-apoio-do-samu-e-da-policia-rodoviaria-estadual-nao-houve-registro-de-outras-vitimas","status":"publish","type":"post","link":"https:\/\/folhapopular.info\/index.php\/2026\/01\/25\/o-atendimento-contou-com-apoio-do-samu-e-da-policia-rodoviaria-estadual-nao-houve-registro-de-outras-vitimas\/","title":{"rendered":"Colis\u00e3o frontal deixa dois feridos na VRS-835, em Paverama"},"content":{"rendered":"\n<p>Uma colis\u00e3o frontal entre dois ve\u00edculos deixou duas pessoas feridas na tarde deste domingo (25\/1), por volta das 16h38, na VRS-835, em Paverama. O acidente provocou o bloqueio total da pista nos dois sentidos.<\/p>\n\n\n\n<p>Um dos ve\u00edculos envolvidos foi um Fiat Palio, de cor cinza, conduzido por um homem, morador de Teut\u00f4nia. Ele foi atendido no local pela equipe da Prefeitura Municipal de Paverama, com ferimentos moderados.<\/p>\n\n\n\n<p>A segunda v\u00edtima \u00e9 uma mulher de 59 anos, residente em Esteio, condutora de um Ford Fiesta vermelho, com placas de origem do mesmo munic\u00edpio. Ela recebeu atendimento da equipe de socorro e foi encaminhada ao Hospital Ouro Branco, em Teut\u00f4nia, tamb\u00e9m com ferimentos moderados.<\/p>\n\n\n\n<p>O atendimento contou com apoio do Samu e da Pol\u00edcia Rodovi\u00e1ria Estadual. N\u00e3o houve registro de outras v\u00edtimas.<\/p>\n\n\n\n<p>Colis\u00e3o frontal deixa dois feridos na VRS-835, em Paverama<\/p>\n\n\n\n<p><\/p>\n","protected":false},"excerpt":{"rendered":"<p>Uma colis\u00e3o frontal entre dois ve\u00edculos deixou duas pessoas feridas na tarde deste domingo (25\/1), por volta das 16h38, na VRS-835, em Paverama. O acidente provocou o bloqueio total da pista nos dois sentidos. Um dos ve\u00edculos envolvidos foi um Fiat Palio, de cor cinza, conduzido por um homem, morador de Teut\u00f4nia. Ele foi atendido [&hellip;]<\/p>\n","protected":false},"author":8,"featured_media":202678,"comment_status":"open","ping_status":"open","sticky":false,"template":"","format":"standard","meta":{"pmpro_default_level":"","_jetpack_memberships_contains_paid_content":false,"footnotes":""},"categories":[7,10983],"tags":[20445,1639,546,113,9294],"class_list":{"0":"post-202677","1":"post","2":"type-post","3":"status-publish","4":"format-standard","5":"has-post-thumbnail","7":"category-seguranca","8":"category-transito","9":"tag-paverama-acidente","10":"tag-policia-rodoviaria-estadual","11":"tag-pre","12":"tag-transito","13":"tag-vrs-835-2","14":"pmpro-has-access"},"yoast_head":"<!-- This site is optimized with the Yoast SEO plugin v27.5 - https:\/\/yoast.com\/product\/yoast-seo-wordpress\/ -->\n<title>Colis\u00e3o frontal deixa dois feridos na VRS-835, em Paverama - Folha Popular<\/title>\n<meta name=\"description\" content=\"Colis\u00e3o frontal deixa dois feridos na VRS-835, em Paverama.O atendimento contou com apoio do Samu e da Pol\u00edcia Rodovi\u00e1ria Estadual. N\u00e3o houve registro de outras v\u00edtimas.\" \/>\n<meta name=\"robots\" content=\"index, follow, max-snippet:-1, max-image-preview:large, max-video-preview:-1\" \/>\n<link rel=\"canonical\" href=\"https:\/\/folhapopular.info\/index.php\/2026\/01\/25\/o-atendimento-contou-com-apoio-do-samu-e-da-policia-rodoviaria-estadual-nao-houve-registro-de-outras-vitimas\/\" \/>\n<meta property=\"og:locale\" content=\"pt_BR\" \/>\n<meta property=\"og:type\" content=\"article\" \/>\n<meta property=\"og:title\" content=\"Colis\u00e3o frontal deixa dois feridos na VRS-835, em Paverama - Folha Popular\" \/>\n<meta property=\"og:description\" content=\"Colis\u00e3o frontal deixa dois feridos na VRS-835, em Paverama.O atendimento contou com apoio do Samu e da Pol\u00edcia Rodovi\u00e1ria Estadual. N\u00e3o houve registro de outras v\u00edtimas.\" \/>\n<meta property=\"og:url\" content=\"https:\/\/folhapopular.info\/index.php\/2026\/01\/25\/o-atendimento-contou-com-apoio-do-samu-e-da-policia-rodoviaria-estadual-nao-houve-registro-de-outras-vitimas\/\" \/>\n<meta property=\"og:site_name\" content=\"Folha Popular\" \/>\n<meta property=\"article:published_time\" content=\"2026-01-25T21:30:12+00:00\" \/>\n<meta property=\"article:modified_time\" content=\"2026-01-25T21:30:15+00:00\" \/>\n<meta property=\"og:image\" content=\"http:\/\/folhapopular.info\/wp-content\/uploads\/2026\/01\/a9cd5f90-d2f3-45e7-8bb2-af9c0c2d6de5.jpg\" \/>\n\t<meta property=\"og:image:width\" content=\"960\" \/>\n\t<meta property=\"og:image:height\" content=\"1280\" \/>\n\t<meta property=\"og:image:type\" content=\"image\/jpeg\" \/>\n<meta name=\"author\" content=\"Reda\u00e7\u00e3o Folha Popular\" \/>\n<meta name=\"twitter:card\" content=\"summary_large_image\" \/>\n<meta name=\"twitter:label1\" content=\"Escrito por\" \/>\n\t<meta name=\"twitter:data1\" content=\"Reda\u00e7\u00e3o Folha Popular\" \/>\n\t<meta name=\"twitter:label2\" content=\"Est. tempo de leitura\" \/>\n\t<meta name=\"twitter:data2\" content=\"1 minuto\" \/>\n<script type=\"application\/ld+json\" class=\"yoast-schema-graph\">{\"@context\":\"https:\\\/\\\/schema.org\",\"@graph\":[{\"@type\":\"Article\",\"@id\":\"https:\\\/\\\/folhapopular.info\\\/index.php\\\/2026\\\/01\\\/25\\\/o-atendimento-contou-com-apoio-do-samu-e-da-policia-rodoviaria-estadual-nao-houve-registro-de-outras-vitimas\\\/#article\",\"isPartOf\":{\"@id\":\"https:\\\/\\\/folhapopular.info\\\/index.php\\\/2026\\\/01\\\/25\\\/o-atendimento-contou-com-apoio-do-samu-e-da-policia-rodoviaria-estadual-nao-houve-registro-de-outras-vitimas\\\/\"},\"author\":{\"name\":\"Reda\u00e7\u00e3o Folha Popular\",\"@id\":\"https:\\\/\\\/folhapopular.info\\\/#\\\/schema\\\/person\\\/2814e8a0df7643585a9ca38bc6eb9d4b\"},\"headline\":\"Colis\u00e3o frontal deixa dois feridos na VRS-835, em Paverama\",\"datePublished\":\"2026-01-25T21:30:12+00:00\",\"dateModified\":\"2026-01-25T21:30:15+00:00\",\"mainEntityOfPage\":{\"@id\":\"https:\\\/\\\/folhapopular.info\\\/index.php\\\/2026\\\/01\\\/25\\\/o-atendimento-contou-com-apoio-do-samu-e-da-policia-rodoviaria-estadual-nao-houve-registro-de-outras-vitimas\\\/\"},\"wordCount\":159,\"commentCount\":0,\"image\":{\"@id\":\"https:\\\/\\\/folhapopular.info\\\/index.php\\\/2026\\\/01\\\/25\\\/o-atendimento-contou-com-apoio-do-samu-e-da-policia-rodoviaria-estadual-nao-houve-registro-de-outras-vitimas\\\/#primaryimage\"},\"thumbnailUrl\":\"https:\\\/\\\/folhapopular.info\\\/wp-content\\\/uploads\\\/2026\\\/01\\\/a9cd5f90-d2f3-45e7-8bb2-af9c0c2d6de5.jpg\",\"keywords\":[\"Paverama. Acidente\",\"Pol\u00edcia Rodovi\u00e1ria Estadual\",\"PRE\",\"Tr\u00e2nsito\",\"VRS-835\"],\"articleSection\":[\"Seguran\u00e7a\",\"Tr\u00e2nsito\"],\"inLanguage\":\"pt-BR\",\"potentialAction\":[{\"@type\":\"CommentAction\",\"name\":\"Comment\",\"target\":[\"https:\\\/\\\/folhapopular.info\\\/index.php\\\/2026\\\/01\\\/25\\\/o-atendimento-contou-com-apoio-do-samu-e-da-policia-rodoviaria-estadual-nao-houve-registro-de-outras-vitimas\\\/#respond\"]}]},{\"@type\":\"WebPage\",\"@id\":\"https:\\\/\\\/folhapopular.info\\\/index.php\\\/2026\\\/01\\\/25\\\/o-atendimento-contou-com-apoio-do-samu-e-da-policia-rodoviaria-estadual-nao-houve-registro-de-outras-vitimas\\\/\",\"url\":\"https:\\\/\\\/folhapopular.info\\\/index.php\\\/2026\\\/01\\\/25\\\/o-atendimento-contou-com-apoio-do-samu-e-da-policia-rodoviaria-estadual-nao-houve-registro-de-outras-vitimas\\\/\",\"name\":\"Colis\u00e3o frontal deixa dois feridos na VRS-835, em Paverama - Folha Popular\",\"isPartOf\":{\"@id\":\"https:\\\/\\\/folhapopular.info\\\/#website\"},\"primaryImageOfPage\":{\"@id\":\"https:\\\/\\\/folhapopular.info\\\/index.php\\\/2026\\\/01\\\/25\\\/o-atendimento-contou-com-apoio-do-samu-e-da-policia-rodoviaria-estadual-nao-houve-registro-de-outras-vitimas\\\/#primaryimage\"},\"image\":{\"@id\":\"https:\\\/\\\/folhapopular.info\\\/index.php\\\/2026\\\/01\\\/25\\\/o-atendimento-contou-com-apoio-do-samu-e-da-policia-rodoviaria-estadual-nao-houve-registro-de-outras-vitimas\\\/#primaryimage\"},\"thumbnailUrl\":\"https:\\\/\\\/folhapopular.info\\\/wp-content\\\/uploads\\\/2026\\\/01\\\/a9cd5f90-d2f3-45e7-8bb2-af9c0c2d6de5.jpg\",\"datePublished\":\"2026-01-25T21:30:12+00:00\",\"dateModified\":\"2026-01-25T21:30:15+00:00\",\"author\":{\"@id\":\"https:\\\/\\\/folhapopular.info\\\/#\\\/schema\\\/person\\\/2814e8a0df7643585a9ca38bc6eb9d4b\"},\"description\":\"Colis\u00e3o frontal deixa dois feridos na VRS-835, em Paverama.O atendimento contou com apoio do Samu e da Pol\u00edcia Rodovi\u00e1ria Estadual. N\u00e3o houve registro de outras v\u00edtimas.\",\"breadcrumb\":{\"@id\":\"https:\\\/\\\/folhapopular.info\\\/index.php\\\/2026\\\/01\\\/25\\\/o-atendimento-contou-com-apoio-do-samu-e-da-policia-rodoviaria-estadual-nao-houve-registro-de-outras-vitimas\\\/#breadcrumb\"},\"inLanguage\":\"pt-BR\",\"potentialAction\":[{\"@type\":\"ReadAction\",\"target\":[\"https:\\\/\\\/folhapopular.info\\\/index.php\\\/2026\\\/01\\\/25\\\/o-atendimento-contou-com-apoio-do-samu-e-da-policia-rodoviaria-estadual-nao-houve-registro-de-outras-vitimas\\\/\"]}]},{\"@type\":\"ImageObject\",\"inLanguage\":\"pt-BR\",\"@id\":\"https:\\\/\\\/folhapopular.info\\\/index.php\\\/2026\\\/01\\\/25\\\/o-atendimento-contou-com-apoio-do-samu-e-da-policia-rodoviaria-estadual-nao-houve-registro-de-outras-vitimas\\\/#primaryimage\",\"url\":\"https:\\\/\\\/folhapopular.info\\\/wp-content\\\/uploads\\\/2026\\\/01\\\/a9cd5f90-d2f3-45e7-8bb2-af9c0c2d6de5.jpg\",\"contentUrl\":\"https:\\\/\\\/folhapopular.info\\\/wp-content\\\/uploads\\\/2026\\\/01\\\/a9cd5f90-d2f3-45e7-8bb2-af9c0c2d6de5.jpg\",\"width\":960,\"height\":1280,\"caption\":\"Cr\u00e9dito: Divulga\u00e7\u00e3o\\\/BVT\"},{\"@type\":\"BreadcrumbList\",\"@id\":\"https:\\\/\\\/folhapopular.info\\\/index.php\\\/2026\\\/01\\\/25\\\/o-atendimento-contou-com-apoio-do-samu-e-da-policia-rodoviaria-estadual-nao-houve-registro-de-outras-vitimas\\\/#breadcrumb\",\"itemListElement\":[{\"@type\":\"ListItem\",\"position\":1,\"name\":\"In\u00edcio\",\"item\":\"https:\\\/\\\/folhapopular.info\\\/\"},{\"@type\":\"ListItem\",\"position\":2,\"name\":\"Colis\u00e3o frontal deixa dois feridos na VRS-835, em Paverama\"}]},{\"@type\":\"WebSite\",\"@id\":\"https:\\\/\\\/folhapopular.info\\\/#website\",\"url\":\"https:\\\/\\\/folhapopular.info\\\/\",\"name\":\"Folha Popular\",\"description\":\"Onde voc\u00ea tem vez e voz\",\"potentialAction\":[{\"@type\":\"SearchAction\",\"target\":{\"@type\":\"EntryPoint\",\"urlTemplate\":\"https:\\\/\\\/folhapopular.info\\\/?s={search_term_string}\"},\"query-input\":{\"@type\":\"PropertyValueSpecification\",\"valueRequired\":true,\"valueName\":\"search_term_string\"}}],\"inLanguage\":\"pt-BR\"},{\"@type\":\"Person\",\"@id\":\"https:\\\/\\\/folhapopular.info\\\/#\\\/schema\\\/person\\\/2814e8a0df7643585a9ca38bc6eb9d4b\",\"name\":\"Reda\u00e7\u00e3o Folha Popular\",\"image\":{\"@type\":\"ImageObject\",\"inLanguage\":\"pt-BR\",\"@id\":\"https:\\\/\\\/folhapopular.info\\\/wp-content\\\/uploads\\\/2026\\\/04\\\/Folha-1.webp\",\"url\":\"https:\\\/\\\/folhapopular.info\\\/wp-content\\\/uploads\\\/2026\\\/04\\\/Folha-1.webp\",\"contentUrl\":\"https:\\\/\\\/folhapopular.info\\\/wp-content\\\/uploads\\\/2026\\\/04\\\/Folha-1.webp\",\"caption\":\"Reda\u00e7\u00e3o Folha Popular\"},\"url\":\"https:\\\/\\\/folhapopular.info\\\/index.php\\\/author\\\/redacao\\\/\"}]}<\/script>\n<!-- \/ Yoast SEO plugin. -->","yoast_head_json":{"title":"Colis\u00e3o frontal deixa dois feridos na VRS-835, em Paverama - Folha Popular","description":"Colis\u00e3o frontal deixa dois feridos na VRS-835, em Paverama.O atendimento contou com apoio do Samu e da Pol\u00edcia Rodovi\u00e1ria Estadual. N\u00e3o houve registro de outras v\u00edtimas.","robots":{"index":"index","follow":"follow","max-snippet":"max-snippet:-1","max-image-preview":"max-image-preview:large","max-video-preview":"max-video-preview:-1"},"canonical":"https:\/\/folhapopular.info\/index.php\/2026\/01\/25\/o-atendimento-contou-com-apoio-do-samu-e-da-policia-rodoviaria-estadual-nao-houve-registro-de-outras-vitimas\/","og_locale":"pt_BR","og_type":"article","og_title":"Colis\u00e3o frontal deixa dois feridos na VRS-835, em Paverama - Folha Popular","og_description":"Colis\u00e3o frontal deixa dois feridos na VRS-835, em Paverama.O atendimento contou com apoio do Samu e da Pol\u00edcia Rodovi\u00e1ria Estadual. N\u00e3o houve registro de outras v\u00edtimas.","og_url":"https:\/\/folhapopular.info\/index.php\/2026\/01\/25\/o-atendimento-contou-com-apoio-do-samu-e-da-policia-rodoviaria-estadual-nao-houve-registro-de-outras-vitimas\/","og_site_name":"Folha Popular","article_published_time":"2026-01-25T21:30:12+00:00","article_modified_time":"2026-01-25T21:30:15+00:00","og_image":[{"width":960,"height":1280,"url":"http:\/\/folhapopular.info\/wp-content\/uploads\/2026\/01\/a9cd5f90-d2f3-45e7-8bb2-af9c0c2d6de5.jpg","type":"image\/jpeg"}],"author":"Reda\u00e7\u00e3o Folha Popular","twitter_card":"summary_large_image","twitter_misc":{"Escrito por":"Reda\u00e7\u00e3o Folha Popular","Est. tempo de leitura":"1 minuto"},"schema":{"@context":"https:\/\/schema.org","@graph":[{"@type":"Article","@id":"https:\/\/folhapopular.info\/index.php\/2026\/01\/25\/o-atendimento-contou-com-apoio-do-samu-e-da-policia-rodoviaria-estadual-nao-houve-registro-de-outras-vitimas\/#article","isPartOf":{"@id":"https:\/\/folhapopular.info\/index.php\/2026\/01\/25\/o-atendimento-contou-com-apoio-do-samu-e-da-policia-rodoviaria-estadual-nao-houve-registro-de-outras-vitimas\/"},"author":{"name":"Reda\u00e7\u00e3o Folha Popular","@id":"https:\/\/folhapopular.info\/#\/schema\/person\/2814e8a0df7643585a9ca38bc6eb9d4b"},"headline":"Colis\u00e3o frontal deixa dois feridos na VRS-835, em Paverama","datePublished":"2026-01-25T21:30:12+00:00","dateModified":"2026-01-25T21:30:15+00:00","mainEntityOfPage":{"@id":"https:\/\/folhapopular.info\/index.php\/2026\/01\/25\/o-atendimento-contou-com-apoio-do-samu-e-da-policia-rodoviaria-estadual-nao-houve-registro-de-outras-vitimas\/"},"wordCount":159,"commentCount":0,"image":{"@id":"https:\/\/folhapopular.info\/index.php\/2026\/01\/25\/o-atendimento-contou-com-apoio-do-samu-e-da-policia-rodoviaria-estadual-nao-houve-registro-de-outras-vitimas\/#primaryimage"},"thumbnailUrl":"https:\/\/folhapopular.info\/wp-content\/uploads\/2026\/01\/a9cd5f90-d2f3-45e7-8bb2-af9c0c2d6de5.jpg","keywords":["Paverama. Acidente","Pol\u00edcia Rodovi\u00e1ria Estadual","PRE","Tr\u00e2nsito","VRS-835"],"articleSection":["Seguran\u00e7a","Tr\u00e2nsito"],"inLanguage":"pt-BR","potentialAction":[{"@type":"CommentAction","name":"Comment","target":["https:\/\/folhapopular.info\/index.php\/2026\/01\/25\/o-atendimento-contou-com-apoio-do-samu-e-da-policia-rodoviaria-estadual-nao-houve-registro-de-outras-vitimas\/#respond"]}]},{"@type":"WebPage","@id":"https:\/\/folhapopular.info\/index.php\/2026\/01\/25\/o-atendimento-contou-com-apoio-do-samu-e-da-policia-rodoviaria-estadual-nao-houve-registro-de-outras-vitimas\/","url":"https:\/\/folhapopular.info\/index.php\/2026\/01\/25\/o-atendimento-contou-com-apoio-do-samu-e-da-policia-rodoviaria-estadual-nao-houve-registro-de-outras-vitimas\/","name":"Colis\u00e3o frontal deixa dois feridos na VRS-835, em Paverama - Folha Popular","isPartOf":{"@id":"https:\/\/folhapopular.info\/#website"},"primaryImageOfPage":{"@id":"https:\/\/folhapopular.info\/index.php\/2026\/01\/25\/o-atendimento-contou-com-apoio-do-samu-e-da-policia-rodoviaria-estadual-nao-houve-registro-de-outras-vitimas\/#primaryimage"},"image":{"@id":"https:\/\/folhapopular.info\/index.php\/2026\/01\/25\/o-atendimento-contou-com-apoio-do-samu-e-da-policia-rodoviaria-estadual-nao-houve-registro-de-outras-vitimas\/#primaryimage"},"thumbnailUrl":"https:\/\/folhapopular.info\/wp-content\/uploads\/2026\/01\/a9cd5f90-d2f3-45e7-8bb2-af9c0c2d6de5.jpg","datePublished":"2026-01-25T21:30:12+00:00","dateModified":"2026-01-25T21:30:15+00:00","author":{"@id":"https:\/\/folhapopular.info\/#\/schema\/person\/2814e8a0df7643585a9ca38bc6eb9d4b"},"description":"Colis\u00e3o frontal deixa dois feridos na VRS-835, em Paverama.O atendimento contou com apoio do Samu e da Pol\u00edcia Rodovi\u00e1ria Estadual. N\u00e3o houve registro de outras v\u00edtimas.","breadcrumb":{"@id":"https:\/\/folhapopular.info\/index.php\/2026\/01\/25\/o-atendimento-contou-com-apoio-do-samu-e-da-policia-rodoviaria-estadual-nao-houve-registro-de-outras-vitimas\/#breadcrumb"},"inLanguage":"pt-BR","potentialAction":[{"@type":"ReadAction","target":["https:\/\/folhapopular.info\/index.php\/2026\/01\/25\/o-atendimento-contou-com-apoio-do-samu-e-da-policia-rodoviaria-estadual-nao-houve-registro-de-outras-vitimas\/"]}]},{"@type":"ImageObject","inLanguage":"pt-BR","@id":"https:\/\/folhapopular.info\/index.php\/2026\/01\/25\/o-atendimento-contou-com-apoio-do-samu-e-da-policia-rodoviaria-estadual-nao-houve-registro-de-outras-vitimas\/#primaryimage","url":"https:\/\/folhapopular.info\/wp-content\/uploads\/2026\/01\/a9cd5f90-d2f3-45e7-8bb2-af9c0c2d6de5.jpg","contentUrl":"https:\/\/folhapopular.info\/wp-content\/uploads\/2026\/01\/a9cd5f90-d2f3-45e7-8bb2-af9c0c2d6de5.jpg","width":960,"height":1280,"caption":"Cr\u00e9dito: Divulga\u00e7\u00e3o\/BVT"},{"@type":"BreadcrumbList","@id":"https:\/\/folhapopular.info\/index.php\/2026\/01\/25\/o-atendimento-contou-com-apoio-do-samu-e-da-policia-rodoviaria-estadual-nao-houve-registro-de-outras-vitimas\/#breadcrumb","itemListElement":[{"@type":"ListItem","position":1,"name":"In\u00edcio","item":"https:\/\/folhapopular.info\/"},{"@type":"ListItem","position":2,"name":"Colis\u00e3o frontal deixa dois feridos na VRS-835, em Paverama"}]},{"@type":"WebSite","@id":"https:\/\/folhapopular.info\/#website","url":"https:\/\/folhapopular.info\/","name":"Folha Popular","description":"Onde voc\u00ea tem vez e voz","potentialAction":[{"@type":"SearchAction","target":{"@type":"EntryPoint","urlTemplate":"https:\/\/folhapopular.info\/?s={search_term_string}"},"query-input":{"@type":"PropertyValueSpecification","valueRequired":true,"valueName":"search_term_string"}}],"inLanguage":"pt-BR"},{"@type":"Person","@id":"https:\/\/folhapopular.info\/#\/schema\/person\/2814e8a0df7643585a9ca38bc6eb9d4b","name":"Reda\u00e7\u00e3o Folha Popular","image":{"@type":"ImageObject","inLanguage":"pt-BR","@id":"https:\/\/folhapopular.info\/wp-content\/uploads\/2026\/04\/Folha-1.webp","url":"https:\/\/folhapopular.info\/wp-content\/uploads\/2026\/04\/Folha-1.webp","contentUrl":"https:\/\/folhapopular.info\/wp-content\/uploads\/2026\/04\/Folha-1.webp","caption":"Reda\u00e7\u00e3o Folha Popular"},"url":"https:\/\/folhapopular.info\/index.php\/author\/redacao\/"}]}},"jetpack_featured_media_url":"https:\/\/folhapopular.info\/wp-content\/uploads\/2026\/01\/a9cd5f90-d2f3-45e7-8bb2-af9c0c2d6de5.jpg","jetpack_sharing_enabled":true,"amp_enabled":true,"_links":{"self":[{"href":"https:\/\/folhapopular.info\/index.php\/wp-json\/wp\/v2\/posts\/202677","targetHints":{"allow":["GET"]}}],"collection":[{"href":"https:\/\/folhapopular.info\/index.php\/wp-json\/wp\/v2\/posts"}],"about":[{"href":"https:\/\/folhapopular.info\/index.php\/wp-json\/wp\/v2\/types\/post"}],"author":[{"embeddable":true,"href":"https:\/\/folhapopular.info\/index.php\/wp-json\/wp\/v2\/users\/8"}],"replies":[{"embeddable":true,"href":"https:\/\/folhapopular.info\/index.php\/wp-json\/wp\/v2\/comments?post=202677"}],"version-history":[{"count":0,"href":"https:\/\/folhapopular.info\/index.php\/wp-json\/wp\/v2\/posts\/202677\/revisions"}],"wp:featuredmedia":[{"embeddable":true,"href":"https:\/\/folhapopular.info\/index.php\/wp-json\/wp\/v2\/media\/202678"}],"wp:attachment":[{"href":"https:\/\/folhapopular.info\/index.php\/wp-json\/wp\/v2\/media?parent=202677"}],"wp:term":[{"taxonomy":"category","embeddable":true,"href":"https:\/\/folhapopular.info\/index.php\/wp-json\/wp\/v2\/categories?post=202677"},{"taxonomy":"post_tag","embeddable":true,"href":"https:\/\/folhapopular.info\/index.php\/wp-json\/wp\/v2\/tags?post=202677"}],"curies":[{"name":"wp","href":"https:\/\/api.w.org\/{rel}","templated":true}]}}