{"id":202745,"date":"2026-01-27T11:24:44","date_gmt":"2026-01-27T14:24:44","guid":{"rendered":"https:\/\/folhapopular.info\/?p=202745"},"modified":"2026-01-27T14:28:13","modified_gmt":"2026-01-27T17:28:13","slug":"10o-feminicidio-e-registrado-no-rio-grande-do-sul-em-2026","status":"publish","type":"post","link":"https:\/\/folhapopular.info\/index.php\/2026\/01\/27\/10o-feminicidio-e-registrado-no-rio-grande-do-sul-em-2026\/","title":{"rendered":"10\u00ba feminic\u00eddio \u00e9 registrado no Rio Grande do Sul em 2026"},"content":{"rendered":"\n<p>Uma mulher de 44 anos foi morta a facadas na noite desta segunda-feira (26\/1), no Bairro Renascen\u00e7a, em Santa Cruz do Sul, no Vale do Rio Pardo. Segundo a Pol\u00edcia Civil, o principal suspeito do crime \u00e9 o companheiro da v\u00edtima, um homem de 31 anos, que foi preso. Este \u00e9 o 10\u00ba feminic\u00eddio registrado no Rio Grande do Sul em 2026.<\/p>\n\n\n\n<p>De acordo com a investiga\u00e7\u00e3o, o casal teria discutido antes do crime, motivado por ci\u00fames e desconfian\u00e7a de trai\u00e7\u00e3o por parte do suspeito. A v\u00edtima, identificada como Paula Gomes Gonhi, foi atingida por golpes de faca e morreu na resid\u00eancia onde morava com o companheiro.<\/p>\n\n\n\n<p>O crime foi comunicado \u00e0 pol\u00edcia pelo filho da v\u00edtima, de 17 anos, que tamb\u00e9m reside no local. Ele \u00e9 fruto de um relacionamento anterior de Paula.<\/p>\n\n\n\n<p>Conforme o delegado Alessander Zucuni, o casal estava junto havia cerca de dois anos e tinha hist\u00f3rico de desentendimentos, especialmente relacionados ao consumo de \u00e1lcool por parte do suspeito. No entanto, n\u00e3o havia registros anteriores de viol\u00eancia dom\u00e9stica junto \u00e0 Pol\u00edcia Civil.<\/p>\n\n\n\n<p>Ap\u00f3s o crime, o homem tentou tirar a pr\u00f3pria vida, foi encaminhado para atendimento m\u00e9dico e, ap\u00f3s libera\u00e7\u00e3o, preso em flagrante. Questionado pela pol\u00edcia, ele optou por permanecer em sil\u00eancio. O suspeito possui antecedentes por dano, amea\u00e7a, tr\u00e1fico de drogas, desacato e les\u00e3o corporal.<\/p>\n\n\n\n<p>O caso ser\u00e1 investigado pela Delegacia Especializada no Atendimento \u00e0 Mulher.<\/p>\n","protected":false},"excerpt":{"rendered":"<p>Uma mulher de 44 anos foi morta a facadas na noite desta segunda-feira (26\/1), no Bairro Renascen\u00e7a, em Santa Cruz do Sul, no Vale do Rio Pardo. Segundo a Pol\u00edcia Civil, o principal suspeito do crime \u00e9 o companheiro da v\u00edtima, um homem de 31 anos, que foi preso. Este \u00e9 o 10\u00ba feminic\u00eddio registrado [&hellip;]<\/p>\n","protected":false},"author":8,"featured_media":127603,"comment_status":"open","ping_status":"open","sticky":false,"template":"","format":"standard","meta":{"pmpro_default_level":"","_jetpack_memberships_contains_paid_content":false,"footnotes":""},"categories":[2,10982,7],"tags":[1988,107,1794,543],"class_list":{"0":"post-202745","1":"post","2":"type-post","3":"status-publish","4":"format-standard","5":"has-post-thumbnail","7":"category-featured","8":"category-policia","9":"category-seguranca","10":"tag-feminicidio","11":"tag-prisao","12":"tag-rio-grande-do-sul","13":"tag-santa-cruz-do-sul","14":"pmpro-has-access"},"yoast_head":"<!-- This site is optimized with the Yoast SEO plugin v27.5 - https:\/\/yoast.com\/product\/yoast-seo-wordpress\/ -->\n<title>10\u00ba feminic\u00eddio \u00e9 registrado no Rio Grande do Sul em 2026 - Folha Popular<\/title>\n<meta name=\"robots\" content=\"index, follow, max-snippet:-1, max-image-preview:large, max-video-preview:-1\" \/>\n<link rel=\"canonical\" href=\"https:\/\/folhapopular.info\/index.php\/2026\/01\/27\/10o-feminicidio-e-registrado-no-rio-grande-do-sul-em-2026\/\" \/>\n<meta property=\"og:locale\" content=\"pt_BR\" \/>\n<meta property=\"og:type\" content=\"article\" \/>\n<meta property=\"og:title\" content=\"10\u00ba feminic\u00eddio \u00e9 registrado no Rio Grande do Sul em 2026 - Folha Popular\" \/>\n<meta property=\"og:description\" content=\"Uma mulher de 44 anos foi morta a facadas na noite desta segunda-feira (26\/1), no Bairro Renascen\u00e7a, em Santa Cruz do Sul, no Vale do Rio Pardo. Segundo a Pol\u00edcia Civil, o principal suspeito do crime \u00e9 o companheiro da v\u00edtima, um homem de 31 anos, que foi preso. Este \u00e9 o 10\u00ba feminic\u00eddio registrado [&hellip;]\" \/>\n<meta property=\"og:url\" content=\"https:\/\/folhapopular.info\/index.php\/2026\/01\/27\/10o-feminicidio-e-registrado-no-rio-grande-do-sul-em-2026\/\" \/>\n<meta property=\"og:site_name\" content=\"Folha Popular\" \/>\n<meta property=\"article:published_time\" content=\"2026-01-27T14:24:44+00:00\" \/>\n<meta property=\"article:modified_time\" content=\"2026-01-27T17:28:13+00:00\" \/>\n<meta property=\"og:image\" content=\"http:\/\/folhapopular.info\/wp-content\/uploads\/2023\/05\/ilustrativa-policia-1.jpg\" \/>\n\t<meta property=\"og:image:width\" content=\"760\" \/>\n\t<meta property=\"og:image:height\" content=\"431\" \/>\n\t<meta property=\"og:image:type\" content=\"image\/jpeg\" \/>\n<meta name=\"author\" content=\"Reda\u00e7\u00e3o Folha Popular\" \/>\n<meta name=\"twitter:card\" content=\"summary_large_image\" \/>\n<meta name=\"twitter:label1\" content=\"Escrito por\" \/>\n\t<meta name=\"twitter:data1\" content=\"Reda\u00e7\u00e3o Folha Popular\" \/>\n\t<meta name=\"twitter:label2\" content=\"Est. tempo de leitura\" \/>\n\t<meta name=\"twitter:data2\" content=\"2 minutos\" \/>\n<script type=\"application\/ld+json\" class=\"yoast-schema-graph\">{\"@context\":\"https:\\\/\\\/schema.org\",\"@graph\":[{\"@type\":\"Article\",\"@id\":\"https:\\\/\\\/folhapopular.info\\\/index.php\\\/2026\\\/01\\\/27\\\/10o-feminicidio-e-registrado-no-rio-grande-do-sul-em-2026\\\/#article\",\"isPartOf\":{\"@id\":\"https:\\\/\\\/folhapopular.info\\\/index.php\\\/2026\\\/01\\\/27\\\/10o-feminicidio-e-registrado-no-rio-grande-do-sul-em-2026\\\/\"},\"author\":{\"name\":\"Reda\u00e7\u00e3o Folha Popular\",\"@id\":\"https:\\\/\\\/folhapopular.info\\\/#\\\/schema\\\/person\\\/2814e8a0df7643585a9ca38bc6eb9d4b\"},\"headline\":\"10\u00ba feminic\u00eddio \u00e9 registrado no Rio Grande do Sul em 2026\",\"datePublished\":\"2026-01-27T14:24:44+00:00\",\"dateModified\":\"2026-01-27T17:28:13+00:00\",\"mainEntityOfPage\":{\"@id\":\"https:\\\/\\\/folhapopular.info\\\/index.php\\\/2026\\\/01\\\/27\\\/10o-feminicidio-e-registrado-no-rio-grande-do-sul-em-2026\\\/\"},\"wordCount\":256,\"commentCount\":0,\"image\":{\"@id\":\"https:\\\/\\\/folhapopular.info\\\/index.php\\\/2026\\\/01\\\/27\\\/10o-feminicidio-e-registrado-no-rio-grande-do-sul-em-2026\\\/#primaryimage\"},\"thumbnailUrl\":\"https:\\\/\\\/folhapopular.info\\\/wp-content\\\/uploads\\\/2023\\\/05\\\/ilustrativa-policia-1.jpg\",\"keywords\":[\"Feminic\u00eddio\",\"Pris\u00e3o\",\"Rio Grande do Sul\",\"Santa Cruz do Sul\"],\"articleSection\":[\"Destaques\",\"Pol\u00edcia\",\"Seguran\u00e7a\"],\"inLanguage\":\"pt-BR\",\"potentialAction\":[{\"@type\":\"CommentAction\",\"name\":\"Comment\",\"target\":[\"https:\\\/\\\/folhapopular.info\\\/index.php\\\/2026\\\/01\\\/27\\\/10o-feminicidio-e-registrado-no-rio-grande-do-sul-em-2026\\\/#respond\"]}]},{\"@type\":\"WebPage\",\"@id\":\"https:\\\/\\\/folhapopular.info\\\/index.php\\\/2026\\\/01\\\/27\\\/10o-feminicidio-e-registrado-no-rio-grande-do-sul-em-2026\\\/\",\"url\":\"https:\\\/\\\/folhapopular.info\\\/index.php\\\/2026\\\/01\\\/27\\\/10o-feminicidio-e-registrado-no-rio-grande-do-sul-em-2026\\\/\",\"name\":\"10\u00ba feminic\u00eddio \u00e9 registrado no Rio Grande do Sul em 2026 - Folha Popular\",\"isPartOf\":{\"@id\":\"https:\\\/\\\/folhapopular.info\\\/#website\"},\"primaryImageOfPage\":{\"@id\":\"https:\\\/\\\/folhapopular.info\\\/index.php\\\/2026\\\/01\\\/27\\\/10o-feminicidio-e-registrado-no-rio-grande-do-sul-em-2026\\\/#primaryimage\"},\"image\":{\"@id\":\"https:\\\/\\\/folhapopular.info\\\/index.php\\\/2026\\\/01\\\/27\\\/10o-feminicidio-e-registrado-no-rio-grande-do-sul-em-2026\\\/#primaryimage\"},\"thumbnailUrl\":\"https:\\\/\\\/folhapopular.info\\\/wp-content\\\/uploads\\\/2023\\\/05\\\/ilustrativa-policia-1.jpg\",\"datePublished\":\"2026-01-27T14:24:44+00:00\",\"dateModified\":\"2026-01-27T17:28:13+00:00\",\"author\":{\"@id\":\"https:\\\/\\\/folhapopular.info\\\/#\\\/schema\\\/person\\\/2814e8a0df7643585a9ca38bc6eb9d4b\"},\"breadcrumb\":{\"@id\":\"https:\\\/\\\/folhapopular.info\\\/index.php\\\/2026\\\/01\\\/27\\\/10o-feminicidio-e-registrado-no-rio-grande-do-sul-em-2026\\\/#breadcrumb\"},\"inLanguage\":\"pt-BR\",\"potentialAction\":[{\"@type\":\"ReadAction\",\"target\":[\"https:\\\/\\\/folhapopular.info\\\/index.php\\\/2026\\\/01\\\/27\\\/10o-feminicidio-e-registrado-no-rio-grande-do-sul-em-2026\\\/\"]}]},{\"@type\":\"ImageObject\",\"inLanguage\":\"pt-BR\",\"@id\":\"https:\\\/\\\/folhapopular.info\\\/index.php\\\/2026\\\/01\\\/27\\\/10o-feminicidio-e-registrado-no-rio-grande-do-sul-em-2026\\\/#primaryimage\",\"url\":\"https:\\\/\\\/folhapopular.info\\\/wp-content\\\/uploads\\\/2023\\\/05\\\/ilustrativa-policia-1.jpg\",\"contentUrl\":\"https:\\\/\\\/folhapopular.info\\\/wp-content\\\/uploads\\\/2023\\\/05\\\/ilustrativa-policia-1.jpg\",\"width\":760,\"height\":431},{\"@type\":\"BreadcrumbList\",\"@id\":\"https:\\\/\\\/folhapopular.info\\\/index.php\\\/2026\\\/01\\\/27\\\/10o-feminicidio-e-registrado-no-rio-grande-do-sul-em-2026\\\/#breadcrumb\",\"itemListElement\":[{\"@type\":\"ListItem\",\"position\":1,\"name\":\"In\u00edcio\",\"item\":\"https:\\\/\\\/folhapopular.info\\\/\"},{\"@type\":\"ListItem\",\"position\":2,\"name\":\"10\u00ba feminic\u00eddio \u00e9 registrado no Rio Grande do Sul em 2026\"}]},{\"@type\":\"WebSite\",\"@id\":\"https:\\\/\\\/folhapopular.info\\\/#website\",\"url\":\"https:\\\/\\\/folhapopular.info\\\/\",\"name\":\"Folha Popular\",\"description\":\"Onde voc\u00ea tem vez e voz\",\"potentialAction\":[{\"@type\":\"SearchAction\",\"target\":{\"@type\":\"EntryPoint\",\"urlTemplate\":\"https:\\\/\\\/folhapopular.info\\\/?s={search_term_string}\"},\"query-input\":{\"@type\":\"PropertyValueSpecification\",\"valueRequired\":true,\"valueName\":\"search_term_string\"}}],\"inLanguage\":\"pt-BR\"},{\"@type\":\"Person\",\"@id\":\"https:\\\/\\\/folhapopular.info\\\/#\\\/schema\\\/person\\\/2814e8a0df7643585a9ca38bc6eb9d4b\",\"name\":\"Reda\u00e7\u00e3o Folha Popular\",\"image\":{\"@type\":\"ImageObject\",\"inLanguage\":\"pt-BR\",\"@id\":\"https:\\\/\\\/folhapopular.info\\\/wp-content\\\/uploads\\\/2026\\\/04\\\/Folha-1.webp\",\"url\":\"https:\\\/\\\/folhapopular.info\\\/wp-content\\\/uploads\\\/2026\\\/04\\\/Folha-1.webp\",\"contentUrl\":\"https:\\\/\\\/folhapopular.info\\\/wp-content\\\/uploads\\\/2026\\\/04\\\/Folha-1.webp\",\"caption\":\"Reda\u00e7\u00e3o Folha Popular\"},\"url\":\"https:\\\/\\\/folhapopular.info\\\/index.php\\\/author\\\/redacao\\\/\"}]}<\/script>\n<!-- \/ Yoast SEO plugin. -->","yoast_head_json":{"title":"10\u00ba feminic\u00eddio \u00e9 registrado no Rio Grande do Sul em 2026 - Folha Popular","robots":{"index":"index","follow":"follow","max-snippet":"max-snippet:-1","max-image-preview":"max-image-preview:large","max-video-preview":"max-video-preview:-1"},"canonical":"https:\/\/folhapopular.info\/index.php\/2026\/01\/27\/10o-feminicidio-e-registrado-no-rio-grande-do-sul-em-2026\/","og_locale":"pt_BR","og_type":"article","og_title":"10\u00ba feminic\u00eddio \u00e9 registrado no Rio Grande do Sul em 2026 - Folha Popular","og_description":"Uma mulher de 44 anos foi morta a facadas na noite desta segunda-feira (26\/1), no Bairro Renascen\u00e7a, em Santa Cruz do Sul, no Vale do Rio Pardo. Segundo a Pol\u00edcia Civil, o principal suspeito do crime \u00e9 o companheiro da v\u00edtima, um homem de 31 anos, que foi preso. Este \u00e9 o 10\u00ba feminic\u00eddio registrado [&hellip;]","og_url":"https:\/\/folhapopular.info\/index.php\/2026\/01\/27\/10o-feminicidio-e-registrado-no-rio-grande-do-sul-em-2026\/","og_site_name":"Folha Popular","article_published_time":"2026-01-27T14:24:44+00:00","article_modified_time":"2026-01-27T17:28:13+00:00","og_image":[{"width":760,"height":431,"url":"http:\/\/folhapopular.info\/wp-content\/uploads\/2023\/05\/ilustrativa-policia-1.jpg","type":"image\/jpeg"}],"author":"Reda\u00e7\u00e3o Folha Popular","twitter_card":"summary_large_image","twitter_misc":{"Escrito por":"Reda\u00e7\u00e3o Folha Popular","Est. tempo de leitura":"2 minutos"},"schema":{"@context":"https:\/\/schema.org","@graph":[{"@type":"Article","@id":"https:\/\/folhapopular.info\/index.php\/2026\/01\/27\/10o-feminicidio-e-registrado-no-rio-grande-do-sul-em-2026\/#article","isPartOf":{"@id":"https:\/\/folhapopular.info\/index.php\/2026\/01\/27\/10o-feminicidio-e-registrado-no-rio-grande-do-sul-em-2026\/"},"author":{"name":"Reda\u00e7\u00e3o Folha Popular","@id":"https:\/\/folhapopular.info\/#\/schema\/person\/2814e8a0df7643585a9ca38bc6eb9d4b"},"headline":"10\u00ba feminic\u00eddio \u00e9 registrado no Rio Grande do Sul em 2026","datePublished":"2026-01-27T14:24:44+00:00","dateModified":"2026-01-27T17:28:13+00:00","mainEntityOfPage":{"@id":"https:\/\/folhapopular.info\/index.php\/2026\/01\/27\/10o-feminicidio-e-registrado-no-rio-grande-do-sul-em-2026\/"},"wordCount":256,"commentCount":0,"image":{"@id":"https:\/\/folhapopular.info\/index.php\/2026\/01\/27\/10o-feminicidio-e-registrado-no-rio-grande-do-sul-em-2026\/#primaryimage"},"thumbnailUrl":"https:\/\/folhapopular.info\/wp-content\/uploads\/2023\/05\/ilustrativa-policia-1.jpg","keywords":["Feminic\u00eddio","Pris\u00e3o","Rio Grande do Sul","Santa Cruz do Sul"],"articleSection":["Destaques","Pol\u00edcia","Seguran\u00e7a"],"inLanguage":"pt-BR","potentialAction":[{"@type":"CommentAction","name":"Comment","target":["https:\/\/folhapopular.info\/index.php\/2026\/01\/27\/10o-feminicidio-e-registrado-no-rio-grande-do-sul-em-2026\/#respond"]}]},{"@type":"WebPage","@id":"https:\/\/folhapopular.info\/index.php\/2026\/01\/27\/10o-feminicidio-e-registrado-no-rio-grande-do-sul-em-2026\/","url":"https:\/\/folhapopular.info\/index.php\/2026\/01\/27\/10o-feminicidio-e-registrado-no-rio-grande-do-sul-em-2026\/","name":"10\u00ba feminic\u00eddio \u00e9 registrado no Rio Grande do Sul em 2026 - Folha Popular","isPartOf":{"@id":"https:\/\/folhapopular.info\/#website"},"primaryImageOfPage":{"@id":"https:\/\/folhapopular.info\/index.php\/2026\/01\/27\/10o-feminicidio-e-registrado-no-rio-grande-do-sul-em-2026\/#primaryimage"},"image":{"@id":"https:\/\/folhapopular.info\/index.php\/2026\/01\/27\/10o-feminicidio-e-registrado-no-rio-grande-do-sul-em-2026\/#primaryimage"},"thumbnailUrl":"https:\/\/folhapopular.info\/wp-content\/uploads\/2023\/05\/ilustrativa-policia-1.jpg","datePublished":"2026-01-27T14:24:44+00:00","dateModified":"2026-01-27T17:28:13+00:00","author":{"@id":"https:\/\/folhapopular.info\/#\/schema\/person\/2814e8a0df7643585a9ca38bc6eb9d4b"},"breadcrumb":{"@id":"https:\/\/folhapopular.info\/index.php\/2026\/01\/27\/10o-feminicidio-e-registrado-no-rio-grande-do-sul-em-2026\/#breadcrumb"},"inLanguage":"pt-BR","potentialAction":[{"@type":"ReadAction","target":["https:\/\/folhapopular.info\/index.php\/2026\/01\/27\/10o-feminicidio-e-registrado-no-rio-grande-do-sul-em-2026\/"]}]},{"@type":"ImageObject","inLanguage":"pt-BR","@id":"https:\/\/folhapopular.info\/index.php\/2026\/01\/27\/10o-feminicidio-e-registrado-no-rio-grande-do-sul-em-2026\/#primaryimage","url":"https:\/\/folhapopular.info\/wp-content\/uploads\/2023\/05\/ilustrativa-policia-1.jpg","contentUrl":"https:\/\/folhapopular.info\/wp-content\/uploads\/2023\/05\/ilustrativa-policia-1.jpg","width":760,"height":431},{"@type":"BreadcrumbList","@id":"https:\/\/folhapopular.info\/index.php\/2026\/01\/27\/10o-feminicidio-e-registrado-no-rio-grande-do-sul-em-2026\/#breadcrumb","itemListElement":[{"@type":"ListItem","position":1,"name":"In\u00edcio","item":"https:\/\/folhapopular.info\/"},{"@type":"ListItem","position":2,"name":"10\u00ba feminic\u00eddio \u00e9 registrado no Rio Grande do Sul em 2026"}]},{"@type":"WebSite","@id":"https:\/\/folhapopular.info\/#website","url":"https:\/\/folhapopular.info\/","name":"Folha Popular","description":"Onde voc\u00ea tem vez e voz","potentialAction":[{"@type":"SearchAction","target":{"@type":"EntryPoint","urlTemplate":"https:\/\/folhapopular.info\/?s={search_term_string}"},"query-input":{"@type":"PropertyValueSpecification","valueRequired":true,"valueName":"search_term_string"}}],"inLanguage":"pt-BR"},{"@type":"Person","@id":"https:\/\/folhapopular.info\/#\/schema\/person\/2814e8a0df7643585a9ca38bc6eb9d4b","name":"Reda\u00e7\u00e3o Folha Popular","image":{"@type":"ImageObject","inLanguage":"pt-BR","@id":"https:\/\/folhapopular.info\/wp-content\/uploads\/2026\/04\/Folha-1.webp","url":"https:\/\/folhapopular.info\/wp-content\/uploads\/2026\/04\/Folha-1.webp","contentUrl":"https:\/\/folhapopular.info\/wp-content\/uploads\/2026\/04\/Folha-1.webp","caption":"Reda\u00e7\u00e3o Folha Popular"},"url":"https:\/\/folhapopular.info\/index.php\/author\/redacao\/"}]}},"jetpack_featured_media_url":"https:\/\/folhapopular.info\/wp-content\/uploads\/2023\/05\/ilustrativa-policia-1.jpg","jetpack_sharing_enabled":true,"amp_enabled":true,"_links":{"self":[{"href":"https:\/\/folhapopular.info\/index.php\/wp-json\/wp\/v2\/posts\/202745","targetHints":{"allow":["GET"]}}],"collection":[{"href":"https:\/\/folhapopular.info\/index.php\/wp-json\/wp\/v2\/posts"}],"about":[{"href":"https:\/\/folhapopular.info\/index.php\/wp-json\/wp\/v2\/types\/post"}],"author":[{"embeddable":true,"href":"https:\/\/folhapopular.info\/index.php\/wp-json\/wp\/v2\/users\/8"}],"replies":[{"embeddable":true,"href":"https:\/\/folhapopular.info\/index.php\/wp-json\/wp\/v2\/comments?post=202745"}],"version-history":[{"count":0,"href":"https:\/\/folhapopular.info\/index.php\/wp-json\/wp\/v2\/posts\/202745\/revisions"}],"wp:featuredmedia":[{"embeddable":true,"href":"https:\/\/folhapopular.info\/index.php\/wp-json\/wp\/v2\/media\/127603"}],"wp:attachment":[{"href":"https:\/\/folhapopular.info\/index.php\/wp-json\/wp\/v2\/media?parent=202745"}],"wp:term":[{"taxonomy":"category","embeddable":true,"href":"https:\/\/folhapopular.info\/index.php\/wp-json\/wp\/v2\/categories?post=202745"},{"taxonomy":"post_tag","embeddable":true,"href":"https:\/\/folhapopular.info\/index.php\/wp-json\/wp\/v2\/tags?post=202745"}],"curies":[{"name":"wp","href":"https:\/\/api.w.org\/{rel}","templated":true}]}}