{"id":202760,"date":"2026-01-27T16:13:57","date_gmt":"2026-01-27T19:13:57","guid":{"rendered":"https:\/\/folhapopular.info\/?p=202760"},"modified":"2026-01-27T16:14:00","modified_gmt":"2026-01-27T19:14:00","slug":"ano-letivo-de-2026-comeca-com-foco-em-qualidade-de-ensino-em-boa-vista-do-sul","status":"publish","type":"post","link":"https:\/\/folhapopular.info\/index.php\/2026\/01\/27\/ano-letivo-de-2026-comeca-com-foco-em-qualidade-de-ensino-em-boa-vista-do-sul\/","title":{"rendered":"Ano letivo de 2026 come\u00e7a com foco em qualidade de ensino em Boa Vista do Sul"},"content":{"rendered":"\n<p>Com o in\u00edcio de um novo ano letivo, escolas de toda a regi\u00e3o retomam suas atividades e voltam a receber alunos, professores e equipes pedag\u00f3gicas, marcando o fim do per\u00edodo de f\u00e9rias e o recome\u00e7o da rotina escolar.&nbsp;<\/p>\n\n\n\n<p>A volta \u00e0s aulas representa n\u00e3o apenas o retorno \u00e0s salas, mas tamb\u00e9m um momento de expectativa, adapta\u00e7\u00e3o e planejamento.&nbsp;<\/p>\n\n\n\n<p>A cidade de Boa Vista do Sul foca na qualidade do ensino, com investimentos em forma\u00e7\u00e3o e capacita\u00e7\u00e3o para todos os profissionais ligados \u00e0 educa\u00e7\u00e3o, abrangendo equipes da secretaria, atendentes, auxiliares, merendeiras e professores.&nbsp;<\/p>\n\n\n\n<p><strong>N\u00famero de matr\u00edculas cresce em 2026<\/strong><\/p>\n\n\n\n<p>Com o aumento de alunos, o quadro de professores est\u00e1 completo para acolher as crian\u00e7as e jovens. O calend\u00e1rio escolar prev\u00ea o in\u00edcio das aulas para os estudantes no dia 18 de fevereiro de 2026. J\u00e1 os professores retornam no dia 4 de fevereiro. A semana ser\u00e1 destinada a forma\u00e7\u00f5es, planejamento pedag\u00f3gico e ajustes organizacionais necess\u00e1rios para o bom andamento do ano letivo.<\/p>\n\n\n\n<p>J\u00e1 em rela\u00e7\u00e3o ao transporte escolar, a log\u00edstica encontra-se devidamente organizada e, neste momento, passa pelo processo licitat\u00f3rio.<\/p>\n\n\n\n<p>Al\u00e9m disso, ao longo de 2025 foram realizadas melhorias na Emei Sementinhas do Bem e na Emef Duque de Caxias, incluindo a revitaliza\u00e7\u00e3o dos p\u00e1tios, aquisi\u00e7\u00e3o de novos playgrounds e novas lousas.<\/p>\n\n\n\n<p>Por fim, a possibilidade de amplia\u00e7\u00e3o da Emef Duque de Caxias segue na pauta da administra\u00e7\u00e3o municipal, com o projeto atualmente em fase de an\u00e1lise t\u00e9cnica, levantamento de dados e estudos or\u00e7ament\u00e1rios. As etapas s\u00e3o essenciais para avaliar a viabilidade, o planejamento e sua futura execu\u00e7\u00e3o.<\/p>\n","protected":false},"excerpt":{"rendered":"<p>Com o in\u00edcio de um novo ano letivo, escolas de toda a regi\u00e3o retomam suas atividades e voltam a receber alunos, professores e equipes pedag\u00f3gicas, marcando o fim do per\u00edodo de f\u00e9rias e o recome\u00e7o da rotina escolar.&nbsp; A volta \u00e0s aulas representa n\u00e3o apenas o retorno \u00e0s salas, mas tamb\u00e9m um momento de expectativa, [&hellip;]<\/p>\n","protected":false},"author":773,"featured_media":202763,"comment_status":"open","ping_status":"open","sticky":false,"template":"","format":"standard","meta":{"pmpro_default_level":"","_jetpack_memberships_contains_paid_content":false,"footnotes":""},"categories":[10988,3],"tags":[1404,73,5566],"class_list":{"0":"post-202760","1":"post","2":"type-post","3":"status-publish","4":"format-standard","5":"has-post-thumbnail","7":"category-educacao","8":"category-geral","9":"tag-boa-vista-do-sul","10":"tag-educacao","11":"tag-volta-as-aulas-2","12":"pmpro-has-access"},"yoast_head":"<!-- This site is optimized with the Yoast SEO plugin v27.5 - https:\/\/yoast.com\/product\/yoast-seo-wordpress\/ -->\n<title>Ano letivo de 2026 come\u00e7a com foco em qualidade de ensino em Boa Vista do Sul - Folha Popular<\/title>\n<meta name=\"robots\" content=\"index, follow, max-snippet:-1, max-image-preview:large, max-video-preview:-1\" \/>\n<link rel=\"canonical\" href=\"https:\/\/folhapopular.info\/index.php\/2026\/01\/27\/ano-letivo-de-2026-comeca-com-foco-em-qualidade-de-ensino-em-boa-vista-do-sul\/\" \/>\n<meta property=\"og:locale\" content=\"pt_BR\" \/>\n<meta property=\"og:type\" content=\"article\" \/>\n<meta property=\"og:title\" content=\"Ano letivo de 2026 come\u00e7a com foco em qualidade de ensino em Boa Vista do Sul - Folha Popular\" \/>\n<meta property=\"og:description\" content=\"Com o in\u00edcio de um novo ano letivo, escolas de toda a regi\u00e3o retomam suas atividades e voltam a receber alunos, professores e equipes pedag\u00f3gicas, marcando o fim do per\u00edodo de f\u00e9rias e o recome\u00e7o da rotina escolar.&nbsp; A volta \u00e0s aulas representa n\u00e3o apenas o retorno \u00e0s salas, mas tamb\u00e9m um momento de expectativa, [&hellip;]\" \/>\n<meta property=\"og:url\" content=\"https:\/\/folhapopular.info\/index.php\/2026\/01\/27\/ano-letivo-de-2026-comeca-com-foco-em-qualidade-de-ensino-em-boa-vista-do-sul\/\" \/>\n<meta property=\"og:site_name\" content=\"Folha Popular\" \/>\n<meta property=\"article:published_time\" content=\"2026-01-27T19:13:57+00:00\" \/>\n<meta property=\"article:modified_time\" content=\"2026-01-27T19:14:00+00:00\" \/>\n<meta property=\"og:image\" content=\"http:\/\/folhapopular.info\/wp-content\/uploads\/2026\/01\/f4892997-d47b-4d9e-827d-fd5a5ce49cd1.png\" \/>\n\t<meta property=\"og:image:width\" content=\"1280\" \/>\n\t<meta property=\"og:image:height\" content=\"960\" \/>\n\t<meta property=\"og:image:type\" content=\"image\/png\" \/>\n<meta name=\"author\" content=\"Gabriely Hartmann Mallmann\" \/>\n<meta name=\"twitter:card\" content=\"summary_large_image\" \/>\n<meta name=\"twitter:label1\" content=\"Escrito por\" \/>\n\t<meta name=\"twitter:data1\" content=\"Gabriely Hartmann Mallmann\" \/>\n\t<meta name=\"twitter:label2\" content=\"Est. tempo de leitura\" \/>\n\t<meta name=\"twitter:data2\" content=\"2 minutos\" \/>\n<script type=\"application\/ld+json\" class=\"yoast-schema-graph\">{\"@context\":\"https:\\\/\\\/schema.org\",\"@graph\":[{\"@type\":\"Article\",\"@id\":\"https:\\\/\\\/folhapopular.info\\\/index.php\\\/2026\\\/01\\\/27\\\/ano-letivo-de-2026-comeca-com-foco-em-qualidade-de-ensino-em-boa-vista-do-sul\\\/#article\",\"isPartOf\":{\"@id\":\"https:\\\/\\\/folhapopular.info\\\/index.php\\\/2026\\\/01\\\/27\\\/ano-letivo-de-2026-comeca-com-foco-em-qualidade-de-ensino-em-boa-vista-do-sul\\\/\"},\"author\":{\"name\":\"Gabriely Hartmann Mallmann\",\"@id\":\"https:\\\/\\\/folhapopular.info\\\/#\\\/schema\\\/person\\\/41b3bb1ecf6e33e81cbab2c29b178754\"},\"headline\":\"Ano letivo de 2026 come\u00e7a com foco em qualidade de ensino em Boa Vista do Sul\",\"datePublished\":\"2026-01-27T19:13:57+00:00\",\"dateModified\":\"2026-01-27T19:14:00+00:00\",\"mainEntityOfPage\":{\"@id\":\"https:\\\/\\\/folhapopular.info\\\/index.php\\\/2026\\\/01\\\/27\\\/ano-letivo-de-2026-comeca-com-foco-em-qualidade-de-ensino-em-boa-vista-do-sul\\\/\"},\"wordCount\":305,\"commentCount\":0,\"image\":{\"@id\":\"https:\\\/\\\/folhapopular.info\\\/index.php\\\/2026\\\/01\\\/27\\\/ano-letivo-de-2026-comeca-com-foco-em-qualidade-de-ensino-em-boa-vista-do-sul\\\/#primaryimage\"},\"thumbnailUrl\":\"https:\\\/\\\/folhapopular.info\\\/wp-content\\\/uploads\\\/2026\\\/01\\\/f4892997-d47b-4d9e-827d-fd5a5ce49cd1.png\",\"keywords\":[\"Boa Vista do Sul\",\"Educa\u00e7\u00e3o\",\"Volta as aulas\"],\"articleSection\":[\"Educa\u00e7\u00e3o\",\"Geral\"],\"inLanguage\":\"pt-BR\",\"potentialAction\":[{\"@type\":\"CommentAction\",\"name\":\"Comment\",\"target\":[\"https:\\\/\\\/folhapopular.info\\\/index.php\\\/2026\\\/01\\\/27\\\/ano-letivo-de-2026-comeca-com-foco-em-qualidade-de-ensino-em-boa-vista-do-sul\\\/#respond\"]}]},{\"@type\":\"WebPage\",\"@id\":\"https:\\\/\\\/folhapopular.info\\\/index.php\\\/2026\\\/01\\\/27\\\/ano-letivo-de-2026-comeca-com-foco-em-qualidade-de-ensino-em-boa-vista-do-sul\\\/\",\"url\":\"https:\\\/\\\/folhapopular.info\\\/index.php\\\/2026\\\/01\\\/27\\\/ano-letivo-de-2026-comeca-com-foco-em-qualidade-de-ensino-em-boa-vista-do-sul\\\/\",\"name\":\"Ano letivo de 2026 come\u00e7a com foco em qualidade de ensino em Boa Vista do Sul - Folha Popular\",\"isPartOf\":{\"@id\":\"https:\\\/\\\/folhapopular.info\\\/#website\"},\"primaryImageOfPage\":{\"@id\":\"https:\\\/\\\/folhapopular.info\\\/index.php\\\/2026\\\/01\\\/27\\\/ano-letivo-de-2026-comeca-com-foco-em-qualidade-de-ensino-em-boa-vista-do-sul\\\/#primaryimage\"},\"image\":{\"@id\":\"https:\\\/\\\/folhapopular.info\\\/index.php\\\/2026\\\/01\\\/27\\\/ano-letivo-de-2026-comeca-com-foco-em-qualidade-de-ensino-em-boa-vista-do-sul\\\/#primaryimage\"},\"thumbnailUrl\":\"https:\\\/\\\/folhapopular.info\\\/wp-content\\\/uploads\\\/2026\\\/01\\\/f4892997-d47b-4d9e-827d-fd5a5ce49cd1.png\",\"datePublished\":\"2026-01-27T19:13:57+00:00\",\"dateModified\":\"2026-01-27T19:14:00+00:00\",\"author\":{\"@id\":\"https:\\\/\\\/folhapopular.info\\\/#\\\/schema\\\/person\\\/41b3bb1ecf6e33e81cbab2c29b178754\"},\"breadcrumb\":{\"@id\":\"https:\\\/\\\/folhapopular.info\\\/index.php\\\/2026\\\/01\\\/27\\\/ano-letivo-de-2026-comeca-com-foco-em-qualidade-de-ensino-em-boa-vista-do-sul\\\/#breadcrumb\"},\"inLanguage\":\"pt-BR\",\"potentialAction\":[{\"@type\":\"ReadAction\",\"target\":[\"https:\\\/\\\/folhapopular.info\\\/index.php\\\/2026\\\/01\\\/27\\\/ano-letivo-de-2026-comeca-com-foco-em-qualidade-de-ensino-em-boa-vista-do-sul\\\/\"]}]},{\"@type\":\"ImageObject\",\"inLanguage\":\"pt-BR\",\"@id\":\"https:\\\/\\\/folhapopular.info\\\/index.php\\\/2026\\\/01\\\/27\\\/ano-letivo-de-2026-comeca-com-foco-em-qualidade-de-ensino-em-boa-vista-do-sul\\\/#primaryimage\",\"url\":\"https:\\\/\\\/folhapopular.info\\\/wp-content\\\/uploads\\\/2026\\\/01\\\/f4892997-d47b-4d9e-827d-fd5a5ce49cd1.png\",\"contentUrl\":\"https:\\\/\\\/folhapopular.info\\\/wp-content\\\/uploads\\\/2026\\\/01\\\/f4892997-d47b-4d9e-827d-fd5a5ce49cd1.png\",\"width\":1280,\"height\":960,\"caption\":\"Cr\u00e9dito: Gabriely Mallmann\"},{\"@type\":\"BreadcrumbList\",\"@id\":\"https:\\\/\\\/folhapopular.info\\\/index.php\\\/2026\\\/01\\\/27\\\/ano-letivo-de-2026-comeca-com-foco-em-qualidade-de-ensino-em-boa-vista-do-sul\\\/#breadcrumb\",\"itemListElement\":[{\"@type\":\"ListItem\",\"position\":1,\"name\":\"In\u00edcio\",\"item\":\"https:\\\/\\\/folhapopular.info\\\/\"},{\"@type\":\"ListItem\",\"position\":2,\"name\":\"Ano letivo de 2026 come\u00e7a com foco em qualidade de ensino em Boa Vista do Sul\"}]},{\"@type\":\"WebSite\",\"@id\":\"https:\\\/\\\/folhapopular.info\\\/#website\",\"url\":\"https:\\\/\\\/folhapopular.info\\\/\",\"name\":\"Folha Popular\",\"description\":\"Onde voc\u00ea tem vez e voz\",\"potentialAction\":[{\"@type\":\"SearchAction\",\"target\":{\"@type\":\"EntryPoint\",\"urlTemplate\":\"https:\\\/\\\/folhapopular.info\\\/?s={search_term_string}\"},\"query-input\":{\"@type\":\"PropertyValueSpecification\",\"valueRequired\":true,\"valueName\":\"search_term_string\"}}],\"inLanguage\":\"pt-BR\"},{\"@type\":\"Person\",\"@id\":\"https:\\\/\\\/folhapopular.info\\\/#\\\/schema\\\/person\\\/41b3bb1ecf6e33e81cbab2c29b178754\",\"name\":\"Gabriely Hartmann Mallmann\",\"image\":{\"@type\":\"ImageObject\",\"inLanguage\":\"pt-BR\",\"@id\":\"https:\\\/\\\/secure.gravatar.com\\\/avatar\\\/92999d30b0cc9bf49e6aa3c07c592bb06855a37dcfbdc7bbe6567a4637e999ce?s=96&d=mm&r=g\",\"url\":\"https:\\\/\\\/secure.gravatar.com\\\/avatar\\\/92999d30b0cc9bf49e6aa3c07c592bb06855a37dcfbdc7bbe6567a4637e999ce?s=96&d=mm&r=g\",\"contentUrl\":\"https:\\\/\\\/secure.gravatar.com\\\/avatar\\\/92999d30b0cc9bf49e6aa3c07c592bb06855a37dcfbdc7bbe6567a4637e999ce?s=96&d=mm&r=g\",\"caption\":\"Gabriely Hartmann Mallmann\"},\"url\":\"https:\\\/\\\/folhapopular.info\\\/index.php\\\/author\\\/gabriely-hartmann-mallmann\\\/\"}]}<\/script>\n<!-- \/ Yoast SEO plugin. -->","yoast_head_json":{"title":"Ano letivo de 2026 come\u00e7a com foco em qualidade de ensino em Boa Vista do Sul - Folha Popular","robots":{"index":"index","follow":"follow","max-snippet":"max-snippet:-1","max-image-preview":"max-image-preview:large","max-video-preview":"max-video-preview:-1"},"canonical":"https:\/\/folhapopular.info\/index.php\/2026\/01\/27\/ano-letivo-de-2026-comeca-com-foco-em-qualidade-de-ensino-em-boa-vista-do-sul\/","og_locale":"pt_BR","og_type":"article","og_title":"Ano letivo de 2026 come\u00e7a com foco em qualidade de ensino em Boa Vista do Sul - Folha Popular","og_description":"Com o in\u00edcio de um novo ano letivo, escolas de toda a regi\u00e3o retomam suas atividades e voltam a receber alunos, professores e equipes pedag\u00f3gicas, marcando o fim do per\u00edodo de f\u00e9rias e o recome\u00e7o da rotina escolar.&nbsp; A volta \u00e0s aulas representa n\u00e3o apenas o retorno \u00e0s salas, mas tamb\u00e9m um momento de expectativa, [&hellip;]","og_url":"https:\/\/folhapopular.info\/index.php\/2026\/01\/27\/ano-letivo-de-2026-comeca-com-foco-em-qualidade-de-ensino-em-boa-vista-do-sul\/","og_site_name":"Folha Popular","article_published_time":"2026-01-27T19:13:57+00:00","article_modified_time":"2026-01-27T19:14:00+00:00","og_image":[{"width":1280,"height":960,"url":"http:\/\/folhapopular.info\/wp-content\/uploads\/2026\/01\/f4892997-d47b-4d9e-827d-fd5a5ce49cd1.png","type":"image\/png"}],"author":"Gabriely Hartmann Mallmann","twitter_card":"summary_large_image","twitter_misc":{"Escrito por":"Gabriely Hartmann Mallmann","Est. tempo de leitura":"2 minutos"},"schema":{"@context":"https:\/\/schema.org","@graph":[{"@type":"Article","@id":"https:\/\/folhapopular.info\/index.php\/2026\/01\/27\/ano-letivo-de-2026-comeca-com-foco-em-qualidade-de-ensino-em-boa-vista-do-sul\/#article","isPartOf":{"@id":"https:\/\/folhapopular.info\/index.php\/2026\/01\/27\/ano-letivo-de-2026-comeca-com-foco-em-qualidade-de-ensino-em-boa-vista-do-sul\/"},"author":{"name":"Gabriely Hartmann Mallmann","@id":"https:\/\/folhapopular.info\/#\/schema\/person\/41b3bb1ecf6e33e81cbab2c29b178754"},"headline":"Ano letivo de 2026 come\u00e7a com foco em qualidade de ensino em Boa Vista do Sul","datePublished":"2026-01-27T19:13:57+00:00","dateModified":"2026-01-27T19:14:00+00:00","mainEntityOfPage":{"@id":"https:\/\/folhapopular.info\/index.php\/2026\/01\/27\/ano-letivo-de-2026-comeca-com-foco-em-qualidade-de-ensino-em-boa-vista-do-sul\/"},"wordCount":305,"commentCount":0,"image":{"@id":"https:\/\/folhapopular.info\/index.php\/2026\/01\/27\/ano-letivo-de-2026-comeca-com-foco-em-qualidade-de-ensino-em-boa-vista-do-sul\/#primaryimage"},"thumbnailUrl":"https:\/\/folhapopular.info\/wp-content\/uploads\/2026\/01\/f4892997-d47b-4d9e-827d-fd5a5ce49cd1.png","keywords":["Boa Vista do Sul","Educa\u00e7\u00e3o","Volta as aulas"],"articleSection":["Educa\u00e7\u00e3o","Geral"],"inLanguage":"pt-BR","potentialAction":[{"@type":"CommentAction","name":"Comment","target":["https:\/\/folhapopular.info\/index.php\/2026\/01\/27\/ano-letivo-de-2026-comeca-com-foco-em-qualidade-de-ensino-em-boa-vista-do-sul\/#respond"]}]},{"@type":"WebPage","@id":"https:\/\/folhapopular.info\/index.php\/2026\/01\/27\/ano-letivo-de-2026-comeca-com-foco-em-qualidade-de-ensino-em-boa-vista-do-sul\/","url":"https:\/\/folhapopular.info\/index.php\/2026\/01\/27\/ano-letivo-de-2026-comeca-com-foco-em-qualidade-de-ensino-em-boa-vista-do-sul\/","name":"Ano letivo de 2026 come\u00e7a com foco em qualidade de ensino em Boa Vista do Sul - Folha Popular","isPartOf":{"@id":"https:\/\/folhapopular.info\/#website"},"primaryImageOfPage":{"@id":"https:\/\/folhapopular.info\/index.php\/2026\/01\/27\/ano-letivo-de-2026-comeca-com-foco-em-qualidade-de-ensino-em-boa-vista-do-sul\/#primaryimage"},"image":{"@id":"https:\/\/folhapopular.info\/index.php\/2026\/01\/27\/ano-letivo-de-2026-comeca-com-foco-em-qualidade-de-ensino-em-boa-vista-do-sul\/#primaryimage"},"thumbnailUrl":"https:\/\/folhapopular.info\/wp-content\/uploads\/2026\/01\/f4892997-d47b-4d9e-827d-fd5a5ce49cd1.png","datePublished":"2026-01-27T19:13:57+00:00","dateModified":"2026-01-27T19:14:00+00:00","author":{"@id":"https:\/\/folhapopular.info\/#\/schema\/person\/41b3bb1ecf6e33e81cbab2c29b178754"},"breadcrumb":{"@id":"https:\/\/folhapopular.info\/index.php\/2026\/01\/27\/ano-letivo-de-2026-comeca-com-foco-em-qualidade-de-ensino-em-boa-vista-do-sul\/#breadcrumb"},"inLanguage":"pt-BR","potentialAction":[{"@type":"ReadAction","target":["https:\/\/folhapopular.info\/index.php\/2026\/01\/27\/ano-letivo-de-2026-comeca-com-foco-em-qualidade-de-ensino-em-boa-vista-do-sul\/"]}]},{"@type":"ImageObject","inLanguage":"pt-BR","@id":"https:\/\/folhapopular.info\/index.php\/2026\/01\/27\/ano-letivo-de-2026-comeca-com-foco-em-qualidade-de-ensino-em-boa-vista-do-sul\/#primaryimage","url":"https:\/\/folhapopular.info\/wp-content\/uploads\/2026\/01\/f4892997-d47b-4d9e-827d-fd5a5ce49cd1.png","contentUrl":"https:\/\/folhapopular.info\/wp-content\/uploads\/2026\/01\/f4892997-d47b-4d9e-827d-fd5a5ce49cd1.png","width":1280,"height":960,"caption":"Cr\u00e9dito: Gabriely Mallmann"},{"@type":"BreadcrumbList","@id":"https:\/\/folhapopular.info\/index.php\/2026\/01\/27\/ano-letivo-de-2026-comeca-com-foco-em-qualidade-de-ensino-em-boa-vista-do-sul\/#breadcrumb","itemListElement":[{"@type":"ListItem","position":1,"name":"In\u00edcio","item":"https:\/\/folhapopular.info\/"},{"@type":"ListItem","position":2,"name":"Ano letivo de 2026 come\u00e7a com foco em qualidade de ensino em Boa Vista do Sul"}]},{"@type":"WebSite","@id":"https:\/\/folhapopular.info\/#website","url":"https:\/\/folhapopular.info\/","name":"Folha Popular","description":"Onde voc\u00ea tem vez e voz","potentialAction":[{"@type":"SearchAction","target":{"@type":"EntryPoint","urlTemplate":"https:\/\/folhapopular.info\/?s={search_term_string}"},"query-input":{"@type":"PropertyValueSpecification","valueRequired":true,"valueName":"search_term_string"}}],"inLanguage":"pt-BR"},{"@type":"Person","@id":"https:\/\/folhapopular.info\/#\/schema\/person\/41b3bb1ecf6e33e81cbab2c29b178754","name":"Gabriely Hartmann Mallmann","image":{"@type":"ImageObject","inLanguage":"pt-BR","@id":"https:\/\/secure.gravatar.com\/avatar\/92999d30b0cc9bf49e6aa3c07c592bb06855a37dcfbdc7bbe6567a4637e999ce?s=96&d=mm&r=g","url":"https:\/\/secure.gravatar.com\/avatar\/92999d30b0cc9bf49e6aa3c07c592bb06855a37dcfbdc7bbe6567a4637e999ce?s=96&d=mm&r=g","contentUrl":"https:\/\/secure.gravatar.com\/avatar\/92999d30b0cc9bf49e6aa3c07c592bb06855a37dcfbdc7bbe6567a4637e999ce?s=96&d=mm&r=g","caption":"Gabriely Hartmann Mallmann"},"url":"https:\/\/folhapopular.info\/index.php\/author\/gabriely-hartmann-mallmann\/"}]}},"jetpack_featured_media_url":"https:\/\/folhapopular.info\/wp-content\/uploads\/2026\/01\/f4892997-d47b-4d9e-827d-fd5a5ce49cd1.png","jetpack_sharing_enabled":true,"amp_enabled":true,"_links":{"self":[{"href":"https:\/\/folhapopular.info\/index.php\/wp-json\/wp\/v2\/posts\/202760","targetHints":{"allow":["GET"]}}],"collection":[{"href":"https:\/\/folhapopular.info\/index.php\/wp-json\/wp\/v2\/posts"}],"about":[{"href":"https:\/\/folhapopular.info\/index.php\/wp-json\/wp\/v2\/types\/post"}],"author":[{"embeddable":true,"href":"https:\/\/folhapopular.info\/index.php\/wp-json\/wp\/v2\/users\/773"}],"replies":[{"embeddable":true,"href":"https:\/\/folhapopular.info\/index.php\/wp-json\/wp\/v2\/comments?post=202760"}],"version-history":[{"count":0,"href":"https:\/\/folhapopular.info\/index.php\/wp-json\/wp\/v2\/posts\/202760\/revisions"}],"wp:featuredmedia":[{"embeddable":true,"href":"https:\/\/folhapopular.info\/index.php\/wp-json\/wp\/v2\/media\/202763"}],"wp:attachment":[{"href":"https:\/\/folhapopular.info\/index.php\/wp-json\/wp\/v2\/media?parent=202760"}],"wp:term":[{"taxonomy":"category","embeddable":true,"href":"https:\/\/folhapopular.info\/index.php\/wp-json\/wp\/v2\/categories?post=202760"},{"taxonomy":"post_tag","embeddable":true,"href":"https:\/\/folhapopular.info\/index.php\/wp-json\/wp\/v2\/tags?post=202760"}],"curies":[{"name":"wp","href":"https:\/\/api.w.org\/{rel}","templated":true}]}}