{"id":202852,"date":"2026-01-28T15:51:02","date_gmt":"2026-01-28T18:51:02","guid":{"rendered":"https:\/\/folhapopular.info\/?p=202852"},"modified":"2026-01-28T15:51:07","modified_gmt":"2026-01-28T18:51:07","slug":"atletas-da-apae-participam-do-camping-escolar-paralimpico","status":"publish","type":"post","link":"https:\/\/folhapopular.info\/index.php\/2026\/01\/28\/atletas-da-apae-participam-do-camping-escolar-paralimpico\/","title":{"rendered":"Atletas da Apae participam do Camping Escolar Paral\u00edmpico"},"content":{"rendered":"\n<p>Duas atletas da Associa\u00e7\u00e3o de Pais e Amigos dos Excepcionais (Apae) Teut\u00f4nia vivem um momento especial em suas trajet\u00f3rias. Estefany Semler da Silva, da modalidade Futebol PC, e Keila Luana Demarchi, da Bocha Paral\u00edmpica, embarcaram para S\u00e3o Paulo para integrar o Camping Escolar Paral\u00edmpico 2026. Esta \u00e9 uma das principais iniciativas do Comit\u00ea Paral\u00edmpico Brasileiro (CPB) voltadas \u00e0 forma\u00e7\u00e3o de jovens talentos do esporte paral\u00edmpico nacional.<\/p>\n\n\n\n<p>Acompanhadas pela assistente desportiva Anelise Schmitzhaus Demarchi, as atletas representam a institui\u00e7\u00e3o e o munic\u00edpio em um projeto que re\u00fane jovens de destaque de todo o pa\u00eds.<\/p>\n\n\n\n<p>A primeira etapa ocorre entre os dias 25 e 31 de janeiro, no Centro de Treinamento Paral\u00edmpico Brasileiro, considerado um dos complexos esportivos voltados ao paradesporto mais modernos do mundo.<\/p>\n\n\n\n<p>O Camping Escolar Paral\u00edmpico \u00e9 destinado a atletas que se destacaram nas Paralimp\u00edadas Escolares de 2025 e tem como principal objetivo identificar, desenvolver e acompanhar novos talentos.<\/p>\n\n\n\n<p>Ao todo, cerca de 170 atletas de diferentes estados brasileiros participam da iniciativa, distribu\u00eddos em 12 modalidades esportivas. O programa \u00e9 dividido em duas fases, com treinamentos intensivos e avalia\u00e7\u00f5es t\u00e9cnicas ao longo do processo.<\/p>\n\n\n\n<p>Durante o per\u00edodo de atividades, os participantes recebem acompanhamento especializado de profissionais do CPB, com treinadores, preparadores f\u00edsicos e equipes multidisciplinares. As a\u00e7\u00f5es s\u00e3o voltadas ao aprimoramento t\u00e9cnico, desenvolvimento f\u00edsico e orienta\u00e7\u00e3o esportiva, sempre com respeito \u00e0s especificidades de cada modalidade e de cada atleta. Al\u00e9m disso, o projeto busca proporcionar viv\u00eancias que contribuam para a forma\u00e7\u00e3o pessoal, social e esportiva dos participantes.<\/p>\n\n\n\n<p>Para a Apae Teut\u00f4nia, a convoca\u00e7\u00e3o de Estefany e Keila representa o reconhecimento de um trabalho constru\u00eddo com dedica\u00e7\u00e3o, inclus\u00e3o e incentivo ao esporte como ferramenta de transforma\u00e7\u00e3o. A presen\u00e7a das atletas em um evento de n\u00edvel nacional refor\u00e7a a import\u00e2ncia do paradesporto como meio de desenvolvimento, supera\u00e7\u00e3o e conquista de novos espa\u00e7os.<\/p>\n\n\n\n<p>O Camping tamb\u00e9m tem papel fundamental na prepara\u00e7\u00e3o de futuras gera\u00e7\u00f5es que poder\u00e3o integrar sele\u00e7\u00f5es brasileiras e representar o pa\u00eds em competi\u00e7\u00f5es nacionais e internacionais. Ao longo das atividades, os atletas vivenciam a rotina de alto rendimento, aprendem sobre disciplina, comprometimento e trabalho em equipe, al\u00e9m de ampliarem suas experi\u00eancias esportivas.<\/p>\n\n\n\n<p>A comunidade da Apae acompanha a participa\u00e7\u00e3o das atletas com orgulho e deseja sucesso nesta etapa. A convoca\u00e7\u00e3o simboliza o resultado de um trabalho que valoriza o esporte, inclus\u00e3o e o potencial de cada atleta.<\/p>\n","protected":false},"excerpt":{"rendered":"<p>Duas atletas da Associa\u00e7\u00e3o de Pais e Amigos dos Excepcionais (Apae) Teut\u00f4nia vivem um momento especial em suas trajet\u00f3rias. Estefany Semler da Silva, da modalidade Futebol PC, e Keila Luana Demarchi, da Bocha Paral\u00edmpica, embarcaram para S\u00e3o Paulo para integrar o Camping Escolar Paral\u00edmpico 2026. Esta \u00e9 uma das principais iniciativas do Comit\u00ea Paral\u00edmpico Brasileiro [&hellip;]<\/p>\n","protected":false},"author":732,"featured_media":202853,"comment_status":"open","ping_status":"open","sticky":false,"template":"","format":"standard","meta":{"pmpro_default_level":"","_jetpack_memberships_contains_paid_content":false,"footnotes":""},"categories":[5,16776],"tags":[887,7425,20469,17391,26],"class_list":{"0":"post-202852","1":"post","2":"type-post","3":"status-publish","4":"format-standard","5":"has-post-thumbnail","7":"category-esportes","8":"category-paradesporto","9":"tag-apae","10":"tag-apae-teutonia","11":"tag-camping-escolar-paralimpico","12":"tag-paradesporto","13":"tag-teutonia","14":"pmpro-has-access"},"yoast_head":"<!-- This site is optimized with the Yoast SEO plugin v27.5 - https:\/\/yoast.com\/product\/yoast-seo-wordpress\/ -->\n<title>Atletas da Apae participam do Camping Escolar Paral\u00edmpico - Folha Popular<\/title>\n<meta name=\"robots\" content=\"index, follow, max-snippet:-1, max-image-preview:large, max-video-preview:-1\" \/>\n<link rel=\"canonical\" href=\"https:\/\/folhapopular.info\/index.php\/2026\/01\/28\/atletas-da-apae-participam-do-camping-escolar-paralimpico\/\" \/>\n<meta property=\"og:locale\" content=\"pt_BR\" \/>\n<meta property=\"og:type\" content=\"article\" \/>\n<meta property=\"og:title\" content=\"Atletas da Apae participam do Camping Escolar Paral\u00edmpico - Folha Popular\" \/>\n<meta property=\"og:description\" content=\"Duas atletas da Associa\u00e7\u00e3o de Pais e Amigos dos Excepcionais (Apae) Teut\u00f4nia vivem um momento especial em suas trajet\u00f3rias. Estefany Semler da Silva, da modalidade Futebol PC, e Keila Luana Demarchi, da Bocha Paral\u00edmpica, embarcaram para S\u00e3o Paulo para integrar o Camping Escolar Paral\u00edmpico 2026. Esta \u00e9 uma das principais iniciativas do Comit\u00ea Paral\u00edmpico Brasileiro [&hellip;]\" \/>\n<meta property=\"og:url\" content=\"https:\/\/folhapopular.info\/index.php\/2026\/01\/28\/atletas-da-apae-participam-do-camping-escolar-paralimpico\/\" \/>\n<meta property=\"og:site_name\" content=\"Folha Popular\" \/>\n<meta property=\"article:author\" content=\"https:\/\/www.facebook.com\/luis.huppes\/\" \/>\n<meta property=\"article:published_time\" content=\"2026-01-28T18:51:02+00:00\" \/>\n<meta property=\"article:modified_time\" content=\"2026-01-28T18:51:07+00:00\" \/>\n<meta property=\"og:image\" content=\"http:\/\/folhapopular.info\/wp-content\/uploads\/2026\/01\/Meninas-carregam-Teutonia-para-fora-do-Rio-Grande-do-Sul.jpg.jpeg\" \/>\n\t<meta property=\"og:image:width\" content=\"1067\" \/>\n\t<meta property=\"og:image:height\" content=\"1422\" \/>\n\t<meta property=\"og:image:type\" content=\"image\/jpeg\" \/>\n<meta name=\"author\" content=\"Luis Augusto Huppes\" \/>\n<meta name=\"twitter:card\" content=\"summary_large_image\" \/>\n<meta name=\"twitter:label1\" content=\"Escrito por\" \/>\n\t<meta name=\"twitter:data1\" content=\"Luis Augusto Huppes\" \/>\n\t<meta name=\"twitter:label2\" content=\"Est. tempo de leitura\" \/>\n\t<meta name=\"twitter:data2\" content=\"3 minutos\" \/>\n<script type=\"application\/ld+json\" class=\"yoast-schema-graph\">{\"@context\":\"https:\\\/\\\/schema.org\",\"@graph\":[{\"@type\":\"Article\",\"@id\":\"https:\\\/\\\/folhapopular.info\\\/index.php\\\/2026\\\/01\\\/28\\\/atletas-da-apae-participam-do-camping-escolar-paralimpico\\\/#article\",\"isPartOf\":{\"@id\":\"https:\\\/\\\/folhapopular.info\\\/index.php\\\/2026\\\/01\\\/28\\\/atletas-da-apae-participam-do-camping-escolar-paralimpico\\\/\"},\"author\":{\"name\":\"Luis Augusto Huppes\",\"@id\":\"https:\\\/\\\/folhapopular.info\\\/#\\\/schema\\\/person\\\/e852c327371714676d02e58cf917fd9f\"},\"headline\":\"Atletas da Apae participam do Camping Escolar Paral\u00edmpico\",\"datePublished\":\"2026-01-28T18:51:02+00:00\",\"dateModified\":\"2026-01-28T18:51:07+00:00\",\"mainEntityOfPage\":{\"@id\":\"https:\\\/\\\/folhapopular.info\\\/index.php\\\/2026\\\/01\\\/28\\\/atletas-da-apae-participam-do-camping-escolar-paralimpico\\\/\"},\"wordCount\":439,\"commentCount\":0,\"image\":{\"@id\":\"https:\\\/\\\/folhapopular.info\\\/index.php\\\/2026\\\/01\\\/28\\\/atletas-da-apae-participam-do-camping-escolar-paralimpico\\\/#primaryimage\"},\"thumbnailUrl\":\"https:\\\/\\\/folhapopular.info\\\/wp-content\\\/uploads\\\/2026\\\/01\\\/Meninas-carregam-Teutonia-para-fora-do-Rio-Grande-do-Sul.jpg.jpeg\",\"keywords\":[\"Apae\",\"Apae Teut\u00f4nia\",\"Camping Escolar Paral\u00edmpico\",\"Paradesporto\",\"Teut\u00f4nia\"],\"articleSection\":[\"Esportes\",\"Paradesporto\"],\"inLanguage\":\"pt-BR\",\"potentialAction\":[{\"@type\":\"CommentAction\",\"name\":\"Comment\",\"target\":[\"https:\\\/\\\/folhapopular.info\\\/index.php\\\/2026\\\/01\\\/28\\\/atletas-da-apae-participam-do-camping-escolar-paralimpico\\\/#respond\"]}]},{\"@type\":\"WebPage\",\"@id\":\"https:\\\/\\\/folhapopular.info\\\/index.php\\\/2026\\\/01\\\/28\\\/atletas-da-apae-participam-do-camping-escolar-paralimpico\\\/\",\"url\":\"https:\\\/\\\/folhapopular.info\\\/index.php\\\/2026\\\/01\\\/28\\\/atletas-da-apae-participam-do-camping-escolar-paralimpico\\\/\",\"name\":\"Atletas da Apae participam do Camping Escolar Paral\u00edmpico - Folha Popular\",\"isPartOf\":{\"@id\":\"https:\\\/\\\/folhapopular.info\\\/#website\"},\"primaryImageOfPage\":{\"@id\":\"https:\\\/\\\/folhapopular.info\\\/index.php\\\/2026\\\/01\\\/28\\\/atletas-da-apae-participam-do-camping-escolar-paralimpico\\\/#primaryimage\"},\"image\":{\"@id\":\"https:\\\/\\\/folhapopular.info\\\/index.php\\\/2026\\\/01\\\/28\\\/atletas-da-apae-participam-do-camping-escolar-paralimpico\\\/#primaryimage\"},\"thumbnailUrl\":\"https:\\\/\\\/folhapopular.info\\\/wp-content\\\/uploads\\\/2026\\\/01\\\/Meninas-carregam-Teutonia-para-fora-do-Rio-Grande-do-Sul.jpg.jpeg\",\"datePublished\":\"2026-01-28T18:51:02+00:00\",\"dateModified\":\"2026-01-28T18:51:07+00:00\",\"author\":{\"@id\":\"https:\\\/\\\/folhapopular.info\\\/#\\\/schema\\\/person\\\/e852c327371714676d02e58cf917fd9f\"},\"breadcrumb\":{\"@id\":\"https:\\\/\\\/folhapopular.info\\\/index.php\\\/2026\\\/01\\\/28\\\/atletas-da-apae-participam-do-camping-escolar-paralimpico\\\/#breadcrumb\"},\"inLanguage\":\"pt-BR\",\"potentialAction\":[{\"@type\":\"ReadAction\",\"target\":[\"https:\\\/\\\/folhapopular.info\\\/index.php\\\/2026\\\/01\\\/28\\\/atletas-da-apae-participam-do-camping-escolar-paralimpico\\\/\"]}]},{\"@type\":\"ImageObject\",\"inLanguage\":\"pt-BR\",\"@id\":\"https:\\\/\\\/folhapopular.info\\\/index.php\\\/2026\\\/01\\\/28\\\/atletas-da-apae-participam-do-camping-escolar-paralimpico\\\/#primaryimage\",\"url\":\"https:\\\/\\\/folhapopular.info\\\/wp-content\\\/uploads\\\/2026\\\/01\\\/Meninas-carregam-Teutonia-para-fora-do-Rio-Grande-do-Sul.jpg.jpeg\",\"contentUrl\":\"https:\\\/\\\/folhapopular.info\\\/wp-content\\\/uploads\\\/2026\\\/01\\\/Meninas-carregam-Teutonia-para-fora-do-Rio-Grande-do-Sul.jpg.jpeg\",\"width\":1067,\"height\":1422,\"caption\":\"Meninas carregam Teut\u00f4nia para fora do Rio Grande do Sul.jpg - Cr\u00e9dito: Divulga\u00e7\u00e3o\"},{\"@type\":\"BreadcrumbList\",\"@id\":\"https:\\\/\\\/folhapopular.info\\\/index.php\\\/2026\\\/01\\\/28\\\/atletas-da-apae-participam-do-camping-escolar-paralimpico\\\/#breadcrumb\",\"itemListElement\":[{\"@type\":\"ListItem\",\"position\":1,\"name\":\"In\u00edcio\",\"item\":\"https:\\\/\\\/folhapopular.info\\\/\"},{\"@type\":\"ListItem\",\"position\":2,\"name\":\"Atletas da Apae participam do Camping Escolar Paral\u00edmpico\"}]},{\"@type\":\"WebSite\",\"@id\":\"https:\\\/\\\/folhapopular.info\\\/#website\",\"url\":\"https:\\\/\\\/folhapopular.info\\\/\",\"name\":\"Folha Popular\",\"description\":\"Onde voc\u00ea tem vez e voz\",\"potentialAction\":[{\"@type\":\"SearchAction\",\"target\":{\"@type\":\"EntryPoint\",\"urlTemplate\":\"https:\\\/\\\/folhapopular.info\\\/?s={search_term_string}\"},\"query-input\":{\"@type\":\"PropertyValueSpecification\",\"valueRequired\":true,\"valueName\":\"search_term_string\"}}],\"inLanguage\":\"pt-BR\"},{\"@type\":\"Person\",\"@id\":\"https:\\\/\\\/folhapopular.info\\\/#\\\/schema\\\/person\\\/e852c327371714676d02e58cf917fd9f\",\"name\":\"Luis Augusto Huppes\",\"image\":{\"@type\":\"ImageObject\",\"inLanguage\":\"pt-BR\",\"@id\":\"https:\\\/\\\/folhapopular.info\\\/wp-content\\\/uploads\\\/2026\\\/04\\\/Luis-Augusto-Huppes-1-1.webp\",\"url\":\"https:\\\/\\\/folhapopular.info\\\/wp-content\\\/uploads\\\/2026\\\/04\\\/Luis-Augusto-Huppes-1-1.webp\",\"contentUrl\":\"https:\\\/\\\/folhapopular.info\\\/wp-content\\\/uploads\\\/2026\\\/04\\\/Luis-Augusto-Huppes-1-1.webp\",\"caption\":\"Luis Augusto Huppes\"},\"sameAs\":[\"https:\\\/\\\/www.facebook.com\\\/luis.huppes\\\/\",\"https:\\\/\\\/www.instagram.com\\\/luis.huppes\\\/\",\"https:\\\/\\\/www.linkedin.com\\\/in\\\/luis-augusto-huppes-2554b52b7\\\/\"],\"url\":\"https:\\\/\\\/folhapopular.info\\\/index.php\\\/author\\\/luis-augusto-huppes\\\/\"}]}<\/script>\n<!-- \/ Yoast SEO plugin. -->","yoast_head_json":{"title":"Atletas da Apae participam do Camping Escolar Paral\u00edmpico - Folha Popular","robots":{"index":"index","follow":"follow","max-snippet":"max-snippet:-1","max-image-preview":"max-image-preview:large","max-video-preview":"max-video-preview:-1"},"canonical":"https:\/\/folhapopular.info\/index.php\/2026\/01\/28\/atletas-da-apae-participam-do-camping-escolar-paralimpico\/","og_locale":"pt_BR","og_type":"article","og_title":"Atletas da Apae participam do Camping Escolar Paral\u00edmpico - Folha Popular","og_description":"Duas atletas da Associa\u00e7\u00e3o de Pais e Amigos dos Excepcionais (Apae) Teut\u00f4nia vivem um momento especial em suas trajet\u00f3rias. Estefany Semler da Silva, da modalidade Futebol PC, e Keila Luana Demarchi, da Bocha Paral\u00edmpica, embarcaram para S\u00e3o Paulo para integrar o Camping Escolar Paral\u00edmpico 2026. Esta \u00e9 uma das principais iniciativas do Comit\u00ea Paral\u00edmpico Brasileiro [&hellip;]","og_url":"https:\/\/folhapopular.info\/index.php\/2026\/01\/28\/atletas-da-apae-participam-do-camping-escolar-paralimpico\/","og_site_name":"Folha Popular","article_author":"https:\/\/www.facebook.com\/luis.huppes\/","article_published_time":"2026-01-28T18:51:02+00:00","article_modified_time":"2026-01-28T18:51:07+00:00","og_image":[{"width":1067,"height":1422,"url":"http:\/\/folhapopular.info\/wp-content\/uploads\/2026\/01\/Meninas-carregam-Teutonia-para-fora-do-Rio-Grande-do-Sul.jpg.jpeg","type":"image\/jpeg"}],"author":"Luis Augusto Huppes","twitter_card":"summary_large_image","twitter_misc":{"Escrito por":"Luis Augusto Huppes","Est. tempo de leitura":"3 minutos"},"schema":{"@context":"https:\/\/schema.org","@graph":[{"@type":"Article","@id":"https:\/\/folhapopular.info\/index.php\/2026\/01\/28\/atletas-da-apae-participam-do-camping-escolar-paralimpico\/#article","isPartOf":{"@id":"https:\/\/folhapopular.info\/index.php\/2026\/01\/28\/atletas-da-apae-participam-do-camping-escolar-paralimpico\/"},"author":{"name":"Luis Augusto Huppes","@id":"https:\/\/folhapopular.info\/#\/schema\/person\/e852c327371714676d02e58cf917fd9f"},"headline":"Atletas da Apae participam do Camping Escolar Paral\u00edmpico","datePublished":"2026-01-28T18:51:02+00:00","dateModified":"2026-01-28T18:51:07+00:00","mainEntityOfPage":{"@id":"https:\/\/folhapopular.info\/index.php\/2026\/01\/28\/atletas-da-apae-participam-do-camping-escolar-paralimpico\/"},"wordCount":439,"commentCount":0,"image":{"@id":"https:\/\/folhapopular.info\/index.php\/2026\/01\/28\/atletas-da-apae-participam-do-camping-escolar-paralimpico\/#primaryimage"},"thumbnailUrl":"https:\/\/folhapopular.info\/wp-content\/uploads\/2026\/01\/Meninas-carregam-Teutonia-para-fora-do-Rio-Grande-do-Sul.jpg.jpeg","keywords":["Apae","Apae Teut\u00f4nia","Camping Escolar Paral\u00edmpico","Paradesporto","Teut\u00f4nia"],"articleSection":["Esportes","Paradesporto"],"inLanguage":"pt-BR","potentialAction":[{"@type":"CommentAction","name":"Comment","target":["https:\/\/folhapopular.info\/index.php\/2026\/01\/28\/atletas-da-apae-participam-do-camping-escolar-paralimpico\/#respond"]}]},{"@type":"WebPage","@id":"https:\/\/folhapopular.info\/index.php\/2026\/01\/28\/atletas-da-apae-participam-do-camping-escolar-paralimpico\/","url":"https:\/\/folhapopular.info\/index.php\/2026\/01\/28\/atletas-da-apae-participam-do-camping-escolar-paralimpico\/","name":"Atletas da Apae participam do Camping Escolar Paral\u00edmpico - Folha Popular","isPartOf":{"@id":"https:\/\/folhapopular.info\/#website"},"primaryImageOfPage":{"@id":"https:\/\/folhapopular.info\/index.php\/2026\/01\/28\/atletas-da-apae-participam-do-camping-escolar-paralimpico\/#primaryimage"},"image":{"@id":"https:\/\/folhapopular.info\/index.php\/2026\/01\/28\/atletas-da-apae-participam-do-camping-escolar-paralimpico\/#primaryimage"},"thumbnailUrl":"https:\/\/folhapopular.info\/wp-content\/uploads\/2026\/01\/Meninas-carregam-Teutonia-para-fora-do-Rio-Grande-do-Sul.jpg.jpeg","datePublished":"2026-01-28T18:51:02+00:00","dateModified":"2026-01-28T18:51:07+00:00","author":{"@id":"https:\/\/folhapopular.info\/#\/schema\/person\/e852c327371714676d02e58cf917fd9f"},"breadcrumb":{"@id":"https:\/\/folhapopular.info\/index.php\/2026\/01\/28\/atletas-da-apae-participam-do-camping-escolar-paralimpico\/#breadcrumb"},"inLanguage":"pt-BR","potentialAction":[{"@type":"ReadAction","target":["https:\/\/folhapopular.info\/index.php\/2026\/01\/28\/atletas-da-apae-participam-do-camping-escolar-paralimpico\/"]}]},{"@type":"ImageObject","inLanguage":"pt-BR","@id":"https:\/\/folhapopular.info\/index.php\/2026\/01\/28\/atletas-da-apae-participam-do-camping-escolar-paralimpico\/#primaryimage","url":"https:\/\/folhapopular.info\/wp-content\/uploads\/2026\/01\/Meninas-carregam-Teutonia-para-fora-do-Rio-Grande-do-Sul.jpg.jpeg","contentUrl":"https:\/\/folhapopular.info\/wp-content\/uploads\/2026\/01\/Meninas-carregam-Teutonia-para-fora-do-Rio-Grande-do-Sul.jpg.jpeg","width":1067,"height":1422,"caption":"Meninas carregam Teut\u00f4nia para fora do Rio Grande do Sul.jpg - Cr\u00e9dito: Divulga\u00e7\u00e3o"},{"@type":"BreadcrumbList","@id":"https:\/\/folhapopular.info\/index.php\/2026\/01\/28\/atletas-da-apae-participam-do-camping-escolar-paralimpico\/#breadcrumb","itemListElement":[{"@type":"ListItem","position":1,"name":"In\u00edcio","item":"https:\/\/folhapopular.info\/"},{"@type":"ListItem","position":2,"name":"Atletas da Apae participam do Camping Escolar Paral\u00edmpico"}]},{"@type":"WebSite","@id":"https:\/\/folhapopular.info\/#website","url":"https:\/\/folhapopular.info\/","name":"Folha Popular","description":"Onde voc\u00ea tem vez e voz","potentialAction":[{"@type":"SearchAction","target":{"@type":"EntryPoint","urlTemplate":"https:\/\/folhapopular.info\/?s={search_term_string}"},"query-input":{"@type":"PropertyValueSpecification","valueRequired":true,"valueName":"search_term_string"}}],"inLanguage":"pt-BR"},{"@type":"Person","@id":"https:\/\/folhapopular.info\/#\/schema\/person\/e852c327371714676d02e58cf917fd9f","name":"Luis Augusto Huppes","image":{"@type":"ImageObject","inLanguage":"pt-BR","@id":"https:\/\/folhapopular.info\/wp-content\/uploads\/2026\/04\/Luis-Augusto-Huppes-1-1.webp","url":"https:\/\/folhapopular.info\/wp-content\/uploads\/2026\/04\/Luis-Augusto-Huppes-1-1.webp","contentUrl":"https:\/\/folhapopular.info\/wp-content\/uploads\/2026\/04\/Luis-Augusto-Huppes-1-1.webp","caption":"Luis Augusto Huppes"},"sameAs":["https:\/\/www.facebook.com\/luis.huppes\/","https:\/\/www.instagram.com\/luis.huppes\/","https:\/\/www.linkedin.com\/in\/luis-augusto-huppes-2554b52b7\/"],"url":"https:\/\/folhapopular.info\/index.php\/author\/luis-augusto-huppes\/"}]}},"jetpack_featured_media_url":"https:\/\/folhapopular.info\/wp-content\/uploads\/2026\/01\/Meninas-carregam-Teutonia-para-fora-do-Rio-Grande-do-Sul.jpg.jpeg","jetpack_sharing_enabled":true,"amp_enabled":true,"_links":{"self":[{"href":"https:\/\/folhapopular.info\/index.php\/wp-json\/wp\/v2\/posts\/202852","targetHints":{"allow":["GET"]}}],"collection":[{"href":"https:\/\/folhapopular.info\/index.php\/wp-json\/wp\/v2\/posts"}],"about":[{"href":"https:\/\/folhapopular.info\/index.php\/wp-json\/wp\/v2\/types\/post"}],"author":[{"embeddable":true,"href":"https:\/\/folhapopular.info\/index.php\/wp-json\/wp\/v2\/users\/732"}],"replies":[{"embeddable":true,"href":"https:\/\/folhapopular.info\/index.php\/wp-json\/wp\/v2\/comments?post=202852"}],"version-history":[{"count":0,"href":"https:\/\/folhapopular.info\/index.php\/wp-json\/wp\/v2\/posts\/202852\/revisions"}],"wp:featuredmedia":[{"embeddable":true,"href":"https:\/\/folhapopular.info\/index.php\/wp-json\/wp\/v2\/media\/202853"}],"wp:attachment":[{"href":"https:\/\/folhapopular.info\/index.php\/wp-json\/wp\/v2\/media?parent=202852"}],"wp:term":[{"taxonomy":"category","embeddable":true,"href":"https:\/\/folhapopular.info\/index.php\/wp-json\/wp\/v2\/categories?post=202852"},{"taxonomy":"post_tag","embeddable":true,"href":"https:\/\/folhapopular.info\/index.php\/wp-json\/wp\/v2\/tags?post=202852"}],"curies":[{"name":"wp","href":"https:\/\/api.w.org\/{rel}","templated":true}]}}