{"id":202858,"date":"2026-01-28T17:15:32","date_gmt":"2026-01-28T20:15:32","guid":{"rendered":"https:\/\/folhapopular.info\/?p=202858"},"modified":"2026-01-28T18:02:12","modified_gmt":"2026-01-28T21:02:12","slug":"ano-letivo-comeca-em-teutonia-com-expansao-da-rede-municipal-de-ensino","status":"publish","type":"post","link":"https:\/\/folhapopular.info\/index.php\/2026\/01\/28\/ano-letivo-comeca-em-teutonia-com-expansao-da-rede-municipal-de-ensino\/","title":{"rendered":"Ano letivo come\u00e7a em Teut\u00f4nia com expans\u00e3o da rede municipal de ensino"},"content":{"rendered":"\n<p>A volta \u00e0s aulas marca o fim do per\u00edodo de f\u00e9rias e o in\u00edcio de um novo ciclo de aprendizado, com o retorno dos alunos \u00e0s escolas e a retomada da rotina pedag\u00f3gica. <\/p>\n\n\n\n<p>Em 2026, o Munic\u00edpio de Teut\u00f4nia atender\u00e1, em m\u00e9dia, 666 crian\u00e7as nas Emeis e 984 alunos nas EEIs e no CNEC. Shana M\u00fcller Vogel, subsecret\u00e1ria de Educa\u00e7\u00e3o, comenta que o n\u00famero de matr\u00edculas ainda n\u00e3o est\u00e1 fechado, visto que matr\u00edculas novas podem ser realizadas a partir do dia 4, ap\u00f3s o fim do per\u00edodo de f\u00e9rias das equipes diretivas e secret\u00e1rios de escola.<\/p>\n\n\n\n<p>As Emeis retomam as aulas no dia 5 de fevereiro com o projeto Esta\u00e7\u00e3o da Divers\u00e3o nas escolas de origem, atendendo crian\u00e7as cujos pais est\u00e3o trabalhando. O in\u00edcio oficial do ano letivo, tanto para as Emeis quanto para as Emefs, ser\u00e1 dia 18 de fevereiro.<\/p>\n\n\n\n<p>&#8220;Este ano, a abertura do ano letivo ser\u00e1 feito em dois momentos distintos: teremos a participa\u00e7\u00e3o dos profissionais da educa\u00e7\u00e3o no 4\u00ba Congresso Internacional de Educa\u00e7\u00e3o, promovido pelo Col\u00e9gio Teut\u00f4nia, e mais um momento de forma\u00e7\u00e3o para equipes diretivas, secret\u00e1rios de escola, monitores e estagi\u00e1rios, organizado pela Secretaria Municipal de Educa\u00e7\u00e3o&#8221;, conta Shana.<\/p>\n\n\n\n<p>A volta \u00e0s aulas ter\u00e1 amplia\u00e7\u00f5es escolares e abertura de novas vagas na rede municipal. Durante o per\u00edodo de f\u00e9rias, o trabalho de manuten\u00e7\u00e3o nas escolas foi intenso, com reformas de parqu\u00eas e pintura de salas de aula, pintura de grades, conserto de brinquedos das pracinhas, manuten\u00e7\u00e3o de ar condicionados e muitos reparos de pequenos portes. Para isso, a Prefeitura contou com a parceria dos C\u00edrculos de Pais e Mestres (CPM).<\/p>\n\n\n\n<p>&#8220;Estamos finalizando a amplia\u00e7\u00e3o da Emef Marechal Arthur da Costa e Silva, de Linha Germano, ampliando as vagas em turno integral que j\u00e1 no in\u00edcio do ano letivo&#8221;, diz Shana. J\u00e1 a obra da Emei Meu Cantinho, prevista para mar\u00e7o, ampliar\u00e1 o n\u00famero de vagas na Educa\u00e7\u00e3o Infantil.<\/p>\n\n\n\n<p>A administra\u00e7\u00e3o municipal tamb\u00e9m iniciou as obras de amplia\u00e7\u00e3o de novas salas de aula nas Emefs Professor Alfredo Schneider e Bento Gon\u00e7alves. Ainda, na semana passada, foi assinado o in\u00edcio da obra do telhado da \u00e1rea coberta da Emef Bento Gon\u00e7alves, &#8220;uma obra muito aguardada pela comunidade escolar&#8221;, segundo a subsecret\u00e1ria.<\/p>\n\n\n\n<p>As mudan\u00e7as contemplam a Emef Marechal Arthur da Costa e Silva, em Linha Germano, com uma estrutura para abranger o turno integral j\u00e1 no in\u00edcio do ano letivo. <\/p>\n\n\n\n<p>\u201cAs expectativas em rela\u00e7\u00e3o \u00e0 educa\u00e7\u00e3o e \u00e0 qualidade do ensino concentram-se na consolida\u00e7\u00e3o e no fortalecimento do trabalho pedag\u00f3gico iniciado pela Administra\u00e7\u00e3o Municipal no ano anterior, reafirmando o compromisso com uma educa\u00e7\u00e3o p\u00fablica de qualidade\u201d, finaliza Shana M\u00fcller Vogel.<\/p>\n\n\n\n<figure class=\"wp-block-gallery has-nested-images columns-default is-cropped wp-block-gallery-1 is-layout-flex wp-block-gallery-is-layout-flex\">\n<figure class=\"wp-block-image size-large\"><img loading=\"lazy\" decoding=\"async\" width=\"768\" height=\"1024\" data-id=\"202877\" src=\"https:\/\/folhapopular.info\/wp-content\/uploads\/2026\/01\/image-3.png\" alt=\"\" class=\"wp-image-202877\" srcset=\"https:\/\/folhapopular.info\/wp-content\/uploads\/2026\/01\/image-3.png 768w, https:\/\/folhapopular.info\/wp-content\/uploads\/2026\/01\/image-3-225x300.png 225w, https:\/\/folhapopular.info\/wp-content\/uploads\/2026\/01\/image-3-315x420.png 315w, https:\/\/folhapopular.info\/wp-content\/uploads\/2026\/01\/image-3-696x928.png 696w\" sizes=\"auto, (max-width: 768px) 100vw, 768px\" \/><\/figure>\n\n\n\n<figure class=\"wp-block-image size-large\"><img loading=\"lazy\" decoding=\"async\" width=\"615\" height=\"1024\" data-id=\"202876\" src=\"https:\/\/folhapopular.info\/wp-content\/uploads\/2026\/01\/image-2.png\" alt=\"\" class=\"wp-image-202876\" srcset=\"https:\/\/folhapopular.info\/wp-content\/uploads\/2026\/01\/image-2.png 615w, https:\/\/folhapopular.info\/wp-content\/uploads\/2026\/01\/image-2-180x300.png 180w, https:\/\/folhapopular.info\/wp-content\/uploads\/2026\/01\/image-2-252x420.png 252w\" sizes=\"auto, (max-width: 615px) 100vw, 615px\" \/><figcaption class=\"wp-element-caption\"><strong>Foi assinada a ordem de in\u00edcio da obra do telhado da \u00e1rea coberta da Emef Bento Gon\u00e7alves<\/strong><\/figcaption><\/figure>\n<\/figure>\n\n\n\n<p><\/p>\n","protected":false},"excerpt":{"rendered":"<p>A volta \u00e0s aulas marca o fim do per\u00edodo de f\u00e9rias e o in\u00edcio de um novo ciclo de aprendizado, com o retorno dos alunos \u00e0s escolas e a retomada da rotina pedag\u00f3gica. Em 2026, o Munic\u00edpio de Teut\u00f4nia atender\u00e1, em m\u00e9dia, 666 crian\u00e7as nas Emeis e 984 alunos nas EEIs e no CNEC. Shana [&hellip;]<\/p>\n","protected":false},"author":773,"featured_media":202859,"comment_status":"open","ping_status":"open","sticky":false,"template":"","format":"standard","meta":{"pmpro_default_level":"","_jetpack_memberships_contains_paid_content":false,"footnotes":""},"categories":[2,10988,3],"tags":[73,2135,2134,4890,2153,26],"class_list":{"0":"post-202858","1":"post","2":"type-post","3":"status-publish","4":"format-standard","5":"has-post-thumbnail","7":"category-featured","8":"category-educacao","9":"category-geral","10":"tag-educacao","11":"tag-emefs","12":"tag-emeis","13":"tag-ensino","14":"tag-escola","15":"tag-teutonia","16":"pmpro-has-access"},"yoast_head":"<!-- This site is optimized with the Yoast SEO plugin v27.5 - https:\/\/yoast.com\/product\/yoast-seo-wordpress\/ -->\n<title>Ano letivo come\u00e7a em Teut\u00f4nia com expans\u00e3o da rede municipal de ensino - Folha Popular<\/title>\n<meta name=\"robots\" content=\"index, follow, max-snippet:-1, max-image-preview:large, max-video-preview:-1\" \/>\n<link rel=\"canonical\" href=\"https:\/\/folhapopular.info\/index.php\/2026\/01\/28\/ano-letivo-comeca-em-teutonia-com-expansao-da-rede-municipal-de-ensino\/\" \/>\n<meta property=\"og:locale\" content=\"pt_BR\" \/>\n<meta property=\"og:type\" content=\"article\" \/>\n<meta property=\"og:title\" content=\"Ano letivo come\u00e7a em Teut\u00f4nia com expans\u00e3o da rede municipal de ensino - Folha Popular\" \/>\n<meta property=\"og:description\" content=\"A volta \u00e0s aulas marca o fim do per\u00edodo de f\u00e9rias e o in\u00edcio de um novo ciclo de aprendizado, com o retorno dos alunos \u00e0s escolas e a retomada da rotina pedag\u00f3gica. Em 2026, o Munic\u00edpio de Teut\u00f4nia atender\u00e1, em m\u00e9dia, 666 crian\u00e7as nas Emeis e 984 alunos nas EEIs e no CNEC. Shana [&hellip;]\" \/>\n<meta property=\"og:url\" content=\"https:\/\/folhapopular.info\/index.php\/2026\/01\/28\/ano-letivo-comeca-em-teutonia-com-expansao-da-rede-municipal-de-ensino\/\" \/>\n<meta property=\"og:site_name\" content=\"Folha Popular\" \/>\n<meta property=\"article:published_time\" content=\"2026-01-28T20:15:32+00:00\" \/>\n<meta property=\"article:modified_time\" content=\"2026-01-28T21:02:12+00:00\" \/>\n<meta property=\"og:image\" content=\"http:\/\/folhapopular.info\/wp-content\/uploads\/2026\/01\/WhatsApp-Image-2026-01-28-at-16.30.14-_1_-1024x768.png\" \/>\n\t<meta property=\"og:image:width\" content=\"1024\" \/>\n\t<meta property=\"og:image:height\" content=\"768\" \/>\n\t<meta property=\"og:image:type\" content=\"image\/png\" \/>\n<meta name=\"author\" content=\"Gabriely Hartmann Mallmann\" \/>\n<meta name=\"twitter:card\" content=\"summary_large_image\" \/>\n<meta name=\"twitter:label1\" content=\"Escrito por\" \/>\n\t<meta name=\"twitter:data1\" content=\"Gabriely Hartmann Mallmann\" \/>\n\t<meta name=\"twitter:label2\" content=\"Est. tempo de leitura\" \/>\n\t<meta name=\"twitter:data2\" content=\"4 minutos\" \/>\n<script type=\"application\/ld+json\" class=\"yoast-schema-graph\">{\"@context\":\"https:\\\/\\\/schema.org\",\"@graph\":[{\"@type\":\"Article\",\"@id\":\"https:\\\/\\\/folhapopular.info\\\/index.php\\\/2026\\\/01\\\/28\\\/ano-letivo-comeca-em-teutonia-com-expansao-da-rede-municipal-de-ensino\\\/#article\",\"isPartOf\":{\"@id\":\"https:\\\/\\\/folhapopular.info\\\/index.php\\\/2026\\\/01\\\/28\\\/ano-letivo-comeca-em-teutonia-com-expansao-da-rede-municipal-de-ensino\\\/\"},\"author\":{\"name\":\"Gabriely Hartmann Mallmann\",\"@id\":\"https:\\\/\\\/folhapopular.info\\\/#\\\/schema\\\/person\\\/41b3bb1ecf6e33e81cbab2c29b178754\"},\"headline\":\"Ano letivo come\u00e7a em Teut\u00f4nia com expans\u00e3o da rede municipal de ensino\",\"datePublished\":\"2026-01-28T20:15:32+00:00\",\"dateModified\":\"2026-01-28T21:02:12+00:00\",\"mainEntityOfPage\":{\"@id\":\"https:\\\/\\\/folhapopular.info\\\/index.php\\\/2026\\\/01\\\/28\\\/ano-letivo-comeca-em-teutonia-com-expansao-da-rede-municipal-de-ensino\\\/\"},\"wordCount\":519,\"commentCount\":0,\"image\":{\"@id\":\"https:\\\/\\\/folhapopular.info\\\/index.php\\\/2026\\\/01\\\/28\\\/ano-letivo-comeca-em-teutonia-com-expansao-da-rede-municipal-de-ensino\\\/#primaryimage\"},\"thumbnailUrl\":\"https:\\\/\\\/folhapopular.info\\\/wp-content\\\/uploads\\\/2026\\\/01\\\/WhatsApp-Image-2026-01-28-at-16.30.14-_1_.png\",\"keywords\":[\"Educa\u00e7\u00e3o\",\"Emefs\",\"Emeis\",\"Ensino\",\"Escola\",\"Teut\u00f4nia\"],\"articleSection\":[\"Destaques\",\"Educa\u00e7\u00e3o\",\"Geral\"],\"inLanguage\":\"pt-BR\",\"potentialAction\":[{\"@type\":\"CommentAction\",\"name\":\"Comment\",\"target\":[\"https:\\\/\\\/folhapopular.info\\\/index.php\\\/2026\\\/01\\\/28\\\/ano-letivo-comeca-em-teutonia-com-expansao-da-rede-municipal-de-ensino\\\/#respond\"]}]},{\"@type\":\"WebPage\",\"@id\":\"https:\\\/\\\/folhapopular.info\\\/index.php\\\/2026\\\/01\\\/28\\\/ano-letivo-comeca-em-teutonia-com-expansao-da-rede-municipal-de-ensino\\\/\",\"url\":\"https:\\\/\\\/folhapopular.info\\\/index.php\\\/2026\\\/01\\\/28\\\/ano-letivo-comeca-em-teutonia-com-expansao-da-rede-municipal-de-ensino\\\/\",\"name\":\"Ano letivo come\u00e7a em Teut\u00f4nia com expans\u00e3o da rede municipal de ensino - Folha Popular\",\"isPartOf\":{\"@id\":\"https:\\\/\\\/folhapopular.info\\\/#website\"},\"primaryImageOfPage\":{\"@id\":\"https:\\\/\\\/folhapopular.info\\\/index.php\\\/2026\\\/01\\\/28\\\/ano-letivo-comeca-em-teutonia-com-expansao-da-rede-municipal-de-ensino\\\/#primaryimage\"},\"image\":{\"@id\":\"https:\\\/\\\/folhapopular.info\\\/index.php\\\/2026\\\/01\\\/28\\\/ano-letivo-comeca-em-teutonia-com-expansao-da-rede-municipal-de-ensino\\\/#primaryimage\"},\"thumbnailUrl\":\"https:\\\/\\\/folhapopular.info\\\/wp-content\\\/uploads\\\/2026\\\/01\\\/WhatsApp-Image-2026-01-28-at-16.30.14-_1_.png\",\"datePublished\":\"2026-01-28T20:15:32+00:00\",\"dateModified\":\"2026-01-28T21:02:12+00:00\",\"author\":{\"@id\":\"https:\\\/\\\/folhapopular.info\\\/#\\\/schema\\\/person\\\/41b3bb1ecf6e33e81cbab2c29b178754\"},\"breadcrumb\":{\"@id\":\"https:\\\/\\\/folhapopular.info\\\/index.php\\\/2026\\\/01\\\/28\\\/ano-letivo-comeca-em-teutonia-com-expansao-da-rede-municipal-de-ensino\\\/#breadcrumb\"},\"inLanguage\":\"pt-BR\",\"potentialAction\":[{\"@type\":\"ReadAction\",\"target\":[\"https:\\\/\\\/folhapopular.info\\\/index.php\\\/2026\\\/01\\\/28\\\/ano-letivo-comeca-em-teutonia-com-expansao-da-rede-municipal-de-ensino\\\/\"]}]},{\"@type\":\"ImageObject\",\"inLanguage\":\"pt-BR\",\"@id\":\"https:\\\/\\\/folhapopular.info\\\/index.php\\\/2026\\\/01\\\/28\\\/ano-letivo-comeca-em-teutonia-com-expansao-da-rede-municipal-de-ensino\\\/#primaryimage\",\"url\":\"https:\\\/\\\/folhapopular.info\\\/wp-content\\\/uploads\\\/2026\\\/01\\\/WhatsApp-Image-2026-01-28-at-16.30.14-_1_.png\",\"contentUrl\":\"https:\\\/\\\/folhapopular.info\\\/wp-content\\\/uploads\\\/2026\\\/01\\\/WhatsApp-Image-2026-01-28-at-16.30.14-_1_.png\",\"width\":1600,\"height\":1200,\"caption\":\"Alfredo Schneider est\u00e1 em fase de finaliza\u00e7\u00e3o da amplia\u00e7\u00e3o \\\/ Cr\u00e9dito: Divulga\u00e7\u00e3o\"},{\"@type\":\"BreadcrumbList\",\"@id\":\"https:\\\/\\\/folhapopular.info\\\/index.php\\\/2026\\\/01\\\/28\\\/ano-letivo-comeca-em-teutonia-com-expansao-da-rede-municipal-de-ensino\\\/#breadcrumb\",\"itemListElement\":[{\"@type\":\"ListItem\",\"position\":1,\"name\":\"In\u00edcio\",\"item\":\"https:\\\/\\\/folhapopular.info\\\/\"},{\"@type\":\"ListItem\",\"position\":2,\"name\":\"Ano letivo come\u00e7a em Teut\u00f4nia com expans\u00e3o da rede municipal de ensino\"}]},{\"@type\":\"WebSite\",\"@id\":\"https:\\\/\\\/folhapopular.info\\\/#website\",\"url\":\"https:\\\/\\\/folhapopular.info\\\/\",\"name\":\"Folha Popular\",\"description\":\"Onde voc\u00ea tem vez e voz\",\"potentialAction\":[{\"@type\":\"SearchAction\",\"target\":{\"@type\":\"EntryPoint\",\"urlTemplate\":\"https:\\\/\\\/folhapopular.info\\\/?s={search_term_string}\"},\"query-input\":{\"@type\":\"PropertyValueSpecification\",\"valueRequired\":true,\"valueName\":\"search_term_string\"}}],\"inLanguage\":\"pt-BR\"},{\"@type\":\"Person\",\"@id\":\"https:\\\/\\\/folhapopular.info\\\/#\\\/schema\\\/person\\\/41b3bb1ecf6e33e81cbab2c29b178754\",\"name\":\"Gabriely Hartmann Mallmann\",\"image\":{\"@type\":\"ImageObject\",\"inLanguage\":\"pt-BR\",\"@id\":\"https:\\\/\\\/secure.gravatar.com\\\/avatar\\\/92999d30b0cc9bf49e6aa3c07c592bb06855a37dcfbdc7bbe6567a4637e999ce?s=96&d=mm&r=g\",\"url\":\"https:\\\/\\\/secure.gravatar.com\\\/avatar\\\/92999d30b0cc9bf49e6aa3c07c592bb06855a37dcfbdc7bbe6567a4637e999ce?s=96&d=mm&r=g\",\"contentUrl\":\"https:\\\/\\\/secure.gravatar.com\\\/avatar\\\/92999d30b0cc9bf49e6aa3c07c592bb06855a37dcfbdc7bbe6567a4637e999ce?s=96&d=mm&r=g\",\"caption\":\"Gabriely Hartmann Mallmann\"},\"url\":\"https:\\\/\\\/folhapopular.info\\\/index.php\\\/author\\\/gabriely-hartmann-mallmann\\\/\"}]}<\/script>\n<!-- \/ Yoast SEO plugin. -->","yoast_head_json":{"title":"Ano letivo come\u00e7a em Teut\u00f4nia com expans\u00e3o da rede municipal de ensino - Folha Popular","robots":{"index":"index","follow":"follow","max-snippet":"max-snippet:-1","max-image-preview":"max-image-preview:large","max-video-preview":"max-video-preview:-1"},"canonical":"https:\/\/folhapopular.info\/index.php\/2026\/01\/28\/ano-letivo-comeca-em-teutonia-com-expansao-da-rede-municipal-de-ensino\/","og_locale":"pt_BR","og_type":"article","og_title":"Ano letivo come\u00e7a em Teut\u00f4nia com expans\u00e3o da rede municipal de ensino - Folha Popular","og_description":"A volta \u00e0s aulas marca o fim do per\u00edodo de f\u00e9rias e o in\u00edcio de um novo ciclo de aprendizado, com o retorno dos alunos \u00e0s escolas e a retomada da rotina pedag\u00f3gica. Em 2026, o Munic\u00edpio de Teut\u00f4nia atender\u00e1, em m\u00e9dia, 666 crian\u00e7as nas Emeis e 984 alunos nas EEIs e no CNEC. Shana [&hellip;]","og_url":"https:\/\/folhapopular.info\/index.php\/2026\/01\/28\/ano-letivo-comeca-em-teutonia-com-expansao-da-rede-municipal-de-ensino\/","og_site_name":"Folha Popular","article_published_time":"2026-01-28T20:15:32+00:00","article_modified_time":"2026-01-28T21:02:12+00:00","og_image":[{"width":1024,"height":768,"url":"http:\/\/folhapopular.info\/wp-content\/uploads\/2026\/01\/WhatsApp-Image-2026-01-28-at-16.30.14-_1_-1024x768.png","type":"image\/png"}],"author":"Gabriely Hartmann Mallmann","twitter_card":"summary_large_image","twitter_misc":{"Escrito por":"Gabriely Hartmann Mallmann","Est. tempo de leitura":"4 minutos"},"schema":{"@context":"https:\/\/schema.org","@graph":[{"@type":"Article","@id":"https:\/\/folhapopular.info\/index.php\/2026\/01\/28\/ano-letivo-comeca-em-teutonia-com-expansao-da-rede-municipal-de-ensino\/#article","isPartOf":{"@id":"https:\/\/folhapopular.info\/index.php\/2026\/01\/28\/ano-letivo-comeca-em-teutonia-com-expansao-da-rede-municipal-de-ensino\/"},"author":{"name":"Gabriely Hartmann Mallmann","@id":"https:\/\/folhapopular.info\/#\/schema\/person\/41b3bb1ecf6e33e81cbab2c29b178754"},"headline":"Ano letivo come\u00e7a em Teut\u00f4nia com expans\u00e3o da rede municipal de ensino","datePublished":"2026-01-28T20:15:32+00:00","dateModified":"2026-01-28T21:02:12+00:00","mainEntityOfPage":{"@id":"https:\/\/folhapopular.info\/index.php\/2026\/01\/28\/ano-letivo-comeca-em-teutonia-com-expansao-da-rede-municipal-de-ensino\/"},"wordCount":519,"commentCount":0,"image":{"@id":"https:\/\/folhapopular.info\/index.php\/2026\/01\/28\/ano-letivo-comeca-em-teutonia-com-expansao-da-rede-municipal-de-ensino\/#primaryimage"},"thumbnailUrl":"https:\/\/folhapopular.info\/wp-content\/uploads\/2026\/01\/WhatsApp-Image-2026-01-28-at-16.30.14-_1_.png","keywords":["Educa\u00e7\u00e3o","Emefs","Emeis","Ensino","Escola","Teut\u00f4nia"],"articleSection":["Destaques","Educa\u00e7\u00e3o","Geral"],"inLanguage":"pt-BR","potentialAction":[{"@type":"CommentAction","name":"Comment","target":["https:\/\/folhapopular.info\/index.php\/2026\/01\/28\/ano-letivo-comeca-em-teutonia-com-expansao-da-rede-municipal-de-ensino\/#respond"]}]},{"@type":"WebPage","@id":"https:\/\/folhapopular.info\/index.php\/2026\/01\/28\/ano-letivo-comeca-em-teutonia-com-expansao-da-rede-municipal-de-ensino\/","url":"https:\/\/folhapopular.info\/index.php\/2026\/01\/28\/ano-letivo-comeca-em-teutonia-com-expansao-da-rede-municipal-de-ensino\/","name":"Ano letivo come\u00e7a em Teut\u00f4nia com expans\u00e3o da rede municipal de ensino - Folha Popular","isPartOf":{"@id":"https:\/\/folhapopular.info\/#website"},"primaryImageOfPage":{"@id":"https:\/\/folhapopular.info\/index.php\/2026\/01\/28\/ano-letivo-comeca-em-teutonia-com-expansao-da-rede-municipal-de-ensino\/#primaryimage"},"image":{"@id":"https:\/\/folhapopular.info\/index.php\/2026\/01\/28\/ano-letivo-comeca-em-teutonia-com-expansao-da-rede-municipal-de-ensino\/#primaryimage"},"thumbnailUrl":"https:\/\/folhapopular.info\/wp-content\/uploads\/2026\/01\/WhatsApp-Image-2026-01-28-at-16.30.14-_1_.png","datePublished":"2026-01-28T20:15:32+00:00","dateModified":"2026-01-28T21:02:12+00:00","author":{"@id":"https:\/\/folhapopular.info\/#\/schema\/person\/41b3bb1ecf6e33e81cbab2c29b178754"},"breadcrumb":{"@id":"https:\/\/folhapopular.info\/index.php\/2026\/01\/28\/ano-letivo-comeca-em-teutonia-com-expansao-da-rede-municipal-de-ensino\/#breadcrumb"},"inLanguage":"pt-BR","potentialAction":[{"@type":"ReadAction","target":["https:\/\/folhapopular.info\/index.php\/2026\/01\/28\/ano-letivo-comeca-em-teutonia-com-expansao-da-rede-municipal-de-ensino\/"]}]},{"@type":"ImageObject","inLanguage":"pt-BR","@id":"https:\/\/folhapopular.info\/index.php\/2026\/01\/28\/ano-letivo-comeca-em-teutonia-com-expansao-da-rede-municipal-de-ensino\/#primaryimage","url":"https:\/\/folhapopular.info\/wp-content\/uploads\/2026\/01\/WhatsApp-Image-2026-01-28-at-16.30.14-_1_.png","contentUrl":"https:\/\/folhapopular.info\/wp-content\/uploads\/2026\/01\/WhatsApp-Image-2026-01-28-at-16.30.14-_1_.png","width":1600,"height":1200,"caption":"Alfredo Schneider est\u00e1 em fase de finaliza\u00e7\u00e3o da amplia\u00e7\u00e3o \/ Cr\u00e9dito: Divulga\u00e7\u00e3o"},{"@type":"BreadcrumbList","@id":"https:\/\/folhapopular.info\/index.php\/2026\/01\/28\/ano-letivo-comeca-em-teutonia-com-expansao-da-rede-municipal-de-ensino\/#breadcrumb","itemListElement":[{"@type":"ListItem","position":1,"name":"In\u00edcio","item":"https:\/\/folhapopular.info\/"},{"@type":"ListItem","position":2,"name":"Ano letivo come\u00e7a em Teut\u00f4nia com expans\u00e3o da rede municipal de ensino"}]},{"@type":"WebSite","@id":"https:\/\/folhapopular.info\/#website","url":"https:\/\/folhapopular.info\/","name":"Folha Popular","description":"Onde voc\u00ea tem vez e voz","potentialAction":[{"@type":"SearchAction","target":{"@type":"EntryPoint","urlTemplate":"https:\/\/folhapopular.info\/?s={search_term_string}"},"query-input":{"@type":"PropertyValueSpecification","valueRequired":true,"valueName":"search_term_string"}}],"inLanguage":"pt-BR"},{"@type":"Person","@id":"https:\/\/folhapopular.info\/#\/schema\/person\/41b3bb1ecf6e33e81cbab2c29b178754","name":"Gabriely Hartmann Mallmann","image":{"@type":"ImageObject","inLanguage":"pt-BR","@id":"https:\/\/secure.gravatar.com\/avatar\/92999d30b0cc9bf49e6aa3c07c592bb06855a37dcfbdc7bbe6567a4637e999ce?s=96&d=mm&r=g","url":"https:\/\/secure.gravatar.com\/avatar\/92999d30b0cc9bf49e6aa3c07c592bb06855a37dcfbdc7bbe6567a4637e999ce?s=96&d=mm&r=g","contentUrl":"https:\/\/secure.gravatar.com\/avatar\/92999d30b0cc9bf49e6aa3c07c592bb06855a37dcfbdc7bbe6567a4637e999ce?s=96&d=mm&r=g","caption":"Gabriely Hartmann Mallmann"},"url":"https:\/\/folhapopular.info\/index.php\/author\/gabriely-hartmann-mallmann\/"}]}},"jetpack_featured_media_url":"https:\/\/folhapopular.info\/wp-content\/uploads\/2026\/01\/WhatsApp-Image-2026-01-28-at-16.30.14-_1_.png","jetpack_sharing_enabled":true,"amp_enabled":true,"_links":{"self":[{"href":"https:\/\/folhapopular.info\/index.php\/wp-json\/wp\/v2\/posts\/202858","targetHints":{"allow":["GET"]}}],"collection":[{"href":"https:\/\/folhapopular.info\/index.php\/wp-json\/wp\/v2\/posts"}],"about":[{"href":"https:\/\/folhapopular.info\/index.php\/wp-json\/wp\/v2\/types\/post"}],"author":[{"embeddable":true,"href":"https:\/\/folhapopular.info\/index.php\/wp-json\/wp\/v2\/users\/773"}],"replies":[{"embeddable":true,"href":"https:\/\/folhapopular.info\/index.php\/wp-json\/wp\/v2\/comments?post=202858"}],"version-history":[{"count":0,"href":"https:\/\/folhapopular.info\/index.php\/wp-json\/wp\/v2\/posts\/202858\/revisions"}],"wp:featuredmedia":[{"embeddable":true,"href":"https:\/\/folhapopular.info\/index.php\/wp-json\/wp\/v2\/media\/202859"}],"wp:attachment":[{"href":"https:\/\/folhapopular.info\/index.php\/wp-json\/wp\/v2\/media?parent=202858"}],"wp:term":[{"taxonomy":"category","embeddable":true,"href":"https:\/\/folhapopular.info\/index.php\/wp-json\/wp\/v2\/categories?post=202858"},{"taxonomy":"post_tag","embeddable":true,"href":"https:\/\/folhapopular.info\/index.php\/wp-json\/wp\/v2\/tags?post=202858"}],"curies":[{"name":"wp","href":"https:\/\/api.w.org\/{rel}","templated":true}]}}