{"id":202869,"date":"2026-01-28T18:34:50","date_gmt":"2026-01-28T21:34:50","guid":{"rendered":"https:\/\/folhapopular.info\/?p=202869"},"modified":"2026-02-02T15:07:08","modified_gmt":"2026-02-02T18:07:08","slug":"volta-as-aulas-em-paverama-marca-crescimento-da-rede-e-preparacao-para-2026","status":"publish","type":"post","link":"https:\/\/folhapopular.info\/index.php\/2026\/01\/28\/volta-as-aulas-em-paverama-marca-crescimento-da-rede-e-preparacao-para-2026\/","title":{"rendered":"Volta \u00e0s aulas em Paverama marca crescimento da rede e prepara\u00e7\u00e3o para 2026"},"content":{"rendered":"\n<p>Com o in\u00edcio do ano letivo, as escolas retomam suas atividades e voltam a receber alunos, professores e equipes, dando novo ritmo aos espa\u00e7os escolares. O retorno \u00e0s aulas simboliza n\u00e3o apenas a continuidade do ensino, mas tamb\u00e9m um per\u00edodo de acolhimento, organiza\u00e7\u00e3o e prepara\u00e7\u00e3o para os desafios e aprendizados ao longo do ano.<\/p>\n\n\n\n<p>O aumento gradativo de alunos, faz Paverama buscar qualidade de ensino para todos. O ano letivo de 2025 foi encerrado com 1.008 alunos, e, at\u00e9 o momento, j\u00e1 s\u00e3o contabilizadas quase 1.100 matr\u00edculas para 2026.<\/p>\n\n\n\n<p>A grade de professores \u00e9 distribu\u00edda conforme a demanda. A Educa\u00e7\u00e3o Infantil e o Ensino Fundamental I j\u00e1 contam com docentes concursados. Por\u00e9m o Ensino Fundamental II ainda apresenta falta de professores em \u00e1reas espec\u00edficas, devido \u00e0 atua\u00e7\u00e3o de profissionais efetivos em cargos de dire\u00e7\u00e3o. Os professores retornam \u00e0s atividades no dia 10 de fevereiro, enquanto o in\u00edcio do ano letivo para os alunos est\u00e1 previsto para o dia 18 de fevereiro de 2026.<\/p>\n\n\n\n<p>Em 2026, a log\u00edstica do transporte escolar passa por um processo de reorganiza\u00e7\u00e3o. As a\u00e7\u00f5es incluem a revis\u00e3o das rotas e dos tempos de deslocamento, al\u00e9m do fortalecimento do acompanhamento dos servi\u00e7os e da manuten\u00e7\u00e3o preventiva da frota.&nbsp;<\/p>\n\n\n\n<p>Duas escolas de Educa\u00e7\u00e3o Infantil foram indicadas para melhorias nas cozinhas: a Proinf\u00e2ncia Casa da Crian\u00e7a, no Centro, e a Emei Pingo de Gente, na Cidade Baixa. Tamb\u00e9m foi realizado o conserto do acesso e do p\u00e1tio da Emei Pequeno Mundo, no Bairro Posses, com concretagem, al\u00e9m do andamento do processo de amplia\u00e7\u00e3o de uma das Emeis.<\/p>\n","protected":false},"excerpt":{"rendered":"<p>Com o in\u00edcio do ano letivo, as escolas retomam suas atividades e voltam a receber alunos, professores e equipes, dando novo ritmo aos espa\u00e7os escolares. O retorno \u00e0s aulas simboliza n\u00e3o apenas a continuidade do ensino, mas tamb\u00e9m um per\u00edodo de acolhimento, organiza\u00e7\u00e3o e prepara\u00e7\u00e3o para os desafios e aprendizados ao longo do ano. O [&hellip;]<\/p>\n","protected":false},"author":773,"featured_media":202870,"comment_status":"open","ping_status":"open","sticky":false,"template":"","format":"standard","meta":{"pmpro_default_level":"","_jetpack_memberships_contains_paid_content":false,"footnotes":""},"categories":[10988,3],"tags":[73,2153,46],"class_list":{"0":"post-202869","1":"post","2":"type-post","3":"status-publish","4":"format-standard","5":"has-post-thumbnail","7":"category-educacao","8":"category-geral","9":"tag-educacao","10":"tag-escola","11":"tag-paverama","12":"pmpro-has-access"},"yoast_head":"<!-- This site is optimized with the Yoast SEO plugin v27.5 - https:\/\/yoast.com\/product\/yoast-seo-wordpress\/ -->\n<title>Volta \u00e0s aulas em Paverama marca crescimento da rede e prepara\u00e7\u00e3o para 2026 - Folha Popular<\/title>\n<meta name=\"robots\" content=\"index, follow, max-snippet:-1, max-image-preview:large, max-video-preview:-1\" \/>\n<link rel=\"canonical\" href=\"https:\/\/folhapopular.info\/index.php\/2026\/01\/28\/volta-as-aulas-em-paverama-marca-crescimento-da-rede-e-preparacao-para-2026\/\" \/>\n<meta property=\"og:locale\" content=\"pt_BR\" \/>\n<meta property=\"og:type\" content=\"article\" \/>\n<meta property=\"og:title\" content=\"Volta \u00e0s aulas em Paverama marca crescimento da rede e prepara\u00e7\u00e3o para 2026 - Folha Popular\" \/>\n<meta property=\"og:description\" content=\"Com o in\u00edcio do ano letivo, as escolas retomam suas atividades e voltam a receber alunos, professores e equipes, dando novo ritmo aos espa\u00e7os escolares. O retorno \u00e0s aulas simboliza n\u00e3o apenas a continuidade do ensino, mas tamb\u00e9m um per\u00edodo de acolhimento, organiza\u00e7\u00e3o e prepara\u00e7\u00e3o para os desafios e aprendizados ao longo do ano. O [&hellip;]\" \/>\n<meta property=\"og:url\" content=\"https:\/\/folhapopular.info\/index.php\/2026\/01\/28\/volta-as-aulas-em-paverama-marca-crescimento-da-rede-e-preparacao-para-2026\/\" \/>\n<meta property=\"og:site_name\" content=\"Folha Popular\" \/>\n<meta property=\"article:published_time\" content=\"2026-01-28T21:34:50+00:00\" \/>\n<meta property=\"article:modified_time\" content=\"2026-02-02T18:07:08+00:00\" \/>\n<meta property=\"og:image\" content=\"http:\/\/folhapopular.info\/wp-content\/uploads\/2026\/01\/fachadapaverama-scaled-e1649857076386.png\" \/>\n\t<meta property=\"og:image:width\" content=\"800\" \/>\n\t<meta property=\"og:image:height\" content=\"450\" \/>\n\t<meta property=\"og:image:type\" content=\"image\/png\" \/>\n<meta name=\"author\" content=\"Gabriely Hartmann Mallmann\" \/>\n<meta name=\"twitter:card\" content=\"summary_large_image\" \/>\n<meta name=\"twitter:label1\" content=\"Escrito por\" \/>\n\t<meta name=\"twitter:data1\" content=\"Gabriely Hartmann Mallmann\" \/>\n\t<meta name=\"twitter:label2\" content=\"Est. tempo de leitura\" \/>\n\t<meta name=\"twitter:data2\" content=\"2 minutos\" \/>\n<script type=\"application\/ld+json\" class=\"yoast-schema-graph\">{\"@context\":\"https:\\\/\\\/schema.org\",\"@graph\":[{\"@type\":\"Article\",\"@id\":\"https:\\\/\\\/folhapopular.info\\\/index.php\\\/2026\\\/01\\\/28\\\/volta-as-aulas-em-paverama-marca-crescimento-da-rede-e-preparacao-para-2026\\\/#article\",\"isPartOf\":{\"@id\":\"https:\\\/\\\/folhapopular.info\\\/index.php\\\/2026\\\/01\\\/28\\\/volta-as-aulas-em-paverama-marca-crescimento-da-rede-e-preparacao-para-2026\\\/\"},\"author\":{\"name\":\"Gabriely Hartmann Mallmann\",\"@id\":\"https:\\\/\\\/folhapopular.info\\\/#\\\/schema\\\/person\\\/41b3bb1ecf6e33e81cbab2c29b178754\"},\"headline\":\"Volta \u00e0s aulas em Paverama marca crescimento da rede e prepara\u00e7\u00e3o para 2026\",\"datePublished\":\"2026-01-28T21:34:50+00:00\",\"dateModified\":\"2026-02-02T18:07:08+00:00\",\"mainEntityOfPage\":{\"@id\":\"https:\\\/\\\/folhapopular.info\\\/index.php\\\/2026\\\/01\\\/28\\\/volta-as-aulas-em-paverama-marca-crescimento-da-rede-e-preparacao-para-2026\\\/\"},\"wordCount\":292,\"commentCount\":0,\"image\":{\"@id\":\"https:\\\/\\\/folhapopular.info\\\/index.php\\\/2026\\\/01\\\/28\\\/volta-as-aulas-em-paverama-marca-crescimento-da-rede-e-preparacao-para-2026\\\/#primaryimage\"},\"thumbnailUrl\":\"https:\\\/\\\/folhapopular.info\\\/wp-content\\\/uploads\\\/2026\\\/01\\\/fachadapaverama-scaled-e1649857076386.png\",\"keywords\":[\"Educa\u00e7\u00e3o\",\"Escola\",\"Paverama\"],\"articleSection\":[\"Educa\u00e7\u00e3o\",\"Geral\"],\"inLanguage\":\"pt-BR\",\"potentialAction\":[{\"@type\":\"CommentAction\",\"name\":\"Comment\",\"target\":[\"https:\\\/\\\/folhapopular.info\\\/index.php\\\/2026\\\/01\\\/28\\\/volta-as-aulas-em-paverama-marca-crescimento-da-rede-e-preparacao-para-2026\\\/#respond\"]}]},{\"@type\":\"WebPage\",\"@id\":\"https:\\\/\\\/folhapopular.info\\\/index.php\\\/2026\\\/01\\\/28\\\/volta-as-aulas-em-paverama-marca-crescimento-da-rede-e-preparacao-para-2026\\\/\",\"url\":\"https:\\\/\\\/folhapopular.info\\\/index.php\\\/2026\\\/01\\\/28\\\/volta-as-aulas-em-paverama-marca-crescimento-da-rede-e-preparacao-para-2026\\\/\",\"name\":\"Volta \u00e0s aulas em Paverama marca crescimento da rede e prepara\u00e7\u00e3o para 2026 - Folha Popular\",\"isPartOf\":{\"@id\":\"https:\\\/\\\/folhapopular.info\\\/#website\"},\"primaryImageOfPage\":{\"@id\":\"https:\\\/\\\/folhapopular.info\\\/index.php\\\/2026\\\/01\\\/28\\\/volta-as-aulas-em-paverama-marca-crescimento-da-rede-e-preparacao-para-2026\\\/#primaryimage\"},\"image\":{\"@id\":\"https:\\\/\\\/folhapopular.info\\\/index.php\\\/2026\\\/01\\\/28\\\/volta-as-aulas-em-paverama-marca-crescimento-da-rede-e-preparacao-para-2026\\\/#primaryimage\"},\"thumbnailUrl\":\"https:\\\/\\\/folhapopular.info\\\/wp-content\\\/uploads\\\/2026\\\/01\\\/fachadapaverama-scaled-e1649857076386.png\",\"datePublished\":\"2026-01-28T21:34:50+00:00\",\"dateModified\":\"2026-02-02T18:07:08+00:00\",\"author\":{\"@id\":\"https:\\\/\\\/folhapopular.info\\\/#\\\/schema\\\/person\\\/41b3bb1ecf6e33e81cbab2c29b178754\"},\"breadcrumb\":{\"@id\":\"https:\\\/\\\/folhapopular.info\\\/index.php\\\/2026\\\/01\\\/28\\\/volta-as-aulas-em-paverama-marca-crescimento-da-rede-e-preparacao-para-2026\\\/#breadcrumb\"},\"inLanguage\":\"pt-BR\",\"potentialAction\":[{\"@type\":\"ReadAction\",\"target\":[\"https:\\\/\\\/folhapopular.info\\\/index.php\\\/2026\\\/01\\\/28\\\/volta-as-aulas-em-paverama-marca-crescimento-da-rede-e-preparacao-para-2026\\\/\"]}]},{\"@type\":\"ImageObject\",\"inLanguage\":\"pt-BR\",\"@id\":\"https:\\\/\\\/folhapopular.info\\\/index.php\\\/2026\\\/01\\\/28\\\/volta-as-aulas-em-paverama-marca-crescimento-da-rede-e-preparacao-para-2026\\\/#primaryimage\",\"url\":\"https:\\\/\\\/folhapopular.info\\\/wp-content\\\/uploads\\\/2026\\\/01\\\/fachadapaverama-scaled-e1649857076386.png\",\"contentUrl\":\"https:\\\/\\\/folhapopular.info\\\/wp-content\\\/uploads\\\/2026\\\/01\\\/fachadapaverama-scaled-e1649857076386.png\",\"width\":800,\"height\":450,\"caption\":\"Cr\u00e9dito: Arquivo FP\"},{\"@type\":\"BreadcrumbList\",\"@id\":\"https:\\\/\\\/folhapopular.info\\\/index.php\\\/2026\\\/01\\\/28\\\/volta-as-aulas-em-paverama-marca-crescimento-da-rede-e-preparacao-para-2026\\\/#breadcrumb\",\"itemListElement\":[{\"@type\":\"ListItem\",\"position\":1,\"name\":\"In\u00edcio\",\"item\":\"https:\\\/\\\/folhapopular.info\\\/\"},{\"@type\":\"ListItem\",\"position\":2,\"name\":\"Volta \u00e0s aulas em Paverama marca crescimento da rede e prepara\u00e7\u00e3o para 2026\"}]},{\"@type\":\"WebSite\",\"@id\":\"https:\\\/\\\/folhapopular.info\\\/#website\",\"url\":\"https:\\\/\\\/folhapopular.info\\\/\",\"name\":\"Folha Popular\",\"description\":\"Onde voc\u00ea tem vez e voz\",\"potentialAction\":[{\"@type\":\"SearchAction\",\"target\":{\"@type\":\"EntryPoint\",\"urlTemplate\":\"https:\\\/\\\/folhapopular.info\\\/?s={search_term_string}\"},\"query-input\":{\"@type\":\"PropertyValueSpecification\",\"valueRequired\":true,\"valueName\":\"search_term_string\"}}],\"inLanguage\":\"pt-BR\"},{\"@type\":\"Person\",\"@id\":\"https:\\\/\\\/folhapopular.info\\\/#\\\/schema\\\/person\\\/41b3bb1ecf6e33e81cbab2c29b178754\",\"name\":\"Gabriely Hartmann Mallmann\",\"image\":{\"@type\":\"ImageObject\",\"inLanguage\":\"pt-BR\",\"@id\":\"https:\\\/\\\/secure.gravatar.com\\\/avatar\\\/92999d30b0cc9bf49e6aa3c07c592bb06855a37dcfbdc7bbe6567a4637e999ce?s=96&d=mm&r=g\",\"url\":\"https:\\\/\\\/secure.gravatar.com\\\/avatar\\\/92999d30b0cc9bf49e6aa3c07c592bb06855a37dcfbdc7bbe6567a4637e999ce?s=96&d=mm&r=g\",\"contentUrl\":\"https:\\\/\\\/secure.gravatar.com\\\/avatar\\\/92999d30b0cc9bf49e6aa3c07c592bb06855a37dcfbdc7bbe6567a4637e999ce?s=96&d=mm&r=g\",\"caption\":\"Gabriely Hartmann Mallmann\"},\"url\":\"https:\\\/\\\/folhapopular.info\\\/index.php\\\/author\\\/gabriely-hartmann-mallmann\\\/\"}]}<\/script>\n<!-- \/ Yoast SEO plugin. -->","yoast_head_json":{"title":"Volta \u00e0s aulas em Paverama marca crescimento da rede e prepara\u00e7\u00e3o para 2026 - Folha Popular","robots":{"index":"index","follow":"follow","max-snippet":"max-snippet:-1","max-image-preview":"max-image-preview:large","max-video-preview":"max-video-preview:-1"},"canonical":"https:\/\/folhapopular.info\/index.php\/2026\/01\/28\/volta-as-aulas-em-paverama-marca-crescimento-da-rede-e-preparacao-para-2026\/","og_locale":"pt_BR","og_type":"article","og_title":"Volta \u00e0s aulas em Paverama marca crescimento da rede e prepara\u00e7\u00e3o para 2026 - Folha Popular","og_description":"Com o in\u00edcio do ano letivo, as escolas retomam suas atividades e voltam a receber alunos, professores e equipes, dando novo ritmo aos espa\u00e7os escolares. O retorno \u00e0s aulas simboliza n\u00e3o apenas a continuidade do ensino, mas tamb\u00e9m um per\u00edodo de acolhimento, organiza\u00e7\u00e3o e prepara\u00e7\u00e3o para os desafios e aprendizados ao longo do ano. O [&hellip;]","og_url":"https:\/\/folhapopular.info\/index.php\/2026\/01\/28\/volta-as-aulas-em-paverama-marca-crescimento-da-rede-e-preparacao-para-2026\/","og_site_name":"Folha Popular","article_published_time":"2026-01-28T21:34:50+00:00","article_modified_time":"2026-02-02T18:07:08+00:00","og_image":[{"width":800,"height":450,"url":"http:\/\/folhapopular.info\/wp-content\/uploads\/2026\/01\/fachadapaverama-scaled-e1649857076386.png","type":"image\/png"}],"author":"Gabriely Hartmann Mallmann","twitter_card":"summary_large_image","twitter_misc":{"Escrito por":"Gabriely Hartmann Mallmann","Est. tempo de leitura":"2 minutos"},"schema":{"@context":"https:\/\/schema.org","@graph":[{"@type":"Article","@id":"https:\/\/folhapopular.info\/index.php\/2026\/01\/28\/volta-as-aulas-em-paverama-marca-crescimento-da-rede-e-preparacao-para-2026\/#article","isPartOf":{"@id":"https:\/\/folhapopular.info\/index.php\/2026\/01\/28\/volta-as-aulas-em-paverama-marca-crescimento-da-rede-e-preparacao-para-2026\/"},"author":{"name":"Gabriely Hartmann Mallmann","@id":"https:\/\/folhapopular.info\/#\/schema\/person\/41b3bb1ecf6e33e81cbab2c29b178754"},"headline":"Volta \u00e0s aulas em Paverama marca crescimento da rede e prepara\u00e7\u00e3o para 2026","datePublished":"2026-01-28T21:34:50+00:00","dateModified":"2026-02-02T18:07:08+00:00","mainEntityOfPage":{"@id":"https:\/\/folhapopular.info\/index.php\/2026\/01\/28\/volta-as-aulas-em-paverama-marca-crescimento-da-rede-e-preparacao-para-2026\/"},"wordCount":292,"commentCount":0,"image":{"@id":"https:\/\/folhapopular.info\/index.php\/2026\/01\/28\/volta-as-aulas-em-paverama-marca-crescimento-da-rede-e-preparacao-para-2026\/#primaryimage"},"thumbnailUrl":"https:\/\/folhapopular.info\/wp-content\/uploads\/2026\/01\/fachadapaverama-scaled-e1649857076386.png","keywords":["Educa\u00e7\u00e3o","Escola","Paverama"],"articleSection":["Educa\u00e7\u00e3o","Geral"],"inLanguage":"pt-BR","potentialAction":[{"@type":"CommentAction","name":"Comment","target":["https:\/\/folhapopular.info\/index.php\/2026\/01\/28\/volta-as-aulas-em-paverama-marca-crescimento-da-rede-e-preparacao-para-2026\/#respond"]}]},{"@type":"WebPage","@id":"https:\/\/folhapopular.info\/index.php\/2026\/01\/28\/volta-as-aulas-em-paverama-marca-crescimento-da-rede-e-preparacao-para-2026\/","url":"https:\/\/folhapopular.info\/index.php\/2026\/01\/28\/volta-as-aulas-em-paverama-marca-crescimento-da-rede-e-preparacao-para-2026\/","name":"Volta \u00e0s aulas em Paverama marca crescimento da rede e prepara\u00e7\u00e3o para 2026 - Folha Popular","isPartOf":{"@id":"https:\/\/folhapopular.info\/#website"},"primaryImageOfPage":{"@id":"https:\/\/folhapopular.info\/index.php\/2026\/01\/28\/volta-as-aulas-em-paverama-marca-crescimento-da-rede-e-preparacao-para-2026\/#primaryimage"},"image":{"@id":"https:\/\/folhapopular.info\/index.php\/2026\/01\/28\/volta-as-aulas-em-paverama-marca-crescimento-da-rede-e-preparacao-para-2026\/#primaryimage"},"thumbnailUrl":"https:\/\/folhapopular.info\/wp-content\/uploads\/2026\/01\/fachadapaverama-scaled-e1649857076386.png","datePublished":"2026-01-28T21:34:50+00:00","dateModified":"2026-02-02T18:07:08+00:00","author":{"@id":"https:\/\/folhapopular.info\/#\/schema\/person\/41b3bb1ecf6e33e81cbab2c29b178754"},"breadcrumb":{"@id":"https:\/\/folhapopular.info\/index.php\/2026\/01\/28\/volta-as-aulas-em-paverama-marca-crescimento-da-rede-e-preparacao-para-2026\/#breadcrumb"},"inLanguage":"pt-BR","potentialAction":[{"@type":"ReadAction","target":["https:\/\/folhapopular.info\/index.php\/2026\/01\/28\/volta-as-aulas-em-paverama-marca-crescimento-da-rede-e-preparacao-para-2026\/"]}]},{"@type":"ImageObject","inLanguage":"pt-BR","@id":"https:\/\/folhapopular.info\/index.php\/2026\/01\/28\/volta-as-aulas-em-paverama-marca-crescimento-da-rede-e-preparacao-para-2026\/#primaryimage","url":"https:\/\/folhapopular.info\/wp-content\/uploads\/2026\/01\/fachadapaverama-scaled-e1649857076386.png","contentUrl":"https:\/\/folhapopular.info\/wp-content\/uploads\/2026\/01\/fachadapaverama-scaled-e1649857076386.png","width":800,"height":450,"caption":"Cr\u00e9dito: Arquivo FP"},{"@type":"BreadcrumbList","@id":"https:\/\/folhapopular.info\/index.php\/2026\/01\/28\/volta-as-aulas-em-paverama-marca-crescimento-da-rede-e-preparacao-para-2026\/#breadcrumb","itemListElement":[{"@type":"ListItem","position":1,"name":"In\u00edcio","item":"https:\/\/folhapopular.info\/"},{"@type":"ListItem","position":2,"name":"Volta \u00e0s aulas em Paverama marca crescimento da rede e prepara\u00e7\u00e3o para 2026"}]},{"@type":"WebSite","@id":"https:\/\/folhapopular.info\/#website","url":"https:\/\/folhapopular.info\/","name":"Folha Popular","description":"Onde voc\u00ea tem vez e voz","potentialAction":[{"@type":"SearchAction","target":{"@type":"EntryPoint","urlTemplate":"https:\/\/folhapopular.info\/?s={search_term_string}"},"query-input":{"@type":"PropertyValueSpecification","valueRequired":true,"valueName":"search_term_string"}}],"inLanguage":"pt-BR"},{"@type":"Person","@id":"https:\/\/folhapopular.info\/#\/schema\/person\/41b3bb1ecf6e33e81cbab2c29b178754","name":"Gabriely Hartmann Mallmann","image":{"@type":"ImageObject","inLanguage":"pt-BR","@id":"https:\/\/secure.gravatar.com\/avatar\/92999d30b0cc9bf49e6aa3c07c592bb06855a37dcfbdc7bbe6567a4637e999ce?s=96&d=mm&r=g","url":"https:\/\/secure.gravatar.com\/avatar\/92999d30b0cc9bf49e6aa3c07c592bb06855a37dcfbdc7bbe6567a4637e999ce?s=96&d=mm&r=g","contentUrl":"https:\/\/secure.gravatar.com\/avatar\/92999d30b0cc9bf49e6aa3c07c592bb06855a37dcfbdc7bbe6567a4637e999ce?s=96&d=mm&r=g","caption":"Gabriely Hartmann Mallmann"},"url":"https:\/\/folhapopular.info\/index.php\/author\/gabriely-hartmann-mallmann\/"}]}},"jetpack_featured_media_url":"https:\/\/folhapopular.info\/wp-content\/uploads\/2026\/01\/fachadapaverama-scaled-e1649857076386.png","jetpack_sharing_enabled":true,"amp_enabled":true,"_links":{"self":[{"href":"https:\/\/folhapopular.info\/index.php\/wp-json\/wp\/v2\/posts\/202869","targetHints":{"allow":["GET"]}}],"collection":[{"href":"https:\/\/folhapopular.info\/index.php\/wp-json\/wp\/v2\/posts"}],"about":[{"href":"https:\/\/folhapopular.info\/index.php\/wp-json\/wp\/v2\/types\/post"}],"author":[{"embeddable":true,"href":"https:\/\/folhapopular.info\/index.php\/wp-json\/wp\/v2\/users\/773"}],"replies":[{"embeddable":true,"href":"https:\/\/folhapopular.info\/index.php\/wp-json\/wp\/v2\/comments?post=202869"}],"version-history":[{"count":0,"href":"https:\/\/folhapopular.info\/index.php\/wp-json\/wp\/v2\/posts\/202869\/revisions"}],"wp:featuredmedia":[{"embeddable":true,"href":"https:\/\/folhapopular.info\/index.php\/wp-json\/wp\/v2\/media\/202870"}],"wp:attachment":[{"href":"https:\/\/folhapopular.info\/index.php\/wp-json\/wp\/v2\/media?parent=202869"}],"wp:term":[{"taxonomy":"category","embeddable":true,"href":"https:\/\/folhapopular.info\/index.php\/wp-json\/wp\/v2\/categories?post=202869"},{"taxonomy":"post_tag","embeddable":true,"href":"https:\/\/folhapopular.info\/index.php\/wp-json\/wp\/v2\/tags?post=202869"}],"curies":[{"name":"wp","href":"https:\/\/api.w.org\/{rel}","templated":true}]}}