{"id":202989,"date":"2026-01-30T11:27:12","date_gmt":"2026-01-30T14:27:12","guid":{"rendered":"https:\/\/folhapopular.info\/?p=202989"},"modified":"2026-01-30T11:27:17","modified_gmt":"2026-01-30T14:27:17","slug":"comitiva-da-cidade-irma-alema-visita-estrela-entre-11-e-13-de-fevereiro","status":"publish","type":"post","link":"https:\/\/folhapopular.info\/index.php\/2026\/01\/30\/comitiva-da-cidade-irma-alema-visita-estrela-entre-11-e-13-de-fevereiro\/","title":{"rendered":"Comitiva da cidade-irm\u00e3 alem\u00e3 visita Estrela entre 11 e 13 de fevereiro"},"content":{"rendered":"\n<p>O munic\u00edpio de Estrela recebe, entre os dias 11 e 13 de fevereiro, uma comitiva da cidade-irm\u00e3 alem\u00e3 Ehrfriedersdorf. A visita integra o interc\u00e2mbio cultural entre as duas cidades e conta com uma programa\u00e7\u00e3o voltada \u00e0 integra\u00e7\u00e3o comunit\u00e1ria, troca de experi\u00eancias e valoriza\u00e7\u00e3o ambiental e cultural.<\/p>\n\n\n\n<p>Ao todo, a delega\u00e7\u00e3o \u00e9 composta por 28 pessoas, sendo 15 jovens alem\u00e3es, que participam de atividades organizadas em parceria com entidades locais e a administra\u00e7\u00e3o municipal. Durante a estadia, o grupo ser\u00e1 hospedado em resid\u00eancias de fam\u00edlias do munic\u00edpio, fortalecendo os la\u00e7os de amizade e conviv\u00eancia.<\/p>\n\n\n\n<p>A programa\u00e7\u00e3o inclui recep\u00e7\u00e3o oficial, encontros com a comunidade, visita \u00e0 Prefeitura, plantio de \u00e1rvores nativas junto ao Parque da Lagoa, passeio de barco pelo Rio Taquari com acompanhamento de bi\u00f3logo, al\u00e9m de visitas a ind\u00fastrias locais. Tamb\u00e9m est\u00e3o previstas palestras sobre meio ambiente e momentos de lazer e integra\u00e7\u00e3o cultural, como a Noite Brasileira e a Noite Ga\u00facha, com m\u00fasica e gastronomia t\u00edpica.<\/p>\n\n\n\n<p>A iniciativa refor\u00e7a a parceria entre Estrela e Ehrfriedersdorf, promovendo o interc\u00e2mbio cultural, educacional e social, especialmente entre os jovens, e contribuindo para o fortalecimento das rela\u00e7\u00f5es internacionais do munic\u00edpio.<\/p>\n","protected":false},"excerpt":{"rendered":"<p>O munic\u00edpio de Estrela recebe, entre os dias 11 e 13 de fevereiro, uma comitiva da cidade-irm\u00e3 alem\u00e3 Ehrfriedersdorf. A visita integra o interc\u00e2mbio cultural entre as duas cidades e conta com uma programa\u00e7\u00e3o voltada \u00e0 integra\u00e7\u00e3o comunit\u00e1ria, troca de experi\u00eancias e valoriza\u00e7\u00e3o ambiental e cultural. Ao todo, a delega\u00e7\u00e3o \u00e9 composta por 28 pessoas, [&hellip;]<\/p>\n","protected":false},"author":8,"featured_media":202990,"comment_status":"open","ping_status":"open","sticky":false,"template":"","format":"standard","meta":{"pmpro_default_level":"","_jetpack_memberships_contains_paid_content":false,"footnotes":""},"categories":[10996,3],"tags":[344,20477,8],"class_list":{"0":"post-202989","1":"post","2":"type-post","3":"status-publish","4":"format-standard","5":"has-post-thumbnail","7":"category-cultura","8":"category-geral","9":"tag-cultura","10":"tag-ehrfriedersdorf","11":"tag-estrela","12":"pmpro-has-access"},"yoast_head":"<!-- This site is optimized with the Yoast SEO plugin v27.5 - https:\/\/yoast.com\/product\/yoast-seo-wordpress\/ -->\n<title>Comitiva da cidade-irm\u00e3 alem\u00e3 visita Estrela entre 11 e 13 de fevereiro - Folha Popular<\/title>\n<meta name=\"robots\" content=\"index, follow, max-snippet:-1, max-image-preview:large, max-video-preview:-1\" \/>\n<link rel=\"canonical\" href=\"https:\/\/folhapopular.info\/index.php\/2026\/01\/30\/comitiva-da-cidade-irma-alema-visita-estrela-entre-11-e-13-de-fevereiro\/\" \/>\n<meta property=\"og:locale\" content=\"pt_BR\" \/>\n<meta property=\"og:type\" content=\"article\" \/>\n<meta property=\"og:title\" content=\"Comitiva da cidade-irm\u00e3 alem\u00e3 visita Estrela entre 11 e 13 de fevereiro - Folha Popular\" \/>\n<meta property=\"og:description\" content=\"O munic\u00edpio de Estrela recebe, entre os dias 11 e 13 de fevereiro, uma comitiva da cidade-irm\u00e3 alem\u00e3 Ehrfriedersdorf. A visita integra o interc\u00e2mbio cultural entre as duas cidades e conta com uma programa\u00e7\u00e3o voltada \u00e0 integra\u00e7\u00e3o comunit\u00e1ria, troca de experi\u00eancias e valoriza\u00e7\u00e3o ambiental e cultural. Ao todo, a delega\u00e7\u00e3o \u00e9 composta por 28 pessoas, [&hellip;]\" \/>\n<meta property=\"og:url\" content=\"https:\/\/folhapopular.info\/index.php\/2026\/01\/30\/comitiva-da-cidade-irma-alema-visita-estrela-entre-11-e-13-de-fevereiro\/\" \/>\n<meta property=\"og:site_name\" content=\"Folha Popular\" \/>\n<meta property=\"article:published_time\" content=\"2026-01-30T14:27:12+00:00\" \/>\n<meta property=\"article:modified_time\" content=\"2026-01-30T14:27:17+00:00\" \/>\n<meta property=\"og:image\" content=\"http:\/\/folhapopular.info\/wp-content\/uploads\/2026\/01\/8ea94f6e-4dfb-42c3-ab4c-a437d1487990.jpg\" \/>\n\t<meta property=\"og:image:width\" content=\"1600\" \/>\n\t<meta property=\"og:image:height\" content=\"1199\" \/>\n\t<meta property=\"og:image:type\" content=\"image\/jpeg\" \/>\n<meta name=\"author\" content=\"Reda\u00e7\u00e3o Folha Popular\" \/>\n<meta name=\"twitter:card\" content=\"summary_large_image\" \/>\n<meta name=\"twitter:label1\" content=\"Escrito por\" \/>\n\t<meta name=\"twitter:data1\" content=\"Reda\u00e7\u00e3o Folha Popular\" \/>\n\t<meta name=\"twitter:label2\" content=\"Est. tempo de leitura\" \/>\n\t<meta name=\"twitter:data2\" content=\"2 minutos\" \/>\n<script type=\"application\/ld+json\" class=\"yoast-schema-graph\">{\"@context\":\"https:\\\/\\\/schema.org\",\"@graph\":[{\"@type\":\"Article\",\"@id\":\"https:\\\/\\\/folhapopular.info\\\/index.php\\\/2026\\\/01\\\/30\\\/comitiva-da-cidade-irma-alema-visita-estrela-entre-11-e-13-de-fevereiro\\\/#article\",\"isPartOf\":{\"@id\":\"https:\\\/\\\/folhapopular.info\\\/index.php\\\/2026\\\/01\\\/30\\\/comitiva-da-cidade-irma-alema-visita-estrela-entre-11-e-13-de-fevereiro\\\/\"},\"author\":{\"name\":\"Reda\u00e7\u00e3o Folha Popular\",\"@id\":\"https:\\\/\\\/folhapopular.info\\\/#\\\/schema\\\/person\\\/2814e8a0df7643585a9ca38bc6eb9d4b\"},\"headline\":\"Comitiva da cidade-irm\u00e3 alem\u00e3 visita Estrela entre 11 e 13 de fevereiro\",\"datePublished\":\"2026-01-30T14:27:12+00:00\",\"dateModified\":\"2026-01-30T14:27:17+00:00\",\"mainEntityOfPage\":{\"@id\":\"https:\\\/\\\/folhapopular.info\\\/index.php\\\/2026\\\/01\\\/30\\\/comitiva-da-cidade-irma-alema-visita-estrela-entre-11-e-13-de-fevereiro\\\/\"},\"wordCount\":220,\"commentCount\":0,\"image\":{\"@id\":\"https:\\\/\\\/folhapopular.info\\\/index.php\\\/2026\\\/01\\\/30\\\/comitiva-da-cidade-irma-alema-visita-estrela-entre-11-e-13-de-fevereiro\\\/#primaryimage\"},\"thumbnailUrl\":\"https:\\\/\\\/folhapopular.info\\\/wp-content\\\/uploads\\\/2026\\\/01\\\/8ea94f6e-4dfb-42c3-ab4c-a437d1487990.jpg\",\"keywords\":[\"Cultura\",\"Ehrfriedersdorf\",\"Estrela\"],\"articleSection\":[\"Cultura\",\"Geral\"],\"inLanguage\":\"pt-BR\",\"potentialAction\":[{\"@type\":\"CommentAction\",\"name\":\"Comment\",\"target\":[\"https:\\\/\\\/folhapopular.info\\\/index.php\\\/2026\\\/01\\\/30\\\/comitiva-da-cidade-irma-alema-visita-estrela-entre-11-e-13-de-fevereiro\\\/#respond\"]}]},{\"@type\":\"WebPage\",\"@id\":\"https:\\\/\\\/folhapopular.info\\\/index.php\\\/2026\\\/01\\\/30\\\/comitiva-da-cidade-irma-alema-visita-estrela-entre-11-e-13-de-fevereiro\\\/\",\"url\":\"https:\\\/\\\/folhapopular.info\\\/index.php\\\/2026\\\/01\\\/30\\\/comitiva-da-cidade-irma-alema-visita-estrela-entre-11-e-13-de-fevereiro\\\/\",\"name\":\"Comitiva da cidade-irm\u00e3 alem\u00e3 visita Estrela entre 11 e 13 de fevereiro - Folha Popular\",\"isPartOf\":{\"@id\":\"https:\\\/\\\/folhapopular.info\\\/#website\"},\"primaryImageOfPage\":{\"@id\":\"https:\\\/\\\/folhapopular.info\\\/index.php\\\/2026\\\/01\\\/30\\\/comitiva-da-cidade-irma-alema-visita-estrela-entre-11-e-13-de-fevereiro\\\/#primaryimage\"},\"image\":{\"@id\":\"https:\\\/\\\/folhapopular.info\\\/index.php\\\/2026\\\/01\\\/30\\\/comitiva-da-cidade-irma-alema-visita-estrela-entre-11-e-13-de-fevereiro\\\/#primaryimage\"},\"thumbnailUrl\":\"https:\\\/\\\/folhapopular.info\\\/wp-content\\\/uploads\\\/2026\\\/01\\\/8ea94f6e-4dfb-42c3-ab4c-a437d1487990.jpg\",\"datePublished\":\"2026-01-30T14:27:12+00:00\",\"dateModified\":\"2026-01-30T14:27:17+00:00\",\"author\":{\"@id\":\"https:\\\/\\\/folhapopular.info\\\/#\\\/schema\\\/person\\\/2814e8a0df7643585a9ca38bc6eb9d4b\"},\"breadcrumb\":{\"@id\":\"https:\\\/\\\/folhapopular.info\\\/index.php\\\/2026\\\/01\\\/30\\\/comitiva-da-cidade-irma-alema-visita-estrela-entre-11-e-13-de-fevereiro\\\/#breadcrumb\"},\"inLanguage\":\"pt-BR\",\"potentialAction\":[{\"@type\":\"ReadAction\",\"target\":[\"https:\\\/\\\/folhapopular.info\\\/index.php\\\/2026\\\/01\\\/30\\\/comitiva-da-cidade-irma-alema-visita-estrela-entre-11-e-13-de-fevereiro\\\/\"]}]},{\"@type\":\"ImageObject\",\"inLanguage\":\"pt-BR\",\"@id\":\"https:\\\/\\\/folhapopular.info\\\/index.php\\\/2026\\\/01\\\/30\\\/comitiva-da-cidade-irma-alema-visita-estrela-entre-11-e-13-de-fevereiro\\\/#primaryimage\",\"url\":\"https:\\\/\\\/folhapopular.info\\\/wp-content\\\/uploads\\\/2026\\\/01\\\/8ea94f6e-4dfb-42c3-ab4c-a437d1487990.jpg\",\"contentUrl\":\"https:\\\/\\\/folhapopular.info\\\/wp-content\\\/uploads\\\/2026\\\/01\\\/8ea94f6e-4dfb-42c3-ab4c-a437d1487990.jpg\",\"width\":1600,\"height\":1199,\"caption\":\"Parceria com a cidade foi oficializada em 2025. Cr\u00e9ditos: Divulga\u00e7\u00e3o\"},{\"@type\":\"BreadcrumbList\",\"@id\":\"https:\\\/\\\/folhapopular.info\\\/index.php\\\/2026\\\/01\\\/30\\\/comitiva-da-cidade-irma-alema-visita-estrela-entre-11-e-13-de-fevereiro\\\/#breadcrumb\",\"itemListElement\":[{\"@type\":\"ListItem\",\"position\":1,\"name\":\"In\u00edcio\",\"item\":\"https:\\\/\\\/folhapopular.info\\\/\"},{\"@type\":\"ListItem\",\"position\":2,\"name\":\"Comitiva da cidade-irm\u00e3 alem\u00e3 visita Estrela entre 11 e 13 de fevereiro\"}]},{\"@type\":\"WebSite\",\"@id\":\"https:\\\/\\\/folhapopular.info\\\/#website\",\"url\":\"https:\\\/\\\/folhapopular.info\\\/\",\"name\":\"Folha Popular\",\"description\":\"Onde voc\u00ea tem vez e voz\",\"potentialAction\":[{\"@type\":\"SearchAction\",\"target\":{\"@type\":\"EntryPoint\",\"urlTemplate\":\"https:\\\/\\\/folhapopular.info\\\/?s={search_term_string}\"},\"query-input\":{\"@type\":\"PropertyValueSpecification\",\"valueRequired\":true,\"valueName\":\"search_term_string\"}}],\"inLanguage\":\"pt-BR\"},{\"@type\":\"Person\",\"@id\":\"https:\\\/\\\/folhapopular.info\\\/#\\\/schema\\\/person\\\/2814e8a0df7643585a9ca38bc6eb9d4b\",\"name\":\"Reda\u00e7\u00e3o Folha Popular\",\"image\":{\"@type\":\"ImageObject\",\"inLanguage\":\"pt-BR\",\"@id\":\"https:\\\/\\\/folhapopular.info\\\/wp-content\\\/uploads\\\/2026\\\/04\\\/Folha-1.webp\",\"url\":\"https:\\\/\\\/folhapopular.info\\\/wp-content\\\/uploads\\\/2026\\\/04\\\/Folha-1.webp\",\"contentUrl\":\"https:\\\/\\\/folhapopular.info\\\/wp-content\\\/uploads\\\/2026\\\/04\\\/Folha-1.webp\",\"caption\":\"Reda\u00e7\u00e3o Folha Popular\"},\"url\":\"https:\\\/\\\/folhapopular.info\\\/index.php\\\/author\\\/redacao\\\/\"}]}<\/script>\n<!-- \/ Yoast SEO plugin. -->","yoast_head_json":{"title":"Comitiva da cidade-irm\u00e3 alem\u00e3 visita Estrela entre 11 e 13 de fevereiro - Folha Popular","robots":{"index":"index","follow":"follow","max-snippet":"max-snippet:-1","max-image-preview":"max-image-preview:large","max-video-preview":"max-video-preview:-1"},"canonical":"https:\/\/folhapopular.info\/index.php\/2026\/01\/30\/comitiva-da-cidade-irma-alema-visita-estrela-entre-11-e-13-de-fevereiro\/","og_locale":"pt_BR","og_type":"article","og_title":"Comitiva da cidade-irm\u00e3 alem\u00e3 visita Estrela entre 11 e 13 de fevereiro - Folha Popular","og_description":"O munic\u00edpio de Estrela recebe, entre os dias 11 e 13 de fevereiro, uma comitiva da cidade-irm\u00e3 alem\u00e3 Ehrfriedersdorf. A visita integra o interc\u00e2mbio cultural entre as duas cidades e conta com uma programa\u00e7\u00e3o voltada \u00e0 integra\u00e7\u00e3o comunit\u00e1ria, troca de experi\u00eancias e valoriza\u00e7\u00e3o ambiental e cultural. Ao todo, a delega\u00e7\u00e3o \u00e9 composta por 28 pessoas, [&hellip;]","og_url":"https:\/\/folhapopular.info\/index.php\/2026\/01\/30\/comitiva-da-cidade-irma-alema-visita-estrela-entre-11-e-13-de-fevereiro\/","og_site_name":"Folha Popular","article_published_time":"2026-01-30T14:27:12+00:00","article_modified_time":"2026-01-30T14:27:17+00:00","og_image":[{"width":1600,"height":1199,"url":"http:\/\/folhapopular.info\/wp-content\/uploads\/2026\/01\/8ea94f6e-4dfb-42c3-ab4c-a437d1487990.jpg","type":"image\/jpeg"}],"author":"Reda\u00e7\u00e3o Folha Popular","twitter_card":"summary_large_image","twitter_misc":{"Escrito por":"Reda\u00e7\u00e3o Folha Popular","Est. tempo de leitura":"2 minutos"},"schema":{"@context":"https:\/\/schema.org","@graph":[{"@type":"Article","@id":"https:\/\/folhapopular.info\/index.php\/2026\/01\/30\/comitiva-da-cidade-irma-alema-visita-estrela-entre-11-e-13-de-fevereiro\/#article","isPartOf":{"@id":"https:\/\/folhapopular.info\/index.php\/2026\/01\/30\/comitiva-da-cidade-irma-alema-visita-estrela-entre-11-e-13-de-fevereiro\/"},"author":{"name":"Reda\u00e7\u00e3o Folha Popular","@id":"https:\/\/folhapopular.info\/#\/schema\/person\/2814e8a0df7643585a9ca38bc6eb9d4b"},"headline":"Comitiva da cidade-irm\u00e3 alem\u00e3 visita Estrela entre 11 e 13 de fevereiro","datePublished":"2026-01-30T14:27:12+00:00","dateModified":"2026-01-30T14:27:17+00:00","mainEntityOfPage":{"@id":"https:\/\/folhapopular.info\/index.php\/2026\/01\/30\/comitiva-da-cidade-irma-alema-visita-estrela-entre-11-e-13-de-fevereiro\/"},"wordCount":220,"commentCount":0,"image":{"@id":"https:\/\/folhapopular.info\/index.php\/2026\/01\/30\/comitiva-da-cidade-irma-alema-visita-estrela-entre-11-e-13-de-fevereiro\/#primaryimage"},"thumbnailUrl":"https:\/\/folhapopular.info\/wp-content\/uploads\/2026\/01\/8ea94f6e-4dfb-42c3-ab4c-a437d1487990.jpg","keywords":["Cultura","Ehrfriedersdorf","Estrela"],"articleSection":["Cultura","Geral"],"inLanguage":"pt-BR","potentialAction":[{"@type":"CommentAction","name":"Comment","target":["https:\/\/folhapopular.info\/index.php\/2026\/01\/30\/comitiva-da-cidade-irma-alema-visita-estrela-entre-11-e-13-de-fevereiro\/#respond"]}]},{"@type":"WebPage","@id":"https:\/\/folhapopular.info\/index.php\/2026\/01\/30\/comitiva-da-cidade-irma-alema-visita-estrela-entre-11-e-13-de-fevereiro\/","url":"https:\/\/folhapopular.info\/index.php\/2026\/01\/30\/comitiva-da-cidade-irma-alema-visita-estrela-entre-11-e-13-de-fevereiro\/","name":"Comitiva da cidade-irm\u00e3 alem\u00e3 visita Estrela entre 11 e 13 de fevereiro - Folha Popular","isPartOf":{"@id":"https:\/\/folhapopular.info\/#website"},"primaryImageOfPage":{"@id":"https:\/\/folhapopular.info\/index.php\/2026\/01\/30\/comitiva-da-cidade-irma-alema-visita-estrela-entre-11-e-13-de-fevereiro\/#primaryimage"},"image":{"@id":"https:\/\/folhapopular.info\/index.php\/2026\/01\/30\/comitiva-da-cidade-irma-alema-visita-estrela-entre-11-e-13-de-fevereiro\/#primaryimage"},"thumbnailUrl":"https:\/\/folhapopular.info\/wp-content\/uploads\/2026\/01\/8ea94f6e-4dfb-42c3-ab4c-a437d1487990.jpg","datePublished":"2026-01-30T14:27:12+00:00","dateModified":"2026-01-30T14:27:17+00:00","author":{"@id":"https:\/\/folhapopular.info\/#\/schema\/person\/2814e8a0df7643585a9ca38bc6eb9d4b"},"breadcrumb":{"@id":"https:\/\/folhapopular.info\/index.php\/2026\/01\/30\/comitiva-da-cidade-irma-alema-visita-estrela-entre-11-e-13-de-fevereiro\/#breadcrumb"},"inLanguage":"pt-BR","potentialAction":[{"@type":"ReadAction","target":["https:\/\/folhapopular.info\/index.php\/2026\/01\/30\/comitiva-da-cidade-irma-alema-visita-estrela-entre-11-e-13-de-fevereiro\/"]}]},{"@type":"ImageObject","inLanguage":"pt-BR","@id":"https:\/\/folhapopular.info\/index.php\/2026\/01\/30\/comitiva-da-cidade-irma-alema-visita-estrela-entre-11-e-13-de-fevereiro\/#primaryimage","url":"https:\/\/folhapopular.info\/wp-content\/uploads\/2026\/01\/8ea94f6e-4dfb-42c3-ab4c-a437d1487990.jpg","contentUrl":"https:\/\/folhapopular.info\/wp-content\/uploads\/2026\/01\/8ea94f6e-4dfb-42c3-ab4c-a437d1487990.jpg","width":1600,"height":1199,"caption":"Parceria com a cidade foi oficializada em 2025. Cr\u00e9ditos: Divulga\u00e7\u00e3o"},{"@type":"BreadcrumbList","@id":"https:\/\/folhapopular.info\/index.php\/2026\/01\/30\/comitiva-da-cidade-irma-alema-visita-estrela-entre-11-e-13-de-fevereiro\/#breadcrumb","itemListElement":[{"@type":"ListItem","position":1,"name":"In\u00edcio","item":"https:\/\/folhapopular.info\/"},{"@type":"ListItem","position":2,"name":"Comitiva da cidade-irm\u00e3 alem\u00e3 visita Estrela entre 11 e 13 de fevereiro"}]},{"@type":"WebSite","@id":"https:\/\/folhapopular.info\/#website","url":"https:\/\/folhapopular.info\/","name":"Folha Popular","description":"Onde voc\u00ea tem vez e voz","potentialAction":[{"@type":"SearchAction","target":{"@type":"EntryPoint","urlTemplate":"https:\/\/folhapopular.info\/?s={search_term_string}"},"query-input":{"@type":"PropertyValueSpecification","valueRequired":true,"valueName":"search_term_string"}}],"inLanguage":"pt-BR"},{"@type":"Person","@id":"https:\/\/folhapopular.info\/#\/schema\/person\/2814e8a0df7643585a9ca38bc6eb9d4b","name":"Reda\u00e7\u00e3o Folha Popular","image":{"@type":"ImageObject","inLanguage":"pt-BR","@id":"https:\/\/folhapopular.info\/wp-content\/uploads\/2026\/04\/Folha-1.webp","url":"https:\/\/folhapopular.info\/wp-content\/uploads\/2026\/04\/Folha-1.webp","contentUrl":"https:\/\/folhapopular.info\/wp-content\/uploads\/2026\/04\/Folha-1.webp","caption":"Reda\u00e7\u00e3o Folha Popular"},"url":"https:\/\/folhapopular.info\/index.php\/author\/redacao\/"}]}},"jetpack_featured_media_url":"https:\/\/folhapopular.info\/wp-content\/uploads\/2026\/01\/8ea94f6e-4dfb-42c3-ab4c-a437d1487990.jpg","jetpack_sharing_enabled":true,"amp_enabled":true,"_links":{"self":[{"href":"https:\/\/folhapopular.info\/index.php\/wp-json\/wp\/v2\/posts\/202989","targetHints":{"allow":["GET"]}}],"collection":[{"href":"https:\/\/folhapopular.info\/index.php\/wp-json\/wp\/v2\/posts"}],"about":[{"href":"https:\/\/folhapopular.info\/index.php\/wp-json\/wp\/v2\/types\/post"}],"author":[{"embeddable":true,"href":"https:\/\/folhapopular.info\/index.php\/wp-json\/wp\/v2\/users\/8"}],"replies":[{"embeddable":true,"href":"https:\/\/folhapopular.info\/index.php\/wp-json\/wp\/v2\/comments?post=202989"}],"version-history":[{"count":0,"href":"https:\/\/folhapopular.info\/index.php\/wp-json\/wp\/v2\/posts\/202989\/revisions"}],"wp:featuredmedia":[{"embeddable":true,"href":"https:\/\/folhapopular.info\/index.php\/wp-json\/wp\/v2\/media\/202990"}],"wp:attachment":[{"href":"https:\/\/folhapopular.info\/index.php\/wp-json\/wp\/v2\/media?parent=202989"}],"wp:term":[{"taxonomy":"category","embeddable":true,"href":"https:\/\/folhapopular.info\/index.php\/wp-json\/wp\/v2\/categories?post=202989"},{"taxonomy":"post_tag","embeddable":true,"href":"https:\/\/folhapopular.info\/index.php\/wp-json\/wp\/v2\/tags?post=202989"}],"curies":[{"name":"wp","href":"https:\/\/api.w.org\/{rel}","templated":true}]}}