{"id":203064,"date":"2026-01-31T11:09:23","date_gmt":"2026-01-31T14:09:23","guid":{"rendered":"https:\/\/folhapopular.info\/?p=203064"},"modified":"2026-01-31T11:10:47","modified_gmt":"2026-01-31T14:10:47","slug":"prf-reforca-fiscalizacao-contra-alcool-ao-volante-em-acao-nacional-realizada-em-lajeado","status":"publish","type":"post","link":"https:\/\/folhapopular.info\/index.php\/2026\/01\/31\/prf-reforca-fiscalizacao-contra-alcool-ao-volante-em-acao-nacional-realizada-em-lajeado\/","title":{"rendered":"PRF refor\u00e7a fiscaliza\u00e7\u00e3o contra \u00e1lcool ao volante em a\u00e7\u00e3o nacional realizada em Lajeado"},"content":{"rendered":"\n<p>A Pol\u00edcia Rodovi\u00e1ria Federal intensificou, nesta sexta-feira (30\/1), as fiscaliza\u00e7\u00f5es de alcoolemia na BR-386, em Lajeado, dentro das a\u00e7\u00f5es do Dia Nacional de Conscientiza\u00e7\u00e3o \u00c1lcool Zero no Tr\u00e2nsito. A mobiliza\u00e7\u00e3o teve car\u00e1ter preventivo e ocorreu de forma integrada com outras for\u00e7as de seguran\u00e7a.<\/p>\n\n\n\n<p>Al\u00e9m da PRF, participaram da a\u00e7\u00e3o a Brigada Militar, a Guarda Civil Municipal de Lajeado e as Pol\u00edcias Rodovi\u00e1rias Estaduais de Cruzeiro do Sul e Taquari. O objetivo foi refor\u00e7ar a fiscaliza\u00e7\u00e3o durante o per\u00edodo de f\u00e9rias, quando o fluxo de ve\u00edculos aumenta.<\/p>\n\n\n\n<p>A iniciativa \u00e9 motivada pelos impactos diretos da combina\u00e7\u00e3o entre \u00e1lcool e dire\u00e7\u00e3o na gravidade dos sinistros. Em 2025, a PRF registrou 321 acidentes em rodovias federais do Rio Grande do Sul em que a ingest\u00e3o de \u00e1lcool foi apontada como causa principal. Dessas ocorr\u00eancias, 52 foram classificadas como graves, resultando em 295 pessoas feridas e 3 mortes.<\/p>\n\n\n\n<p>Os dados tamb\u00e9m mostram que os acidentes graves relacionados ao consumo de \u00e1lcool ocorreram, em sua maioria, aos fins de semana, especialmente durante a noite e a madrugada.<\/p>\n\n\n\n<p>Ao longo de 2025, a PRF realizou mais de 221 mil testes de alcoolemia no estado. No per\u00edodo, 458 motoristas foram autuados por dirigir sob efeito de \u00e1lcool e 3.587 por se recusarem a realizar o teste do etil\u00f4metro. Somadas, as infra\u00e7\u00f5es representam uma m\u00e9dia de 11 autos de infra\u00e7\u00e3o por dia relacionados \u00e0 alcoolemia. Al\u00e9m disso, 178 motoristas foram presos por embriaguez ao volante no Rio Grande do Sul.<\/p>\n\n\n\n<p>A PRF refor\u00e7a que a\u00e7\u00f5es integradas ampliam o efeito preventivo da fiscaliza\u00e7\u00e3o e destaca a import\u00e2ncia da escolha consciente. A orienta\u00e7\u00e3o \u00e9 clara: se beber, n\u00e3o dirija. Alternativas como motorista da rodada, transporte por aplicativo ou t\u00e1xi ajudam a preservar vidas no tr\u00e2nsito.<\/p>\n","protected":false},"excerpt":{"rendered":"<p>A Pol\u00edcia Rodovi\u00e1ria Federal intensificou, nesta sexta-feira (30\/1), as fiscaliza\u00e7\u00f5es de alcoolemia na BR-386, em Lajeado, dentro das a\u00e7\u00f5es do Dia Nacional de Conscientiza\u00e7\u00e3o \u00c1lcool Zero no Tr\u00e2nsito. A mobiliza\u00e7\u00e3o teve car\u00e1ter preventivo e ocorreu de forma integrada com outras for\u00e7as de seguran\u00e7a. Al\u00e9m da PRF, participaram da a\u00e7\u00e3o a Brigada Militar, a Guarda Civil [&hellip;]<\/p>\n","protected":false},"author":8,"featured_media":203065,"comment_status":"open","ping_status":"open","sticky":false,"template":"","format":"standard","meta":{"pmpro_default_level":"","_jetpack_memberships_contains_paid_content":false,"footnotes":""},"categories":[7,10983],"tags":[20484,11505,91,294],"class_list":{"0":"post-203064","1":"post","2":"type-post","3":"status-publish","4":"format-standard","5":"has-post-thumbnail","7":"category-seguranca","8":"category-transito","9":"tag-acao-nacional","10":"tag-alcoolemia","11":"tag-br-386","12":"tag-prf","13":"pmpro-has-access"},"yoast_head":"<!-- This site is optimized with the Yoast SEO plugin v27.5 - https:\/\/yoast.com\/product\/yoast-seo-wordpress\/ -->\n<title>PRF refor\u00e7a fiscaliza\u00e7\u00e3o contra \u00e1lcool ao volante em a\u00e7\u00e3o nacional realizada em Lajeado - Folha Popular<\/title>\n<meta name=\"robots\" content=\"index, follow, max-snippet:-1, max-image-preview:large, max-video-preview:-1\" \/>\n<link rel=\"canonical\" href=\"https:\/\/folhapopular.info\/index.php\/2026\/01\/31\/prf-reforca-fiscalizacao-contra-alcool-ao-volante-em-acao-nacional-realizada-em-lajeado\/\" \/>\n<meta property=\"og:locale\" content=\"pt_BR\" \/>\n<meta property=\"og:type\" content=\"article\" \/>\n<meta property=\"og:title\" content=\"PRF refor\u00e7a fiscaliza\u00e7\u00e3o contra \u00e1lcool ao volante em a\u00e7\u00e3o nacional realizada em Lajeado - Folha Popular\" \/>\n<meta property=\"og:description\" content=\"A Pol\u00edcia Rodovi\u00e1ria Federal intensificou, nesta sexta-feira (30\/1), as fiscaliza\u00e7\u00f5es de alcoolemia na BR-386, em Lajeado, dentro das a\u00e7\u00f5es do Dia Nacional de Conscientiza\u00e7\u00e3o \u00c1lcool Zero no Tr\u00e2nsito. A mobiliza\u00e7\u00e3o teve car\u00e1ter preventivo e ocorreu de forma integrada com outras for\u00e7as de seguran\u00e7a. Al\u00e9m da PRF, participaram da a\u00e7\u00e3o a Brigada Militar, a Guarda Civil [&hellip;]\" \/>\n<meta property=\"og:url\" content=\"https:\/\/folhapopular.info\/index.php\/2026\/01\/31\/prf-reforca-fiscalizacao-contra-alcool-ao-volante-em-acao-nacional-realizada-em-lajeado\/\" \/>\n<meta property=\"og:site_name\" content=\"Folha Popular\" \/>\n<meta property=\"article:published_time\" content=\"2026-01-31T14:09:23+00:00\" \/>\n<meta property=\"article:modified_time\" content=\"2026-01-31T14:10:47+00:00\" \/>\n<meta property=\"og:image\" content=\"http:\/\/folhapopular.info\/wp-content\/uploads\/2026\/01\/WhatsApp-Image-2026-01-31-at-10.41.46.jpeg\" \/>\n\t<meta property=\"og:image:width\" content=\"1600\" \/>\n\t<meta property=\"og:image:height\" content=\"900\" \/>\n\t<meta property=\"og:image:type\" content=\"image\/jpeg\" \/>\n<meta name=\"author\" content=\"Reda\u00e7\u00e3o Folha Popular\" \/>\n<meta name=\"twitter:card\" content=\"summary_large_image\" \/>\n<meta name=\"twitter:label1\" content=\"Escrito por\" \/>\n\t<meta name=\"twitter:data1\" content=\"Reda\u00e7\u00e3o Folha Popular\" \/>\n\t<meta name=\"twitter:label2\" content=\"Est. tempo de leitura\" \/>\n\t<meta name=\"twitter:data2\" content=\"2 minutos\" \/>\n<script type=\"application\/ld+json\" class=\"yoast-schema-graph\">{\"@context\":\"https:\\\/\\\/schema.org\",\"@graph\":[{\"@type\":\"Article\",\"@id\":\"https:\\\/\\\/folhapopular.info\\\/index.php\\\/2026\\\/01\\\/31\\\/prf-reforca-fiscalizacao-contra-alcool-ao-volante-em-acao-nacional-realizada-em-lajeado\\\/#article\",\"isPartOf\":{\"@id\":\"https:\\\/\\\/folhapopular.info\\\/index.php\\\/2026\\\/01\\\/31\\\/prf-reforca-fiscalizacao-contra-alcool-ao-volante-em-acao-nacional-realizada-em-lajeado\\\/\"},\"author\":{\"name\":\"Reda\u00e7\u00e3o Folha Popular\",\"@id\":\"https:\\\/\\\/folhapopular.info\\\/#\\\/schema\\\/person\\\/2814e8a0df7643585a9ca38bc6eb9d4b\"},\"headline\":\"PRF refor\u00e7a fiscaliza\u00e7\u00e3o contra \u00e1lcool ao volante em a\u00e7\u00e3o nacional realizada em Lajeado\",\"datePublished\":\"2026-01-31T14:09:23+00:00\",\"dateModified\":\"2026-01-31T14:10:47+00:00\",\"mainEntityOfPage\":{\"@id\":\"https:\\\/\\\/folhapopular.info\\\/index.php\\\/2026\\\/01\\\/31\\\/prf-reforca-fiscalizacao-contra-alcool-ao-volante-em-acao-nacional-realizada-em-lajeado\\\/\"},\"wordCount\":324,\"commentCount\":0,\"image\":{\"@id\":\"https:\\\/\\\/folhapopular.info\\\/index.php\\\/2026\\\/01\\\/31\\\/prf-reforca-fiscalizacao-contra-alcool-ao-volante-em-acao-nacional-realizada-em-lajeado\\\/#primaryimage\"},\"thumbnailUrl\":\"https:\\\/\\\/folhapopular.info\\\/wp-content\\\/uploads\\\/2026\\\/01\\\/WhatsApp-Image-2026-01-31-at-10.41.46.jpeg\",\"keywords\":[\"a\u00e7\u00e3o nacional\",\"alcoolemia\",\"BR-386\",\"PRF\"],\"articleSection\":[\"Seguran\u00e7a\",\"Tr\u00e2nsito\"],\"inLanguage\":\"pt-BR\",\"potentialAction\":[{\"@type\":\"CommentAction\",\"name\":\"Comment\",\"target\":[\"https:\\\/\\\/folhapopular.info\\\/index.php\\\/2026\\\/01\\\/31\\\/prf-reforca-fiscalizacao-contra-alcool-ao-volante-em-acao-nacional-realizada-em-lajeado\\\/#respond\"]}]},{\"@type\":\"WebPage\",\"@id\":\"https:\\\/\\\/folhapopular.info\\\/index.php\\\/2026\\\/01\\\/31\\\/prf-reforca-fiscalizacao-contra-alcool-ao-volante-em-acao-nacional-realizada-em-lajeado\\\/\",\"url\":\"https:\\\/\\\/folhapopular.info\\\/index.php\\\/2026\\\/01\\\/31\\\/prf-reforca-fiscalizacao-contra-alcool-ao-volante-em-acao-nacional-realizada-em-lajeado\\\/\",\"name\":\"PRF refor\u00e7a fiscaliza\u00e7\u00e3o contra \u00e1lcool ao volante em a\u00e7\u00e3o nacional realizada em Lajeado - Folha Popular\",\"isPartOf\":{\"@id\":\"https:\\\/\\\/folhapopular.info\\\/#website\"},\"primaryImageOfPage\":{\"@id\":\"https:\\\/\\\/folhapopular.info\\\/index.php\\\/2026\\\/01\\\/31\\\/prf-reforca-fiscalizacao-contra-alcool-ao-volante-em-acao-nacional-realizada-em-lajeado\\\/#primaryimage\"},\"image\":{\"@id\":\"https:\\\/\\\/folhapopular.info\\\/index.php\\\/2026\\\/01\\\/31\\\/prf-reforca-fiscalizacao-contra-alcool-ao-volante-em-acao-nacional-realizada-em-lajeado\\\/#primaryimage\"},\"thumbnailUrl\":\"https:\\\/\\\/folhapopular.info\\\/wp-content\\\/uploads\\\/2026\\\/01\\\/WhatsApp-Image-2026-01-31-at-10.41.46.jpeg\",\"datePublished\":\"2026-01-31T14:09:23+00:00\",\"dateModified\":\"2026-01-31T14:10:47+00:00\",\"author\":{\"@id\":\"https:\\\/\\\/folhapopular.info\\\/#\\\/schema\\\/person\\\/2814e8a0df7643585a9ca38bc6eb9d4b\"},\"breadcrumb\":{\"@id\":\"https:\\\/\\\/folhapopular.info\\\/index.php\\\/2026\\\/01\\\/31\\\/prf-reforca-fiscalizacao-contra-alcool-ao-volante-em-acao-nacional-realizada-em-lajeado\\\/#breadcrumb\"},\"inLanguage\":\"pt-BR\",\"potentialAction\":[{\"@type\":\"ReadAction\",\"target\":[\"https:\\\/\\\/folhapopular.info\\\/index.php\\\/2026\\\/01\\\/31\\\/prf-reforca-fiscalizacao-contra-alcool-ao-volante-em-acao-nacional-realizada-em-lajeado\\\/\"]}]},{\"@type\":\"ImageObject\",\"inLanguage\":\"pt-BR\",\"@id\":\"https:\\\/\\\/folhapopular.info\\\/index.php\\\/2026\\\/01\\\/31\\\/prf-reforca-fiscalizacao-contra-alcool-ao-volante-em-acao-nacional-realizada-em-lajeado\\\/#primaryimage\",\"url\":\"https:\\\/\\\/folhapopular.info\\\/wp-content\\\/uploads\\\/2026\\\/01\\\/WhatsApp-Image-2026-01-31-at-10.41.46.jpeg\",\"contentUrl\":\"https:\\\/\\\/folhapopular.info\\\/wp-content\\\/uploads\\\/2026\\\/01\\\/WhatsApp-Image-2026-01-31-at-10.41.46.jpeg\",\"width\":1600,\"height\":900},{\"@type\":\"BreadcrumbList\",\"@id\":\"https:\\\/\\\/folhapopular.info\\\/index.php\\\/2026\\\/01\\\/31\\\/prf-reforca-fiscalizacao-contra-alcool-ao-volante-em-acao-nacional-realizada-em-lajeado\\\/#breadcrumb\",\"itemListElement\":[{\"@type\":\"ListItem\",\"position\":1,\"name\":\"In\u00edcio\",\"item\":\"https:\\\/\\\/folhapopular.info\\\/\"},{\"@type\":\"ListItem\",\"position\":2,\"name\":\"PRF refor\u00e7a fiscaliza\u00e7\u00e3o contra \u00e1lcool ao volante em a\u00e7\u00e3o nacional realizada em Lajeado\"}]},{\"@type\":\"WebSite\",\"@id\":\"https:\\\/\\\/folhapopular.info\\\/#website\",\"url\":\"https:\\\/\\\/folhapopular.info\\\/\",\"name\":\"Folha Popular\",\"description\":\"Onde voc\u00ea tem vez e voz\",\"potentialAction\":[{\"@type\":\"SearchAction\",\"target\":{\"@type\":\"EntryPoint\",\"urlTemplate\":\"https:\\\/\\\/folhapopular.info\\\/?s={search_term_string}\"},\"query-input\":{\"@type\":\"PropertyValueSpecification\",\"valueRequired\":true,\"valueName\":\"search_term_string\"}}],\"inLanguage\":\"pt-BR\"},{\"@type\":\"Person\",\"@id\":\"https:\\\/\\\/folhapopular.info\\\/#\\\/schema\\\/person\\\/2814e8a0df7643585a9ca38bc6eb9d4b\",\"name\":\"Reda\u00e7\u00e3o Folha Popular\",\"image\":{\"@type\":\"ImageObject\",\"inLanguage\":\"pt-BR\",\"@id\":\"https:\\\/\\\/folhapopular.info\\\/wp-content\\\/uploads\\\/2026\\\/04\\\/Folha-1.webp\",\"url\":\"https:\\\/\\\/folhapopular.info\\\/wp-content\\\/uploads\\\/2026\\\/04\\\/Folha-1.webp\",\"contentUrl\":\"https:\\\/\\\/folhapopular.info\\\/wp-content\\\/uploads\\\/2026\\\/04\\\/Folha-1.webp\",\"caption\":\"Reda\u00e7\u00e3o Folha Popular\"},\"url\":\"https:\\\/\\\/folhapopular.info\\\/index.php\\\/author\\\/redacao\\\/\"}]}<\/script>\n<!-- \/ Yoast SEO plugin. -->","yoast_head_json":{"title":"PRF refor\u00e7a fiscaliza\u00e7\u00e3o contra \u00e1lcool ao volante em a\u00e7\u00e3o nacional realizada em Lajeado - Folha Popular","robots":{"index":"index","follow":"follow","max-snippet":"max-snippet:-1","max-image-preview":"max-image-preview:large","max-video-preview":"max-video-preview:-1"},"canonical":"https:\/\/folhapopular.info\/index.php\/2026\/01\/31\/prf-reforca-fiscalizacao-contra-alcool-ao-volante-em-acao-nacional-realizada-em-lajeado\/","og_locale":"pt_BR","og_type":"article","og_title":"PRF refor\u00e7a fiscaliza\u00e7\u00e3o contra \u00e1lcool ao volante em a\u00e7\u00e3o nacional realizada em Lajeado - Folha Popular","og_description":"A Pol\u00edcia Rodovi\u00e1ria Federal intensificou, nesta sexta-feira (30\/1), as fiscaliza\u00e7\u00f5es de alcoolemia na BR-386, em Lajeado, dentro das a\u00e7\u00f5es do Dia Nacional de Conscientiza\u00e7\u00e3o \u00c1lcool Zero no Tr\u00e2nsito. A mobiliza\u00e7\u00e3o teve car\u00e1ter preventivo e ocorreu de forma integrada com outras for\u00e7as de seguran\u00e7a. Al\u00e9m da PRF, participaram da a\u00e7\u00e3o a Brigada Militar, a Guarda Civil [&hellip;]","og_url":"https:\/\/folhapopular.info\/index.php\/2026\/01\/31\/prf-reforca-fiscalizacao-contra-alcool-ao-volante-em-acao-nacional-realizada-em-lajeado\/","og_site_name":"Folha Popular","article_published_time":"2026-01-31T14:09:23+00:00","article_modified_time":"2026-01-31T14:10:47+00:00","og_image":[{"width":1600,"height":900,"url":"http:\/\/folhapopular.info\/wp-content\/uploads\/2026\/01\/WhatsApp-Image-2026-01-31-at-10.41.46.jpeg","type":"image\/jpeg"}],"author":"Reda\u00e7\u00e3o Folha Popular","twitter_card":"summary_large_image","twitter_misc":{"Escrito por":"Reda\u00e7\u00e3o Folha Popular","Est. tempo de leitura":"2 minutos"},"schema":{"@context":"https:\/\/schema.org","@graph":[{"@type":"Article","@id":"https:\/\/folhapopular.info\/index.php\/2026\/01\/31\/prf-reforca-fiscalizacao-contra-alcool-ao-volante-em-acao-nacional-realizada-em-lajeado\/#article","isPartOf":{"@id":"https:\/\/folhapopular.info\/index.php\/2026\/01\/31\/prf-reforca-fiscalizacao-contra-alcool-ao-volante-em-acao-nacional-realizada-em-lajeado\/"},"author":{"name":"Reda\u00e7\u00e3o Folha Popular","@id":"https:\/\/folhapopular.info\/#\/schema\/person\/2814e8a0df7643585a9ca38bc6eb9d4b"},"headline":"PRF refor\u00e7a fiscaliza\u00e7\u00e3o contra \u00e1lcool ao volante em a\u00e7\u00e3o nacional realizada em Lajeado","datePublished":"2026-01-31T14:09:23+00:00","dateModified":"2026-01-31T14:10:47+00:00","mainEntityOfPage":{"@id":"https:\/\/folhapopular.info\/index.php\/2026\/01\/31\/prf-reforca-fiscalizacao-contra-alcool-ao-volante-em-acao-nacional-realizada-em-lajeado\/"},"wordCount":324,"commentCount":0,"image":{"@id":"https:\/\/folhapopular.info\/index.php\/2026\/01\/31\/prf-reforca-fiscalizacao-contra-alcool-ao-volante-em-acao-nacional-realizada-em-lajeado\/#primaryimage"},"thumbnailUrl":"https:\/\/folhapopular.info\/wp-content\/uploads\/2026\/01\/WhatsApp-Image-2026-01-31-at-10.41.46.jpeg","keywords":["a\u00e7\u00e3o nacional","alcoolemia","BR-386","PRF"],"articleSection":["Seguran\u00e7a","Tr\u00e2nsito"],"inLanguage":"pt-BR","potentialAction":[{"@type":"CommentAction","name":"Comment","target":["https:\/\/folhapopular.info\/index.php\/2026\/01\/31\/prf-reforca-fiscalizacao-contra-alcool-ao-volante-em-acao-nacional-realizada-em-lajeado\/#respond"]}]},{"@type":"WebPage","@id":"https:\/\/folhapopular.info\/index.php\/2026\/01\/31\/prf-reforca-fiscalizacao-contra-alcool-ao-volante-em-acao-nacional-realizada-em-lajeado\/","url":"https:\/\/folhapopular.info\/index.php\/2026\/01\/31\/prf-reforca-fiscalizacao-contra-alcool-ao-volante-em-acao-nacional-realizada-em-lajeado\/","name":"PRF refor\u00e7a fiscaliza\u00e7\u00e3o contra \u00e1lcool ao volante em a\u00e7\u00e3o nacional realizada em Lajeado - Folha Popular","isPartOf":{"@id":"https:\/\/folhapopular.info\/#website"},"primaryImageOfPage":{"@id":"https:\/\/folhapopular.info\/index.php\/2026\/01\/31\/prf-reforca-fiscalizacao-contra-alcool-ao-volante-em-acao-nacional-realizada-em-lajeado\/#primaryimage"},"image":{"@id":"https:\/\/folhapopular.info\/index.php\/2026\/01\/31\/prf-reforca-fiscalizacao-contra-alcool-ao-volante-em-acao-nacional-realizada-em-lajeado\/#primaryimage"},"thumbnailUrl":"https:\/\/folhapopular.info\/wp-content\/uploads\/2026\/01\/WhatsApp-Image-2026-01-31-at-10.41.46.jpeg","datePublished":"2026-01-31T14:09:23+00:00","dateModified":"2026-01-31T14:10:47+00:00","author":{"@id":"https:\/\/folhapopular.info\/#\/schema\/person\/2814e8a0df7643585a9ca38bc6eb9d4b"},"breadcrumb":{"@id":"https:\/\/folhapopular.info\/index.php\/2026\/01\/31\/prf-reforca-fiscalizacao-contra-alcool-ao-volante-em-acao-nacional-realizada-em-lajeado\/#breadcrumb"},"inLanguage":"pt-BR","potentialAction":[{"@type":"ReadAction","target":["https:\/\/folhapopular.info\/index.php\/2026\/01\/31\/prf-reforca-fiscalizacao-contra-alcool-ao-volante-em-acao-nacional-realizada-em-lajeado\/"]}]},{"@type":"ImageObject","inLanguage":"pt-BR","@id":"https:\/\/folhapopular.info\/index.php\/2026\/01\/31\/prf-reforca-fiscalizacao-contra-alcool-ao-volante-em-acao-nacional-realizada-em-lajeado\/#primaryimage","url":"https:\/\/folhapopular.info\/wp-content\/uploads\/2026\/01\/WhatsApp-Image-2026-01-31-at-10.41.46.jpeg","contentUrl":"https:\/\/folhapopular.info\/wp-content\/uploads\/2026\/01\/WhatsApp-Image-2026-01-31-at-10.41.46.jpeg","width":1600,"height":900},{"@type":"BreadcrumbList","@id":"https:\/\/folhapopular.info\/index.php\/2026\/01\/31\/prf-reforca-fiscalizacao-contra-alcool-ao-volante-em-acao-nacional-realizada-em-lajeado\/#breadcrumb","itemListElement":[{"@type":"ListItem","position":1,"name":"In\u00edcio","item":"https:\/\/folhapopular.info\/"},{"@type":"ListItem","position":2,"name":"PRF refor\u00e7a fiscaliza\u00e7\u00e3o contra \u00e1lcool ao volante em a\u00e7\u00e3o nacional realizada em Lajeado"}]},{"@type":"WebSite","@id":"https:\/\/folhapopular.info\/#website","url":"https:\/\/folhapopular.info\/","name":"Folha Popular","description":"Onde voc\u00ea tem vez e voz","potentialAction":[{"@type":"SearchAction","target":{"@type":"EntryPoint","urlTemplate":"https:\/\/folhapopular.info\/?s={search_term_string}"},"query-input":{"@type":"PropertyValueSpecification","valueRequired":true,"valueName":"search_term_string"}}],"inLanguage":"pt-BR"},{"@type":"Person","@id":"https:\/\/folhapopular.info\/#\/schema\/person\/2814e8a0df7643585a9ca38bc6eb9d4b","name":"Reda\u00e7\u00e3o Folha Popular","image":{"@type":"ImageObject","inLanguage":"pt-BR","@id":"https:\/\/folhapopular.info\/wp-content\/uploads\/2026\/04\/Folha-1.webp","url":"https:\/\/folhapopular.info\/wp-content\/uploads\/2026\/04\/Folha-1.webp","contentUrl":"https:\/\/folhapopular.info\/wp-content\/uploads\/2026\/04\/Folha-1.webp","caption":"Reda\u00e7\u00e3o Folha Popular"},"url":"https:\/\/folhapopular.info\/index.php\/author\/redacao\/"}]}},"jetpack_featured_media_url":"https:\/\/folhapopular.info\/wp-content\/uploads\/2026\/01\/WhatsApp-Image-2026-01-31-at-10.41.46.jpeg","jetpack_sharing_enabled":true,"amp_enabled":true,"_links":{"self":[{"href":"https:\/\/folhapopular.info\/index.php\/wp-json\/wp\/v2\/posts\/203064","targetHints":{"allow":["GET"]}}],"collection":[{"href":"https:\/\/folhapopular.info\/index.php\/wp-json\/wp\/v2\/posts"}],"about":[{"href":"https:\/\/folhapopular.info\/index.php\/wp-json\/wp\/v2\/types\/post"}],"author":[{"embeddable":true,"href":"https:\/\/folhapopular.info\/index.php\/wp-json\/wp\/v2\/users\/8"}],"replies":[{"embeddable":true,"href":"https:\/\/folhapopular.info\/index.php\/wp-json\/wp\/v2\/comments?post=203064"}],"version-history":[{"count":0,"href":"https:\/\/folhapopular.info\/index.php\/wp-json\/wp\/v2\/posts\/203064\/revisions"}],"wp:featuredmedia":[{"embeddable":true,"href":"https:\/\/folhapopular.info\/index.php\/wp-json\/wp\/v2\/media\/203065"}],"wp:attachment":[{"href":"https:\/\/folhapopular.info\/index.php\/wp-json\/wp\/v2\/media?parent=203064"}],"wp:term":[{"taxonomy":"category","embeddable":true,"href":"https:\/\/folhapopular.info\/index.php\/wp-json\/wp\/v2\/categories?post=203064"},{"taxonomy":"post_tag","embeddable":true,"href":"https:\/\/folhapopular.info\/index.php\/wp-json\/wp\/v2\/tags?post=203064"}],"curies":[{"name":"wp","href":"https:\/\/api.w.org\/{rel}","templated":true}]}}