{"id":203090,"date":"2026-01-31T16:29:00","date_gmt":"2026-01-31T19:29:00","guid":{"rendered":"https:\/\/folhapopular.info\/?p=203090"},"modified":"2026-02-03T06:23:40","modified_gmt":"2026-02-03T09:23:40","slug":"trem-dos-vales-deve-voltar-a-operar-em-6-meses","status":"publish","type":"post","link":"https:\/\/folhapopular.info\/index.php\/2026\/01\/31\/trem-dos-vales-deve-voltar-a-operar-em-6-meses\/","title":{"rendered":"Trem dos Vales deve voltar a operar em 6 meses"},"content":{"rendered":"<p>O Trem dos Vales volta a apontar no fim do t\u00fanel. O termo de parceria para a reconstru\u00e7\u00e3o de 18,5 quil\u00f4metros da Ferrovia do Trigo, na qual ocorria o passeio tur\u00edstico, foi assinado pelo governador Eduardo Leite nessa quinta-feira (29\/1), em Porto Alegre.&nbsp; Um dos principais ativos tur\u00edsticos do Vale do Taquari, o Trem dos&#8230; <\/p>\n<div class=\"pmpro\">\n<div class=\"pmpro_card pmpro_content_message\">\n<div class=\"pmpro_card_content\">Este conte\u00fado \u00e9 apenas para associados Grupo Popular &#8211; Conte\u00fado Total Anual e Grupo Popular &#8211; Conte\u00fado Total Mensal. <br \/><a href=\"https:\/\/folhapopular.info\/wp-login.php?action=register\">Cadastre-se<\/a><\/div>\n<div class=\"pmpro_card_actions pmpro_font-medium\">J\u00e1 se associou? <a href=\"https:\/\/folhapopular.info\/wp-login.php?redirect_to=https%3A%2F%2Ffolhapopular.info%2Findex.php%2F2026%2F01%2F31%2Ftrem-dos-vales-deve-voltar-a-operar-em-6-meses%2F\">Acesse aqui<\/a><\/div>\n<\/div>\n<\/div>\n","protected":false},"excerpt":{"rendered":"<p>O Trem dos Vales volta a apontar no fim do t\u00fanel. O termo de parceria para a reconstru\u00e7\u00e3o de 18,5 quil\u00f4metros da Ferrovia do Trigo, na qual ocorria o passeio tur\u00edstico, foi assinado pelo governador Eduardo Leite nessa quinta-feira (29\/1), em Porto Alegre.&nbsp; Um dos principais ativos tur\u00edsticos do Vale do Taquari, o Trem dos... <\/p>\n<div class=\"pmpro\"><div class=\"pmpro_card pmpro_content_message\"><div class=\"pmpro_card_content\">Este conte\u00fado \u00e9 apenas para associados Grupo Popular - Conte\u00fado Total Anual e Grupo Popular - Conte\u00fado Total Mensal. <br \/><a href=\"https:\/\/folhapopular.info\/wp-login.php?action=register\">Cadastre-se<\/a><\/div><div class=\"pmpro_card_actions pmpro_font-medium\">J\u00e1 se associou? <a href=\"https:\/\/folhapopular.info\/wp-login.php?redirect_to=https%3A%2F%2Ffolhapopular.info%2Findex.php%2F2026%2F01%2F31%2Ftrem-dos-vales-deve-voltar-a-operar-em-6-meses%2F\">Acesse aqui<\/a><\/div><\/div><\/div>","protected":false},"author":639,"featured_media":203092,"comment_status":"open","ping_status":"open","sticky":false,"template":"","format":"standard","meta":{"pmpro_default_level":"","_jetpack_memberships_contains_paid_content":false,"footnotes":""},"categories":[11078,5990,6,11000],"tags":[2022,14866,878,2257,20490,10329,8174,4672,5362,156,1163],"class_list":{"0":"post-203090","1":"post","2":"type-post","3":"status-publish","4":"format-standard","5":"has-post-thumbnail","7":"category-assinantes","8":"category-conteudo-exclusivo","9":"category-inclusive","10":"category-turismo","11":"tag-amturvales","12":"tag-ferrovia-do-trigo","13":"tag-governo-do-estado","14":"tag-mucum","15":"tag-passeio-turistico","16":"tag-reconstrucao","17":"tag-retomada","18":"tag-trem-dos-vales","19":"tag-trilhos","20":"tag-vale-do-taquari","21":"tag-vespasiano-correa","22":"pmpro-level-required","23":"pmpro-level-2","24":"pmpro-level-4","25":"pmpro-level-5","26":"pmpro-no-access"},"yoast_head":"<!-- This site is optimized with the Yoast SEO plugin v27.5 - https:\/\/yoast.com\/product\/yoast-seo-wordpress\/ -->\n<title>Trem dos Vales deve voltar a operar em 6 meses - Folha Popular<\/title>\n<meta name=\"robots\" content=\"index, follow, max-snippet:-1, max-image-preview:large, max-video-preview:-1\" \/>\n<link rel=\"canonical\" href=\"https:\/\/folhapopular.info\/index.php\/2026\/01\/31\/trem-dos-vales-deve-voltar-a-operar-em-6-meses\/\" \/>\n<meta property=\"og:locale\" content=\"pt_BR\" \/>\n<meta property=\"og:type\" content=\"article\" \/>\n<meta property=\"og:title\" content=\"Trem dos Vales deve voltar a operar em 6 meses - Folha Popular\" \/>\n<meta property=\"og:description\" content=\"O Trem dos Vales volta a apontar no fim do t\u00fanel. O termo de parceria para a reconstru\u00e7\u00e3o de 18,5 quil\u00f4metros da Ferrovia do Trigo, na qual ocorria o passeio tur\u00edstico, foi assinado pelo governador Eduardo Leite nessa quinta-feira (29\/1), em Porto Alegre.&nbsp; Um dos principais ativos tur\u00edsticos do Vale do Taquari, o Trem dos [&hellip;]\" \/>\n<meta property=\"og:url\" content=\"https:\/\/folhapopular.info\/index.php\/2026\/01\/31\/trem-dos-vales-deve-voltar-a-operar-em-6-meses\/\" \/>\n<meta property=\"og:site_name\" content=\"Folha Popular\" \/>\n<meta property=\"article:published_time\" content=\"2026-01-31T19:29:00+00:00\" \/>\n<meta property=\"article:modified_time\" content=\"2026-02-03T09:23:40+00:00\" \/>\n<meta property=\"og:image\" content=\"http:\/\/folhapopular.info\/wp-content\/uploads\/2026\/01\/kadu-bernardi_DIV-e1769869941366.jpg\" \/>\n\t<meta property=\"og:image:width\" content=\"1707\" \/>\n\t<meta property=\"og:image:height\" content=\"1170\" \/>\n\t<meta property=\"og:image:type\" content=\"image\/jpeg\" \/>\n<meta name=\"author\" content=\"Camille Lenz da Silva\" \/>\n<meta name=\"twitter:card\" content=\"summary_large_image\" \/>\n<meta name=\"twitter:label1\" content=\"Escrito por\" \/>\n\t<meta name=\"twitter:data1\" content=\"Camille Lenz da Silva\" \/>\n\t<meta name=\"twitter:label2\" content=\"Est. tempo de leitura\" \/>\n\t<meta name=\"twitter:data2\" content=\"10 minutos\" \/>\n<script type=\"application\/ld+json\" class=\"yoast-schema-graph\">{\"@context\":\"https:\\\/\\\/schema.org\",\"@graph\":[{\"@type\":\"Article\",\"@id\":\"https:\\\/\\\/folhapopular.info\\\/index.php\\\/2026\\\/01\\\/31\\\/trem-dos-vales-deve-voltar-a-operar-em-6-meses\\\/#article\",\"isPartOf\":{\"@id\":\"https:\\\/\\\/folhapopular.info\\\/index.php\\\/2026\\\/01\\\/31\\\/trem-dos-vales-deve-voltar-a-operar-em-6-meses\\\/\"},\"author\":{\"name\":\"Camille Lenz da Silva\",\"@id\":\"https:\\\/\\\/folhapopular.info\\\/#\\\/schema\\\/person\\\/f0b811f932ef2505faf473ffaef49df5\"},\"headline\":\"Trem dos Vales deve voltar a operar em 6 meses\",\"datePublished\":\"2026-01-31T19:29:00+00:00\",\"dateModified\":\"2026-02-03T09:23:40+00:00\",\"mainEntityOfPage\":{\"@id\":\"https:\\\/\\\/folhapopular.info\\\/index.php\\\/2026\\\/01\\\/31\\\/trem-dos-vales-deve-voltar-a-operar-em-6-meses\\\/\"},\"wordCount\":1662,\"commentCount\":0,\"image\":{\"@id\":\"https:\\\/\\\/folhapopular.info\\\/index.php\\\/2026\\\/01\\\/31\\\/trem-dos-vales-deve-voltar-a-operar-em-6-meses\\\/#primaryimage\"},\"thumbnailUrl\":\"https:\\\/\\\/folhapopular.info\\\/wp-content\\\/uploads\\\/2026\\\/01\\\/kadu-bernardi_DIV-e1769869941366.jpg\",\"keywords\":[\"Amturvales\",\"Ferrovia do Trigo\",\"Governo do Estado\",\"Mu\u00e7um\",\"passeio tur\u00edstico\",\"Reconstru\u00e7\u00e3o\",\"Retomada\",\"Trem dos Vales\",\"trilhos\",\"Vale do Taquari\",\"Vespasiano Corr\u00eaa\"],\"articleSection\":[\"Assinantes\",\"Conte\u00fado Exclusivo\",\"Inclusive\",\"Turismo\"],\"inLanguage\":\"pt-BR\",\"potentialAction\":[{\"@type\":\"CommentAction\",\"name\":\"Comment\",\"target\":[\"https:\\\/\\\/folhapopular.info\\\/index.php\\\/2026\\\/01\\\/31\\\/trem-dos-vales-deve-voltar-a-operar-em-6-meses\\\/#respond\"]}]},{\"@type\":\"WebPage\",\"@id\":\"https:\\\/\\\/folhapopular.info\\\/index.php\\\/2026\\\/01\\\/31\\\/trem-dos-vales-deve-voltar-a-operar-em-6-meses\\\/\",\"url\":\"https:\\\/\\\/folhapopular.info\\\/index.php\\\/2026\\\/01\\\/31\\\/trem-dos-vales-deve-voltar-a-operar-em-6-meses\\\/\",\"name\":\"Trem dos Vales deve voltar a operar em 6 meses - Folha Popular\",\"isPartOf\":{\"@id\":\"https:\\\/\\\/folhapopular.info\\\/#website\"},\"primaryImageOfPage\":{\"@id\":\"https:\\\/\\\/folhapopular.info\\\/index.php\\\/2026\\\/01\\\/31\\\/trem-dos-vales-deve-voltar-a-operar-em-6-meses\\\/#primaryimage\"},\"image\":{\"@id\":\"https:\\\/\\\/folhapopular.info\\\/index.php\\\/2026\\\/01\\\/31\\\/trem-dos-vales-deve-voltar-a-operar-em-6-meses\\\/#primaryimage\"},\"thumbnailUrl\":\"https:\\\/\\\/folhapopular.info\\\/wp-content\\\/uploads\\\/2026\\\/01\\\/kadu-bernardi_DIV-e1769869941366.jpg\",\"datePublished\":\"2026-01-31T19:29:00+00:00\",\"dateModified\":\"2026-02-03T09:23:40+00:00\",\"author\":{\"@id\":\"https:\\\/\\\/folhapopular.info\\\/#\\\/schema\\\/person\\\/f0b811f932ef2505faf473ffaef49df5\"},\"breadcrumb\":{\"@id\":\"https:\\\/\\\/folhapopular.info\\\/index.php\\\/2026\\\/01\\\/31\\\/trem-dos-vales-deve-voltar-a-operar-em-6-meses\\\/#breadcrumb\"},\"inLanguage\":\"pt-BR\",\"potentialAction\":[{\"@type\":\"ReadAction\",\"target\":[\"https:\\\/\\\/folhapopular.info\\\/index.php\\\/2026\\\/01\\\/31\\\/trem-dos-vales-deve-voltar-a-operar-em-6-meses\\\/\"]}]},{\"@type\":\"ImageObject\",\"inLanguage\":\"pt-BR\",\"@id\":\"https:\\\/\\\/folhapopular.info\\\/index.php\\\/2026\\\/01\\\/31\\\/trem-dos-vales-deve-voltar-a-operar-em-6-meses\\\/#primaryimage\",\"url\":\"https:\\\/\\\/folhapopular.info\\\/wp-content\\\/uploads\\\/2026\\\/01\\\/kadu-bernardi_DIV-e1769869941366.jpg\",\"contentUrl\":\"https:\\\/\\\/folhapopular.info\\\/wp-content\\\/uploads\\\/2026\\\/01\\\/kadu-bernardi_DIV-e1769869941366.jpg\",\"width\":1707,\"height\":1170,\"caption\":\"Trem dos Vales operou por 5 anos at\u00e9 as enchentes de 2023. Cr\u00e9dito: Kadu Bernardi \\\/ Divulga\u00e7\u00e3o\"},{\"@type\":\"BreadcrumbList\",\"@id\":\"https:\\\/\\\/folhapopular.info\\\/index.php\\\/2026\\\/01\\\/31\\\/trem-dos-vales-deve-voltar-a-operar-em-6-meses\\\/#breadcrumb\",\"itemListElement\":[{\"@type\":\"ListItem\",\"position\":1,\"name\":\"In\u00edcio\",\"item\":\"https:\\\/\\\/folhapopular.info\\\/\"},{\"@type\":\"ListItem\",\"position\":2,\"name\":\"Trem dos Vales deve voltar a operar em 6 meses\"}]},{\"@type\":\"WebSite\",\"@id\":\"https:\\\/\\\/folhapopular.info\\\/#website\",\"url\":\"https:\\\/\\\/folhapopular.info\\\/\",\"name\":\"Folha Popular\",\"description\":\"Onde voc\u00ea tem vez e voz\",\"potentialAction\":[{\"@type\":\"SearchAction\",\"target\":{\"@type\":\"EntryPoint\",\"urlTemplate\":\"https:\\\/\\\/folhapopular.info\\\/?s={search_term_string}\"},\"query-input\":{\"@type\":\"PropertyValueSpecification\",\"valueRequired\":true,\"valueName\":\"search_term_string\"}}],\"inLanguage\":\"pt-BR\"},{\"@type\":\"Person\",\"@id\":\"https:\\\/\\\/folhapopular.info\\\/#\\\/schema\\\/person\\\/f0b811f932ef2505faf473ffaef49df5\",\"name\":\"Camille Lenz da Silva\",\"image\":{\"@type\":\"ImageObject\",\"inLanguage\":\"pt-BR\",\"@id\":\"https:\\\/\\\/secure.gravatar.com\\\/avatar\\\/50be826d73ca259ec0e0a88a407f5de800c576c46cfdc57e50ef28551e216fff?s=96&d=mm&r=g\",\"url\":\"https:\\\/\\\/secure.gravatar.com\\\/avatar\\\/50be826d73ca259ec0e0a88a407f5de800c576c46cfdc57e50ef28551e216fff?s=96&d=mm&r=g\",\"contentUrl\":\"https:\\\/\\\/secure.gravatar.com\\\/avatar\\\/50be826d73ca259ec0e0a88a407f5de800c576c46cfdc57e50ef28551e216fff?s=96&d=mm&r=g\",\"caption\":\"Camille Lenz da Silva\"},\"url\":\"https:\\\/\\\/folhapopular.info\\\/index.php\\\/author\\\/camillelenzgmail-com\\\/\"}]}<\/script>\n<!-- \/ Yoast SEO plugin. -->","yoast_head_json":{"title":"Trem dos Vales deve voltar a operar em 6 meses - Folha Popular","robots":{"index":"index","follow":"follow","max-snippet":"max-snippet:-1","max-image-preview":"max-image-preview:large","max-video-preview":"max-video-preview:-1"},"canonical":"https:\/\/folhapopular.info\/index.php\/2026\/01\/31\/trem-dos-vales-deve-voltar-a-operar-em-6-meses\/","og_locale":"pt_BR","og_type":"article","og_title":"Trem dos Vales deve voltar a operar em 6 meses - Folha Popular","og_description":"O Trem dos Vales volta a apontar no fim do t\u00fanel. O termo de parceria para a reconstru\u00e7\u00e3o de 18,5 quil\u00f4metros da Ferrovia do Trigo, na qual ocorria o passeio tur\u00edstico, foi assinado pelo governador Eduardo Leite nessa quinta-feira (29\/1), em Porto Alegre.&nbsp; Um dos principais ativos tur\u00edsticos do Vale do Taquari, o Trem dos [&hellip;]","og_url":"https:\/\/folhapopular.info\/index.php\/2026\/01\/31\/trem-dos-vales-deve-voltar-a-operar-em-6-meses\/","og_site_name":"Folha Popular","article_published_time":"2026-01-31T19:29:00+00:00","article_modified_time":"2026-02-03T09:23:40+00:00","og_image":[{"width":1707,"height":1170,"url":"http:\/\/folhapopular.info\/wp-content\/uploads\/2026\/01\/kadu-bernardi_DIV-e1769869941366.jpg","type":"image\/jpeg"}],"author":"Camille Lenz da Silva","twitter_card":"summary_large_image","twitter_misc":{"Escrito por":"Camille Lenz da Silva","Est. tempo de leitura":"10 minutos"},"schema":{"@context":"https:\/\/schema.org","@graph":[{"@type":"Article","@id":"https:\/\/folhapopular.info\/index.php\/2026\/01\/31\/trem-dos-vales-deve-voltar-a-operar-em-6-meses\/#article","isPartOf":{"@id":"https:\/\/folhapopular.info\/index.php\/2026\/01\/31\/trem-dos-vales-deve-voltar-a-operar-em-6-meses\/"},"author":{"name":"Camille Lenz da Silva","@id":"https:\/\/folhapopular.info\/#\/schema\/person\/f0b811f932ef2505faf473ffaef49df5"},"headline":"Trem dos Vales deve voltar a operar em 6 meses","datePublished":"2026-01-31T19:29:00+00:00","dateModified":"2026-02-03T09:23:40+00:00","mainEntityOfPage":{"@id":"https:\/\/folhapopular.info\/index.php\/2026\/01\/31\/trem-dos-vales-deve-voltar-a-operar-em-6-meses\/"},"wordCount":1662,"commentCount":0,"image":{"@id":"https:\/\/folhapopular.info\/index.php\/2026\/01\/31\/trem-dos-vales-deve-voltar-a-operar-em-6-meses\/#primaryimage"},"thumbnailUrl":"https:\/\/folhapopular.info\/wp-content\/uploads\/2026\/01\/kadu-bernardi_DIV-e1769869941366.jpg","keywords":["Amturvales","Ferrovia do Trigo","Governo do Estado","Mu\u00e7um","passeio tur\u00edstico","Reconstru\u00e7\u00e3o","Retomada","Trem dos Vales","trilhos","Vale do Taquari","Vespasiano Corr\u00eaa"],"articleSection":["Assinantes","Conte\u00fado Exclusivo","Inclusive","Turismo"],"inLanguage":"pt-BR","potentialAction":[{"@type":"CommentAction","name":"Comment","target":["https:\/\/folhapopular.info\/index.php\/2026\/01\/31\/trem-dos-vales-deve-voltar-a-operar-em-6-meses\/#respond"]}]},{"@type":"WebPage","@id":"https:\/\/folhapopular.info\/index.php\/2026\/01\/31\/trem-dos-vales-deve-voltar-a-operar-em-6-meses\/","url":"https:\/\/folhapopular.info\/index.php\/2026\/01\/31\/trem-dos-vales-deve-voltar-a-operar-em-6-meses\/","name":"Trem dos Vales deve voltar a operar em 6 meses - Folha Popular","isPartOf":{"@id":"https:\/\/folhapopular.info\/#website"},"primaryImageOfPage":{"@id":"https:\/\/folhapopular.info\/index.php\/2026\/01\/31\/trem-dos-vales-deve-voltar-a-operar-em-6-meses\/#primaryimage"},"image":{"@id":"https:\/\/folhapopular.info\/index.php\/2026\/01\/31\/trem-dos-vales-deve-voltar-a-operar-em-6-meses\/#primaryimage"},"thumbnailUrl":"https:\/\/folhapopular.info\/wp-content\/uploads\/2026\/01\/kadu-bernardi_DIV-e1769869941366.jpg","datePublished":"2026-01-31T19:29:00+00:00","dateModified":"2026-02-03T09:23:40+00:00","author":{"@id":"https:\/\/folhapopular.info\/#\/schema\/person\/f0b811f932ef2505faf473ffaef49df5"},"breadcrumb":{"@id":"https:\/\/folhapopular.info\/index.php\/2026\/01\/31\/trem-dos-vales-deve-voltar-a-operar-em-6-meses\/#breadcrumb"},"inLanguage":"pt-BR","potentialAction":[{"@type":"ReadAction","target":["https:\/\/folhapopular.info\/index.php\/2026\/01\/31\/trem-dos-vales-deve-voltar-a-operar-em-6-meses\/"]}]},{"@type":"ImageObject","inLanguage":"pt-BR","@id":"https:\/\/folhapopular.info\/index.php\/2026\/01\/31\/trem-dos-vales-deve-voltar-a-operar-em-6-meses\/#primaryimage","url":"https:\/\/folhapopular.info\/wp-content\/uploads\/2026\/01\/kadu-bernardi_DIV-e1769869941366.jpg","contentUrl":"https:\/\/folhapopular.info\/wp-content\/uploads\/2026\/01\/kadu-bernardi_DIV-e1769869941366.jpg","width":1707,"height":1170,"caption":"Trem dos Vales operou por 5 anos at\u00e9 as enchentes de 2023. Cr\u00e9dito: Kadu Bernardi \/ Divulga\u00e7\u00e3o"},{"@type":"BreadcrumbList","@id":"https:\/\/folhapopular.info\/index.php\/2026\/01\/31\/trem-dos-vales-deve-voltar-a-operar-em-6-meses\/#breadcrumb","itemListElement":[{"@type":"ListItem","position":1,"name":"In\u00edcio","item":"https:\/\/folhapopular.info\/"},{"@type":"ListItem","position":2,"name":"Trem dos Vales deve voltar a operar em 6 meses"}]},{"@type":"WebSite","@id":"https:\/\/folhapopular.info\/#website","url":"https:\/\/folhapopular.info\/","name":"Folha Popular","description":"Onde voc\u00ea tem vez e voz","potentialAction":[{"@type":"SearchAction","target":{"@type":"EntryPoint","urlTemplate":"https:\/\/folhapopular.info\/?s={search_term_string}"},"query-input":{"@type":"PropertyValueSpecification","valueRequired":true,"valueName":"search_term_string"}}],"inLanguage":"pt-BR"},{"@type":"Person","@id":"https:\/\/folhapopular.info\/#\/schema\/person\/f0b811f932ef2505faf473ffaef49df5","name":"Camille Lenz da Silva","image":{"@type":"ImageObject","inLanguage":"pt-BR","@id":"https:\/\/secure.gravatar.com\/avatar\/50be826d73ca259ec0e0a88a407f5de800c576c46cfdc57e50ef28551e216fff?s=96&d=mm&r=g","url":"https:\/\/secure.gravatar.com\/avatar\/50be826d73ca259ec0e0a88a407f5de800c576c46cfdc57e50ef28551e216fff?s=96&d=mm&r=g","contentUrl":"https:\/\/secure.gravatar.com\/avatar\/50be826d73ca259ec0e0a88a407f5de800c576c46cfdc57e50ef28551e216fff?s=96&d=mm&r=g","caption":"Camille Lenz da Silva"},"url":"https:\/\/folhapopular.info\/index.php\/author\/camillelenzgmail-com\/"}]}},"jetpack_featured_media_url":"https:\/\/folhapopular.info\/wp-content\/uploads\/2026\/01\/kadu-bernardi_DIV-e1769869941366.jpg","jetpack_sharing_enabled":true,"amp_enabled":true,"_links":{"self":[{"href":"https:\/\/folhapopular.info\/index.php\/wp-json\/wp\/v2\/posts\/203090","targetHints":{"allow":["GET"]}}],"collection":[{"href":"https:\/\/folhapopular.info\/index.php\/wp-json\/wp\/v2\/posts"}],"about":[{"href":"https:\/\/folhapopular.info\/index.php\/wp-json\/wp\/v2\/types\/post"}],"author":[{"embeddable":true,"href":"https:\/\/folhapopular.info\/index.php\/wp-json\/wp\/v2\/users\/639"}],"replies":[{"embeddable":true,"href":"https:\/\/folhapopular.info\/index.php\/wp-json\/wp\/v2\/comments?post=203090"}],"version-history":[{"count":0,"href":"https:\/\/folhapopular.info\/index.php\/wp-json\/wp\/v2\/posts\/203090\/revisions"}],"wp:featuredmedia":[{"embeddable":true,"href":"https:\/\/folhapopular.info\/index.php\/wp-json\/wp\/v2\/media\/203092"}],"wp:attachment":[{"href":"https:\/\/folhapopular.info\/index.php\/wp-json\/wp\/v2\/media?parent=203090"}],"wp:term":[{"taxonomy":"category","embeddable":true,"href":"https:\/\/folhapopular.info\/index.php\/wp-json\/wp\/v2\/categories?post=203090"},{"taxonomy":"post_tag","embeddable":true,"href":"https:\/\/folhapopular.info\/index.php\/wp-json\/wp\/v2\/tags?post=203090"}],"curies":[{"name":"wp","href":"https:\/\/api.w.org\/{rel}","templated":true}]}}