{"id":203380,"date":"2026-02-06T08:00:00","date_gmt":"2026-02-06T11:00:00","guid":{"rendered":"https:\/\/folhapopular.info\/?p=203380"},"modified":"2026-02-06T08:16:05","modified_gmt":"2026-02-06T11:16:05","slug":"poco-das-antas-recebeu-selo-prata-2025-em-transparencia-publica","status":"publish","type":"post","link":"https:\/\/folhapopular.info\/index.php\/2026\/02\/06\/poco-das-antas-recebeu-selo-prata-2025-em-transparencia-publica\/","title":{"rendered":"Po\u00e7o das Antas recebeu Selo Prata 2025 em Transpar\u00eancia P\u00fablica"},"content":{"rendered":"\n<p>O munic\u00edpio de Po\u00e7o das Antas conquistou um importante reconhecimento na \u00e1rea da gest\u00e3o p\u00fablica ao receber o Selo Prata 2025 em Transpar\u00eancia P\u00fablica, concedido pela Associa\u00e7\u00e3o dos Membros dos Tribunais de Contas de Brasil (Atricon), por meio do Programa Nacional de Transpar\u00eancia P\u00fablica (PNTP).<\/p>\n\n\n\n<p>A certifica\u00e7\u00e3o integra a avalia\u00e7\u00e3o do PNTP, que tem como objetivo medir o n\u00edvel de transpar\u00eancia ativa dos sites institucionais e dos Portais de Transpar\u00eancia de \u00f3rg\u00e3os p\u00fablicos das tr\u00eas esferas de governo (Uni\u00e3o, Estados e munic\u00edpios). Entre os principais crit\u00e9rios avaliados est\u00e3o a disponibilidade das informa\u00e7\u00f5es, a clareza dos dados apresentados, a atualiza\u00e7\u00e3o constante, a facilidade de acesso, al\u00e9m do cumprimento das exig\u00eancias legais relacionadas \u00e0 publicidade dos atos administrativos.<\/p>\n\n\n\n<p>Esta \u00e9 a primeira vez que Po\u00e7o das Antas recebe o reconhecimento. &#8220;A inten\u00e7\u00e3o \u00e9 melhorar ainda mais a coloca\u00e7\u00e3o nos pr\u00f3ximos anos e seguir entre os munic\u00edpios de destaque no Rio Grande do Sul tamb\u00e9m no quesito transpar\u00eancia&#8221;, destacou a Administra\u00e7\u00e3o Municipal.<\/p>\n\n\n\n<p>\u201cA conquista do Selo Prata refor\u00e7a o compromisso de Po\u00e7o das Antas com a transpar\u00eancia, a organiza\u00e7\u00e3o dos processos e o respeito ao cidad\u00e3o. Seguimos trabalhando para aprimorar a forma como as informa\u00e7\u00f5es p\u00fablicas s\u00e3o disponibilizadas, garantindo clareza, acesso e confiabilidade\u201d, afirma o secret\u00e1rio de Administra\u00e7\u00e3o, Ind\u00fastria e Com\u00e9rcio, Romeu Forneck.<\/p>\n\n\n\n<p><\/p>\n","protected":false},"excerpt":{"rendered":"<p>O munic\u00edpio de Po\u00e7o das Antas conquistou um importante reconhecimento na \u00e1rea da gest\u00e3o p\u00fablica ao receber o Selo Prata 2025 em Transpar\u00eancia P\u00fablica, concedido pela Associa\u00e7\u00e3o dos Membros dos Tribunais de Contas de Brasil (Atricon), por meio do Programa Nacional de Transpar\u00eancia P\u00fablica (PNTP). A certifica\u00e7\u00e3o integra a avalia\u00e7\u00e3o do PNTP, que tem como [&hellip;]<\/p>\n","protected":false},"author":8,"featured_media":203381,"comment_status":"open","ping_status":"open","sticky":false,"template":"","format":"standard","meta":{"pmpro_default_level":"","_jetpack_memberships_contains_paid_content":false,"footnotes":""},"categories":[2,10991],"tags":[17195,40,516,20530],"class_list":{"0":"post-203380","1":"post","2":"type-post","3":"status-publish","4":"format-standard","5":"has-post-thumbnail","7":"category-featured","8":"category-economia","9":"tag-certificacao","10":"tag-poco-das-antas","11":"tag-transparencia","12":"tag-transparencia-publica","13":"pmpro-has-access"},"yoast_head":"<!-- This site is optimized with the Yoast SEO plugin v27.5 - https:\/\/yoast.com\/product\/yoast-seo-wordpress\/ -->\n<title>Po\u00e7o das Antas recebeu Selo Prata 2025 em Transpar\u00eancia P\u00fablica - Folha Popular<\/title>\n<meta name=\"description\" content=\"A certifica\u00e7\u00e3o integra a avalia\u00e7\u00e3o do PNTP, que tem como objetivo medir o n\u00edvel de transpar\u00eancia ativa dos sites e Portais de Transpar\u00eancia.\" \/>\n<meta name=\"robots\" content=\"index, follow, max-snippet:-1, max-image-preview:large, max-video-preview:-1\" \/>\n<link rel=\"canonical\" href=\"https:\/\/folhapopular.info\/index.php\/2026\/02\/06\/poco-das-antas-recebeu-selo-prata-2025-em-transparencia-publica\/\" \/>\n<meta property=\"og:locale\" content=\"pt_BR\" \/>\n<meta property=\"og:type\" content=\"article\" \/>\n<meta property=\"og:title\" content=\"Po\u00e7o das Antas recebeu Selo Prata 2025 em Transpar\u00eancia P\u00fablica - Folha Popular\" \/>\n<meta property=\"og:description\" content=\"A certifica\u00e7\u00e3o integra a avalia\u00e7\u00e3o do PNTP, que tem como objetivo medir o n\u00edvel de transpar\u00eancia ativa dos sites e Portais de Transpar\u00eancia.\" \/>\n<meta property=\"og:url\" content=\"https:\/\/folhapopular.info\/index.php\/2026\/02\/06\/poco-das-antas-recebeu-selo-prata-2025-em-transparencia-publica\/\" \/>\n<meta property=\"og:site_name\" content=\"Folha Popular\" \/>\n<meta property=\"article:published_time\" content=\"2026-02-06T11:00:00+00:00\" \/>\n<meta property=\"article:modified_time\" content=\"2026-02-06T11:16:05+00:00\" \/>\n<meta property=\"og:image\" content=\"http:\/\/folhapopular.info\/wp-content\/uploads\/2026\/02\/Foto-1-1.jpg\" \/>\n\t<meta property=\"og:image:width\" content=\"1896\" \/>\n\t<meta property=\"og:image:height\" content=\"832\" \/>\n\t<meta property=\"og:image:type\" content=\"image\/jpeg\" \/>\n<meta name=\"author\" content=\"Reda\u00e7\u00e3o Folha Popular\" \/>\n<meta name=\"twitter:card\" content=\"summary_large_image\" \/>\n<meta name=\"twitter:label1\" content=\"Escrito por\" \/>\n\t<meta name=\"twitter:data1\" content=\"Reda\u00e7\u00e3o Folha Popular\" \/>\n\t<meta name=\"twitter:label2\" content=\"Est. tempo de leitura\" \/>\n\t<meta name=\"twitter:data2\" content=\"2 minutos\" \/>\n<script type=\"application\/ld+json\" class=\"yoast-schema-graph\">{\"@context\":\"https:\\\/\\\/schema.org\",\"@graph\":[{\"@type\":\"Article\",\"@id\":\"https:\\\/\\\/folhapopular.info\\\/index.php\\\/2026\\\/02\\\/06\\\/poco-das-antas-recebeu-selo-prata-2025-em-transparencia-publica\\\/#article\",\"isPartOf\":{\"@id\":\"https:\\\/\\\/folhapopular.info\\\/index.php\\\/2026\\\/02\\\/06\\\/poco-das-antas-recebeu-selo-prata-2025-em-transparencia-publica\\\/\"},\"author\":{\"name\":\"Reda\u00e7\u00e3o Folha Popular\",\"@id\":\"https:\\\/\\\/folhapopular.info\\\/#\\\/schema\\\/person\\\/2814e8a0df7643585a9ca38bc6eb9d4b\"},\"headline\":\"Po\u00e7o das Antas recebeu Selo Prata 2025 em Transpar\u00eancia P\u00fablica\",\"datePublished\":\"2026-02-06T11:00:00+00:00\",\"dateModified\":\"2026-02-06T11:16:05+00:00\",\"mainEntityOfPage\":{\"@id\":\"https:\\\/\\\/folhapopular.info\\\/index.php\\\/2026\\\/02\\\/06\\\/poco-das-antas-recebeu-selo-prata-2025-em-transparencia-publica\\\/\"},\"wordCount\":263,\"commentCount\":0,\"image\":{\"@id\":\"https:\\\/\\\/folhapopular.info\\\/index.php\\\/2026\\\/02\\\/06\\\/poco-das-antas-recebeu-selo-prata-2025-em-transparencia-publica\\\/#primaryimage\"},\"thumbnailUrl\":\"https:\\\/\\\/folhapopular.info\\\/wp-content\\\/uploads\\\/2026\\\/02\\\/Foto-1-1.jpg\",\"keywords\":[\"Certifica\u00e7\u00e3o\",\"Po\u00e7o das Antas\",\"transpar\u00eancia\",\"Transpar\u00eancia P\u00fablica\"],\"articleSection\":[\"Destaques\",\"Economia\"],\"inLanguage\":\"pt-BR\",\"potentialAction\":[{\"@type\":\"CommentAction\",\"name\":\"Comment\",\"target\":[\"https:\\\/\\\/folhapopular.info\\\/index.php\\\/2026\\\/02\\\/06\\\/poco-das-antas-recebeu-selo-prata-2025-em-transparencia-publica\\\/#respond\"]}]},{\"@type\":\"WebPage\",\"@id\":\"https:\\\/\\\/folhapopular.info\\\/index.php\\\/2026\\\/02\\\/06\\\/poco-das-antas-recebeu-selo-prata-2025-em-transparencia-publica\\\/\",\"url\":\"https:\\\/\\\/folhapopular.info\\\/index.php\\\/2026\\\/02\\\/06\\\/poco-das-antas-recebeu-selo-prata-2025-em-transparencia-publica\\\/\",\"name\":\"Po\u00e7o das Antas recebeu Selo Prata 2025 em Transpar\u00eancia P\u00fablica - Folha Popular\",\"isPartOf\":{\"@id\":\"https:\\\/\\\/folhapopular.info\\\/#website\"},\"primaryImageOfPage\":{\"@id\":\"https:\\\/\\\/folhapopular.info\\\/index.php\\\/2026\\\/02\\\/06\\\/poco-das-antas-recebeu-selo-prata-2025-em-transparencia-publica\\\/#primaryimage\"},\"image\":{\"@id\":\"https:\\\/\\\/folhapopular.info\\\/index.php\\\/2026\\\/02\\\/06\\\/poco-das-antas-recebeu-selo-prata-2025-em-transparencia-publica\\\/#primaryimage\"},\"thumbnailUrl\":\"https:\\\/\\\/folhapopular.info\\\/wp-content\\\/uploads\\\/2026\\\/02\\\/Foto-1-1.jpg\",\"datePublished\":\"2026-02-06T11:00:00+00:00\",\"dateModified\":\"2026-02-06T11:16:05+00:00\",\"author\":{\"@id\":\"https:\\\/\\\/folhapopular.info\\\/#\\\/schema\\\/person\\\/2814e8a0df7643585a9ca38bc6eb9d4b\"},\"description\":\"A certifica\u00e7\u00e3o integra a avalia\u00e7\u00e3o do PNTP, que tem como objetivo medir o n\u00edvel de transpar\u00eancia ativa dos sites e Portais de Transpar\u00eancia.\",\"breadcrumb\":{\"@id\":\"https:\\\/\\\/folhapopular.info\\\/index.php\\\/2026\\\/02\\\/06\\\/poco-das-antas-recebeu-selo-prata-2025-em-transparencia-publica\\\/#breadcrumb\"},\"inLanguage\":\"pt-BR\",\"potentialAction\":[{\"@type\":\"ReadAction\",\"target\":[\"https:\\\/\\\/folhapopular.info\\\/index.php\\\/2026\\\/02\\\/06\\\/poco-das-antas-recebeu-selo-prata-2025-em-transparencia-publica\\\/\"]}]},{\"@type\":\"ImageObject\",\"inLanguage\":\"pt-BR\",\"@id\":\"https:\\\/\\\/folhapopular.info\\\/index.php\\\/2026\\\/02\\\/06\\\/poco-das-antas-recebeu-selo-prata-2025-em-transparencia-publica\\\/#primaryimage\",\"url\":\"https:\\\/\\\/folhapopular.info\\\/wp-content\\\/uploads\\\/2026\\\/02\\\/Foto-1-1.jpg\",\"contentUrl\":\"https:\\\/\\\/folhapopular.info\\\/wp-content\\\/uploads\\\/2026\\\/02\\\/Foto-1-1.jpg\",\"width\":1896,\"height\":832,\"caption\":\"Cr\u00e9dito: Divulgando\"},{\"@type\":\"BreadcrumbList\",\"@id\":\"https:\\\/\\\/folhapopular.info\\\/index.php\\\/2026\\\/02\\\/06\\\/poco-das-antas-recebeu-selo-prata-2025-em-transparencia-publica\\\/#breadcrumb\",\"itemListElement\":[{\"@type\":\"ListItem\",\"position\":1,\"name\":\"In\u00edcio\",\"item\":\"https:\\\/\\\/folhapopular.info\\\/\"},{\"@type\":\"ListItem\",\"position\":2,\"name\":\"Po\u00e7o das Antas recebeu Selo Prata 2025 em Transpar\u00eancia P\u00fablica\"}]},{\"@type\":\"WebSite\",\"@id\":\"https:\\\/\\\/folhapopular.info\\\/#website\",\"url\":\"https:\\\/\\\/folhapopular.info\\\/\",\"name\":\"Folha Popular\",\"description\":\"Onde voc\u00ea tem vez e voz\",\"potentialAction\":[{\"@type\":\"SearchAction\",\"target\":{\"@type\":\"EntryPoint\",\"urlTemplate\":\"https:\\\/\\\/folhapopular.info\\\/?s={search_term_string}\"},\"query-input\":{\"@type\":\"PropertyValueSpecification\",\"valueRequired\":true,\"valueName\":\"search_term_string\"}}],\"inLanguage\":\"pt-BR\"},{\"@type\":\"Person\",\"@id\":\"https:\\\/\\\/folhapopular.info\\\/#\\\/schema\\\/person\\\/2814e8a0df7643585a9ca38bc6eb9d4b\",\"name\":\"Reda\u00e7\u00e3o Folha Popular\",\"image\":{\"@type\":\"ImageObject\",\"inLanguage\":\"pt-BR\",\"@id\":\"https:\\\/\\\/folhapopular.info\\\/wp-content\\\/uploads\\\/2026\\\/04\\\/Folha-1.webp\",\"url\":\"https:\\\/\\\/folhapopular.info\\\/wp-content\\\/uploads\\\/2026\\\/04\\\/Folha-1.webp\",\"contentUrl\":\"https:\\\/\\\/folhapopular.info\\\/wp-content\\\/uploads\\\/2026\\\/04\\\/Folha-1.webp\",\"caption\":\"Reda\u00e7\u00e3o Folha Popular\"},\"url\":\"https:\\\/\\\/folhapopular.info\\\/index.php\\\/author\\\/redacao\\\/\"}]}<\/script>\n<!-- \/ Yoast SEO plugin. -->","yoast_head_json":{"title":"Po\u00e7o das Antas recebeu Selo Prata 2025 em Transpar\u00eancia P\u00fablica - Folha Popular","description":"A certifica\u00e7\u00e3o integra a avalia\u00e7\u00e3o do PNTP, que tem como objetivo medir o n\u00edvel de transpar\u00eancia ativa dos sites e Portais de Transpar\u00eancia.","robots":{"index":"index","follow":"follow","max-snippet":"max-snippet:-1","max-image-preview":"max-image-preview:large","max-video-preview":"max-video-preview:-1"},"canonical":"https:\/\/folhapopular.info\/index.php\/2026\/02\/06\/poco-das-antas-recebeu-selo-prata-2025-em-transparencia-publica\/","og_locale":"pt_BR","og_type":"article","og_title":"Po\u00e7o das Antas recebeu Selo Prata 2025 em Transpar\u00eancia P\u00fablica - Folha Popular","og_description":"A certifica\u00e7\u00e3o integra a avalia\u00e7\u00e3o do PNTP, que tem como objetivo medir o n\u00edvel de transpar\u00eancia ativa dos sites e Portais de Transpar\u00eancia.","og_url":"https:\/\/folhapopular.info\/index.php\/2026\/02\/06\/poco-das-antas-recebeu-selo-prata-2025-em-transparencia-publica\/","og_site_name":"Folha Popular","article_published_time":"2026-02-06T11:00:00+00:00","article_modified_time":"2026-02-06T11:16:05+00:00","og_image":[{"width":1896,"height":832,"url":"http:\/\/folhapopular.info\/wp-content\/uploads\/2026\/02\/Foto-1-1.jpg","type":"image\/jpeg"}],"author":"Reda\u00e7\u00e3o Folha Popular","twitter_card":"summary_large_image","twitter_misc":{"Escrito por":"Reda\u00e7\u00e3o Folha Popular","Est. tempo de leitura":"2 minutos"},"schema":{"@context":"https:\/\/schema.org","@graph":[{"@type":"Article","@id":"https:\/\/folhapopular.info\/index.php\/2026\/02\/06\/poco-das-antas-recebeu-selo-prata-2025-em-transparencia-publica\/#article","isPartOf":{"@id":"https:\/\/folhapopular.info\/index.php\/2026\/02\/06\/poco-das-antas-recebeu-selo-prata-2025-em-transparencia-publica\/"},"author":{"name":"Reda\u00e7\u00e3o Folha Popular","@id":"https:\/\/folhapopular.info\/#\/schema\/person\/2814e8a0df7643585a9ca38bc6eb9d4b"},"headline":"Po\u00e7o das Antas recebeu Selo Prata 2025 em Transpar\u00eancia P\u00fablica","datePublished":"2026-02-06T11:00:00+00:00","dateModified":"2026-02-06T11:16:05+00:00","mainEntityOfPage":{"@id":"https:\/\/folhapopular.info\/index.php\/2026\/02\/06\/poco-das-antas-recebeu-selo-prata-2025-em-transparencia-publica\/"},"wordCount":263,"commentCount":0,"image":{"@id":"https:\/\/folhapopular.info\/index.php\/2026\/02\/06\/poco-das-antas-recebeu-selo-prata-2025-em-transparencia-publica\/#primaryimage"},"thumbnailUrl":"https:\/\/folhapopular.info\/wp-content\/uploads\/2026\/02\/Foto-1-1.jpg","keywords":["Certifica\u00e7\u00e3o","Po\u00e7o das Antas","transpar\u00eancia","Transpar\u00eancia P\u00fablica"],"articleSection":["Destaques","Economia"],"inLanguage":"pt-BR","potentialAction":[{"@type":"CommentAction","name":"Comment","target":["https:\/\/folhapopular.info\/index.php\/2026\/02\/06\/poco-das-antas-recebeu-selo-prata-2025-em-transparencia-publica\/#respond"]}]},{"@type":"WebPage","@id":"https:\/\/folhapopular.info\/index.php\/2026\/02\/06\/poco-das-antas-recebeu-selo-prata-2025-em-transparencia-publica\/","url":"https:\/\/folhapopular.info\/index.php\/2026\/02\/06\/poco-das-antas-recebeu-selo-prata-2025-em-transparencia-publica\/","name":"Po\u00e7o das Antas recebeu Selo Prata 2025 em Transpar\u00eancia P\u00fablica - Folha Popular","isPartOf":{"@id":"https:\/\/folhapopular.info\/#website"},"primaryImageOfPage":{"@id":"https:\/\/folhapopular.info\/index.php\/2026\/02\/06\/poco-das-antas-recebeu-selo-prata-2025-em-transparencia-publica\/#primaryimage"},"image":{"@id":"https:\/\/folhapopular.info\/index.php\/2026\/02\/06\/poco-das-antas-recebeu-selo-prata-2025-em-transparencia-publica\/#primaryimage"},"thumbnailUrl":"https:\/\/folhapopular.info\/wp-content\/uploads\/2026\/02\/Foto-1-1.jpg","datePublished":"2026-02-06T11:00:00+00:00","dateModified":"2026-02-06T11:16:05+00:00","author":{"@id":"https:\/\/folhapopular.info\/#\/schema\/person\/2814e8a0df7643585a9ca38bc6eb9d4b"},"description":"A certifica\u00e7\u00e3o integra a avalia\u00e7\u00e3o do PNTP, que tem como objetivo medir o n\u00edvel de transpar\u00eancia ativa dos sites e Portais de Transpar\u00eancia.","breadcrumb":{"@id":"https:\/\/folhapopular.info\/index.php\/2026\/02\/06\/poco-das-antas-recebeu-selo-prata-2025-em-transparencia-publica\/#breadcrumb"},"inLanguage":"pt-BR","potentialAction":[{"@type":"ReadAction","target":["https:\/\/folhapopular.info\/index.php\/2026\/02\/06\/poco-das-antas-recebeu-selo-prata-2025-em-transparencia-publica\/"]}]},{"@type":"ImageObject","inLanguage":"pt-BR","@id":"https:\/\/folhapopular.info\/index.php\/2026\/02\/06\/poco-das-antas-recebeu-selo-prata-2025-em-transparencia-publica\/#primaryimage","url":"https:\/\/folhapopular.info\/wp-content\/uploads\/2026\/02\/Foto-1-1.jpg","contentUrl":"https:\/\/folhapopular.info\/wp-content\/uploads\/2026\/02\/Foto-1-1.jpg","width":1896,"height":832,"caption":"Cr\u00e9dito: Divulgando"},{"@type":"BreadcrumbList","@id":"https:\/\/folhapopular.info\/index.php\/2026\/02\/06\/poco-das-antas-recebeu-selo-prata-2025-em-transparencia-publica\/#breadcrumb","itemListElement":[{"@type":"ListItem","position":1,"name":"In\u00edcio","item":"https:\/\/folhapopular.info\/"},{"@type":"ListItem","position":2,"name":"Po\u00e7o das Antas recebeu Selo Prata 2025 em Transpar\u00eancia P\u00fablica"}]},{"@type":"WebSite","@id":"https:\/\/folhapopular.info\/#website","url":"https:\/\/folhapopular.info\/","name":"Folha Popular","description":"Onde voc\u00ea tem vez e voz","potentialAction":[{"@type":"SearchAction","target":{"@type":"EntryPoint","urlTemplate":"https:\/\/folhapopular.info\/?s={search_term_string}"},"query-input":{"@type":"PropertyValueSpecification","valueRequired":true,"valueName":"search_term_string"}}],"inLanguage":"pt-BR"},{"@type":"Person","@id":"https:\/\/folhapopular.info\/#\/schema\/person\/2814e8a0df7643585a9ca38bc6eb9d4b","name":"Reda\u00e7\u00e3o Folha Popular","image":{"@type":"ImageObject","inLanguage":"pt-BR","@id":"https:\/\/folhapopular.info\/wp-content\/uploads\/2026\/04\/Folha-1.webp","url":"https:\/\/folhapopular.info\/wp-content\/uploads\/2026\/04\/Folha-1.webp","contentUrl":"https:\/\/folhapopular.info\/wp-content\/uploads\/2026\/04\/Folha-1.webp","caption":"Reda\u00e7\u00e3o Folha Popular"},"url":"https:\/\/folhapopular.info\/index.php\/author\/redacao\/"}]}},"jetpack_featured_media_url":"https:\/\/folhapopular.info\/wp-content\/uploads\/2026\/02\/Foto-1-1.jpg","jetpack_sharing_enabled":true,"amp_enabled":true,"_links":{"self":[{"href":"https:\/\/folhapopular.info\/index.php\/wp-json\/wp\/v2\/posts\/203380","targetHints":{"allow":["GET"]}}],"collection":[{"href":"https:\/\/folhapopular.info\/index.php\/wp-json\/wp\/v2\/posts"}],"about":[{"href":"https:\/\/folhapopular.info\/index.php\/wp-json\/wp\/v2\/types\/post"}],"author":[{"embeddable":true,"href":"https:\/\/folhapopular.info\/index.php\/wp-json\/wp\/v2\/users\/8"}],"replies":[{"embeddable":true,"href":"https:\/\/folhapopular.info\/index.php\/wp-json\/wp\/v2\/comments?post=203380"}],"version-history":[{"count":0,"href":"https:\/\/folhapopular.info\/index.php\/wp-json\/wp\/v2\/posts\/203380\/revisions"}],"wp:featuredmedia":[{"embeddable":true,"href":"https:\/\/folhapopular.info\/index.php\/wp-json\/wp\/v2\/media\/203381"}],"wp:attachment":[{"href":"https:\/\/folhapopular.info\/index.php\/wp-json\/wp\/v2\/media?parent=203380"}],"wp:term":[{"taxonomy":"category","embeddable":true,"href":"https:\/\/folhapopular.info\/index.php\/wp-json\/wp\/v2\/categories?post=203380"},{"taxonomy":"post_tag","embeddable":true,"href":"https:\/\/folhapopular.info\/index.php\/wp-json\/wp\/v2\/tags?post=203380"}],"curies":[{"name":"wp","href":"https:\/\/api.w.org\/{rel}","templated":true}]}}