{"id":203704,"date":"2026-02-12T10:00:00","date_gmt":"2026-02-12T13:00:00","guid":{"rendered":"https:\/\/folhapopular.info\/?p=203704"},"modified":"2026-02-12T08:14:01","modified_gmt":"2026-02-12T11:14:01","slug":"apae-lajeado-inicia-o-ano-com-nova-gestao","status":"publish","type":"post","link":"https:\/\/folhapopular.info\/index.php\/2026\/02\/12\/apae-lajeado-inicia-o-ano-com-nova-gestao\/","title":{"rendered":"Apae Lajeado inicia o ano com nova gest\u00e3o"},"content":{"rendered":"\n<p>A Associa\u00e7\u00e3o de Pais e Amigos dos Excepcionais (Apae) de Lajeado conta com uma nova gest\u00e3o na diretoria da entidade desde janeiro. Adilson Johann \u00e9 o novo presidente, assumindo por tr\u00eas anos com possibilidade de reelei\u00e7\u00e3o. Na segunda-feira (10\/2) o grupo gestor realizou a segunda reuni\u00e3o do ano, na sede da Apae. <\/p>\n\n\n\n<p>&#8220;Pretendemos maximizar resultados, potencializar capacidades e permitir a m\u00e1xima inser\u00e7\u00e3o social, profissional e emocional do p\u00fablico alvo do nosso movimento\u201d, disse Johann.<\/p>\n\n\n\n<p>Adilson destaca que conta com o apoio de toda a comunidade na realiza\u00e7\u00e3o dos projetos. \u201cH\u00e1 uma constante busca por aprimoramento de processos, forma\u00e7\u00e3o de profissionais, ajustes e melhorias nas instala\u00e7\u00f5es, tudo visando qualificar os resultados gerais, fortalecendo a entidade para a realiza\u00e7\u00e3o da sua miss\u00e3o, com olhar de excel\u00eancia em tudo o que \u00e9 inerente \u00e0 Apae\u201d, afirmou.<\/p>\n\n\n\n<p>Ele faz parte da diretoria volunt\u00e1ria da Apae desde o ano de 2006.<\/p>\n\n\n\n<figure class=\"wp-block-image size-large\"><img loading=\"lazy\" decoding=\"async\" width=\"1024\" height=\"768\" src=\"https:\/\/folhapopular.info\/wp-content\/uploads\/2026\/02\/Presidente-Adilson-1024x768.jpeg\" alt=\"\" class=\"wp-image-203707\" srcset=\"https:\/\/folhapopular.info\/wp-content\/uploads\/2026\/02\/Presidente-Adilson-1024x768.jpeg 1024w, https:\/\/folhapopular.info\/wp-content\/uploads\/2026\/02\/Presidente-Adilson-300x225.jpeg 300w, https:\/\/folhapopular.info\/wp-content\/uploads\/2026\/02\/Presidente-Adilson-768x576.jpeg 768w, https:\/\/folhapopular.info\/wp-content\/uploads\/2026\/02\/Presidente-Adilson-560x420.jpeg 560w, https:\/\/folhapopular.info\/wp-content\/uploads\/2026\/02\/Presidente-Adilson-80x60.jpeg 80w, https:\/\/folhapopular.info\/wp-content\/uploads\/2026\/02\/Presidente-Adilson-696x522.jpeg 696w, https:\/\/folhapopular.info\/wp-content\/uploads\/2026\/02\/Presidente-Adilson-1068x801.jpeg 1068w, https:\/\/folhapopular.info\/wp-content\/uploads\/2026\/02\/Presidente-Adilson.jpeg 1280w\" sizes=\"auto, (max-width: 1024px) 100vw, 1024px\" \/><figcaption class=\"wp-element-caption\">Cr\u00e9dito: Renata Leal \/ Divulga\u00e7\u00e3o<\/figcaption><\/figure>\n\n\n\n<h2 class=\"wp-block-heading\"><strong>Nova Diretoria Apae Lajeado<\/strong><\/h2>\n\n\n\n<p>Adilson Johann &#8211; Presidente<br>Tirzah Rodrigues &#8211; Vice-Presidente<br>C\u00e2ndida Maria Catto &#8211; 1\u00ba Diretor Secret\u00e1rio<br>Sabine Bergesch Diedrich &#8211; 2\u00ba Diretor Secret\u00e1rio<br>Pedro Raul Mallmann &#8211; 1\u00ba Diretor Financeiro<br>S\u00e9rgio Antonio Favaretto &#8211; 2\u00ba Diretor Financeiro<br>Marcos Antonio Lazzari &#8211; 1\u00ba Diretor de Patrim\u00f4nio<br>R\u00e9gis Luis Kunrath &#8211; 2\u00ba Diretor de Patrim\u00f4nio\/Conselho Administrativo<br>Gilberto Gesoni Alves Soares &#8211; 1\u00ba Diretor Social<br>Alexandre Gravina Martins &#8211; 2\u00ba Diretor Social\/Conselho Administrativo<br>Darci Labres da Silva &#8211; Conselho Administrativo<br>Andr\u00e9 Luis Kronbauer &#8211; Conselho Administrativo<br>Roberto Heemann &#8211; Conselho Administrativo<br>Celso Luiz Bresolin &#8211; Conselho Fiscal<br>Carlito Jos\u00e9 Graff &#8211; Conselho Fiscal<br>Larri Rugard Neumann &#8211; Conselho Fiscal<br>Luis Fernando de Castro Meirelles &#8211; Suplente Conselho Fiscal<br>Darci Labres da Silva &#8211; Suplente Conselho Fiscal<br>Lauro Ouriques Bundrich &#8211; Suplente Conselho Fiscal<br>Jos\u00e9 Frederico Ely &#8211; Procurador Jur\u00eddico<\/p>\n","protected":false},"excerpt":{"rendered":"<p>A Associa\u00e7\u00e3o de Pais e Amigos dos Excepcionais (Apae) de Lajeado conta com uma nova gest\u00e3o na diretoria da entidade desde janeiro. Adilson Johann \u00e9 o novo presidente, assumindo por tr\u00eas anos com possibilidade de reelei\u00e7\u00e3o. Na segunda-feira (10\/2) o grupo gestor realizou a segunda reuni\u00e3o do ano, na sede da Apae. &#8220;Pretendemos maximizar resultados, [&hellip;]<\/p>\n","protected":false},"author":8,"featured_media":203706,"comment_status":"open","ping_status":"open","sticky":false,"template":"","format":"standard","meta":{"pmpro_default_level":"","_jetpack_memberships_contains_paid_content":false,"footnotes":""},"categories":[2,6],"tags":[887,12095,5703,27],"class_list":{"0":"post-203704","1":"post","2":"type-post","3":"status-publish","4":"format-standard","5":"has-post-thumbnail","7":"category-featured","8":"category-inclusive","9":"tag-apae","10":"tag-apae-lajeado","11":"tag-diretoria","12":"tag-lajeado","13":"pmpro-has-access"},"yoast_head":"<!-- This site is optimized with the Yoast SEO plugin v27.5 - https:\/\/yoast.com\/product\/yoast-seo-wordpress\/ -->\n<title>Apae Lajeado inicia o ano com nova gest\u00e3o - Folha Popular<\/title>\n<meta name=\"description\" content=\"Adilson Johann \u00e9 o novo presidente da Apae Lajeado. Ele faz parte da diretoria volunt\u00e1ria desde o ano de 2006.\" \/>\n<meta name=\"robots\" content=\"index, follow, max-snippet:-1, max-image-preview:large, max-video-preview:-1\" \/>\n<link rel=\"canonical\" href=\"https:\/\/folhapopular.info\/index.php\/2026\/02\/12\/apae-lajeado-inicia-o-ano-com-nova-gestao\/\" \/>\n<meta property=\"og:locale\" content=\"pt_BR\" \/>\n<meta property=\"og:type\" content=\"article\" \/>\n<meta property=\"og:title\" content=\"Apae Lajeado inicia o ano com nova gest\u00e3o - Folha Popular\" \/>\n<meta property=\"og:description\" content=\"Adilson Johann \u00e9 o novo presidente da Apae Lajeado. Ele faz parte da diretoria volunt\u00e1ria desde o ano de 2006.\" \/>\n<meta property=\"og:url\" content=\"https:\/\/folhapopular.info\/index.php\/2026\/02\/12\/apae-lajeado-inicia-o-ano-com-nova-gestao\/\" \/>\n<meta property=\"og:site_name\" content=\"Folha Popular\" \/>\n<meta property=\"article:published_time\" content=\"2026-02-12T13:00:00+00:00\" \/>\n<meta property=\"og:image\" content=\"https:\/\/folhapopular.info\/wp-content\/uploads\/2026\/02\/reuniao-diretoria.jpg\" \/>\n\t<meta property=\"og:image:width\" content=\"2304\" \/>\n\t<meta property=\"og:image:height\" content=\"1536\" \/>\n\t<meta property=\"og:image:type\" content=\"image\/jpeg\" \/>\n<meta name=\"author\" content=\"Reda\u00e7\u00e3o Folha Popular\" \/>\n<meta name=\"twitter:card\" content=\"summary_large_image\" \/>\n<meta name=\"twitter:label1\" content=\"Escrito por\" \/>\n\t<meta name=\"twitter:data1\" content=\"Reda\u00e7\u00e3o Folha Popular\" \/>\n\t<meta name=\"twitter:label2\" content=\"Est. tempo de leitura\" \/>\n\t<meta name=\"twitter:data2\" content=\"2 minutos\" \/>\n<script type=\"application\/ld+json\" class=\"yoast-schema-graph\">{\"@context\":\"https:\\\/\\\/schema.org\",\"@graph\":[{\"@type\":\"Article\",\"@id\":\"https:\\\/\\\/folhapopular.info\\\/index.php\\\/2026\\\/02\\\/12\\\/apae-lajeado-inicia-o-ano-com-nova-gestao\\\/#article\",\"isPartOf\":{\"@id\":\"https:\\\/\\\/folhapopular.info\\\/index.php\\\/2026\\\/02\\\/12\\\/apae-lajeado-inicia-o-ano-com-nova-gestao\\\/\"},\"author\":{\"name\":\"Reda\u00e7\u00e3o Folha Popular\",\"@id\":\"https:\\\/\\\/folhapopular.info\\\/#\\\/schema\\\/person\\\/2814e8a0df7643585a9ca38bc6eb9d4b\"},\"headline\":\"Apae Lajeado inicia o ano com nova gest\u00e3o\",\"datePublished\":\"2026-02-12T13:00:00+00:00\",\"mainEntityOfPage\":{\"@id\":\"https:\\\/\\\/folhapopular.info\\\/index.php\\\/2026\\\/02\\\/12\\\/apae-lajeado-inicia-o-ano-com-nova-gestao\\\/\"},\"wordCount\":293,\"commentCount\":0,\"image\":{\"@id\":\"https:\\\/\\\/folhapopular.info\\\/index.php\\\/2026\\\/02\\\/12\\\/apae-lajeado-inicia-o-ano-com-nova-gestao\\\/#primaryimage\"},\"thumbnailUrl\":\"https:\\\/\\\/folhapopular.info\\\/wp-content\\\/uploads\\\/2026\\\/02\\\/reuniao-diretoria.jpg\",\"keywords\":[\"Apae\",\"apae lajeado\",\"Diretoria\",\"Lajeado\"],\"articleSection\":[\"Destaques\",\"Inclusive\"],\"inLanguage\":\"pt-BR\",\"potentialAction\":[{\"@type\":\"CommentAction\",\"name\":\"Comment\",\"target\":[\"https:\\\/\\\/folhapopular.info\\\/index.php\\\/2026\\\/02\\\/12\\\/apae-lajeado-inicia-o-ano-com-nova-gestao\\\/#respond\"]}]},{\"@type\":\"WebPage\",\"@id\":\"https:\\\/\\\/folhapopular.info\\\/index.php\\\/2026\\\/02\\\/12\\\/apae-lajeado-inicia-o-ano-com-nova-gestao\\\/\",\"url\":\"https:\\\/\\\/folhapopular.info\\\/index.php\\\/2026\\\/02\\\/12\\\/apae-lajeado-inicia-o-ano-com-nova-gestao\\\/\",\"name\":\"Apae Lajeado inicia o ano com nova gest\u00e3o - Folha Popular\",\"isPartOf\":{\"@id\":\"https:\\\/\\\/folhapopular.info\\\/#website\"},\"primaryImageOfPage\":{\"@id\":\"https:\\\/\\\/folhapopular.info\\\/index.php\\\/2026\\\/02\\\/12\\\/apae-lajeado-inicia-o-ano-com-nova-gestao\\\/#primaryimage\"},\"image\":{\"@id\":\"https:\\\/\\\/folhapopular.info\\\/index.php\\\/2026\\\/02\\\/12\\\/apae-lajeado-inicia-o-ano-com-nova-gestao\\\/#primaryimage\"},\"thumbnailUrl\":\"https:\\\/\\\/folhapopular.info\\\/wp-content\\\/uploads\\\/2026\\\/02\\\/reuniao-diretoria.jpg\",\"datePublished\":\"2026-02-12T13:00:00+00:00\",\"author\":{\"@id\":\"https:\\\/\\\/folhapopular.info\\\/#\\\/schema\\\/person\\\/2814e8a0df7643585a9ca38bc6eb9d4b\"},\"description\":\"Adilson Johann \u00e9 o novo presidente da Apae Lajeado. Ele faz parte da diretoria volunt\u00e1ria desde o ano de 2006.\",\"breadcrumb\":{\"@id\":\"https:\\\/\\\/folhapopular.info\\\/index.php\\\/2026\\\/02\\\/12\\\/apae-lajeado-inicia-o-ano-com-nova-gestao\\\/#breadcrumb\"},\"inLanguage\":\"pt-BR\",\"potentialAction\":[{\"@type\":\"ReadAction\",\"target\":[\"https:\\\/\\\/folhapopular.info\\\/index.php\\\/2026\\\/02\\\/12\\\/apae-lajeado-inicia-o-ano-com-nova-gestao\\\/\"]}]},{\"@type\":\"ImageObject\",\"inLanguage\":\"pt-BR\",\"@id\":\"https:\\\/\\\/folhapopular.info\\\/index.php\\\/2026\\\/02\\\/12\\\/apae-lajeado-inicia-o-ano-com-nova-gestao\\\/#primaryimage\",\"url\":\"https:\\\/\\\/folhapopular.info\\\/wp-content\\\/uploads\\\/2026\\\/02\\\/reuniao-diretoria.jpg\",\"contentUrl\":\"https:\\\/\\\/folhapopular.info\\\/wp-content\\\/uploads\\\/2026\\\/02\\\/reuniao-diretoria.jpg\",\"width\":2304,\"height\":1536,\"caption\":\"Cr\u00e9dito: Renata Leal \\\/ Divulga\u00e7\u00e3o\"},{\"@type\":\"BreadcrumbList\",\"@id\":\"https:\\\/\\\/folhapopular.info\\\/index.php\\\/2026\\\/02\\\/12\\\/apae-lajeado-inicia-o-ano-com-nova-gestao\\\/#breadcrumb\",\"itemListElement\":[{\"@type\":\"ListItem\",\"position\":1,\"name\":\"In\u00edcio\",\"item\":\"https:\\\/\\\/folhapopular.info\\\/\"},{\"@type\":\"ListItem\",\"position\":2,\"name\":\"Apae Lajeado inicia o ano com nova gest\u00e3o\"}]},{\"@type\":\"WebSite\",\"@id\":\"https:\\\/\\\/folhapopular.info\\\/#website\",\"url\":\"https:\\\/\\\/folhapopular.info\\\/\",\"name\":\"Folha Popular\",\"description\":\"Onde voc\u00ea tem vez e voz\",\"potentialAction\":[{\"@type\":\"SearchAction\",\"target\":{\"@type\":\"EntryPoint\",\"urlTemplate\":\"https:\\\/\\\/folhapopular.info\\\/?s={search_term_string}\"},\"query-input\":{\"@type\":\"PropertyValueSpecification\",\"valueRequired\":true,\"valueName\":\"search_term_string\"}}],\"inLanguage\":\"pt-BR\"},{\"@type\":\"Person\",\"@id\":\"https:\\\/\\\/folhapopular.info\\\/#\\\/schema\\\/person\\\/2814e8a0df7643585a9ca38bc6eb9d4b\",\"name\":\"Reda\u00e7\u00e3o Folha Popular\",\"image\":{\"@type\":\"ImageObject\",\"inLanguage\":\"pt-BR\",\"@id\":\"https:\\\/\\\/folhapopular.info\\\/wp-content\\\/uploads\\\/2026\\\/04\\\/Folha-1.webp\",\"url\":\"https:\\\/\\\/folhapopular.info\\\/wp-content\\\/uploads\\\/2026\\\/04\\\/Folha-1.webp\",\"contentUrl\":\"https:\\\/\\\/folhapopular.info\\\/wp-content\\\/uploads\\\/2026\\\/04\\\/Folha-1.webp\",\"caption\":\"Reda\u00e7\u00e3o Folha Popular\"},\"url\":\"https:\\\/\\\/folhapopular.info\\\/index.php\\\/author\\\/redacao\\\/\"}]}<\/script>\n<!-- \/ Yoast SEO plugin. -->","yoast_head_json":{"title":"Apae Lajeado inicia o ano com nova gest\u00e3o - Folha Popular","description":"Adilson Johann \u00e9 o novo presidente da Apae Lajeado. Ele faz parte da diretoria volunt\u00e1ria desde o ano de 2006.","robots":{"index":"index","follow":"follow","max-snippet":"max-snippet:-1","max-image-preview":"max-image-preview:large","max-video-preview":"max-video-preview:-1"},"canonical":"https:\/\/folhapopular.info\/index.php\/2026\/02\/12\/apae-lajeado-inicia-o-ano-com-nova-gestao\/","og_locale":"pt_BR","og_type":"article","og_title":"Apae Lajeado inicia o ano com nova gest\u00e3o - Folha Popular","og_description":"Adilson Johann \u00e9 o novo presidente da Apae Lajeado. Ele faz parte da diretoria volunt\u00e1ria desde o ano de 2006.","og_url":"https:\/\/folhapopular.info\/index.php\/2026\/02\/12\/apae-lajeado-inicia-o-ano-com-nova-gestao\/","og_site_name":"Folha Popular","article_published_time":"2026-02-12T13:00:00+00:00","og_image":[{"width":2304,"height":1536,"url":"https:\/\/folhapopular.info\/wp-content\/uploads\/2026\/02\/reuniao-diretoria.jpg","type":"image\/jpeg"}],"author":"Reda\u00e7\u00e3o Folha Popular","twitter_card":"summary_large_image","twitter_misc":{"Escrito por":"Reda\u00e7\u00e3o Folha Popular","Est. tempo de leitura":"2 minutos"},"schema":{"@context":"https:\/\/schema.org","@graph":[{"@type":"Article","@id":"https:\/\/folhapopular.info\/index.php\/2026\/02\/12\/apae-lajeado-inicia-o-ano-com-nova-gestao\/#article","isPartOf":{"@id":"https:\/\/folhapopular.info\/index.php\/2026\/02\/12\/apae-lajeado-inicia-o-ano-com-nova-gestao\/"},"author":{"name":"Reda\u00e7\u00e3o Folha Popular","@id":"https:\/\/folhapopular.info\/#\/schema\/person\/2814e8a0df7643585a9ca38bc6eb9d4b"},"headline":"Apae Lajeado inicia o ano com nova gest\u00e3o","datePublished":"2026-02-12T13:00:00+00:00","mainEntityOfPage":{"@id":"https:\/\/folhapopular.info\/index.php\/2026\/02\/12\/apae-lajeado-inicia-o-ano-com-nova-gestao\/"},"wordCount":293,"commentCount":0,"image":{"@id":"https:\/\/folhapopular.info\/index.php\/2026\/02\/12\/apae-lajeado-inicia-o-ano-com-nova-gestao\/#primaryimage"},"thumbnailUrl":"https:\/\/folhapopular.info\/wp-content\/uploads\/2026\/02\/reuniao-diretoria.jpg","keywords":["Apae","apae lajeado","Diretoria","Lajeado"],"articleSection":["Destaques","Inclusive"],"inLanguage":"pt-BR","potentialAction":[{"@type":"CommentAction","name":"Comment","target":["https:\/\/folhapopular.info\/index.php\/2026\/02\/12\/apae-lajeado-inicia-o-ano-com-nova-gestao\/#respond"]}]},{"@type":"WebPage","@id":"https:\/\/folhapopular.info\/index.php\/2026\/02\/12\/apae-lajeado-inicia-o-ano-com-nova-gestao\/","url":"https:\/\/folhapopular.info\/index.php\/2026\/02\/12\/apae-lajeado-inicia-o-ano-com-nova-gestao\/","name":"Apae Lajeado inicia o ano com nova gest\u00e3o - Folha Popular","isPartOf":{"@id":"https:\/\/folhapopular.info\/#website"},"primaryImageOfPage":{"@id":"https:\/\/folhapopular.info\/index.php\/2026\/02\/12\/apae-lajeado-inicia-o-ano-com-nova-gestao\/#primaryimage"},"image":{"@id":"https:\/\/folhapopular.info\/index.php\/2026\/02\/12\/apae-lajeado-inicia-o-ano-com-nova-gestao\/#primaryimage"},"thumbnailUrl":"https:\/\/folhapopular.info\/wp-content\/uploads\/2026\/02\/reuniao-diretoria.jpg","datePublished":"2026-02-12T13:00:00+00:00","author":{"@id":"https:\/\/folhapopular.info\/#\/schema\/person\/2814e8a0df7643585a9ca38bc6eb9d4b"},"description":"Adilson Johann \u00e9 o novo presidente da Apae Lajeado. Ele faz parte da diretoria volunt\u00e1ria desde o ano de 2006.","breadcrumb":{"@id":"https:\/\/folhapopular.info\/index.php\/2026\/02\/12\/apae-lajeado-inicia-o-ano-com-nova-gestao\/#breadcrumb"},"inLanguage":"pt-BR","potentialAction":[{"@type":"ReadAction","target":["https:\/\/folhapopular.info\/index.php\/2026\/02\/12\/apae-lajeado-inicia-o-ano-com-nova-gestao\/"]}]},{"@type":"ImageObject","inLanguage":"pt-BR","@id":"https:\/\/folhapopular.info\/index.php\/2026\/02\/12\/apae-lajeado-inicia-o-ano-com-nova-gestao\/#primaryimage","url":"https:\/\/folhapopular.info\/wp-content\/uploads\/2026\/02\/reuniao-diretoria.jpg","contentUrl":"https:\/\/folhapopular.info\/wp-content\/uploads\/2026\/02\/reuniao-diretoria.jpg","width":2304,"height":1536,"caption":"Cr\u00e9dito: Renata Leal \/ Divulga\u00e7\u00e3o"},{"@type":"BreadcrumbList","@id":"https:\/\/folhapopular.info\/index.php\/2026\/02\/12\/apae-lajeado-inicia-o-ano-com-nova-gestao\/#breadcrumb","itemListElement":[{"@type":"ListItem","position":1,"name":"In\u00edcio","item":"https:\/\/folhapopular.info\/"},{"@type":"ListItem","position":2,"name":"Apae Lajeado inicia o ano com nova gest\u00e3o"}]},{"@type":"WebSite","@id":"https:\/\/folhapopular.info\/#website","url":"https:\/\/folhapopular.info\/","name":"Folha Popular","description":"Onde voc\u00ea tem vez e voz","potentialAction":[{"@type":"SearchAction","target":{"@type":"EntryPoint","urlTemplate":"https:\/\/folhapopular.info\/?s={search_term_string}"},"query-input":{"@type":"PropertyValueSpecification","valueRequired":true,"valueName":"search_term_string"}}],"inLanguage":"pt-BR"},{"@type":"Person","@id":"https:\/\/folhapopular.info\/#\/schema\/person\/2814e8a0df7643585a9ca38bc6eb9d4b","name":"Reda\u00e7\u00e3o Folha Popular","image":{"@type":"ImageObject","inLanguage":"pt-BR","@id":"https:\/\/folhapopular.info\/wp-content\/uploads\/2026\/04\/Folha-1.webp","url":"https:\/\/folhapopular.info\/wp-content\/uploads\/2026\/04\/Folha-1.webp","contentUrl":"https:\/\/folhapopular.info\/wp-content\/uploads\/2026\/04\/Folha-1.webp","caption":"Reda\u00e7\u00e3o Folha Popular"},"url":"https:\/\/folhapopular.info\/index.php\/author\/redacao\/"}]}},"jetpack_featured_media_url":"https:\/\/folhapopular.info\/wp-content\/uploads\/2026\/02\/reuniao-diretoria.jpg","jetpack_sharing_enabled":true,"amp_enabled":true,"_links":{"self":[{"href":"https:\/\/folhapopular.info\/index.php\/wp-json\/wp\/v2\/posts\/203704","targetHints":{"allow":["GET"]}}],"collection":[{"href":"https:\/\/folhapopular.info\/index.php\/wp-json\/wp\/v2\/posts"}],"about":[{"href":"https:\/\/folhapopular.info\/index.php\/wp-json\/wp\/v2\/types\/post"}],"author":[{"embeddable":true,"href":"https:\/\/folhapopular.info\/index.php\/wp-json\/wp\/v2\/users\/8"}],"replies":[{"embeddable":true,"href":"https:\/\/folhapopular.info\/index.php\/wp-json\/wp\/v2\/comments?post=203704"}],"version-history":[{"count":0,"href":"https:\/\/folhapopular.info\/index.php\/wp-json\/wp\/v2\/posts\/203704\/revisions"}],"wp:featuredmedia":[{"embeddable":true,"href":"https:\/\/folhapopular.info\/index.php\/wp-json\/wp\/v2\/media\/203706"}],"wp:attachment":[{"href":"https:\/\/folhapopular.info\/index.php\/wp-json\/wp\/v2\/media?parent=203704"}],"wp:term":[{"taxonomy":"category","embeddable":true,"href":"https:\/\/folhapopular.info\/index.php\/wp-json\/wp\/v2\/categories?post=203704"},{"taxonomy":"post_tag","embeddable":true,"href":"https:\/\/folhapopular.info\/index.php\/wp-json\/wp\/v2\/tags?post=203704"}],"curies":[{"name":"wp","href":"https:\/\/api.w.org\/{rel}","templated":true}]}}