{"id":204164,"date":"2026-02-18T16:50:11","date_gmt":"2026-02-18T19:50:11","guid":{"rendered":"https:\/\/folhapopular.info\/?p=204164"},"modified":"2026-02-18T16:54:49","modified_gmt":"2026-02-18T19:54:49","slug":"languiru-retoma-exportacoes-para-a-china","status":"publish","type":"post","link":"https:\/\/folhapopular.info\/index.php\/2026\/02\/18\/languiru-retoma-exportacoes-para-a-china\/","title":{"rendered":"Languiru retoma exporta\u00e7\u00f5es para a China"},"content":{"rendered":"\n<p>A Languiru anunciou a retomada das exporta\u00e7\u00f5es para a China. A cooperativa embarcou na ter\u00e7a-feira (17\/2) o primeiro container ao pa\u00eds asi\u00e1tico ap\u00f3s um ano e meio de embargo \u00e0 produ\u00e7\u00e3o ga\u00facha. As restri\u00e7\u00f5es foram impostas devido a um surto da Doen\u00e7a de Newcastle registrado no estado em julho de 2024.<\/p>\n\n\n\n<p>Ao todo, a Languiru enviou 25 toneladas de p\u00e9s de frango para a China. Em nota, a cooperativa afirma que a retomada \u00e9 resultado de muito trabalho, dedica\u00e7\u00e3o e coopera\u00e7\u00e3o. \u201cAtravessa fronteiras e leva a nossa ess\u00eancia ainda mais longe\u201d, diz a nota.<\/p>\n\n\n\n<p>O embargo \u00e0s aves produzidas no Estado havia sido imposto ap\u00f3s a detec\u00e7\u00e3o da doen\u00e7a em uma granja comercial no munic\u00edpio de Anta Gorda (RS). Na \u00e9poca, o estado ficou em emerg\u00eancia zoosanit\u00e1ria por cerca de tr\u00eas semanas.<\/p>\n\n\n\n<p>Em maio do ano passado, o estado registrou um caso de gripe avi\u00e1ria em uma granja no munic\u00edpio de Montenegro. Um m\u00eas depois, o pa\u00eds foi confirmado livre da gripe avi\u00e1ria, ap\u00f3s 28 dias sem registros. Em novembro de 2025, a China liberou as importa\u00e7\u00f5es de frango dos demais estados brasileiros, mas manteve a proibi\u00e7\u00e3o para o Rio Grande do Sul.<\/p>\n\n\n\n<h2 class=\"wp-block-heading\"><strong>Fim do embargo<\/strong><\/h2>\n\n\n\n<p>O fim das restri\u00e7\u00f5es foi comunicada pelas autoridades chinesas no dia 16 de janeiro e confirmadas no dia 20 de janeiro pelo Minist\u00e9rio da Agricultura brasileiro e por entidades do setor. De acordo com a Associa\u00e7\u00e3o Brasileira de Prote\u00edna Animal (ABPA), a reabertura \u00e9 resultado de um trabalho incans\u00e1vel de articula\u00e7\u00e3o t\u00e9cnica e diplom\u00e1tica.<\/p>\n\n\n\n<p>Conforme a ABPA, o processo envolveu di\u00e1logo permanente com as autoridades chinesas, envio de informa\u00e7\u00f5es detalhadas, comprova\u00e7\u00e3o das a\u00e7\u00f5es de controle e erradica\u00e7\u00e3o, e alinhamento aos protocolos internacionais de sa\u00fade animal. A associa\u00e7\u00e3o afirma que a China \u00e9 um dos principais destinos da carne de frango do Brasil, com papel estrat\u00e9gico para o equil\u00edbrio do com\u00e9rcio internacional do setor.<\/p>\n\n\n\n<p>\u201cA retomada do fluxo espec\u00edfico do Rio Grande do Sul refor\u00e7a a confian\u00e7a das autoridades chinesas no rigor t\u00e9cnico, na transpar\u00eancia e na capacidade de resposta do Brasil diante de eventos sanit\u00e1rios\u201d, diz a entidade em comunicado oficial. Para a ABPA, com a reabertura, \u00e9 conclu\u00eddo mais um passo relevante no processo de normaliza\u00e7\u00e3o plena dos fluxos comerciais, refor\u00e7ando a posi\u00e7\u00e3o do Brasil como fornecedor confi\u00e1vel e previs\u00edvel de prote\u00edna animal no mercado global.<\/p>\n\n\n\n<h2 class=\"wp-block-heading\"><strong>Impacto econ\u00f4mico<\/strong><\/h2>\n\n\n\n<p>A aus\u00eancia do mercado chin\u00eas afetou diretamente o desempenho das exporta\u00e7\u00f5es ga\u00fachas. Em 2024, o bloqueio contribuiu para a queda de cerca de 1% nas exporta\u00e7\u00f5es de carne de frango do estado. At\u00e9 antes do embargo, a China respondia por quase 6% dos embarques de frango do Rio Grande do Sul, com a restri\u00e7\u00e3o sendo parcialmente compensada pela venda a outros pa\u00edses.<\/p>\n","protected":false},"excerpt":{"rendered":"<p>A Languiru anunciou a retomada das exporta\u00e7\u00f5es para a China. A cooperativa embarcou na ter\u00e7a-feira (17\/2) o primeiro container ao pa\u00eds asi\u00e1tico ap\u00f3s um ano e meio de embargo \u00e0 produ\u00e7\u00e3o ga\u00facha. As restri\u00e7\u00f5es foram impostas devido a um surto da Doen\u00e7a de Newcastle registrado no estado em julho de 2024. Ao todo, a Languiru [&hellip;]<\/p>\n","protected":false},"author":771,"featured_media":204168,"comment_status":"open","ping_status":"open","sticky":false,"template":"","format":"standard","meta":{"pmpro_default_level":"","_jetpack_memberships_contains_paid_content":false,"footnotes":""},"categories":[10992,2,10991],"tags":[5379,313,9196,406],"class_list":{"0":"post-204164","1":"post","2":"type-post","3":"status-publish","4":"format-standard","5":"has-post-thumbnail","7":"category-coopop","8":"category-featured","9":"category-economia","10":"tag-china","11":"tag-cooperativa-languiru","12":"tag-exportacao","13":"tag-languiru","14":"pmpro-has-access"},"yoast_head":"<!-- This site is optimized with the Yoast SEO plugin v27.5 - https:\/\/yoast.com\/product\/yoast-seo-wordpress\/ -->\n<title>Languiru retoma exporta\u00e7\u00f5es para a China - Folha Popular<\/title>\n<meta name=\"description\" content=\"Cooperativa Languiru enviou na ter\u00e7a-feira (17\/2) o primeiro container ao pa\u00eds asi\u00e1tico ap\u00f3s o fim do embargo \u00e0 produ\u00e7\u00e3o ga\u00facha\" \/>\n<meta name=\"robots\" content=\"index, follow, max-snippet:-1, max-image-preview:large, max-video-preview:-1\" \/>\n<link rel=\"canonical\" href=\"https:\/\/folhapopular.info\/index.php\/2026\/02\/18\/languiru-retoma-exportacoes-para-a-china\/\" \/>\n<meta property=\"og:locale\" content=\"pt_BR\" \/>\n<meta property=\"og:type\" content=\"article\" \/>\n<meta property=\"og:title\" content=\"Languiru retoma exporta\u00e7\u00f5es para a China - Folha Popular\" \/>\n<meta property=\"og:description\" content=\"Cooperativa Languiru enviou na ter\u00e7a-feira (17\/2) o primeiro container ao pa\u00eds asi\u00e1tico ap\u00f3s o fim do embargo \u00e0 produ\u00e7\u00e3o ga\u00facha\" \/>\n<meta property=\"og:url\" content=\"https:\/\/folhapopular.info\/index.php\/2026\/02\/18\/languiru-retoma-exportacoes-para-a-china\/\" \/>\n<meta property=\"og:site_name\" content=\"Folha Popular\" \/>\n<meta property=\"article:published_time\" content=\"2026-02-18T19:50:11+00:00\" \/>\n<meta property=\"article:modified_time\" content=\"2026-02-18T19:54:49+00:00\" \/>\n<meta property=\"og:image\" content=\"http:\/\/folhapopular.info\/wp-content\/uploads\/2026\/02\/WhatsApp-Image-2026-02-18-at-16.53.20.jpeg\" \/>\n\t<meta property=\"og:image:width\" content=\"1200\" \/>\n\t<meta property=\"og:image:height\" content=\"1600\" \/>\n\t<meta property=\"og:image:type\" content=\"image\/jpeg\" \/>\n<meta name=\"author\" content=\"Thiago Maurique\" \/>\n<meta name=\"twitter:card\" content=\"summary_large_image\" \/>\n<meta name=\"twitter:label1\" content=\"Escrito por\" \/>\n\t<meta name=\"twitter:data1\" content=\"Thiago Maurique\" \/>\n\t<meta name=\"twitter:label2\" content=\"Est. tempo de leitura\" \/>\n\t<meta name=\"twitter:data2\" content=\"3 minutos\" \/>\n<script type=\"application\/ld+json\" class=\"yoast-schema-graph\">{\"@context\":\"https:\\\/\\\/schema.org\",\"@graph\":[{\"@type\":\"Article\",\"@id\":\"https:\\\/\\\/folhapopular.info\\\/index.php\\\/2026\\\/02\\\/18\\\/languiru-retoma-exportacoes-para-a-china\\\/#article\",\"isPartOf\":{\"@id\":\"https:\\\/\\\/folhapopular.info\\\/index.php\\\/2026\\\/02\\\/18\\\/languiru-retoma-exportacoes-para-a-china\\\/\"},\"author\":{\"name\":\"Thiago Maurique\",\"@id\":\"https:\\\/\\\/folhapopular.info\\\/#\\\/schema\\\/person\\\/da0b2794f793376cb5dd908e88ca6911\"},\"headline\":\"Languiru retoma exporta\u00e7\u00f5es para a China\",\"datePublished\":\"2026-02-18T19:50:11+00:00\",\"dateModified\":\"2026-02-18T19:54:49+00:00\",\"mainEntityOfPage\":{\"@id\":\"https:\\\/\\\/folhapopular.info\\\/index.php\\\/2026\\\/02\\\/18\\\/languiru-retoma-exportacoes-para-a-china\\\/\"},\"wordCount\":506,\"commentCount\":0,\"image\":{\"@id\":\"https:\\\/\\\/folhapopular.info\\\/index.php\\\/2026\\\/02\\\/18\\\/languiru-retoma-exportacoes-para-a-china\\\/#primaryimage\"},\"thumbnailUrl\":\"https:\\\/\\\/folhapopular.info\\\/wp-content\\\/uploads\\\/2026\\\/02\\\/WhatsApp-Image-2026-02-18-at-16.53.20.jpeg\",\"keywords\":[\"China\",\"Cooperativa Languiru\",\"Exporta\u00e7\u00e3o\",\"Languiru\"],\"articleSection\":[\"Coopop\",\"Destaques\",\"Economia\"],\"inLanguage\":\"pt-BR\",\"potentialAction\":[{\"@type\":\"CommentAction\",\"name\":\"Comment\",\"target\":[\"https:\\\/\\\/folhapopular.info\\\/index.php\\\/2026\\\/02\\\/18\\\/languiru-retoma-exportacoes-para-a-china\\\/#respond\"]}]},{\"@type\":\"WebPage\",\"@id\":\"https:\\\/\\\/folhapopular.info\\\/index.php\\\/2026\\\/02\\\/18\\\/languiru-retoma-exportacoes-para-a-china\\\/\",\"url\":\"https:\\\/\\\/folhapopular.info\\\/index.php\\\/2026\\\/02\\\/18\\\/languiru-retoma-exportacoes-para-a-china\\\/\",\"name\":\"Languiru retoma exporta\u00e7\u00f5es para a China - Folha Popular\",\"isPartOf\":{\"@id\":\"https:\\\/\\\/folhapopular.info\\\/#website\"},\"primaryImageOfPage\":{\"@id\":\"https:\\\/\\\/folhapopular.info\\\/index.php\\\/2026\\\/02\\\/18\\\/languiru-retoma-exportacoes-para-a-china\\\/#primaryimage\"},\"image\":{\"@id\":\"https:\\\/\\\/folhapopular.info\\\/index.php\\\/2026\\\/02\\\/18\\\/languiru-retoma-exportacoes-para-a-china\\\/#primaryimage\"},\"thumbnailUrl\":\"https:\\\/\\\/folhapopular.info\\\/wp-content\\\/uploads\\\/2026\\\/02\\\/WhatsApp-Image-2026-02-18-at-16.53.20.jpeg\",\"datePublished\":\"2026-02-18T19:50:11+00:00\",\"dateModified\":\"2026-02-18T19:54:49+00:00\",\"author\":{\"@id\":\"https:\\\/\\\/folhapopular.info\\\/#\\\/schema\\\/person\\\/da0b2794f793376cb5dd908e88ca6911\"},\"description\":\"Cooperativa Languiru enviou na ter\u00e7a-feira (17\\\/2) o primeiro container ao pa\u00eds asi\u00e1tico ap\u00f3s o fim do embargo \u00e0 produ\u00e7\u00e3o ga\u00facha\",\"breadcrumb\":{\"@id\":\"https:\\\/\\\/folhapopular.info\\\/index.php\\\/2026\\\/02\\\/18\\\/languiru-retoma-exportacoes-para-a-china\\\/#breadcrumb\"},\"inLanguage\":\"pt-BR\",\"potentialAction\":[{\"@type\":\"ReadAction\",\"target\":[\"https:\\\/\\\/folhapopular.info\\\/index.php\\\/2026\\\/02\\\/18\\\/languiru-retoma-exportacoes-para-a-china\\\/\"]}]},{\"@type\":\"ImageObject\",\"inLanguage\":\"pt-BR\",\"@id\":\"https:\\\/\\\/folhapopular.info\\\/index.php\\\/2026\\\/02\\\/18\\\/languiru-retoma-exportacoes-para-a-china\\\/#primaryimage\",\"url\":\"https:\\\/\\\/folhapopular.info\\\/wp-content\\\/uploads\\\/2026\\\/02\\\/WhatsApp-Image-2026-02-18-at-16.53.20.jpeg\",\"contentUrl\":\"https:\\\/\\\/folhapopular.info\\\/wp-content\\\/uploads\\\/2026\\\/02\\\/WhatsApp-Image-2026-02-18-at-16.53.20.jpeg\",\"width\":1200,\"height\":1600,\"caption\":\"Cr\u00e9dito: Divulga\u00e7\u00e3o\"},{\"@type\":\"BreadcrumbList\",\"@id\":\"https:\\\/\\\/folhapopular.info\\\/index.php\\\/2026\\\/02\\\/18\\\/languiru-retoma-exportacoes-para-a-china\\\/#breadcrumb\",\"itemListElement\":[{\"@type\":\"ListItem\",\"position\":1,\"name\":\"In\u00edcio\",\"item\":\"https:\\\/\\\/folhapopular.info\\\/\"},{\"@type\":\"ListItem\",\"position\":2,\"name\":\"Languiru retoma exporta\u00e7\u00f5es para a China\"}]},{\"@type\":\"WebSite\",\"@id\":\"https:\\\/\\\/folhapopular.info\\\/#website\",\"url\":\"https:\\\/\\\/folhapopular.info\\\/\",\"name\":\"Folha Popular\",\"description\":\"Onde voc\u00ea tem vez e voz\",\"potentialAction\":[{\"@type\":\"SearchAction\",\"target\":{\"@type\":\"EntryPoint\",\"urlTemplate\":\"https:\\\/\\\/folhapopular.info\\\/?s={search_term_string}\"},\"query-input\":{\"@type\":\"PropertyValueSpecification\",\"valueRequired\":true,\"valueName\":\"search_term_string\"}}],\"inLanguage\":\"pt-BR\"},{\"@type\":\"Person\",\"@id\":\"https:\\\/\\\/folhapopular.info\\\/#\\\/schema\\\/person\\\/da0b2794f793376cb5dd908e88ca6911\",\"name\":\"Thiago Maurique\",\"image\":{\"@type\":\"ImageObject\",\"inLanguage\":\"pt-BR\",\"@id\":\"https:\\\/\\\/folhapopular.info\\\/wp-content\\\/uploads\\\/2026\\\/04\\\/THIAGO-MAURIQUE-1-1.webp\",\"url\":\"https:\\\/\\\/folhapopular.info\\\/wp-content\\\/uploads\\\/2026\\\/04\\\/THIAGO-MAURIQUE-1-1.webp\",\"contentUrl\":\"https:\\\/\\\/folhapopular.info\\\/wp-content\\\/uploads\\\/2026\\\/04\\\/THIAGO-MAURIQUE-1-1.webp\",\"caption\":\"Thiago Maurique\"},\"url\":\"https:\\\/\\\/folhapopular.info\\\/index.php\\\/author\\\/thiago-maurique\\\/\"}]}<\/script>\n<!-- \/ Yoast SEO plugin. -->","yoast_head_json":{"title":"Languiru retoma exporta\u00e7\u00f5es para a China - Folha Popular","description":"Cooperativa Languiru enviou na ter\u00e7a-feira (17\/2) o primeiro container ao pa\u00eds asi\u00e1tico ap\u00f3s o fim do embargo \u00e0 produ\u00e7\u00e3o ga\u00facha","robots":{"index":"index","follow":"follow","max-snippet":"max-snippet:-1","max-image-preview":"max-image-preview:large","max-video-preview":"max-video-preview:-1"},"canonical":"https:\/\/folhapopular.info\/index.php\/2026\/02\/18\/languiru-retoma-exportacoes-para-a-china\/","og_locale":"pt_BR","og_type":"article","og_title":"Languiru retoma exporta\u00e7\u00f5es para a China - Folha Popular","og_description":"Cooperativa Languiru enviou na ter\u00e7a-feira (17\/2) o primeiro container ao pa\u00eds asi\u00e1tico ap\u00f3s o fim do embargo \u00e0 produ\u00e7\u00e3o ga\u00facha","og_url":"https:\/\/folhapopular.info\/index.php\/2026\/02\/18\/languiru-retoma-exportacoes-para-a-china\/","og_site_name":"Folha Popular","article_published_time":"2026-02-18T19:50:11+00:00","article_modified_time":"2026-02-18T19:54:49+00:00","og_image":[{"width":1200,"height":1600,"url":"http:\/\/folhapopular.info\/wp-content\/uploads\/2026\/02\/WhatsApp-Image-2026-02-18-at-16.53.20.jpeg","type":"image\/jpeg"}],"author":"Thiago Maurique","twitter_card":"summary_large_image","twitter_misc":{"Escrito por":"Thiago Maurique","Est. tempo de leitura":"3 minutos"},"schema":{"@context":"https:\/\/schema.org","@graph":[{"@type":"Article","@id":"https:\/\/folhapopular.info\/index.php\/2026\/02\/18\/languiru-retoma-exportacoes-para-a-china\/#article","isPartOf":{"@id":"https:\/\/folhapopular.info\/index.php\/2026\/02\/18\/languiru-retoma-exportacoes-para-a-china\/"},"author":{"name":"Thiago Maurique","@id":"https:\/\/folhapopular.info\/#\/schema\/person\/da0b2794f793376cb5dd908e88ca6911"},"headline":"Languiru retoma exporta\u00e7\u00f5es para a China","datePublished":"2026-02-18T19:50:11+00:00","dateModified":"2026-02-18T19:54:49+00:00","mainEntityOfPage":{"@id":"https:\/\/folhapopular.info\/index.php\/2026\/02\/18\/languiru-retoma-exportacoes-para-a-china\/"},"wordCount":506,"commentCount":0,"image":{"@id":"https:\/\/folhapopular.info\/index.php\/2026\/02\/18\/languiru-retoma-exportacoes-para-a-china\/#primaryimage"},"thumbnailUrl":"https:\/\/folhapopular.info\/wp-content\/uploads\/2026\/02\/WhatsApp-Image-2026-02-18-at-16.53.20.jpeg","keywords":["China","Cooperativa Languiru","Exporta\u00e7\u00e3o","Languiru"],"articleSection":["Coopop","Destaques","Economia"],"inLanguage":"pt-BR","potentialAction":[{"@type":"CommentAction","name":"Comment","target":["https:\/\/folhapopular.info\/index.php\/2026\/02\/18\/languiru-retoma-exportacoes-para-a-china\/#respond"]}]},{"@type":"WebPage","@id":"https:\/\/folhapopular.info\/index.php\/2026\/02\/18\/languiru-retoma-exportacoes-para-a-china\/","url":"https:\/\/folhapopular.info\/index.php\/2026\/02\/18\/languiru-retoma-exportacoes-para-a-china\/","name":"Languiru retoma exporta\u00e7\u00f5es para a China - Folha Popular","isPartOf":{"@id":"https:\/\/folhapopular.info\/#website"},"primaryImageOfPage":{"@id":"https:\/\/folhapopular.info\/index.php\/2026\/02\/18\/languiru-retoma-exportacoes-para-a-china\/#primaryimage"},"image":{"@id":"https:\/\/folhapopular.info\/index.php\/2026\/02\/18\/languiru-retoma-exportacoes-para-a-china\/#primaryimage"},"thumbnailUrl":"https:\/\/folhapopular.info\/wp-content\/uploads\/2026\/02\/WhatsApp-Image-2026-02-18-at-16.53.20.jpeg","datePublished":"2026-02-18T19:50:11+00:00","dateModified":"2026-02-18T19:54:49+00:00","author":{"@id":"https:\/\/folhapopular.info\/#\/schema\/person\/da0b2794f793376cb5dd908e88ca6911"},"description":"Cooperativa Languiru enviou na ter\u00e7a-feira (17\/2) o primeiro container ao pa\u00eds asi\u00e1tico ap\u00f3s o fim do embargo \u00e0 produ\u00e7\u00e3o ga\u00facha","breadcrumb":{"@id":"https:\/\/folhapopular.info\/index.php\/2026\/02\/18\/languiru-retoma-exportacoes-para-a-china\/#breadcrumb"},"inLanguage":"pt-BR","potentialAction":[{"@type":"ReadAction","target":["https:\/\/folhapopular.info\/index.php\/2026\/02\/18\/languiru-retoma-exportacoes-para-a-china\/"]}]},{"@type":"ImageObject","inLanguage":"pt-BR","@id":"https:\/\/folhapopular.info\/index.php\/2026\/02\/18\/languiru-retoma-exportacoes-para-a-china\/#primaryimage","url":"https:\/\/folhapopular.info\/wp-content\/uploads\/2026\/02\/WhatsApp-Image-2026-02-18-at-16.53.20.jpeg","contentUrl":"https:\/\/folhapopular.info\/wp-content\/uploads\/2026\/02\/WhatsApp-Image-2026-02-18-at-16.53.20.jpeg","width":1200,"height":1600,"caption":"Cr\u00e9dito: Divulga\u00e7\u00e3o"},{"@type":"BreadcrumbList","@id":"https:\/\/folhapopular.info\/index.php\/2026\/02\/18\/languiru-retoma-exportacoes-para-a-china\/#breadcrumb","itemListElement":[{"@type":"ListItem","position":1,"name":"In\u00edcio","item":"https:\/\/folhapopular.info\/"},{"@type":"ListItem","position":2,"name":"Languiru retoma exporta\u00e7\u00f5es para a China"}]},{"@type":"WebSite","@id":"https:\/\/folhapopular.info\/#website","url":"https:\/\/folhapopular.info\/","name":"Folha Popular","description":"Onde voc\u00ea tem vez e voz","potentialAction":[{"@type":"SearchAction","target":{"@type":"EntryPoint","urlTemplate":"https:\/\/folhapopular.info\/?s={search_term_string}"},"query-input":{"@type":"PropertyValueSpecification","valueRequired":true,"valueName":"search_term_string"}}],"inLanguage":"pt-BR"},{"@type":"Person","@id":"https:\/\/folhapopular.info\/#\/schema\/person\/da0b2794f793376cb5dd908e88ca6911","name":"Thiago Maurique","image":{"@type":"ImageObject","inLanguage":"pt-BR","@id":"https:\/\/folhapopular.info\/wp-content\/uploads\/2026\/04\/THIAGO-MAURIQUE-1-1.webp","url":"https:\/\/folhapopular.info\/wp-content\/uploads\/2026\/04\/THIAGO-MAURIQUE-1-1.webp","contentUrl":"https:\/\/folhapopular.info\/wp-content\/uploads\/2026\/04\/THIAGO-MAURIQUE-1-1.webp","caption":"Thiago Maurique"},"url":"https:\/\/folhapopular.info\/index.php\/author\/thiago-maurique\/"}]}},"jetpack_featured_media_url":"https:\/\/folhapopular.info\/wp-content\/uploads\/2026\/02\/WhatsApp-Image-2026-02-18-at-16.53.20.jpeg","jetpack_sharing_enabled":true,"amp_enabled":true,"_links":{"self":[{"href":"https:\/\/folhapopular.info\/index.php\/wp-json\/wp\/v2\/posts\/204164","targetHints":{"allow":["GET"]}}],"collection":[{"href":"https:\/\/folhapopular.info\/index.php\/wp-json\/wp\/v2\/posts"}],"about":[{"href":"https:\/\/folhapopular.info\/index.php\/wp-json\/wp\/v2\/types\/post"}],"author":[{"embeddable":true,"href":"https:\/\/folhapopular.info\/index.php\/wp-json\/wp\/v2\/users\/771"}],"replies":[{"embeddable":true,"href":"https:\/\/folhapopular.info\/index.php\/wp-json\/wp\/v2\/comments?post=204164"}],"version-history":[{"count":0,"href":"https:\/\/folhapopular.info\/index.php\/wp-json\/wp\/v2\/posts\/204164\/revisions"}],"wp:featuredmedia":[{"embeddable":true,"href":"https:\/\/folhapopular.info\/index.php\/wp-json\/wp\/v2\/media\/204168"}],"wp:attachment":[{"href":"https:\/\/folhapopular.info\/index.php\/wp-json\/wp\/v2\/media?parent=204164"}],"wp:term":[{"taxonomy":"category","embeddable":true,"href":"https:\/\/folhapopular.info\/index.php\/wp-json\/wp\/v2\/categories?post=204164"},{"taxonomy":"post_tag","embeddable":true,"href":"https:\/\/folhapopular.info\/index.php\/wp-json\/wp\/v2\/tags?post=204164"}],"curies":[{"name":"wp","href":"https:\/\/api.w.org\/{rel}","templated":true}]}}