{"id":204935,"date":"2026-03-02T22:27:41","date_gmt":"2026-03-03T01:27:41","guid":{"rendered":"https:\/\/folhapopular.info\/?p=204935"},"modified":"2026-03-03T10:47:05","modified_gmt":"2026-03-03T13:47:05","slug":"trf-4-revoga-prisao-temporaria-de-marcelo-caumo-e-lorena-mercalli","status":"publish","type":"post","link":"https:\/\/folhapopular.info\/index.php\/2026\/03\/02\/trf-4-revoga-prisao-temporaria-de-marcelo-caumo-e-lorena-mercalli\/","title":{"rendered":"TRF-4 revoga pris\u00e3o tempor\u00e1ria de Marcelo Caumo e Lorena Mercalli"},"content":{"rendered":"\n<p>O desembargador Loraci Flores de Lima, do Tribunal Regional Federal da 4\u00aa Regi\u00e3o (TRF-4), revogou no in\u00edcio da noite desta segunda-feira (2\/3) a pris\u00e3o tempor\u00e1ria do ex-prefeito de Lajeado Marcelo Caumo. Ele foi solto por volta das 21h. A decis\u00e3o tamb\u00e9m se estende \u00e0 empres\u00e1ria Lorena Mercalli, propriet\u00e1ria das empresas Arki Servi\u00e7os e Plati Servi\u00e7os.<\/p>\n\n\n\n<p>A revoga\u00e7\u00e3o ocorreu ap\u00f3s os depoimentos prestados na tarde desta segunda-feira. O delegado da Pol\u00edcia Federal Marconi Silva solicitou a soltura de ambos, pedido que foi acolhido pelo desembargador. Tamb\u00e9m foi determinada a proibi\u00e7\u00e3o de contato entre os investigados.<\/p>\n\n\n\n<p>Caumo e Lorena haviam sido presos durante a segunda fase da Opera\u00e7\u00e3o Lama\u00e7al. A investiga\u00e7\u00e3o apura supostos desvios em repasses federais destinados a a\u00e7\u00f5es de assist\u00eancia ap\u00f3s as enchentes de maio de 2024, com recursos do Fundo Nacional de Assist\u00eancia Social (Fnas).<\/p>\n\n\n\n<p>Al\u00e9m do contrato com a empresa Plati, a Pol\u00edcia Federal investiga outros dois contratos com suspeita de direcionamento e sobrepre\u00e7o envolvendo a Arki Servi\u00e7os. Segundo a PF, Lorena figura como s\u00f3cia nas empresas investigadas.<\/p>\n\n\n\n<p>As solturas n\u00e3o significam reconhecimento de inoc\u00eancia, assim como a pris\u00e3o tempor\u00e1ria n\u00e3o determinava culpa. O inqu\u00e9rito segue em andamento com a an\u00e1lise dos novos depoimentos e demais dilig\u00eancias.<\/p>\n\n\n\n<p><strong>Leia mais<\/strong><\/p>\n\n\n\n<figure class=\"wp-block-embed is-type-wp-embed is-provider-folha-popular wp-block-embed-folha-popular\"><div class=\"wp-block-embed__wrapper\">\n<blockquote class=\"wp-embedded-content\" data-secret=\"jJGjsROB6u\"><a href=\"https:\/\/folhapopular.info\/index.php\/2026\/02\/26\/ex-prefeito-de-lajeado-marcelo-caumo-e-preso-de-forma-temporaria-pela-pf\/\">Ex-prefeito de Lajeado, Marcelo Caumo \u00e9 preso de forma tempor\u00e1ria pela PF<\/a><\/blockquote><iframe loading=\"lazy\" class=\"wp-embedded-content\" sandbox=\"allow-scripts\" security=\"restricted\" style=\"position: absolute; visibility: hidden;\" title=\"&#8220;Ex-prefeito de Lajeado, Marcelo Caumo \u00e9 preso de forma tempor\u00e1ria pela PF&#8221; &#8212; Folha Popular\" src=\"https:\/\/folhapopular.info\/index.php\/2026\/02\/26\/ex-prefeito-de-lajeado-marcelo-caumo-e-preso-de-forma-temporaria-pela-pf\/embed\/#?secret=Ne1zTECboZ#?secret=jJGjsROB6u\" data-secret=\"jJGjsROB6u\" width=\"600\" height=\"338\" frameborder=\"0\" marginwidth=\"0\" marginheight=\"0\" scrolling=\"no\"><\/iframe>\n<\/div><\/figure>\n\n\n\n<figure class=\"wp-block-embed is-type-wp-embed is-provider-folha-popular wp-block-embed-folha-popular\"><div class=\"wp-block-embed__wrapper\">\n<blockquote class=\"wp-embedded-content\" data-secret=\"1cVfoZcC9K\"><a href=\"https:\/\/folhapopular.info\/index.php\/2026\/02\/26\/pf-pede-bloqueio-de-r-5-milhoes-e-marcelo-caumo-e-transferido-para-presidio-em-canoas\/\">PF pede bloqueio de R$ 5 milh\u00f5es e Marcelo Caumo \u00e9 transferido para pres\u00eddio em Canoas<\/a><\/blockquote><iframe loading=\"lazy\" class=\"wp-embedded-content\" sandbox=\"allow-scripts\" security=\"restricted\" style=\"position: absolute; visibility: hidden;\" title=\"&#8220;PF pede bloqueio de R$ 5 milh\u00f5es e Marcelo Caumo \u00e9 transferido para pres\u00eddio em Canoas&#8221; &#8212; Folha Popular\" src=\"https:\/\/folhapopular.info\/index.php\/2026\/02\/26\/pf-pede-bloqueio-de-r-5-milhoes-e-marcelo-caumo-e-transferido-para-presidio-em-canoas\/embed\/#?secret=ZadrNT5Xoj#?secret=1cVfoZcC9K\" data-secret=\"1cVfoZcC9K\" width=\"600\" height=\"338\" frameborder=\"0\" marginwidth=\"0\" marginheight=\"0\" scrolling=\"no\"><\/iframe>\n<\/div><\/figure>\n","protected":false},"excerpt":{"rendered":"<p>O desembargador Loraci Flores de Lima, do Tribunal Regional Federal da 4\u00aa Regi\u00e3o (TRF-4), revogou no in\u00edcio da noite desta segunda-feira (2\/3) a pris\u00e3o tempor\u00e1ria do ex-prefeito de Lajeado Marcelo Caumo. Ele foi solto por volta das 21h. A decis\u00e3o tamb\u00e9m se estende \u00e0 empres\u00e1ria Lorena Mercalli, propriet\u00e1ria das empresas Arki Servi\u00e7os e Plati Servi\u00e7os. [&hellip;]<\/p>\n","protected":false},"author":8,"featured_media":185117,"comment_status":"open","ping_status":"open","sticky":false,"template":"","format":"standard","meta":{"pmpro_default_level":"","_jetpack_memberships_contains_paid_content":false,"footnotes":""},"categories":[10982,7],"tags":[27,558,107],"class_list":{"0":"post-204935","1":"post","2":"type-post","3":"status-publish","4":"format-standard","5":"has-post-thumbnail","7":"category-policia","8":"category-seguranca","9":"tag-lajeado","10":"tag-marcelo-caumo","11":"tag-prisao","12":"pmpro-has-access"},"yoast_head":"<!-- This site is optimized with the Yoast SEO plugin v27.4 - https:\/\/yoast.com\/product\/yoast-seo-wordpress\/ -->\n<title>TRF-4 revoga pris\u00e3o tempor\u00e1ria de Marcelo Caumo e Lorena Mercalli - Folha Popular<\/title>\n<meta name=\"description\" content=\"Caumo e Lorena haviam sido presos durante a segunda fase da Opera\u00e7\u00e3o Lama\u00e7al. A investiga\u00e7\u00e3o apura supostos desvios em repasses federais.\" \/>\n<meta name=\"robots\" content=\"index, follow, max-snippet:-1, max-image-preview:large, max-video-preview:-1\" \/>\n<link rel=\"canonical\" href=\"https:\/\/folhapopular.info\/index.php\/2026\/03\/02\/trf-4-revoga-prisao-temporaria-de-marcelo-caumo-e-lorena-mercalli\/\" \/>\n<meta property=\"og:locale\" content=\"pt_BR\" \/>\n<meta property=\"og:type\" content=\"article\" \/>\n<meta property=\"og:title\" content=\"TRF-4 revoga pris\u00e3o tempor\u00e1ria de Marcelo Caumo e Lorena Mercalli - Folha Popular\" \/>\n<meta property=\"og:description\" content=\"Caumo e Lorena haviam sido presos durante a segunda fase da Opera\u00e7\u00e3o Lama\u00e7al. A investiga\u00e7\u00e3o apura supostos desvios em repasses federais.\" \/>\n<meta property=\"og:url\" content=\"https:\/\/folhapopular.info\/index.php\/2026\/03\/02\/trf-4-revoga-prisao-temporaria-de-marcelo-caumo-e-lorena-mercalli\/\" \/>\n<meta property=\"og:site_name\" content=\"Folha Popular\" \/>\n<meta property=\"article:published_time\" content=\"2026-03-03T01:27:41+00:00\" \/>\n<meta property=\"article:modified_time\" content=\"2026-03-03T13:47:05+00:00\" \/>\n<meta property=\"og:image\" content=\"http:\/\/folhapopular.info\/wp-content\/uploads\/2025\/04\/WhatsApp-Image-2025-04-23-at-09.54.33-1-1-scaled.jpeg\" \/>\n\t<meta property=\"og:image:width\" content=\"2560\" \/>\n\t<meta property=\"og:image:height\" content=\"1920\" \/>\n\t<meta property=\"og:image:type\" content=\"image\/jpeg\" \/>\n<meta name=\"author\" content=\"Reda\u00e7\u00e3o Folha Popular\" \/>\n<meta name=\"twitter:card\" content=\"summary_large_image\" \/>\n<meta name=\"twitter:label1\" content=\"Escrito por\" \/>\n\t<meta name=\"twitter:data1\" content=\"Reda\u00e7\u00e3o Folha Popular\" \/>\n\t<meta name=\"twitter:label2\" content=\"Est. tempo de leitura\" \/>\n\t<meta name=\"twitter:data2\" content=\"2 minutos\" \/>\n<script type=\"application\/ld+json\" class=\"yoast-schema-graph\">{\"@context\":\"https:\\\/\\\/schema.org\",\"@graph\":[{\"@type\":\"Article\",\"@id\":\"https:\\\/\\\/folhapopular.info\\\/index.php\\\/2026\\\/03\\\/02\\\/trf-4-revoga-prisao-temporaria-de-marcelo-caumo-e-lorena-mercalli\\\/#article\",\"isPartOf\":{\"@id\":\"https:\\\/\\\/folhapopular.info\\\/index.php\\\/2026\\\/03\\\/02\\\/trf-4-revoga-prisao-temporaria-de-marcelo-caumo-e-lorena-mercalli\\\/\"},\"author\":{\"name\":\"Reda\u00e7\u00e3o Folha Popular\",\"@id\":\"https:\\\/\\\/folhapopular.info\\\/#\\\/schema\\\/person\\\/2814e8a0df7643585a9ca38bc6eb9d4b\"},\"headline\":\"TRF-4 revoga pris\u00e3o tempor\u00e1ria de Marcelo Caumo e Lorena Mercalli\",\"datePublished\":\"2026-03-03T01:27:41+00:00\",\"dateModified\":\"2026-03-03T13:47:05+00:00\",\"mainEntityOfPage\":{\"@id\":\"https:\\\/\\\/folhapopular.info\\\/index.php\\\/2026\\\/03\\\/02\\\/trf-4-revoga-prisao-temporaria-de-marcelo-caumo-e-lorena-mercalli\\\/\"},\"wordCount\":257,\"commentCount\":0,\"image\":{\"@id\":\"https:\\\/\\\/folhapopular.info\\\/index.php\\\/2026\\\/03\\\/02\\\/trf-4-revoga-prisao-temporaria-de-marcelo-caumo-e-lorena-mercalli\\\/#primaryimage\"},\"thumbnailUrl\":\"https:\\\/\\\/folhapopular.info\\\/wp-content\\\/uploads\\\/2025\\\/04\\\/WhatsApp-Image-2025-04-23-at-09.54.33-1-1-scaled.jpeg\",\"keywords\":[\"Lajeado\",\"Marcelo Caumo\",\"Pris\u00e3o\"],\"articleSection\":[\"Pol\u00edcia\",\"Seguran\u00e7a\"],\"inLanguage\":\"pt-BR\",\"potentialAction\":[{\"@type\":\"CommentAction\",\"name\":\"Comment\",\"target\":[\"https:\\\/\\\/folhapopular.info\\\/index.php\\\/2026\\\/03\\\/02\\\/trf-4-revoga-prisao-temporaria-de-marcelo-caumo-e-lorena-mercalli\\\/#respond\"]}]},{\"@type\":\"WebPage\",\"@id\":\"https:\\\/\\\/folhapopular.info\\\/index.php\\\/2026\\\/03\\\/02\\\/trf-4-revoga-prisao-temporaria-de-marcelo-caumo-e-lorena-mercalli\\\/\",\"url\":\"https:\\\/\\\/folhapopular.info\\\/index.php\\\/2026\\\/03\\\/02\\\/trf-4-revoga-prisao-temporaria-de-marcelo-caumo-e-lorena-mercalli\\\/\",\"name\":\"TRF-4 revoga pris\u00e3o tempor\u00e1ria de Marcelo Caumo e Lorena Mercalli - Folha Popular\",\"isPartOf\":{\"@id\":\"https:\\\/\\\/folhapopular.info\\\/#website\"},\"primaryImageOfPage\":{\"@id\":\"https:\\\/\\\/folhapopular.info\\\/index.php\\\/2026\\\/03\\\/02\\\/trf-4-revoga-prisao-temporaria-de-marcelo-caumo-e-lorena-mercalli\\\/#primaryimage\"},\"image\":{\"@id\":\"https:\\\/\\\/folhapopular.info\\\/index.php\\\/2026\\\/03\\\/02\\\/trf-4-revoga-prisao-temporaria-de-marcelo-caumo-e-lorena-mercalli\\\/#primaryimage\"},\"thumbnailUrl\":\"https:\\\/\\\/folhapopular.info\\\/wp-content\\\/uploads\\\/2025\\\/04\\\/WhatsApp-Image-2025-04-23-at-09.54.33-1-1-scaled.jpeg\",\"datePublished\":\"2026-03-03T01:27:41+00:00\",\"dateModified\":\"2026-03-03T13:47:05+00:00\",\"author\":{\"@id\":\"https:\\\/\\\/folhapopular.info\\\/#\\\/schema\\\/person\\\/2814e8a0df7643585a9ca38bc6eb9d4b\"},\"description\":\"Caumo e Lorena haviam sido presos durante a segunda fase da Opera\u00e7\u00e3o Lama\u00e7al. A investiga\u00e7\u00e3o apura supostos desvios em repasses federais.\",\"breadcrumb\":{\"@id\":\"https:\\\/\\\/folhapopular.info\\\/index.php\\\/2026\\\/03\\\/02\\\/trf-4-revoga-prisao-temporaria-de-marcelo-caumo-e-lorena-mercalli\\\/#breadcrumb\"},\"inLanguage\":\"pt-BR\",\"potentialAction\":[{\"@type\":\"ReadAction\",\"target\":[\"https:\\\/\\\/folhapopular.info\\\/index.php\\\/2026\\\/03\\\/02\\\/trf-4-revoga-prisao-temporaria-de-marcelo-caumo-e-lorena-mercalli\\\/\"]}]},{\"@type\":\"ImageObject\",\"inLanguage\":\"pt-BR\",\"@id\":\"https:\\\/\\\/folhapopular.info\\\/index.php\\\/2026\\\/03\\\/02\\\/trf-4-revoga-prisao-temporaria-de-marcelo-caumo-e-lorena-mercalli\\\/#primaryimage\",\"url\":\"https:\\\/\\\/folhapopular.info\\\/wp-content\\\/uploads\\\/2025\\\/04\\\/WhatsApp-Image-2025-04-23-at-09.54.33-1-1-scaled.jpeg\",\"contentUrl\":\"https:\\\/\\\/folhapopular.info\\\/wp-content\\\/uploads\\\/2025\\\/04\\\/WhatsApp-Image-2025-04-23-at-09.54.33-1-1-scaled.jpeg\",\"width\":2560,\"height\":1920,\"caption\":\"Marcelo Caumo\"},{\"@type\":\"BreadcrumbList\",\"@id\":\"https:\\\/\\\/folhapopular.info\\\/index.php\\\/2026\\\/03\\\/02\\\/trf-4-revoga-prisao-temporaria-de-marcelo-caumo-e-lorena-mercalli\\\/#breadcrumb\",\"itemListElement\":[{\"@type\":\"ListItem\",\"position\":1,\"name\":\"In\u00edcio\",\"item\":\"https:\\\/\\\/folhapopular.info\\\/\"},{\"@type\":\"ListItem\",\"position\":2,\"name\":\"TRF-4 revoga pris\u00e3o tempor\u00e1ria de Marcelo Caumo e Lorena Mercalli\"}]},{\"@type\":\"WebSite\",\"@id\":\"https:\\\/\\\/folhapopular.info\\\/#website\",\"url\":\"https:\\\/\\\/folhapopular.info\\\/\",\"name\":\"Folha Popular\",\"description\":\"Onde voc\u00ea tem vez e voz\",\"potentialAction\":[{\"@type\":\"SearchAction\",\"target\":{\"@type\":\"EntryPoint\",\"urlTemplate\":\"https:\\\/\\\/folhapopular.info\\\/?s={search_term_string}\"},\"query-input\":{\"@type\":\"PropertyValueSpecification\",\"valueRequired\":true,\"valueName\":\"search_term_string\"}}],\"inLanguage\":\"pt-BR\"},{\"@type\":\"Person\",\"@id\":\"https:\\\/\\\/folhapopular.info\\\/#\\\/schema\\\/person\\\/2814e8a0df7643585a9ca38bc6eb9d4b\",\"name\":\"Reda\u00e7\u00e3o Folha Popular\",\"image\":{\"@type\":\"ImageObject\",\"inLanguage\":\"pt-BR\",\"@id\":\"https:\\\/\\\/folhapopular.info\\\/wp-content\\\/uploads\\\/2026\\\/04\\\/Folha-1.webp\",\"url\":\"https:\\\/\\\/folhapopular.info\\\/wp-content\\\/uploads\\\/2026\\\/04\\\/Folha-1.webp\",\"contentUrl\":\"https:\\\/\\\/folhapopular.info\\\/wp-content\\\/uploads\\\/2026\\\/04\\\/Folha-1.webp\",\"caption\":\"Reda\u00e7\u00e3o Folha Popular\"},\"url\":\"https:\\\/\\\/folhapopular.info\\\/index.php\\\/author\\\/redacao\\\/\"}]}<\/script>\n<!-- \/ Yoast SEO plugin. -->","yoast_head_json":{"title":"TRF-4 revoga pris\u00e3o tempor\u00e1ria de Marcelo Caumo e Lorena Mercalli - Folha Popular","description":"Caumo e Lorena haviam sido presos durante a segunda fase da Opera\u00e7\u00e3o Lama\u00e7al. A investiga\u00e7\u00e3o apura supostos desvios em repasses federais.","robots":{"index":"index","follow":"follow","max-snippet":"max-snippet:-1","max-image-preview":"max-image-preview:large","max-video-preview":"max-video-preview:-1"},"canonical":"https:\/\/folhapopular.info\/index.php\/2026\/03\/02\/trf-4-revoga-prisao-temporaria-de-marcelo-caumo-e-lorena-mercalli\/","og_locale":"pt_BR","og_type":"article","og_title":"TRF-4 revoga pris\u00e3o tempor\u00e1ria de Marcelo Caumo e Lorena Mercalli - Folha Popular","og_description":"Caumo e Lorena haviam sido presos durante a segunda fase da Opera\u00e7\u00e3o Lama\u00e7al. A investiga\u00e7\u00e3o apura supostos desvios em repasses federais.","og_url":"https:\/\/folhapopular.info\/index.php\/2026\/03\/02\/trf-4-revoga-prisao-temporaria-de-marcelo-caumo-e-lorena-mercalli\/","og_site_name":"Folha Popular","article_published_time":"2026-03-03T01:27:41+00:00","article_modified_time":"2026-03-03T13:47:05+00:00","og_image":[{"width":2560,"height":1920,"url":"http:\/\/folhapopular.info\/wp-content\/uploads\/2025\/04\/WhatsApp-Image-2025-04-23-at-09.54.33-1-1-scaled.jpeg","type":"image\/jpeg"}],"author":"Reda\u00e7\u00e3o Folha Popular","twitter_card":"summary_large_image","twitter_misc":{"Escrito por":"Reda\u00e7\u00e3o Folha Popular","Est. tempo de leitura":"2 minutos"},"schema":{"@context":"https:\/\/schema.org","@graph":[{"@type":"Article","@id":"https:\/\/folhapopular.info\/index.php\/2026\/03\/02\/trf-4-revoga-prisao-temporaria-de-marcelo-caumo-e-lorena-mercalli\/#article","isPartOf":{"@id":"https:\/\/folhapopular.info\/index.php\/2026\/03\/02\/trf-4-revoga-prisao-temporaria-de-marcelo-caumo-e-lorena-mercalli\/"},"author":{"name":"Reda\u00e7\u00e3o Folha Popular","@id":"https:\/\/folhapopular.info\/#\/schema\/person\/2814e8a0df7643585a9ca38bc6eb9d4b"},"headline":"TRF-4 revoga pris\u00e3o tempor\u00e1ria de Marcelo Caumo e Lorena Mercalli","datePublished":"2026-03-03T01:27:41+00:00","dateModified":"2026-03-03T13:47:05+00:00","mainEntityOfPage":{"@id":"https:\/\/folhapopular.info\/index.php\/2026\/03\/02\/trf-4-revoga-prisao-temporaria-de-marcelo-caumo-e-lorena-mercalli\/"},"wordCount":257,"commentCount":0,"image":{"@id":"https:\/\/folhapopular.info\/index.php\/2026\/03\/02\/trf-4-revoga-prisao-temporaria-de-marcelo-caumo-e-lorena-mercalli\/#primaryimage"},"thumbnailUrl":"https:\/\/folhapopular.info\/wp-content\/uploads\/2025\/04\/WhatsApp-Image-2025-04-23-at-09.54.33-1-1-scaled.jpeg","keywords":["Lajeado","Marcelo Caumo","Pris\u00e3o"],"articleSection":["Pol\u00edcia","Seguran\u00e7a"],"inLanguage":"pt-BR","potentialAction":[{"@type":"CommentAction","name":"Comment","target":["https:\/\/folhapopular.info\/index.php\/2026\/03\/02\/trf-4-revoga-prisao-temporaria-de-marcelo-caumo-e-lorena-mercalli\/#respond"]}]},{"@type":"WebPage","@id":"https:\/\/folhapopular.info\/index.php\/2026\/03\/02\/trf-4-revoga-prisao-temporaria-de-marcelo-caumo-e-lorena-mercalli\/","url":"https:\/\/folhapopular.info\/index.php\/2026\/03\/02\/trf-4-revoga-prisao-temporaria-de-marcelo-caumo-e-lorena-mercalli\/","name":"TRF-4 revoga pris\u00e3o tempor\u00e1ria de Marcelo Caumo e Lorena Mercalli - Folha Popular","isPartOf":{"@id":"https:\/\/folhapopular.info\/#website"},"primaryImageOfPage":{"@id":"https:\/\/folhapopular.info\/index.php\/2026\/03\/02\/trf-4-revoga-prisao-temporaria-de-marcelo-caumo-e-lorena-mercalli\/#primaryimage"},"image":{"@id":"https:\/\/folhapopular.info\/index.php\/2026\/03\/02\/trf-4-revoga-prisao-temporaria-de-marcelo-caumo-e-lorena-mercalli\/#primaryimage"},"thumbnailUrl":"https:\/\/folhapopular.info\/wp-content\/uploads\/2025\/04\/WhatsApp-Image-2025-04-23-at-09.54.33-1-1-scaled.jpeg","datePublished":"2026-03-03T01:27:41+00:00","dateModified":"2026-03-03T13:47:05+00:00","author":{"@id":"https:\/\/folhapopular.info\/#\/schema\/person\/2814e8a0df7643585a9ca38bc6eb9d4b"},"description":"Caumo e Lorena haviam sido presos durante a segunda fase da Opera\u00e7\u00e3o Lama\u00e7al. A investiga\u00e7\u00e3o apura supostos desvios em repasses federais.","breadcrumb":{"@id":"https:\/\/folhapopular.info\/index.php\/2026\/03\/02\/trf-4-revoga-prisao-temporaria-de-marcelo-caumo-e-lorena-mercalli\/#breadcrumb"},"inLanguage":"pt-BR","potentialAction":[{"@type":"ReadAction","target":["https:\/\/folhapopular.info\/index.php\/2026\/03\/02\/trf-4-revoga-prisao-temporaria-de-marcelo-caumo-e-lorena-mercalli\/"]}]},{"@type":"ImageObject","inLanguage":"pt-BR","@id":"https:\/\/folhapopular.info\/index.php\/2026\/03\/02\/trf-4-revoga-prisao-temporaria-de-marcelo-caumo-e-lorena-mercalli\/#primaryimage","url":"https:\/\/folhapopular.info\/wp-content\/uploads\/2025\/04\/WhatsApp-Image-2025-04-23-at-09.54.33-1-1-scaled.jpeg","contentUrl":"https:\/\/folhapopular.info\/wp-content\/uploads\/2025\/04\/WhatsApp-Image-2025-04-23-at-09.54.33-1-1-scaled.jpeg","width":2560,"height":1920,"caption":"Marcelo Caumo"},{"@type":"BreadcrumbList","@id":"https:\/\/folhapopular.info\/index.php\/2026\/03\/02\/trf-4-revoga-prisao-temporaria-de-marcelo-caumo-e-lorena-mercalli\/#breadcrumb","itemListElement":[{"@type":"ListItem","position":1,"name":"In\u00edcio","item":"https:\/\/folhapopular.info\/"},{"@type":"ListItem","position":2,"name":"TRF-4 revoga pris\u00e3o tempor\u00e1ria de Marcelo Caumo e Lorena Mercalli"}]},{"@type":"WebSite","@id":"https:\/\/folhapopular.info\/#website","url":"https:\/\/folhapopular.info\/","name":"Folha Popular","description":"Onde voc\u00ea tem vez e voz","potentialAction":[{"@type":"SearchAction","target":{"@type":"EntryPoint","urlTemplate":"https:\/\/folhapopular.info\/?s={search_term_string}"},"query-input":{"@type":"PropertyValueSpecification","valueRequired":true,"valueName":"search_term_string"}}],"inLanguage":"pt-BR"},{"@type":"Person","@id":"https:\/\/folhapopular.info\/#\/schema\/person\/2814e8a0df7643585a9ca38bc6eb9d4b","name":"Reda\u00e7\u00e3o Folha Popular","image":{"@type":"ImageObject","inLanguage":"pt-BR","@id":"https:\/\/folhapopular.info\/wp-content\/uploads\/2026\/04\/Folha-1.webp","url":"https:\/\/folhapopular.info\/wp-content\/uploads\/2026\/04\/Folha-1.webp","contentUrl":"https:\/\/folhapopular.info\/wp-content\/uploads\/2026\/04\/Folha-1.webp","caption":"Reda\u00e7\u00e3o Folha Popular"},"url":"https:\/\/folhapopular.info\/index.php\/author\/redacao\/"}]}},"jetpack_featured_media_url":"https:\/\/folhapopular.info\/wp-content\/uploads\/2025\/04\/WhatsApp-Image-2025-04-23-at-09.54.33-1-1-scaled.jpeg","jetpack_sharing_enabled":true,"amp_enabled":true,"_links":{"self":[{"href":"https:\/\/folhapopular.info\/index.php\/wp-json\/wp\/v2\/posts\/204935","targetHints":{"allow":["GET"]}}],"collection":[{"href":"https:\/\/folhapopular.info\/index.php\/wp-json\/wp\/v2\/posts"}],"about":[{"href":"https:\/\/folhapopular.info\/index.php\/wp-json\/wp\/v2\/types\/post"}],"author":[{"embeddable":true,"href":"https:\/\/folhapopular.info\/index.php\/wp-json\/wp\/v2\/users\/8"}],"replies":[{"embeddable":true,"href":"https:\/\/folhapopular.info\/index.php\/wp-json\/wp\/v2\/comments?post=204935"}],"version-history":[{"count":0,"href":"https:\/\/folhapopular.info\/index.php\/wp-json\/wp\/v2\/posts\/204935\/revisions"}],"wp:featuredmedia":[{"embeddable":true,"href":"https:\/\/folhapopular.info\/index.php\/wp-json\/wp\/v2\/media\/185117"}],"wp:attachment":[{"href":"https:\/\/folhapopular.info\/index.php\/wp-json\/wp\/v2\/media?parent=204935"}],"wp:term":[{"taxonomy":"category","embeddable":true,"href":"https:\/\/folhapopular.info\/index.php\/wp-json\/wp\/v2\/categories?post=204935"},{"taxonomy":"post_tag","embeddable":true,"href":"https:\/\/folhapopular.info\/index.php\/wp-json\/wp\/v2\/tags?post=204935"}],"curies":[{"name":"wp","href":"https:\/\/api.w.org\/{rel}","templated":true}]}}