{"id":205019,"date":"2026-03-04T16:00:00","date_gmt":"2026-03-04T19:00:00","guid":{"rendered":"https:\/\/folhapopular.info\/?p=205019"},"modified":"2026-03-04T11:03:55","modified_gmt":"2026-03-04T14:03:55","slug":"linha-clara-celebra-nova-corte-do-tiro-rei-neste-sabado","status":"publish","type":"post","link":"https:\/\/folhapopular.info\/index.php\/2026\/03\/04\/linha-clara-celebra-nova-corte-do-tiro-rei-neste-sabado\/","title":{"rendered":"Linha Clara celebra nova corte do Tiro Rei neste s\u00e1bado"},"content":{"rendered":"\n<p>A centen\u00e1ria tradi\u00e7\u00e3o do tiro ao alvo volta a reunir a comunidade de Linha Clara no pr\u00f3ximo s\u00e1bado (7\/3). A Associa\u00e7\u00e3o Cultural e Recreativa Linha Clara realiza o Baile do Rei, evento que marca a transi\u00e7\u00e3o de postos e celebra os destaques da pontaria do Tiro Rei.<br>O destaque da noite \u00e9 a apresenta\u00e7\u00e3o oficial dos atiradores que se sobressa\u00edram nas competi\u00e7\u00f5es internas, realizadas em 5 de outubro do ano passado.<\/p>\n\n\n\n<p>A corte 2025\/2026 \u00e9 composta por Ariberto Magedanz (Rei), Vilson Wiebusch (1\u00ba Cavalheiro), \u00c9rick Mathias Wasem (2\u00ba Cavalheiro), Mariane Wiebusch (Rainha), Aneli Kr\u00fctzmann (1\u00aa Princesa), Gisela Von M\u00fchlen (2\u00aa Princesa) e o Melhor Atirador, D\u00e9cio Schneider.<br>A programa\u00e7\u00e3o inicia no fim da tarde, mantendo o costume da recep\u00e7\u00e3o festiva na casa do Rei, e segue com carreata at\u00e9 a Associa\u00e7\u00e3o Cultural. L\u00e1, se estende com coroa\u00e7\u00e3o, jantar e baile.<\/p>\n\n\n\n<p>O Tiro Rei \u00e9 um dos pilares da cultura de imigra\u00e7\u00e3o alem\u00e3 no Rio Grande do Sul. A Sociedade de Linha Clara \u00e9 a \u00fanica que mant\u00e9m o tiro em carabina apoiada no Vale do Taquari. Para a comunidade, o evento \u00e9 o \u00e1pice de um ano de treinos e competi\u00e7\u00f5es, refor\u00e7a la\u00e7os de amizade e preserva as sociedades de atiradores. Mas, acima de tudo, \u00e9 um momento de confraterniza\u00e7\u00e3o entre gera\u00e7\u00f5es.<\/p>\n\n\n\n<h2 class=\"wp-block-heading\"><strong>Confira o cronograma<\/strong><\/h2>\n\n\n\n<p>18h30: Recep\u00e7\u00e3o na resid\u00eancia do Rei Ariberto Magedanz<br>20h30: Cerim\u00f4nia oficial de coroa\u00e7\u00e3o da nova corte<br>21h30: Jantar (cart\u00f5es ao valor de R$ 65)<br>22h00: In\u00edcio do baile, animado pelo Musical Novo Encontro, de Ven\u00e2ncio Aires<\/p>\n\n\n\n<h2 class=\"wp-block-heading\"><strong>Corte 2025\/2026<\/strong><\/h2>\n\n\n\n<p>Rei: Ariberto Magedanz<br>1\u00ba Cavalheiro: Vilson Wiebusch<br>2\u00ba Cavalheiro: \u00c9rick Mathias Wasem<br>Rainha: Mariane Wiebusch<br>1\u00aa Princesa: Aneli Kr\u00fctzmann<br>2\u00aa Princesa: Gisela Von M\u00fchlen<br>Melhor Atirador: D\u00e9cio Schneider<\/p>\n","protected":false},"excerpt":{"rendered":"<p>A centen\u00e1ria tradi\u00e7\u00e3o do tiro ao alvo volta a reunir a comunidade de Linha Clara no pr\u00f3ximo s\u00e1bado (7\/3). A Associa\u00e7\u00e3o Cultural e Recreativa Linha Clara realiza o Baile do Rei, evento que marca a transi\u00e7\u00e3o de postos e celebra os destaques da pontaria do Tiro Rei.O destaque da noite \u00e9 a apresenta\u00e7\u00e3o oficial dos [&hellip;]<\/p>\n","protected":false},"author":639,"featured_media":205021,"comment_status":"open","ping_status":"open","sticky":false,"template":"","format":"standard","meta":{"pmpro_default_level":"","_jetpack_memberships_contains_paid_content":false,"footnotes":""},"categories":[10996,2,6],"tags":[11122,441,26,1167],"class_list":{"0":"post-205019","1":"post","2":"type-post","3":"status-publish","4":"format-standard","5":"has-post-thumbnail","7":"category-cultura","8":"category-featured","9":"category-inclusive","10":"tag-baile-do-rei","11":"tag-linha-clara","12":"tag-teutonia","13":"tag-tiro-rei","14":"pmpro-has-access"},"yoast_head":"<!-- This site is optimized with the Yoast SEO plugin v27.4 - https:\/\/yoast.com\/product\/yoast-seo-wordpress\/ -->\n<title>Linha Clara celebra nova corte do Tiro Rei neste s\u00e1bado - Folha Popular<\/title>\n<meta name=\"robots\" content=\"index, follow, max-snippet:-1, max-image-preview:large, max-video-preview:-1\" \/>\n<link rel=\"canonical\" href=\"https:\/\/folhapopular.info\/index.php\/2026\/03\/04\/linha-clara-celebra-nova-corte-do-tiro-rei-neste-sabado\/\" \/>\n<meta property=\"og:locale\" content=\"pt_BR\" \/>\n<meta property=\"og:type\" content=\"article\" \/>\n<meta property=\"og:title\" content=\"Linha Clara celebra nova corte do Tiro Rei neste s\u00e1bado - Folha Popular\" \/>\n<meta property=\"og:description\" content=\"A centen\u00e1ria tradi\u00e7\u00e3o do tiro ao alvo volta a reunir a comunidade de Linha Clara no pr\u00f3ximo s\u00e1bado (7\/3). A Associa\u00e7\u00e3o Cultural e Recreativa Linha Clara realiza o Baile do Rei, evento que marca a transi\u00e7\u00e3o de postos e celebra os destaques da pontaria do Tiro Rei.O destaque da noite \u00e9 a apresenta\u00e7\u00e3o oficial dos [&hellip;]\" \/>\n<meta property=\"og:url\" content=\"https:\/\/folhapopular.info\/index.php\/2026\/03\/04\/linha-clara-celebra-nova-corte-do-tiro-rei-neste-sabado\/\" \/>\n<meta property=\"og:site_name\" content=\"Folha Popular\" \/>\n<meta property=\"article:published_time\" content=\"2026-03-04T19:00:00+00:00\" \/>\n<meta property=\"og:image\" content=\"https:\/\/folhapopular.info\/wp-content\/uploads\/2026\/03\/Ariberto-e-Mariane-foram-eleitos-rei-e-rainha-pela-primeira-vez-apos-competirem-por-cerca-de-40-e-15-anos_CLS_Arquivo-FP.jpeg\" \/>\n\t<meta property=\"og:image:width\" content=\"2560\" \/>\n\t<meta property=\"og:image:height\" content=\"1920\" \/>\n\t<meta property=\"og:image:type\" content=\"image\/jpeg\" \/>\n<meta name=\"author\" content=\"Camille Lenz da Silva\" \/>\n<meta name=\"twitter:card\" content=\"summary_large_image\" \/>\n<meta name=\"twitter:label1\" content=\"Escrito por\" \/>\n\t<meta name=\"twitter:data1\" content=\"Camille Lenz da Silva\" \/>\n\t<meta name=\"twitter:label2\" content=\"Est. tempo de leitura\" \/>\n\t<meta name=\"twitter:data2\" content=\"2 minutos\" \/>\n<script type=\"application\/ld+json\" class=\"yoast-schema-graph\">{\"@context\":\"https:\\\/\\\/schema.org\",\"@graph\":[{\"@type\":\"Article\",\"@id\":\"https:\\\/\\\/folhapopular.info\\\/index.php\\\/2026\\\/03\\\/04\\\/linha-clara-celebra-nova-corte-do-tiro-rei-neste-sabado\\\/#article\",\"isPartOf\":{\"@id\":\"https:\\\/\\\/folhapopular.info\\\/index.php\\\/2026\\\/03\\\/04\\\/linha-clara-celebra-nova-corte-do-tiro-rei-neste-sabado\\\/\"},\"author\":{\"name\":\"Camille Lenz da Silva\",\"@id\":\"https:\\\/\\\/folhapopular.info\\\/#\\\/schema\\\/person\\\/f0b811f932ef2505faf473ffaef49df5\"},\"headline\":\"Linha Clara celebra nova corte do Tiro Rei neste s\u00e1bado\",\"datePublished\":\"2026-03-04T19:00:00+00:00\",\"mainEntityOfPage\":{\"@id\":\"https:\\\/\\\/folhapopular.info\\\/index.php\\\/2026\\\/03\\\/04\\\/linha-clara-celebra-nova-corte-do-tiro-rei-neste-sabado\\\/\"},\"wordCount\":304,\"commentCount\":0,\"image\":{\"@id\":\"https:\\\/\\\/folhapopular.info\\\/index.php\\\/2026\\\/03\\\/04\\\/linha-clara-celebra-nova-corte-do-tiro-rei-neste-sabado\\\/#primaryimage\"},\"thumbnailUrl\":\"https:\\\/\\\/folhapopular.info\\\/wp-content\\\/uploads\\\/2026\\\/03\\\/Ariberto-e-Mariane-foram-eleitos-rei-e-rainha-pela-primeira-vez-apos-competirem-por-cerca-de-40-e-15-anos_CLS_Arquivo-FP.jpeg\",\"keywords\":[\"Baile do Rei\",\"Linha Clara\",\"Teut\u00f4nia\",\"Tiro Rei\"],\"articleSection\":[\"Cultura\",\"Destaques\",\"Inclusive\"],\"inLanguage\":\"pt-BR\",\"potentialAction\":[{\"@type\":\"CommentAction\",\"name\":\"Comment\",\"target\":[\"https:\\\/\\\/folhapopular.info\\\/index.php\\\/2026\\\/03\\\/04\\\/linha-clara-celebra-nova-corte-do-tiro-rei-neste-sabado\\\/#respond\"]}]},{\"@type\":\"WebPage\",\"@id\":\"https:\\\/\\\/folhapopular.info\\\/index.php\\\/2026\\\/03\\\/04\\\/linha-clara-celebra-nova-corte-do-tiro-rei-neste-sabado\\\/\",\"url\":\"https:\\\/\\\/folhapopular.info\\\/index.php\\\/2026\\\/03\\\/04\\\/linha-clara-celebra-nova-corte-do-tiro-rei-neste-sabado\\\/\",\"name\":\"Linha Clara celebra nova corte do Tiro Rei neste s\u00e1bado - Folha Popular\",\"isPartOf\":{\"@id\":\"https:\\\/\\\/folhapopular.info\\\/#website\"},\"primaryImageOfPage\":{\"@id\":\"https:\\\/\\\/folhapopular.info\\\/index.php\\\/2026\\\/03\\\/04\\\/linha-clara-celebra-nova-corte-do-tiro-rei-neste-sabado\\\/#primaryimage\"},\"image\":{\"@id\":\"https:\\\/\\\/folhapopular.info\\\/index.php\\\/2026\\\/03\\\/04\\\/linha-clara-celebra-nova-corte-do-tiro-rei-neste-sabado\\\/#primaryimage\"},\"thumbnailUrl\":\"https:\\\/\\\/folhapopular.info\\\/wp-content\\\/uploads\\\/2026\\\/03\\\/Ariberto-e-Mariane-foram-eleitos-rei-e-rainha-pela-primeira-vez-apos-competirem-por-cerca-de-40-e-15-anos_CLS_Arquivo-FP.jpeg\",\"datePublished\":\"2026-03-04T19:00:00+00:00\",\"author\":{\"@id\":\"https:\\\/\\\/folhapopular.info\\\/#\\\/schema\\\/person\\\/f0b811f932ef2505faf473ffaef49df5\"},\"breadcrumb\":{\"@id\":\"https:\\\/\\\/folhapopular.info\\\/index.php\\\/2026\\\/03\\\/04\\\/linha-clara-celebra-nova-corte-do-tiro-rei-neste-sabado\\\/#breadcrumb\"},\"inLanguage\":\"pt-BR\",\"potentialAction\":[{\"@type\":\"ReadAction\",\"target\":[\"https:\\\/\\\/folhapopular.info\\\/index.php\\\/2026\\\/03\\\/04\\\/linha-clara-celebra-nova-corte-do-tiro-rei-neste-sabado\\\/\"]}]},{\"@type\":\"ImageObject\",\"inLanguage\":\"pt-BR\",\"@id\":\"https:\\\/\\\/folhapopular.info\\\/index.php\\\/2026\\\/03\\\/04\\\/linha-clara-celebra-nova-corte-do-tiro-rei-neste-sabado\\\/#primaryimage\",\"url\":\"https:\\\/\\\/folhapopular.info\\\/wp-content\\\/uploads\\\/2026\\\/03\\\/Ariberto-e-Mariane-foram-eleitos-rei-e-rainha-pela-primeira-vez-apos-competirem-por-cerca-de-40-e-15-anos_CLS_Arquivo-FP.jpeg\",\"contentUrl\":\"https:\\\/\\\/folhapopular.info\\\/wp-content\\\/uploads\\\/2026\\\/03\\\/Ariberto-e-Mariane-foram-eleitos-rei-e-rainha-pela-primeira-vez-apos-competirem-por-cerca-de-40-e-15-anos_CLS_Arquivo-FP.jpeg\",\"width\":2560,\"height\":1920,\"caption\":\"Ariberto (2\u00ba e-d) e Mariane (2\u00aa d-e) foram eleitos rei e rainha pela primeira vez ap\u00f3s competirem por cerca de 40 e 15 anos \\\/ Cr\u00e9dito: Camille Lenz da Silva\"},{\"@type\":\"BreadcrumbList\",\"@id\":\"https:\\\/\\\/folhapopular.info\\\/index.php\\\/2026\\\/03\\\/04\\\/linha-clara-celebra-nova-corte-do-tiro-rei-neste-sabado\\\/#breadcrumb\",\"itemListElement\":[{\"@type\":\"ListItem\",\"position\":1,\"name\":\"In\u00edcio\",\"item\":\"https:\\\/\\\/folhapopular.info\\\/\"},{\"@type\":\"ListItem\",\"position\":2,\"name\":\"Linha Clara celebra nova corte do Tiro Rei neste s\u00e1bado\"}]},{\"@type\":\"WebSite\",\"@id\":\"https:\\\/\\\/folhapopular.info\\\/#website\",\"url\":\"https:\\\/\\\/folhapopular.info\\\/\",\"name\":\"Folha Popular\",\"description\":\"Onde voc\u00ea tem vez e voz\",\"potentialAction\":[{\"@type\":\"SearchAction\",\"target\":{\"@type\":\"EntryPoint\",\"urlTemplate\":\"https:\\\/\\\/folhapopular.info\\\/?s={search_term_string}\"},\"query-input\":{\"@type\":\"PropertyValueSpecification\",\"valueRequired\":true,\"valueName\":\"search_term_string\"}}],\"inLanguage\":\"pt-BR\"},{\"@type\":\"Person\",\"@id\":\"https:\\\/\\\/folhapopular.info\\\/#\\\/schema\\\/person\\\/f0b811f932ef2505faf473ffaef49df5\",\"name\":\"Camille Lenz da Silva\",\"image\":{\"@type\":\"ImageObject\",\"inLanguage\":\"pt-BR\",\"@id\":\"https:\\\/\\\/secure.gravatar.com\\\/avatar\\\/50be826d73ca259ec0e0a88a407f5de800c576c46cfdc57e50ef28551e216fff?s=96&d=mm&r=g\",\"url\":\"https:\\\/\\\/secure.gravatar.com\\\/avatar\\\/50be826d73ca259ec0e0a88a407f5de800c576c46cfdc57e50ef28551e216fff?s=96&d=mm&r=g\",\"contentUrl\":\"https:\\\/\\\/secure.gravatar.com\\\/avatar\\\/50be826d73ca259ec0e0a88a407f5de800c576c46cfdc57e50ef28551e216fff?s=96&d=mm&r=g\",\"caption\":\"Camille Lenz da Silva\"},\"url\":\"https:\\\/\\\/folhapopular.info\\\/index.php\\\/author\\\/camillelenzgmail-com\\\/\"}]}<\/script>\n<!-- \/ Yoast SEO plugin. -->","yoast_head_json":{"title":"Linha Clara celebra nova corte do Tiro Rei neste s\u00e1bado - Folha Popular","robots":{"index":"index","follow":"follow","max-snippet":"max-snippet:-1","max-image-preview":"max-image-preview:large","max-video-preview":"max-video-preview:-1"},"canonical":"https:\/\/folhapopular.info\/index.php\/2026\/03\/04\/linha-clara-celebra-nova-corte-do-tiro-rei-neste-sabado\/","og_locale":"pt_BR","og_type":"article","og_title":"Linha Clara celebra nova corte do Tiro Rei neste s\u00e1bado - Folha Popular","og_description":"A centen\u00e1ria tradi\u00e7\u00e3o do tiro ao alvo volta a reunir a comunidade de Linha Clara no pr\u00f3ximo s\u00e1bado (7\/3). A Associa\u00e7\u00e3o Cultural e Recreativa Linha Clara realiza o Baile do Rei, evento que marca a transi\u00e7\u00e3o de postos e celebra os destaques da pontaria do Tiro Rei.O destaque da noite \u00e9 a apresenta\u00e7\u00e3o oficial dos [&hellip;]","og_url":"https:\/\/folhapopular.info\/index.php\/2026\/03\/04\/linha-clara-celebra-nova-corte-do-tiro-rei-neste-sabado\/","og_site_name":"Folha Popular","article_published_time":"2026-03-04T19:00:00+00:00","og_image":[{"width":2560,"height":1920,"url":"https:\/\/folhapopular.info\/wp-content\/uploads\/2026\/03\/Ariberto-e-Mariane-foram-eleitos-rei-e-rainha-pela-primeira-vez-apos-competirem-por-cerca-de-40-e-15-anos_CLS_Arquivo-FP.jpeg","type":"image\/jpeg"}],"author":"Camille Lenz da Silva","twitter_card":"summary_large_image","twitter_misc":{"Escrito por":"Camille Lenz da Silva","Est. tempo de leitura":"2 minutos"},"schema":{"@context":"https:\/\/schema.org","@graph":[{"@type":"Article","@id":"https:\/\/folhapopular.info\/index.php\/2026\/03\/04\/linha-clara-celebra-nova-corte-do-tiro-rei-neste-sabado\/#article","isPartOf":{"@id":"https:\/\/folhapopular.info\/index.php\/2026\/03\/04\/linha-clara-celebra-nova-corte-do-tiro-rei-neste-sabado\/"},"author":{"name":"Camille Lenz da Silva","@id":"https:\/\/folhapopular.info\/#\/schema\/person\/f0b811f932ef2505faf473ffaef49df5"},"headline":"Linha Clara celebra nova corte do Tiro Rei neste s\u00e1bado","datePublished":"2026-03-04T19:00:00+00:00","mainEntityOfPage":{"@id":"https:\/\/folhapopular.info\/index.php\/2026\/03\/04\/linha-clara-celebra-nova-corte-do-tiro-rei-neste-sabado\/"},"wordCount":304,"commentCount":0,"image":{"@id":"https:\/\/folhapopular.info\/index.php\/2026\/03\/04\/linha-clara-celebra-nova-corte-do-tiro-rei-neste-sabado\/#primaryimage"},"thumbnailUrl":"https:\/\/folhapopular.info\/wp-content\/uploads\/2026\/03\/Ariberto-e-Mariane-foram-eleitos-rei-e-rainha-pela-primeira-vez-apos-competirem-por-cerca-de-40-e-15-anos_CLS_Arquivo-FP.jpeg","keywords":["Baile do Rei","Linha Clara","Teut\u00f4nia","Tiro Rei"],"articleSection":["Cultura","Destaques","Inclusive"],"inLanguage":"pt-BR","potentialAction":[{"@type":"CommentAction","name":"Comment","target":["https:\/\/folhapopular.info\/index.php\/2026\/03\/04\/linha-clara-celebra-nova-corte-do-tiro-rei-neste-sabado\/#respond"]}]},{"@type":"WebPage","@id":"https:\/\/folhapopular.info\/index.php\/2026\/03\/04\/linha-clara-celebra-nova-corte-do-tiro-rei-neste-sabado\/","url":"https:\/\/folhapopular.info\/index.php\/2026\/03\/04\/linha-clara-celebra-nova-corte-do-tiro-rei-neste-sabado\/","name":"Linha Clara celebra nova corte do Tiro Rei neste s\u00e1bado - Folha Popular","isPartOf":{"@id":"https:\/\/folhapopular.info\/#website"},"primaryImageOfPage":{"@id":"https:\/\/folhapopular.info\/index.php\/2026\/03\/04\/linha-clara-celebra-nova-corte-do-tiro-rei-neste-sabado\/#primaryimage"},"image":{"@id":"https:\/\/folhapopular.info\/index.php\/2026\/03\/04\/linha-clara-celebra-nova-corte-do-tiro-rei-neste-sabado\/#primaryimage"},"thumbnailUrl":"https:\/\/folhapopular.info\/wp-content\/uploads\/2026\/03\/Ariberto-e-Mariane-foram-eleitos-rei-e-rainha-pela-primeira-vez-apos-competirem-por-cerca-de-40-e-15-anos_CLS_Arquivo-FP.jpeg","datePublished":"2026-03-04T19:00:00+00:00","author":{"@id":"https:\/\/folhapopular.info\/#\/schema\/person\/f0b811f932ef2505faf473ffaef49df5"},"breadcrumb":{"@id":"https:\/\/folhapopular.info\/index.php\/2026\/03\/04\/linha-clara-celebra-nova-corte-do-tiro-rei-neste-sabado\/#breadcrumb"},"inLanguage":"pt-BR","potentialAction":[{"@type":"ReadAction","target":["https:\/\/folhapopular.info\/index.php\/2026\/03\/04\/linha-clara-celebra-nova-corte-do-tiro-rei-neste-sabado\/"]}]},{"@type":"ImageObject","inLanguage":"pt-BR","@id":"https:\/\/folhapopular.info\/index.php\/2026\/03\/04\/linha-clara-celebra-nova-corte-do-tiro-rei-neste-sabado\/#primaryimage","url":"https:\/\/folhapopular.info\/wp-content\/uploads\/2026\/03\/Ariberto-e-Mariane-foram-eleitos-rei-e-rainha-pela-primeira-vez-apos-competirem-por-cerca-de-40-e-15-anos_CLS_Arquivo-FP.jpeg","contentUrl":"https:\/\/folhapopular.info\/wp-content\/uploads\/2026\/03\/Ariberto-e-Mariane-foram-eleitos-rei-e-rainha-pela-primeira-vez-apos-competirem-por-cerca-de-40-e-15-anos_CLS_Arquivo-FP.jpeg","width":2560,"height":1920,"caption":"Ariberto (2\u00ba e-d) e Mariane (2\u00aa d-e) foram eleitos rei e rainha pela primeira vez ap\u00f3s competirem por cerca de 40 e 15 anos \/ Cr\u00e9dito: Camille Lenz da Silva"},{"@type":"BreadcrumbList","@id":"https:\/\/folhapopular.info\/index.php\/2026\/03\/04\/linha-clara-celebra-nova-corte-do-tiro-rei-neste-sabado\/#breadcrumb","itemListElement":[{"@type":"ListItem","position":1,"name":"In\u00edcio","item":"https:\/\/folhapopular.info\/"},{"@type":"ListItem","position":2,"name":"Linha Clara celebra nova corte do Tiro Rei neste s\u00e1bado"}]},{"@type":"WebSite","@id":"https:\/\/folhapopular.info\/#website","url":"https:\/\/folhapopular.info\/","name":"Folha Popular","description":"Onde voc\u00ea tem vez e voz","potentialAction":[{"@type":"SearchAction","target":{"@type":"EntryPoint","urlTemplate":"https:\/\/folhapopular.info\/?s={search_term_string}"},"query-input":{"@type":"PropertyValueSpecification","valueRequired":true,"valueName":"search_term_string"}}],"inLanguage":"pt-BR"},{"@type":"Person","@id":"https:\/\/folhapopular.info\/#\/schema\/person\/f0b811f932ef2505faf473ffaef49df5","name":"Camille Lenz da Silva","image":{"@type":"ImageObject","inLanguage":"pt-BR","@id":"https:\/\/secure.gravatar.com\/avatar\/50be826d73ca259ec0e0a88a407f5de800c576c46cfdc57e50ef28551e216fff?s=96&d=mm&r=g","url":"https:\/\/secure.gravatar.com\/avatar\/50be826d73ca259ec0e0a88a407f5de800c576c46cfdc57e50ef28551e216fff?s=96&d=mm&r=g","contentUrl":"https:\/\/secure.gravatar.com\/avatar\/50be826d73ca259ec0e0a88a407f5de800c576c46cfdc57e50ef28551e216fff?s=96&d=mm&r=g","caption":"Camille Lenz da Silva"},"url":"https:\/\/folhapopular.info\/index.php\/author\/camillelenzgmail-com\/"}]}},"jetpack_featured_media_url":"https:\/\/folhapopular.info\/wp-content\/uploads\/2026\/03\/Ariberto-e-Mariane-foram-eleitos-rei-e-rainha-pela-primeira-vez-apos-competirem-por-cerca-de-40-e-15-anos_CLS_Arquivo-FP.jpeg","jetpack_sharing_enabled":true,"amp_enabled":true,"_links":{"self":[{"href":"https:\/\/folhapopular.info\/index.php\/wp-json\/wp\/v2\/posts\/205019","targetHints":{"allow":["GET"]}}],"collection":[{"href":"https:\/\/folhapopular.info\/index.php\/wp-json\/wp\/v2\/posts"}],"about":[{"href":"https:\/\/folhapopular.info\/index.php\/wp-json\/wp\/v2\/types\/post"}],"author":[{"embeddable":true,"href":"https:\/\/folhapopular.info\/index.php\/wp-json\/wp\/v2\/users\/639"}],"replies":[{"embeddable":true,"href":"https:\/\/folhapopular.info\/index.php\/wp-json\/wp\/v2\/comments?post=205019"}],"version-history":[{"count":0,"href":"https:\/\/folhapopular.info\/index.php\/wp-json\/wp\/v2\/posts\/205019\/revisions"}],"wp:featuredmedia":[{"embeddable":true,"href":"https:\/\/folhapopular.info\/index.php\/wp-json\/wp\/v2\/media\/205021"}],"wp:attachment":[{"href":"https:\/\/folhapopular.info\/index.php\/wp-json\/wp\/v2\/media?parent=205019"}],"wp:term":[{"taxonomy":"category","embeddable":true,"href":"https:\/\/folhapopular.info\/index.php\/wp-json\/wp\/v2\/categories?post=205019"},{"taxonomy":"post_tag","embeddable":true,"href":"https:\/\/folhapopular.info\/index.php\/wp-json\/wp\/v2\/tags?post=205019"}],"curies":[{"name":"wp","href":"https:\/\/api.w.org\/{rel}","templated":true}]}}