{"id":205050,"date":"2026-03-05T08:00:00","date_gmt":"2026-03-05T11:00:00","guid":{"rendered":"https:\/\/folhapopular.info\/?p=205050"},"modified":"2026-03-05T08:34:02","modified_gmt":"2026-03-05T11:34:02","slug":"feira-da-pitaya-inicia-hoje-com-expectativa-de-grande-publico","status":"publish","type":"post","link":"https:\/\/folhapopular.info\/index.php\/2026\/03\/05\/feira-da-pitaya-inicia-hoje-com-expectativa-de-grande-publico\/","title":{"rendered":"Feira da Pitaya inicia hoje com expectativa de grande p\u00fablico"},"content":{"rendered":"\n<p>A programa\u00e7\u00e3o da 3\u00aa Feira da Pitaya inicia nesta quinta-feira e segue at\u00e9 o domingo (5 a 8\/3) com atra\u00e7\u00f5es culturais, shows e a escolha da nova Corte de Soberanas. A edi\u00e7\u00e3o de 2026 ter\u00e1 duas novidades: os pavilh\u00f5es da Agroind\u00fastria Familiar e do Turismo.<\/p>\n\n\n\n<p>Segundo o prefeito Mois\u00e9s de Freitas, a feira representa uma oportunidade de destacar o potencial econ\u00f4mico e cultural do munic\u00edpio, al\u00e9m de estimular o turismo e novos neg\u00f3cios. \u201cN\u00e3o \u00e9 apenas um grande evento para S\u00e9rio, mas para todo o Vale do Taquari. As pessoas se surpreendem com o que encontram. N\u00e3o imaginam que um munic\u00edpio de apenas 2 mil habitantes consegue fazer uma organiza\u00e7\u00e3o de uma feira t\u00e3o grande, que espera receber em torno de 40 mil visitantes esse ano\u201d, afirma. De acordo com o prefeito, as pousadas e hot\u00e9is da regi\u00e3o est\u00e3o lotados.<\/p>\n\n\n\n<p>A festa re\u00fane uma variedade de derivados de pitaya. Entre eles est\u00e3o o p\u00e3o, o sorvete, o chopp e o \u00fanico refrigerante de pitaya do Brasil. \u201cDesejo que todos os visitantes se sintam acolhidos, felizes, participem do nosso evento e saiam de l\u00e1 levando geleia, refrigerante e a alegria do povo de S\u00e9rio\u201d, disse Freitas.<\/p>\n\n\n\n<p>Al\u00e9m disso, uma das metas da atual administra\u00e7\u00e3o \u00e9 comercializar o refrigerante a partir deste ano.<\/p>\n\n\n\n<p>Entre os destaques da programa\u00e7\u00e3o est\u00e1 o show nacional da dupla Rick &amp; Renner, marcado para o domingo, a partir das 16h. A entrada da feira ser\u00e1 gratuita durante todos os dias.<\/p>\n\n\n\n<figure class=\"wp-block-image size-large\"><img loading=\"lazy\" decoding=\"async\" width=\"1024\" height=\"768\" src=\"https:\/\/folhapopular.info\/wp-content\/uploads\/2026\/03\/O-governador-Eduardo-Leite-e-o-vice-governador-Gabriel-Souza-foram-convidados-a-prestigiar-a-3a-edicao-1024x768.jpeg\" alt=\"\" class=\"wp-image-205052\" srcset=\"https:\/\/folhapopular.info\/wp-content\/uploads\/2026\/03\/O-governador-Eduardo-Leite-e-o-vice-governador-Gabriel-Souza-foram-convidados-a-prestigiar-a-3a-edicao-1024x768.jpeg 1024w, https:\/\/folhapopular.info\/wp-content\/uploads\/2026\/03\/O-governador-Eduardo-Leite-e-o-vice-governador-Gabriel-Souza-foram-convidados-a-prestigiar-a-3a-edicao-300x225.jpeg 300w, https:\/\/folhapopular.info\/wp-content\/uploads\/2026\/03\/O-governador-Eduardo-Leite-e-o-vice-governador-Gabriel-Souza-foram-convidados-a-prestigiar-a-3a-edicao-768x576.jpeg 768w, https:\/\/folhapopular.info\/wp-content\/uploads\/2026\/03\/O-governador-Eduardo-Leite-e-o-vice-governador-Gabriel-Souza-foram-convidados-a-prestigiar-a-3a-edicao-560x420.jpeg 560w, https:\/\/folhapopular.info\/wp-content\/uploads\/2026\/03\/O-governador-Eduardo-Leite-e-o-vice-governador-Gabriel-Souza-foram-convidados-a-prestigiar-a-3a-edicao-80x60.jpeg 80w, https:\/\/folhapopular.info\/wp-content\/uploads\/2026\/03\/O-governador-Eduardo-Leite-e-o-vice-governador-Gabriel-Souza-foram-convidados-a-prestigiar-a-3a-edicao-696x522.jpeg 696w, https:\/\/folhapopular.info\/wp-content\/uploads\/2026\/03\/O-governador-Eduardo-Leite-e-o-vice-governador-Gabriel-Souza-foram-convidados-a-prestigiar-a-3a-edicao-1068x801.jpeg 1068w, https:\/\/folhapopular.info\/wp-content\/uploads\/2026\/03\/O-governador-Eduardo-Leite-e-o-vice-governador-Gabriel-Souza-foram-convidados-a-prestigiar-a-3a-edicao.jpeg 1280w\" sizes=\"auto, (max-width: 1024px) 100vw, 1024px\" \/><figcaption class=\"wp-element-caption\">Cr\u00e9dito: Divulga\u00e7\u00e3o<\/figcaption><\/figure>\n\n\n\n<h2 class=\"wp-block-heading\"><strong>Escolha da<\/strong> <strong>nova corte<\/strong><\/h2>\n\n\n\n<p>Outra novidade da festa \u00e9 a escolha da nova Corte de Soberanas para o bi\u00eanio 2026\/2027. O evento ocorre na sexta-feira, \u00e0s 20h30, com desfile das candidatas e defini\u00e7\u00e3o da rainha e princesas. Ap\u00f3s a cerim\u00f4nia, o p\u00fablico acompanha a Banda Modello, com ingresso gratuito.<\/p>\n\n\n\n<p>Concorrem ao t\u00edtulo Giovana Corbellini (28), Bruna Luisa Weber (17) e Patr\u00edcia Beatris Henz (17).<\/p>\n\n\n\n<h2 class=\"wp-block-heading\"><strong>Vencedora do<\/strong> <strong>Festival Popular<\/strong> <strong>da Can\u00e7\u00e3o<\/strong><\/h2>\n\n\n\n<p>A cantora e gaiteira Yasmin Simsen, conhecida como Yasmin Diniz, se apresenta na feira no s\u00e1bado, \u00e0s 19h. A cantora foi vencedora do 3\u00ba Festival Popular da Can\u00e7\u00e3o, em 2023. A trajet\u00f3ria da artista evidencia a relev\u00e2ncia e o alcance do projeto do Grupo Popular de Comunica\u00e7\u00e3o como um espa\u00e7o de incentivo e oportunidade para novos cantores, assim como Yasmin.<\/p>\n\n\n\n<figure class=\"wp-block-image size-large\"><img loading=\"lazy\" decoding=\"async\" width=\"1024\" height=\"683\" src=\"https:\/\/folhapopular.info\/wp-content\/uploads\/2026\/03\/Yasmin-Diniz-vencedora-do-3o-Festival-Popular-da-Cancao-se-apresenta-na-feira_Arquivo-FP-1024x683.jpg\" alt=\"\" class=\"wp-image-205053\" srcset=\"https:\/\/folhapopular.info\/wp-content\/uploads\/2026\/03\/Yasmin-Diniz-vencedora-do-3o-Festival-Popular-da-Cancao-se-apresenta-na-feira_Arquivo-FP-1024x683.jpg 1024w, https:\/\/folhapopular.info\/wp-content\/uploads\/2026\/03\/Yasmin-Diniz-vencedora-do-3o-Festival-Popular-da-Cancao-se-apresenta-na-feira_Arquivo-FP-300x200.jpg 300w, https:\/\/folhapopular.info\/wp-content\/uploads\/2026\/03\/Yasmin-Diniz-vencedora-do-3o-Festival-Popular-da-Cancao-se-apresenta-na-feira_Arquivo-FP-768x512.jpg 768w, https:\/\/folhapopular.info\/wp-content\/uploads\/2026\/03\/Yasmin-Diniz-vencedora-do-3o-Festival-Popular-da-Cancao-se-apresenta-na-feira_Arquivo-FP-1536x1024.jpg 1536w, https:\/\/folhapopular.info\/wp-content\/uploads\/2026\/03\/Yasmin-Diniz-vencedora-do-3o-Festival-Popular-da-Cancao-se-apresenta-na-feira_Arquivo-FP-2048x1365.jpg 2048w, https:\/\/folhapopular.info\/wp-content\/uploads\/2026\/03\/Yasmin-Diniz-vencedora-do-3o-Festival-Popular-da-Cancao-se-apresenta-na-feira_Arquivo-FP-630x420.jpg 630w, https:\/\/folhapopular.info\/wp-content\/uploads\/2026\/03\/Yasmin-Diniz-vencedora-do-3o-Festival-Popular-da-Cancao-se-apresenta-na-feira_Arquivo-FP-696x464.jpg 696w, https:\/\/folhapopular.info\/wp-content\/uploads\/2026\/03\/Yasmin-Diniz-vencedora-do-3o-Festival-Popular-da-Cancao-se-apresenta-na-feira_Arquivo-FP-1068x712.jpg 1068w, https:\/\/folhapopular.info\/wp-content\/uploads\/2026\/03\/Yasmin-Diniz-vencedora-do-3o-Festival-Popular-da-Cancao-se-apresenta-na-feira_Arquivo-FP-1920x1280.jpg 1920w\" sizes=\"auto, (max-width: 1024px) 100vw, 1024px\" \/><figcaption class=\"wp-element-caption\"><br>Yasmin Diniz, vencedora do 3\u00ba Festival Popular da Can\u00e7\u00e3o, se apresenta na feira \/ Cr\u00e9dito: Arquivo FP<\/figcaption><\/figure>\n\n\n\n<h2 class=\"wp-block-heading\"><strong>Programa\u00e7\u00e3o<\/strong><\/h2>\n\n\n\n<p><strong>Quinta-feira (5\/3)<\/strong><\/p>\n\n\n\n<p>14h30 &#8211; Recep\u00e7\u00e3o aos convidados e comunidade<br>15h &#8211; Reuni\u00e3o Amvat Amturvales e Encontro de Primeiras-Damas<br>18h &#8211; Abertura para visita\u00e7\u00e3o<br>18h30 &#8211; Cerim\u00f4nia oficial de abertura<br>19h30 &#8211; Show musical com Evelin, Talia e Guilherme<\/p>\n\n\n\n<p><strong>Sexta-feira (6\/3)<\/strong><\/p>\n\n\n\n<p>9h30 &#8211; Comemora\u00e7\u00e3o do Dia Internacional da Mulher \/ Encontro Regional Sindical do Vale do Taquari<br>13h &#8211; Baile com Musical Star<br>13h30 &#8211; Evento de integra\u00e7\u00e3o das escolas municipais<br>15h &#8211; Show Dog com Rudinho Bombassaro<br>15h &#8211; Palestra sobre Turismo com alunos da Escola Estadual de Ensino M\u00e9dio Pedro Albino M\u00fcller<br>20h30 \u00e0s 22h30 \u2013 Desfile com escolha da nova Corte de Soberanas<br>22h30 &#8211; Baile com a Banda Modello<\/p>\n\n\n\n<p><strong>S\u00e1bado (7\/3)<\/strong><\/p>\n\n\n\n<p>9h30 &#8211; Reuni\u00e3o da Associa\u00e7\u00e3o dos Vereadores do Vale do Taquari (Avat)<br>13h &#8211; Baile da Melhor Idade com o Musical Star 3<br>14h30 &#8211; 2\u00ba Encontro de Soberanas<br>15h \u00e0s 18h &#8211; Encontro de Motos e show com a Banda Apple<br>18h &#8211; Show com Jenifer Gaiteira e banda<br>19h &#8211; Show com Yasmin Diniz e Banda<br>20h30 &#8211; Show com Wagner Nunes e Fam\u00edlia<br>23h &#8211; Banda Mercosul<\/p>\n\n\n\n<p><strong>Domingo (8\/3)<\/strong><\/p>\n\n\n\n<p>9h &#8211; Missa festiva com apresenta\u00e7\u00e3o do coral de S\u00e9rio<br>9h &#8211; Encontro de Carros Antigos<br>10h &#8211; Encontro de ex-soberanas de S\u00e9rio<br>12h &#8211; Apresenta\u00e7\u00e3o de talentos locais: Igor Zacaria, Jade Zimmer e Alice Sartori<br>13h30 &#8211; Show com Wilceu &amp; Mari Pause<br>16h &#8211; Show Nacional com a dupla sertaneja Rick e Renner<br>20h &#8211; Encerramento da feira<\/p>\n","protected":false},"excerpt":{"rendered":"<p>A programa\u00e7\u00e3o da 3\u00aa Feira da Pitaya inicia nesta quinta-feira e segue at\u00e9 o domingo (5 a 8\/3) com atra\u00e7\u00f5es culturais, shows e a escolha da nova Corte de Soberanas. A edi\u00e7\u00e3o de 2026 ter\u00e1 duas novidades: os pavilh\u00f5es da Agroind\u00fastria Familiar e do Turismo. Segundo o prefeito Mois\u00e9s de Freitas, a feira representa uma [&hellip;]<\/p>\n","protected":false},"author":673,"featured_media":205051,"comment_status":"open","ping_status":"open","sticky":false,"template":"","format":"standard","meta":{"pmpro_default_level":"","_jetpack_memberships_contains_paid_content":false,"footnotes":""},"categories":[2,6],"tags":[20600,14400,4445,8151,536],"class_list":{"0":"post-205050","1":"post","2":"type-post","3":"status-publish","4":"format-standard","5":"has-post-thumbnail","7":"category-featured","8":"category-inclusive","9":"tag-3a-festa-da-pitaya","10":"tag-festa-da-pitaya","11":"tag-festival-popular-da-cancao","12":"tag-pitaya","13":"tag-serio","14":"pmpro-has-access"},"yoast_head":"<!-- This site is optimized with the Yoast SEO plugin v27.5 - https:\/\/yoast.com\/product\/yoast-seo-wordpress\/ -->\n<title>Feira da Pitaya inicia hoje com expectativa de grande p\u00fablico - Folha Popular<\/title>\n<meta name=\"description\" content=\"A estimativa \u00e9 que cerca de 40 mil visitantes compare\u00e7am ao gin\u00e1sio poliesportivo municipal e visitem a feira.\" \/>\n<meta name=\"robots\" content=\"index, follow, max-snippet:-1, max-image-preview:large, max-video-preview:-1\" \/>\n<link rel=\"canonical\" href=\"https:\/\/folhapopular.info\/index.php\/2026\/03\/05\/feira-da-pitaya-inicia-hoje-com-expectativa-de-grande-publico\/\" \/>\n<meta property=\"og:locale\" content=\"pt_BR\" \/>\n<meta property=\"og:type\" content=\"article\" \/>\n<meta property=\"og:title\" content=\"Feira da Pitaya inicia hoje com expectativa de grande p\u00fablico - Folha Popular\" \/>\n<meta property=\"og:description\" content=\"A estimativa \u00e9 que cerca de 40 mil visitantes compare\u00e7am ao gin\u00e1sio poliesportivo municipal e visitem a feira.\" \/>\n<meta property=\"og:url\" content=\"https:\/\/folhapopular.info\/index.php\/2026\/03\/05\/feira-da-pitaya-inicia-hoje-com-expectativa-de-grande-publico\/\" \/>\n<meta property=\"og:site_name\" content=\"Folha Popular\" \/>\n<meta property=\"article:published_time\" content=\"2026-03-05T11:00:00+00:00\" \/>\n<meta property=\"article:modified_time\" content=\"2026-03-05T11:34:02+00:00\" \/>\n<meta property=\"og:image\" content=\"http:\/\/folhapopular.info\/wp-content\/uploads\/2026\/03\/Feira-segue-ate-o-domingo-com-programacao-diversificada_DIV-1.jpg\" \/>\n\t<meta property=\"og:image:width\" content=\"2048\" \/>\n\t<meta property=\"og:image:height\" content=\"1365\" \/>\n\t<meta property=\"og:image:type\" content=\"image\/jpeg\" \/>\n<meta name=\"author\" content=\"Let\u00edcia Echer\" \/>\n<meta name=\"twitter:card\" content=\"summary_large_image\" \/>\n<meta name=\"twitter:label1\" content=\"Escrito por\" \/>\n\t<meta name=\"twitter:data1\" content=\"Let\u00edcia Echer\" \/>\n\t<meta name=\"twitter:label2\" content=\"Est. tempo de leitura\" \/>\n\t<meta name=\"twitter:data2\" content=\"4 minutos\" \/>\n<script type=\"application\/ld+json\" class=\"yoast-schema-graph\">{\"@context\":\"https:\\\/\\\/schema.org\",\"@graph\":[{\"@type\":\"Article\",\"@id\":\"https:\\\/\\\/folhapopular.info\\\/index.php\\\/2026\\\/03\\\/05\\\/feira-da-pitaya-inicia-hoje-com-expectativa-de-grande-publico\\\/#article\",\"isPartOf\":{\"@id\":\"https:\\\/\\\/folhapopular.info\\\/index.php\\\/2026\\\/03\\\/05\\\/feira-da-pitaya-inicia-hoje-com-expectativa-de-grande-publico\\\/\"},\"author\":{\"name\":\"Let\u00edcia Echer\",\"@id\":\"https:\\\/\\\/folhapopular.info\\\/#\\\/schema\\\/person\\\/52b95b9c1c41ec0e826e7518183d0cc0\"},\"headline\":\"Feira da Pitaya inicia hoje com expectativa de grande p\u00fablico\",\"datePublished\":\"2026-03-05T11:00:00+00:00\",\"dateModified\":\"2026-03-05T11:34:02+00:00\",\"mainEntityOfPage\":{\"@id\":\"https:\\\/\\\/folhapopular.info\\\/index.php\\\/2026\\\/03\\\/05\\\/feira-da-pitaya-inicia-hoje-com-expectativa-de-grande-publico\\\/\"},\"wordCount\":686,\"commentCount\":0,\"image\":{\"@id\":\"https:\\\/\\\/folhapopular.info\\\/index.php\\\/2026\\\/03\\\/05\\\/feira-da-pitaya-inicia-hoje-com-expectativa-de-grande-publico\\\/#primaryimage\"},\"thumbnailUrl\":\"https:\\\/\\\/folhapopular.info\\\/wp-content\\\/uploads\\\/2026\\\/03\\\/Feira-segue-ate-o-domingo-com-programacao-diversificada_DIV-1.jpg\",\"keywords\":[\"3\u00aa Festa da Pitaya\",\"Festa da Pitaya\",\"Festival Popular da Can\u00e7\u00e3o\",\"Pitaya\",\"S\u00e9rio\"],\"articleSection\":[\"Destaques\",\"Inclusive\"],\"inLanguage\":\"pt-BR\",\"potentialAction\":[{\"@type\":\"CommentAction\",\"name\":\"Comment\",\"target\":[\"https:\\\/\\\/folhapopular.info\\\/index.php\\\/2026\\\/03\\\/05\\\/feira-da-pitaya-inicia-hoje-com-expectativa-de-grande-publico\\\/#respond\"]}]},{\"@type\":\"WebPage\",\"@id\":\"https:\\\/\\\/folhapopular.info\\\/index.php\\\/2026\\\/03\\\/05\\\/feira-da-pitaya-inicia-hoje-com-expectativa-de-grande-publico\\\/\",\"url\":\"https:\\\/\\\/folhapopular.info\\\/index.php\\\/2026\\\/03\\\/05\\\/feira-da-pitaya-inicia-hoje-com-expectativa-de-grande-publico\\\/\",\"name\":\"Feira da Pitaya inicia hoje com expectativa de grande p\u00fablico - Folha Popular\",\"isPartOf\":{\"@id\":\"https:\\\/\\\/folhapopular.info\\\/#website\"},\"primaryImageOfPage\":{\"@id\":\"https:\\\/\\\/folhapopular.info\\\/index.php\\\/2026\\\/03\\\/05\\\/feira-da-pitaya-inicia-hoje-com-expectativa-de-grande-publico\\\/#primaryimage\"},\"image\":{\"@id\":\"https:\\\/\\\/folhapopular.info\\\/index.php\\\/2026\\\/03\\\/05\\\/feira-da-pitaya-inicia-hoje-com-expectativa-de-grande-publico\\\/#primaryimage\"},\"thumbnailUrl\":\"https:\\\/\\\/folhapopular.info\\\/wp-content\\\/uploads\\\/2026\\\/03\\\/Feira-segue-ate-o-domingo-com-programacao-diversificada_DIV-1.jpg\",\"datePublished\":\"2026-03-05T11:00:00+00:00\",\"dateModified\":\"2026-03-05T11:34:02+00:00\",\"author\":{\"@id\":\"https:\\\/\\\/folhapopular.info\\\/#\\\/schema\\\/person\\\/52b95b9c1c41ec0e826e7518183d0cc0\"},\"description\":\"A estimativa \u00e9 que cerca de 40 mil visitantes compare\u00e7am ao gin\u00e1sio poliesportivo municipal e visitem a feira.\",\"breadcrumb\":{\"@id\":\"https:\\\/\\\/folhapopular.info\\\/index.php\\\/2026\\\/03\\\/05\\\/feira-da-pitaya-inicia-hoje-com-expectativa-de-grande-publico\\\/#breadcrumb\"},\"inLanguage\":\"pt-BR\",\"potentialAction\":[{\"@type\":\"ReadAction\",\"target\":[\"https:\\\/\\\/folhapopular.info\\\/index.php\\\/2026\\\/03\\\/05\\\/feira-da-pitaya-inicia-hoje-com-expectativa-de-grande-publico\\\/\"]}]},{\"@type\":\"ImageObject\",\"inLanguage\":\"pt-BR\",\"@id\":\"https:\\\/\\\/folhapopular.info\\\/index.php\\\/2026\\\/03\\\/05\\\/feira-da-pitaya-inicia-hoje-com-expectativa-de-grande-publico\\\/#primaryimage\",\"url\":\"https:\\\/\\\/folhapopular.info\\\/wp-content\\\/uploads\\\/2026\\\/03\\\/Feira-segue-ate-o-domingo-com-programacao-diversificada_DIV-1.jpg\",\"contentUrl\":\"https:\\\/\\\/folhapopular.info\\\/wp-content\\\/uploads\\\/2026\\\/03\\\/Feira-segue-ate-o-domingo-com-programacao-diversificada_DIV-1.jpg\",\"width\":2048,\"height\":1365,\"caption\":\"Feira segue at\u00e9 o domingo com programa\u00e7\u00e3o diversificada \\\/ Cr\u00e9dito: Divulga\u00e7\u00e3o\"},{\"@type\":\"BreadcrumbList\",\"@id\":\"https:\\\/\\\/folhapopular.info\\\/index.php\\\/2026\\\/03\\\/05\\\/feira-da-pitaya-inicia-hoje-com-expectativa-de-grande-publico\\\/#breadcrumb\",\"itemListElement\":[{\"@type\":\"ListItem\",\"position\":1,\"name\":\"In\u00edcio\",\"item\":\"https:\\\/\\\/folhapopular.info\\\/\"},{\"@type\":\"ListItem\",\"position\":2,\"name\":\"Feira da Pitaya inicia hoje com expectativa de grande p\u00fablico\"}]},{\"@type\":\"WebSite\",\"@id\":\"https:\\\/\\\/folhapopular.info\\\/#website\",\"url\":\"https:\\\/\\\/folhapopular.info\\\/\",\"name\":\"Folha Popular\",\"description\":\"Onde voc\u00ea tem vez e voz\",\"potentialAction\":[{\"@type\":\"SearchAction\",\"target\":{\"@type\":\"EntryPoint\",\"urlTemplate\":\"https:\\\/\\\/folhapopular.info\\\/?s={search_term_string}\"},\"query-input\":{\"@type\":\"PropertyValueSpecification\",\"valueRequired\":true,\"valueName\":\"search_term_string\"}}],\"inLanguage\":\"pt-BR\"},{\"@type\":\"Person\",\"@id\":\"https:\\\/\\\/folhapopular.info\\\/#\\\/schema\\\/person\\\/52b95b9c1c41ec0e826e7518183d0cc0\",\"name\":\"Let\u00edcia Echer\",\"image\":{\"@type\":\"ImageObject\",\"inLanguage\":\"pt-BR\",\"@id\":\"https:\\\/\\\/secure.gravatar.com\\\/avatar\\\/303201b45d8f4e048c95808925ff8953fa7ebc0e52cb5b3af1fc9e3d52c95645?s=96&d=mm&r=g\",\"url\":\"https:\\\/\\\/secure.gravatar.com\\\/avatar\\\/303201b45d8f4e048c95808925ff8953fa7ebc0e52cb5b3af1fc9e3d52c95645?s=96&d=mm&r=g\",\"contentUrl\":\"https:\\\/\\\/secure.gravatar.com\\\/avatar\\\/303201b45d8f4e048c95808925ff8953fa7ebc0e52cb5b3af1fc9e3d52c95645?s=96&d=mm&r=g\",\"caption\":\"Let\u00edcia Echer\"},\"url\":\"https:\\\/\\\/folhapopular.info\\\/index.php\\\/author\\\/leticiaecher04gmail-com\\\/\"}]}<\/script>\n<!-- \/ Yoast SEO plugin. -->","yoast_head_json":{"title":"Feira da Pitaya inicia hoje com expectativa de grande p\u00fablico - Folha Popular","description":"A estimativa \u00e9 que cerca de 40 mil visitantes compare\u00e7am ao gin\u00e1sio poliesportivo municipal e visitem a feira.","robots":{"index":"index","follow":"follow","max-snippet":"max-snippet:-1","max-image-preview":"max-image-preview:large","max-video-preview":"max-video-preview:-1"},"canonical":"https:\/\/folhapopular.info\/index.php\/2026\/03\/05\/feira-da-pitaya-inicia-hoje-com-expectativa-de-grande-publico\/","og_locale":"pt_BR","og_type":"article","og_title":"Feira da Pitaya inicia hoje com expectativa de grande p\u00fablico - Folha Popular","og_description":"A estimativa \u00e9 que cerca de 40 mil visitantes compare\u00e7am ao gin\u00e1sio poliesportivo municipal e visitem a feira.","og_url":"https:\/\/folhapopular.info\/index.php\/2026\/03\/05\/feira-da-pitaya-inicia-hoje-com-expectativa-de-grande-publico\/","og_site_name":"Folha Popular","article_published_time":"2026-03-05T11:00:00+00:00","article_modified_time":"2026-03-05T11:34:02+00:00","og_image":[{"width":2048,"height":1365,"url":"http:\/\/folhapopular.info\/wp-content\/uploads\/2026\/03\/Feira-segue-ate-o-domingo-com-programacao-diversificada_DIV-1.jpg","type":"image\/jpeg"}],"author":"Let\u00edcia Echer","twitter_card":"summary_large_image","twitter_misc":{"Escrito por":"Let\u00edcia Echer","Est. tempo de leitura":"4 minutos"},"schema":{"@context":"https:\/\/schema.org","@graph":[{"@type":"Article","@id":"https:\/\/folhapopular.info\/index.php\/2026\/03\/05\/feira-da-pitaya-inicia-hoje-com-expectativa-de-grande-publico\/#article","isPartOf":{"@id":"https:\/\/folhapopular.info\/index.php\/2026\/03\/05\/feira-da-pitaya-inicia-hoje-com-expectativa-de-grande-publico\/"},"author":{"name":"Let\u00edcia Echer","@id":"https:\/\/folhapopular.info\/#\/schema\/person\/52b95b9c1c41ec0e826e7518183d0cc0"},"headline":"Feira da Pitaya inicia hoje com expectativa de grande p\u00fablico","datePublished":"2026-03-05T11:00:00+00:00","dateModified":"2026-03-05T11:34:02+00:00","mainEntityOfPage":{"@id":"https:\/\/folhapopular.info\/index.php\/2026\/03\/05\/feira-da-pitaya-inicia-hoje-com-expectativa-de-grande-publico\/"},"wordCount":686,"commentCount":0,"image":{"@id":"https:\/\/folhapopular.info\/index.php\/2026\/03\/05\/feira-da-pitaya-inicia-hoje-com-expectativa-de-grande-publico\/#primaryimage"},"thumbnailUrl":"https:\/\/folhapopular.info\/wp-content\/uploads\/2026\/03\/Feira-segue-ate-o-domingo-com-programacao-diversificada_DIV-1.jpg","keywords":["3\u00aa Festa da Pitaya","Festa da Pitaya","Festival Popular da Can\u00e7\u00e3o","Pitaya","S\u00e9rio"],"articleSection":["Destaques","Inclusive"],"inLanguage":"pt-BR","potentialAction":[{"@type":"CommentAction","name":"Comment","target":["https:\/\/folhapopular.info\/index.php\/2026\/03\/05\/feira-da-pitaya-inicia-hoje-com-expectativa-de-grande-publico\/#respond"]}]},{"@type":"WebPage","@id":"https:\/\/folhapopular.info\/index.php\/2026\/03\/05\/feira-da-pitaya-inicia-hoje-com-expectativa-de-grande-publico\/","url":"https:\/\/folhapopular.info\/index.php\/2026\/03\/05\/feira-da-pitaya-inicia-hoje-com-expectativa-de-grande-publico\/","name":"Feira da Pitaya inicia hoje com expectativa de grande p\u00fablico - Folha Popular","isPartOf":{"@id":"https:\/\/folhapopular.info\/#website"},"primaryImageOfPage":{"@id":"https:\/\/folhapopular.info\/index.php\/2026\/03\/05\/feira-da-pitaya-inicia-hoje-com-expectativa-de-grande-publico\/#primaryimage"},"image":{"@id":"https:\/\/folhapopular.info\/index.php\/2026\/03\/05\/feira-da-pitaya-inicia-hoje-com-expectativa-de-grande-publico\/#primaryimage"},"thumbnailUrl":"https:\/\/folhapopular.info\/wp-content\/uploads\/2026\/03\/Feira-segue-ate-o-domingo-com-programacao-diversificada_DIV-1.jpg","datePublished":"2026-03-05T11:00:00+00:00","dateModified":"2026-03-05T11:34:02+00:00","author":{"@id":"https:\/\/folhapopular.info\/#\/schema\/person\/52b95b9c1c41ec0e826e7518183d0cc0"},"description":"A estimativa \u00e9 que cerca de 40 mil visitantes compare\u00e7am ao gin\u00e1sio poliesportivo municipal e visitem a feira.","breadcrumb":{"@id":"https:\/\/folhapopular.info\/index.php\/2026\/03\/05\/feira-da-pitaya-inicia-hoje-com-expectativa-de-grande-publico\/#breadcrumb"},"inLanguage":"pt-BR","potentialAction":[{"@type":"ReadAction","target":["https:\/\/folhapopular.info\/index.php\/2026\/03\/05\/feira-da-pitaya-inicia-hoje-com-expectativa-de-grande-publico\/"]}]},{"@type":"ImageObject","inLanguage":"pt-BR","@id":"https:\/\/folhapopular.info\/index.php\/2026\/03\/05\/feira-da-pitaya-inicia-hoje-com-expectativa-de-grande-publico\/#primaryimage","url":"https:\/\/folhapopular.info\/wp-content\/uploads\/2026\/03\/Feira-segue-ate-o-domingo-com-programacao-diversificada_DIV-1.jpg","contentUrl":"https:\/\/folhapopular.info\/wp-content\/uploads\/2026\/03\/Feira-segue-ate-o-domingo-com-programacao-diversificada_DIV-1.jpg","width":2048,"height":1365,"caption":"Feira segue at\u00e9 o domingo com programa\u00e7\u00e3o diversificada \/ Cr\u00e9dito: Divulga\u00e7\u00e3o"},{"@type":"BreadcrumbList","@id":"https:\/\/folhapopular.info\/index.php\/2026\/03\/05\/feira-da-pitaya-inicia-hoje-com-expectativa-de-grande-publico\/#breadcrumb","itemListElement":[{"@type":"ListItem","position":1,"name":"In\u00edcio","item":"https:\/\/folhapopular.info\/"},{"@type":"ListItem","position":2,"name":"Feira da Pitaya inicia hoje com expectativa de grande p\u00fablico"}]},{"@type":"WebSite","@id":"https:\/\/folhapopular.info\/#website","url":"https:\/\/folhapopular.info\/","name":"Folha Popular","description":"Onde voc\u00ea tem vez e voz","potentialAction":[{"@type":"SearchAction","target":{"@type":"EntryPoint","urlTemplate":"https:\/\/folhapopular.info\/?s={search_term_string}"},"query-input":{"@type":"PropertyValueSpecification","valueRequired":true,"valueName":"search_term_string"}}],"inLanguage":"pt-BR"},{"@type":"Person","@id":"https:\/\/folhapopular.info\/#\/schema\/person\/52b95b9c1c41ec0e826e7518183d0cc0","name":"Let\u00edcia Echer","image":{"@type":"ImageObject","inLanguage":"pt-BR","@id":"https:\/\/secure.gravatar.com\/avatar\/303201b45d8f4e048c95808925ff8953fa7ebc0e52cb5b3af1fc9e3d52c95645?s=96&d=mm&r=g","url":"https:\/\/secure.gravatar.com\/avatar\/303201b45d8f4e048c95808925ff8953fa7ebc0e52cb5b3af1fc9e3d52c95645?s=96&d=mm&r=g","contentUrl":"https:\/\/secure.gravatar.com\/avatar\/303201b45d8f4e048c95808925ff8953fa7ebc0e52cb5b3af1fc9e3d52c95645?s=96&d=mm&r=g","caption":"Let\u00edcia Echer"},"url":"https:\/\/folhapopular.info\/index.php\/author\/leticiaecher04gmail-com\/"}]}},"jetpack_featured_media_url":"https:\/\/folhapopular.info\/wp-content\/uploads\/2026\/03\/Feira-segue-ate-o-domingo-com-programacao-diversificada_DIV-1.jpg","jetpack_sharing_enabled":true,"amp_enabled":true,"_links":{"self":[{"href":"https:\/\/folhapopular.info\/index.php\/wp-json\/wp\/v2\/posts\/205050","targetHints":{"allow":["GET"]}}],"collection":[{"href":"https:\/\/folhapopular.info\/index.php\/wp-json\/wp\/v2\/posts"}],"about":[{"href":"https:\/\/folhapopular.info\/index.php\/wp-json\/wp\/v2\/types\/post"}],"author":[{"embeddable":true,"href":"https:\/\/folhapopular.info\/index.php\/wp-json\/wp\/v2\/users\/673"}],"replies":[{"embeddable":true,"href":"https:\/\/folhapopular.info\/index.php\/wp-json\/wp\/v2\/comments?post=205050"}],"version-history":[{"count":0,"href":"https:\/\/folhapopular.info\/index.php\/wp-json\/wp\/v2\/posts\/205050\/revisions"}],"wp:featuredmedia":[{"embeddable":true,"href":"https:\/\/folhapopular.info\/index.php\/wp-json\/wp\/v2\/media\/205051"}],"wp:attachment":[{"href":"https:\/\/folhapopular.info\/index.php\/wp-json\/wp\/v2\/media?parent=205050"}],"wp:term":[{"taxonomy":"category","embeddable":true,"href":"https:\/\/folhapopular.info\/index.php\/wp-json\/wp\/v2\/categories?post=205050"},{"taxonomy":"post_tag","embeddable":true,"href":"https:\/\/folhapopular.info\/index.php\/wp-json\/wp\/v2\/tags?post=205050"}],"curies":[{"name":"wp","href":"https:\/\/api.w.org\/{rel}","templated":true}]}}