{"id":205074,"date":"2026-03-05T10:00:00","date_gmt":"2026-03-05T13:00:00","guid":{"rendered":"https:\/\/folhapopular.info\/?p=205074"},"modified":"2026-03-04T14:20:21","modified_gmt":"2026-03-04T17:20:21","slug":"integrantes-do-rotaract-participam-de-encontro-nacional-na-paraiba","status":"publish","type":"post","link":"https:\/\/folhapopular.info\/index.php\/2026\/03\/05\/integrantes-do-rotaract-participam-de-encontro-nacional-na-paraiba\/","title":{"rendered":"Integrantes do Rotaract participam de encontro nacional na Para\u00edba"},"content":{"rendered":"\n<p>O Rotaract <em>Club <\/em>Teut\u00f4nia estar\u00e1 representado na Confer\u00eancia Nacional de Rotaract <em>Clubs<\/em> (Conarc), que neste ano ocorre em Campina Grande (PA) de 12 a 15 de mar\u00e7o. O evento re\u00fane jovens de todo o Brasil em um grande encontro de integra\u00e7\u00e3o, aprendizado e fortalecimento do movimento rot\u00e1rio. Representam o clube o presidente do ano rot\u00e1rio 2025-2026, Matheus Prates, e a diretora do Quadro Associativo e Representante Distrital Eleita do Rotaract Distrito 4700 para 2026-2027, Ana K\u00e4fer.<\/p>\n\n\n\n<p>Para Ana, a expectativa para o encontro \u00e9 de entusiasmo e descoberta. \u201cViajar para um local novo sempre gera uma curiosidade, descoberta e anima\u00e7\u00e3o. Sairemos do Rio Grande do Sul para vivenciar o evento no Nordeste, uma cultura diferente, sotaques, novas amizades e, com certeza, um refor\u00e7o do porqu\u00ea fazemos parte da fam\u00edlia rot\u00e1ria\u201d, destaca.<\/p>\n\n\n\n<p>Ela tamb\u00e9m ressalta que o retorno para casa deve vir acompanhado de novas ideias e ainda mais motiva\u00e7\u00e3o. \u201cAcredito que o maior aprendizado ser\u00e1 o qu\u00e3o grande \u00e9 o voluntariado e como ele se aplica em cada lugar. Tenho certeza que voltaremos com boas ideias de projetos e a\u00e7\u00f5es para aplicar na nossa comunidade. Um desenvolvimento maior da nossa lideran\u00e7a e um g\u00e1s para come\u00e7ar o pr\u00f3ximo ano rot\u00e1rio com muita energia\u201d, completa.<\/p>\n\n\n\n<p>Vivendo a Conarc pelo terceiro ano consecutivo, Ana afirma que o evento tem um significado especial em sua trajet\u00f3ria dentro do movimento. \u201cDessa vez, terei maior envolvimento, pois estou junto \u00e0 comiss\u00e3o organizadora, composta por v\u00e1rios rotaractianos do Brasil. Poder estar nos bastidores, mas tamb\u00e9m vivenciar tudo que est\u00e1 sendo preparado com carinho e dedica\u00e7\u00e3o ser\u00e1 incr\u00edvel\u201d, aponta ela.<\/p>\n\n\n\n<p>Segundo Ana, essa \u00e9 uma experi\u00eancia que todo membro de Rotaract deve passar pelo menos uma vez. \u201cEla amplia o leque de possibilidades, te leva para lugares que talvez voc\u00ea n\u00e3o iria e refor\u00e7a o que \u00e9 ser Rotaract\u201d, afirma.<\/p>\n\n\n\n<p>O presidente Matheus Prates explica que o Rotaract \u00e9 formado majoritariamente por jovens adultos e est\u00e1 ligado ao Rotary <em>International.<\/em> Desenvolve projetos voltados \u00e0 comunidade, com foco social e de transforma\u00e7\u00e3o comunit\u00e1ria.<\/p>\n\n\n\n<p>Segundo ele, al\u00e9m do impacto social, o movimento tamb\u00e9m tem como prop\u00f3sito a forma\u00e7\u00e3o de lideran\u00e7as: \u201cO nosso objetivo \u00e9 tamb\u00e9m promover desenvolvimento pessoal e profissional por meio do servi\u00e7o volunt\u00e1rio, formando l\u00edderes pra comunidade, conscientes e comprometidos com a realidade onde n\u00f3s atuamos\u201d.<\/p>\n\n\n\n<p>Dentro desse contexto, a Confer\u00eancia Nacional representa um momento estrat\u00e9gico para o fortalecimento do trabalho realizado nos clubes locais. \u201cRe\u00fane jovens de todo o Brasil, onde n\u00f3s podemos criar e trocar novas experi\u00eancias, alinhar estrat\u00e9gias para o pr\u00f3ximo ano e para o nosso clube tamb\u00e9m\u201d conclui.<\/p>\n","protected":false},"excerpt":{"rendered":"<p>O Rotaract Club Teut\u00f4nia estar\u00e1 representado na Confer\u00eancia Nacional de Rotaract Clubs (Conarc), que neste ano ocorre em Campina Grande (PA) de 12 a 15 de mar\u00e7o. O evento re\u00fane jovens de todo o Brasil em um grande encontro de integra\u00e7\u00e3o, aprendizado e fortalecimento do movimento rot\u00e1rio. Representam o clube o presidente do ano rot\u00e1rio [&hellip;]<\/p>\n","protected":false},"author":782,"featured_media":205075,"comment_status":"open","ping_status":"open","sticky":false,"template":"","format":"standard","meta":{"pmpro_default_level":"","_jetpack_memberships_contains_paid_content":false,"footnotes":""},"categories":[10996,2,6],"tags":[20676,16862,275,6265],"class_list":{"0":"post-205074","1":"post","2":"type-post","3":"status-publish","4":"format-standard","5":"has-post-thumbnail","7":"category-cultura","8":"category-featured","9":"category-inclusive","10":"tag-conarc","11":"tag-paraiba","12":"tag-rotaract","13":"tag-rotaract-club-teutonia","14":"pmpro-has-access"},"yoast_head":"<!-- This site is optimized with the Yoast SEO plugin v27.5 - https:\/\/yoast.com\/product\/yoast-seo-wordpress\/ -->\n<title>Integrantes do Rotaract participam de encontro nacional na Para\u00edba - Folha Popular<\/title>\n<meta name=\"robots\" content=\"index, follow, max-snippet:-1, max-image-preview:large, max-video-preview:-1\" \/>\n<link rel=\"canonical\" href=\"https:\/\/folhapopular.info\/index.php\/2026\/03\/05\/integrantes-do-rotaract-participam-de-encontro-nacional-na-paraiba\/\" \/>\n<meta property=\"og:locale\" content=\"pt_BR\" \/>\n<meta property=\"og:type\" content=\"article\" \/>\n<meta property=\"og:title\" content=\"Integrantes do Rotaract participam de encontro nacional na Para\u00edba - Folha Popular\" \/>\n<meta property=\"og:description\" content=\"O Rotaract Club Teut\u00f4nia estar\u00e1 representado na Confer\u00eancia Nacional de Rotaract Clubs (Conarc), que neste ano ocorre em Campina Grande (PA) de 12 a 15 de mar\u00e7o. O evento re\u00fane jovens de todo o Brasil em um grande encontro de integra\u00e7\u00e3o, aprendizado e fortalecimento do movimento rot\u00e1rio. Representam o clube o presidente do ano rot\u00e1rio [&hellip;]\" \/>\n<meta property=\"og:url\" content=\"https:\/\/folhapopular.info\/index.php\/2026\/03\/05\/integrantes-do-rotaract-participam-de-encontro-nacional-na-paraiba\/\" \/>\n<meta property=\"og:site_name\" content=\"Folha Popular\" \/>\n<meta property=\"article:published_time\" content=\"2026-03-05T13:00:00+00:00\" \/>\n<meta property=\"og:image\" content=\"https:\/\/folhapopular.info\/wp-content\/uploads\/2026\/03\/Rotaract-Club-soma-9-anos-de-atuacao-em-Teutonia-696x504-1.jpeg\" \/>\n\t<meta property=\"og:image:width\" content=\"696\" \/>\n\t<meta property=\"og:image:height\" content=\"504\" \/>\n\t<meta property=\"og:image:type\" content=\"image\/jpeg\" \/>\n<meta name=\"author\" content=\"Rafaela Zappaz\" \/>\n<meta name=\"twitter:card\" content=\"summary_large_image\" \/>\n<meta name=\"twitter:label1\" content=\"Escrito por\" \/>\n\t<meta name=\"twitter:data1\" content=\"Rafaela Zappaz\" \/>\n\t<meta name=\"twitter:label2\" content=\"Est. tempo de leitura\" \/>\n\t<meta name=\"twitter:data2\" content=\"3 minutos\" \/>\n<script type=\"application\/ld+json\" class=\"yoast-schema-graph\">{\"@context\":\"https:\\\/\\\/schema.org\",\"@graph\":[{\"@type\":\"Article\",\"@id\":\"https:\\\/\\\/folhapopular.info\\\/index.php\\\/2026\\\/03\\\/05\\\/integrantes-do-rotaract-participam-de-encontro-nacional-na-paraiba\\\/#article\",\"isPartOf\":{\"@id\":\"https:\\\/\\\/folhapopular.info\\\/index.php\\\/2026\\\/03\\\/05\\\/integrantes-do-rotaract-participam-de-encontro-nacional-na-paraiba\\\/\"},\"author\":{\"name\":\"Rafaela Zappaz\",\"@id\":\"https:\\\/\\\/folhapopular.info\\\/#\\\/schema\\\/person\\\/87aa1d7488478bf03a40dc0a852db19d\"},\"headline\":\"Integrantes do Rotaract participam de encontro nacional na Para\u00edba\",\"datePublished\":\"2026-03-05T13:00:00+00:00\",\"mainEntityOfPage\":{\"@id\":\"https:\\\/\\\/folhapopular.info\\\/index.php\\\/2026\\\/03\\\/05\\\/integrantes-do-rotaract-participam-de-encontro-nacional-na-paraiba\\\/\"},\"wordCount\":474,\"commentCount\":0,\"image\":{\"@id\":\"https:\\\/\\\/folhapopular.info\\\/index.php\\\/2026\\\/03\\\/05\\\/integrantes-do-rotaract-participam-de-encontro-nacional-na-paraiba\\\/#primaryimage\"},\"thumbnailUrl\":\"https:\\\/\\\/folhapopular.info\\\/wp-content\\\/uploads\\\/2026\\\/03\\\/Rotaract-Club-soma-9-anos-de-atuacao-em-Teutonia-696x504-1.jpeg\",\"keywords\":[\"Conarc\",\"Para\u00edba\",\"Rotaract\",\"Rotaract Club Teut\u00f4nia\"],\"articleSection\":[\"Cultura\",\"Destaques\",\"Inclusive\"],\"inLanguage\":\"pt-BR\",\"potentialAction\":[{\"@type\":\"CommentAction\",\"name\":\"Comment\",\"target\":[\"https:\\\/\\\/folhapopular.info\\\/index.php\\\/2026\\\/03\\\/05\\\/integrantes-do-rotaract-participam-de-encontro-nacional-na-paraiba\\\/#respond\"]}]},{\"@type\":\"WebPage\",\"@id\":\"https:\\\/\\\/folhapopular.info\\\/index.php\\\/2026\\\/03\\\/05\\\/integrantes-do-rotaract-participam-de-encontro-nacional-na-paraiba\\\/\",\"url\":\"https:\\\/\\\/folhapopular.info\\\/index.php\\\/2026\\\/03\\\/05\\\/integrantes-do-rotaract-participam-de-encontro-nacional-na-paraiba\\\/\",\"name\":\"Integrantes do Rotaract participam de encontro nacional na Para\u00edba - Folha Popular\",\"isPartOf\":{\"@id\":\"https:\\\/\\\/folhapopular.info\\\/#website\"},\"primaryImageOfPage\":{\"@id\":\"https:\\\/\\\/folhapopular.info\\\/index.php\\\/2026\\\/03\\\/05\\\/integrantes-do-rotaract-participam-de-encontro-nacional-na-paraiba\\\/#primaryimage\"},\"image\":{\"@id\":\"https:\\\/\\\/folhapopular.info\\\/index.php\\\/2026\\\/03\\\/05\\\/integrantes-do-rotaract-participam-de-encontro-nacional-na-paraiba\\\/#primaryimage\"},\"thumbnailUrl\":\"https:\\\/\\\/folhapopular.info\\\/wp-content\\\/uploads\\\/2026\\\/03\\\/Rotaract-Club-soma-9-anos-de-atuacao-em-Teutonia-696x504-1.jpeg\",\"datePublished\":\"2026-03-05T13:00:00+00:00\",\"author\":{\"@id\":\"https:\\\/\\\/folhapopular.info\\\/#\\\/schema\\\/person\\\/87aa1d7488478bf03a40dc0a852db19d\"},\"breadcrumb\":{\"@id\":\"https:\\\/\\\/folhapopular.info\\\/index.php\\\/2026\\\/03\\\/05\\\/integrantes-do-rotaract-participam-de-encontro-nacional-na-paraiba\\\/#breadcrumb\"},\"inLanguage\":\"pt-BR\",\"potentialAction\":[{\"@type\":\"ReadAction\",\"target\":[\"https:\\\/\\\/folhapopular.info\\\/index.php\\\/2026\\\/03\\\/05\\\/integrantes-do-rotaract-participam-de-encontro-nacional-na-paraiba\\\/\"]}]},{\"@type\":\"ImageObject\",\"inLanguage\":\"pt-BR\",\"@id\":\"https:\\\/\\\/folhapopular.info\\\/index.php\\\/2026\\\/03\\\/05\\\/integrantes-do-rotaract-participam-de-encontro-nacional-na-paraiba\\\/#primaryimage\",\"url\":\"https:\\\/\\\/folhapopular.info\\\/wp-content\\\/uploads\\\/2026\\\/03\\\/Rotaract-Club-soma-9-anos-de-atuacao-em-Teutonia-696x504-1.jpeg\",\"contentUrl\":\"https:\\\/\\\/folhapopular.info\\\/wp-content\\\/uploads\\\/2026\\\/03\\\/Rotaract-Club-soma-9-anos-de-atuacao-em-Teutonia-696x504-1.jpeg\",\"width\":696,\"height\":504,\"caption\":\"Cr\u00e9dito: Divulga\u00e7\u00e3o\"},{\"@type\":\"BreadcrumbList\",\"@id\":\"https:\\\/\\\/folhapopular.info\\\/index.php\\\/2026\\\/03\\\/05\\\/integrantes-do-rotaract-participam-de-encontro-nacional-na-paraiba\\\/#breadcrumb\",\"itemListElement\":[{\"@type\":\"ListItem\",\"position\":1,\"name\":\"In\u00edcio\",\"item\":\"https:\\\/\\\/folhapopular.info\\\/\"},{\"@type\":\"ListItem\",\"position\":2,\"name\":\"Integrantes do Rotaract participam de encontro nacional na Para\u00edba\"}]},{\"@type\":\"WebSite\",\"@id\":\"https:\\\/\\\/folhapopular.info\\\/#website\",\"url\":\"https:\\\/\\\/folhapopular.info\\\/\",\"name\":\"Folha Popular\",\"description\":\"Onde voc\u00ea tem vez e voz\",\"potentialAction\":[{\"@type\":\"SearchAction\",\"target\":{\"@type\":\"EntryPoint\",\"urlTemplate\":\"https:\\\/\\\/folhapopular.info\\\/?s={search_term_string}\"},\"query-input\":{\"@type\":\"PropertyValueSpecification\",\"valueRequired\":true,\"valueName\":\"search_term_string\"}}],\"inLanguage\":\"pt-BR\"},{\"@type\":\"Person\",\"@id\":\"https:\\\/\\\/folhapopular.info\\\/#\\\/schema\\\/person\\\/87aa1d7488478bf03a40dc0a852db19d\",\"name\":\"Rafaela Zappaz\",\"image\":{\"@type\":\"ImageObject\",\"inLanguage\":\"pt-BR\",\"@id\":\"https:\\\/\\\/secure.gravatar.com\\\/avatar\\\/7b6259df2b1311e565e2e930bcf599e41eca901dc1e0e850d699f28cc7ea8de8?s=96&d=mm&r=g\",\"url\":\"https:\\\/\\\/secure.gravatar.com\\\/avatar\\\/7b6259df2b1311e565e2e930bcf599e41eca901dc1e0e850d699f28cc7ea8de8?s=96&d=mm&r=g\",\"contentUrl\":\"https:\\\/\\\/secure.gravatar.com\\\/avatar\\\/7b6259df2b1311e565e2e930bcf599e41eca901dc1e0e850d699f28cc7ea8de8?s=96&d=mm&r=g\",\"caption\":\"Rafaela Zappaz\"},\"url\":\"https:\\\/\\\/folhapopular.info\\\/index.php\\\/author\\\/rafaela-zappaz\\\/\"}]}<\/script>\n<!-- \/ Yoast SEO plugin. -->","yoast_head_json":{"title":"Integrantes do Rotaract participam de encontro nacional na Para\u00edba - Folha Popular","robots":{"index":"index","follow":"follow","max-snippet":"max-snippet:-1","max-image-preview":"max-image-preview:large","max-video-preview":"max-video-preview:-1"},"canonical":"https:\/\/folhapopular.info\/index.php\/2026\/03\/05\/integrantes-do-rotaract-participam-de-encontro-nacional-na-paraiba\/","og_locale":"pt_BR","og_type":"article","og_title":"Integrantes do Rotaract participam de encontro nacional na Para\u00edba - Folha Popular","og_description":"O Rotaract Club Teut\u00f4nia estar\u00e1 representado na Confer\u00eancia Nacional de Rotaract Clubs (Conarc), que neste ano ocorre em Campina Grande (PA) de 12 a 15 de mar\u00e7o. O evento re\u00fane jovens de todo o Brasil em um grande encontro de integra\u00e7\u00e3o, aprendizado e fortalecimento do movimento rot\u00e1rio. Representam o clube o presidente do ano rot\u00e1rio [&hellip;]","og_url":"https:\/\/folhapopular.info\/index.php\/2026\/03\/05\/integrantes-do-rotaract-participam-de-encontro-nacional-na-paraiba\/","og_site_name":"Folha Popular","article_published_time":"2026-03-05T13:00:00+00:00","og_image":[{"width":696,"height":504,"url":"https:\/\/folhapopular.info\/wp-content\/uploads\/2026\/03\/Rotaract-Club-soma-9-anos-de-atuacao-em-Teutonia-696x504-1.jpeg","type":"image\/jpeg"}],"author":"Rafaela Zappaz","twitter_card":"summary_large_image","twitter_misc":{"Escrito por":"Rafaela Zappaz","Est. tempo de leitura":"3 minutos"},"schema":{"@context":"https:\/\/schema.org","@graph":[{"@type":"Article","@id":"https:\/\/folhapopular.info\/index.php\/2026\/03\/05\/integrantes-do-rotaract-participam-de-encontro-nacional-na-paraiba\/#article","isPartOf":{"@id":"https:\/\/folhapopular.info\/index.php\/2026\/03\/05\/integrantes-do-rotaract-participam-de-encontro-nacional-na-paraiba\/"},"author":{"name":"Rafaela Zappaz","@id":"https:\/\/folhapopular.info\/#\/schema\/person\/87aa1d7488478bf03a40dc0a852db19d"},"headline":"Integrantes do Rotaract participam de encontro nacional na Para\u00edba","datePublished":"2026-03-05T13:00:00+00:00","mainEntityOfPage":{"@id":"https:\/\/folhapopular.info\/index.php\/2026\/03\/05\/integrantes-do-rotaract-participam-de-encontro-nacional-na-paraiba\/"},"wordCount":474,"commentCount":0,"image":{"@id":"https:\/\/folhapopular.info\/index.php\/2026\/03\/05\/integrantes-do-rotaract-participam-de-encontro-nacional-na-paraiba\/#primaryimage"},"thumbnailUrl":"https:\/\/folhapopular.info\/wp-content\/uploads\/2026\/03\/Rotaract-Club-soma-9-anos-de-atuacao-em-Teutonia-696x504-1.jpeg","keywords":["Conarc","Para\u00edba","Rotaract","Rotaract Club Teut\u00f4nia"],"articleSection":["Cultura","Destaques","Inclusive"],"inLanguage":"pt-BR","potentialAction":[{"@type":"CommentAction","name":"Comment","target":["https:\/\/folhapopular.info\/index.php\/2026\/03\/05\/integrantes-do-rotaract-participam-de-encontro-nacional-na-paraiba\/#respond"]}]},{"@type":"WebPage","@id":"https:\/\/folhapopular.info\/index.php\/2026\/03\/05\/integrantes-do-rotaract-participam-de-encontro-nacional-na-paraiba\/","url":"https:\/\/folhapopular.info\/index.php\/2026\/03\/05\/integrantes-do-rotaract-participam-de-encontro-nacional-na-paraiba\/","name":"Integrantes do Rotaract participam de encontro nacional na Para\u00edba - Folha Popular","isPartOf":{"@id":"https:\/\/folhapopular.info\/#website"},"primaryImageOfPage":{"@id":"https:\/\/folhapopular.info\/index.php\/2026\/03\/05\/integrantes-do-rotaract-participam-de-encontro-nacional-na-paraiba\/#primaryimage"},"image":{"@id":"https:\/\/folhapopular.info\/index.php\/2026\/03\/05\/integrantes-do-rotaract-participam-de-encontro-nacional-na-paraiba\/#primaryimage"},"thumbnailUrl":"https:\/\/folhapopular.info\/wp-content\/uploads\/2026\/03\/Rotaract-Club-soma-9-anos-de-atuacao-em-Teutonia-696x504-1.jpeg","datePublished":"2026-03-05T13:00:00+00:00","author":{"@id":"https:\/\/folhapopular.info\/#\/schema\/person\/87aa1d7488478bf03a40dc0a852db19d"},"breadcrumb":{"@id":"https:\/\/folhapopular.info\/index.php\/2026\/03\/05\/integrantes-do-rotaract-participam-de-encontro-nacional-na-paraiba\/#breadcrumb"},"inLanguage":"pt-BR","potentialAction":[{"@type":"ReadAction","target":["https:\/\/folhapopular.info\/index.php\/2026\/03\/05\/integrantes-do-rotaract-participam-de-encontro-nacional-na-paraiba\/"]}]},{"@type":"ImageObject","inLanguage":"pt-BR","@id":"https:\/\/folhapopular.info\/index.php\/2026\/03\/05\/integrantes-do-rotaract-participam-de-encontro-nacional-na-paraiba\/#primaryimage","url":"https:\/\/folhapopular.info\/wp-content\/uploads\/2026\/03\/Rotaract-Club-soma-9-anos-de-atuacao-em-Teutonia-696x504-1.jpeg","contentUrl":"https:\/\/folhapopular.info\/wp-content\/uploads\/2026\/03\/Rotaract-Club-soma-9-anos-de-atuacao-em-Teutonia-696x504-1.jpeg","width":696,"height":504,"caption":"Cr\u00e9dito: Divulga\u00e7\u00e3o"},{"@type":"BreadcrumbList","@id":"https:\/\/folhapopular.info\/index.php\/2026\/03\/05\/integrantes-do-rotaract-participam-de-encontro-nacional-na-paraiba\/#breadcrumb","itemListElement":[{"@type":"ListItem","position":1,"name":"In\u00edcio","item":"https:\/\/folhapopular.info\/"},{"@type":"ListItem","position":2,"name":"Integrantes do Rotaract participam de encontro nacional na Para\u00edba"}]},{"@type":"WebSite","@id":"https:\/\/folhapopular.info\/#website","url":"https:\/\/folhapopular.info\/","name":"Folha Popular","description":"Onde voc\u00ea tem vez e voz","potentialAction":[{"@type":"SearchAction","target":{"@type":"EntryPoint","urlTemplate":"https:\/\/folhapopular.info\/?s={search_term_string}"},"query-input":{"@type":"PropertyValueSpecification","valueRequired":true,"valueName":"search_term_string"}}],"inLanguage":"pt-BR"},{"@type":"Person","@id":"https:\/\/folhapopular.info\/#\/schema\/person\/87aa1d7488478bf03a40dc0a852db19d","name":"Rafaela Zappaz","image":{"@type":"ImageObject","inLanguage":"pt-BR","@id":"https:\/\/secure.gravatar.com\/avatar\/7b6259df2b1311e565e2e930bcf599e41eca901dc1e0e850d699f28cc7ea8de8?s=96&d=mm&r=g","url":"https:\/\/secure.gravatar.com\/avatar\/7b6259df2b1311e565e2e930bcf599e41eca901dc1e0e850d699f28cc7ea8de8?s=96&d=mm&r=g","contentUrl":"https:\/\/secure.gravatar.com\/avatar\/7b6259df2b1311e565e2e930bcf599e41eca901dc1e0e850d699f28cc7ea8de8?s=96&d=mm&r=g","caption":"Rafaela Zappaz"},"url":"https:\/\/folhapopular.info\/index.php\/author\/rafaela-zappaz\/"}]}},"jetpack_featured_media_url":"https:\/\/folhapopular.info\/wp-content\/uploads\/2026\/03\/Rotaract-Club-soma-9-anos-de-atuacao-em-Teutonia-696x504-1.jpeg","jetpack_sharing_enabled":true,"amp_enabled":true,"_links":{"self":[{"href":"https:\/\/folhapopular.info\/index.php\/wp-json\/wp\/v2\/posts\/205074","targetHints":{"allow":["GET"]}}],"collection":[{"href":"https:\/\/folhapopular.info\/index.php\/wp-json\/wp\/v2\/posts"}],"about":[{"href":"https:\/\/folhapopular.info\/index.php\/wp-json\/wp\/v2\/types\/post"}],"author":[{"embeddable":true,"href":"https:\/\/folhapopular.info\/index.php\/wp-json\/wp\/v2\/users\/782"}],"replies":[{"embeddable":true,"href":"https:\/\/folhapopular.info\/index.php\/wp-json\/wp\/v2\/comments?post=205074"}],"version-history":[{"count":0,"href":"https:\/\/folhapopular.info\/index.php\/wp-json\/wp\/v2\/posts\/205074\/revisions"}],"wp:featuredmedia":[{"embeddable":true,"href":"https:\/\/folhapopular.info\/index.php\/wp-json\/wp\/v2\/media\/205075"}],"wp:attachment":[{"href":"https:\/\/folhapopular.info\/index.php\/wp-json\/wp\/v2\/media?parent=205074"}],"wp:term":[{"taxonomy":"category","embeddable":true,"href":"https:\/\/folhapopular.info\/index.php\/wp-json\/wp\/v2\/categories?post=205074"},{"taxonomy":"post_tag","embeddable":true,"href":"https:\/\/folhapopular.info\/index.php\/wp-json\/wp\/v2\/tags?post=205074"}],"curies":[{"name":"wp","href":"https:\/\/api.w.org\/{rel}","templated":true}]}}