{"id":205077,"date":"2026-03-04T17:00:00","date_gmt":"2026-03-04T20:00:00","guid":{"rendered":"https:\/\/folhapopular.info\/?p=205077"},"modified":"2026-03-05T08:50:14","modified_gmt":"2026-03-05T11:50:14","slug":"mais-elas-integra-programacoes-especiais-para-celebrar-e-fortalecer-as-mulheres","status":"publish","type":"post","link":"https:\/\/folhapopular.info\/index.php\/2026\/03\/04\/mais-elas-integra-programacoes-especiais-para-celebrar-e-fortalecer-as-mulheres\/","title":{"rendered":"Mais Elas integra programa\u00e7\u00f5es especiais para celebrar e fortalecer as mulheres"},"content":{"rendered":"\n<p>O m\u00eas de mar\u00e7o ganha um significado ainda mais especial na regi\u00e3o, com iniciativas que refor\u00e7am a valoriza\u00e7\u00e3o, o protagonismo e o bem-estar feminino. Em alus\u00e3o ao Dia Internacional da Mulher, os munic\u00edpios de Imigrante e Teut\u00f4nia promovem eventos distintos, mas com o mesmo prop\u00f3sito: criar espa\u00e7os de acolhimento, inspira\u00e7\u00e3o e conex\u00e3o entre mulheres.<\/p>\n\n\n\n<p>Em Teut\u00f4nia, a CIC e o Programa Mais Elas da R\u00e1dio Popular realizam a 13\u00aa edi\u00e7\u00e3o do Dia Internacional da Mulher no dia 10 de mar\u00e7o, \u00e0s 19h30, no audit\u00f3rio da entidade. A iniciativa refor\u00e7a o compromisso com a valoriza\u00e7\u00e3o feminina, cria oportunidades de aprendizado, <em>networking<\/em> e fortalece v\u00ednculos profissionais e pessoais.<\/p>\n\n\n\n<p>A programa\u00e7\u00e3o ter\u00e1 a palestra com a mentora de l\u00edder Fl\u00e1via Bernardi, que trar\u00e1 o tema \u201cAcredite em voc\u00ea!\u201d. A proposta \u00e9 despertar nas participantes a confian\u00e7a em seu pr\u00f3prio potencial e incentiv\u00e1-las a enfrentarem desafios com mais seguran\u00e7a e determina\u00e7\u00e3o. A noite tamb\u00e9m ser\u00e1 marcada por momentos de confraterniza\u00e7\u00e3o, fortalecendo a rede de apoio entre mulheres.<\/p>\n\n\n\n<p>O investimento para participar \u00e9 de R$ 90, com alimenta\u00e7\u00e3o inclusa. Os ingressos podem ser adquiridos pelo telefone (51) 3762-1233.<\/p>\n\n\n\n<p>J\u00e1 em Imigrante, a programa\u00e7\u00e3o ocorre no dia 12, tamb\u00e9m a partir das 19h30, no Centro Comunit\u00e1rio Arroio da Seca. A proposta \u00e9 proporcionar uma noite leve e descontra\u00edda, voltada \u00e0 conversa, \u00e0 troca de experi\u00eancias e \u00e0 reflex\u00e3o sobre o dia a dia das mulheres, estimulando o cuidado com o bem-estar f\u00edsico e emocional.<\/p>\n\n\n\n<p>Um dos destaques ser\u00e1 a apresenta\u00e7\u00e3o ao vivo do <em>podcast<\/em> Pod+ Elas, que promete aproximar ainda mais o p\u00fablico das tem\u00e1ticas abordadas. A atividade \u00e9 promovida pela Administra\u00e7\u00e3o Municipal, por meio da Secretaria de Sa\u00fade e Assist\u00eancia Social e ter\u00e1 transmiss\u00e3o on-line. Al\u00e9m disso, haver\u00e1 anima\u00e7\u00e3o com DJ J\u00falio para encerrar o encontro em clima de celebra\u00e7\u00e3o. No local, tamb\u00e9m haver\u00e1 venda de lanches e bebidas.<\/p>\n\n\n\n<h2 class=\"wp-block-heading\"><strong>Valoriza\u00e7\u00e3o que<\/strong> <strong>ultrapassa uma data<\/strong><\/h2>\n\n\n\n<p>A coordenadora do programa Mais Elas, Luciana Brune, ressalta a import\u00e2ncia destes momentos de proximidade. \u201cMar\u00e7o \u00e9 um m\u00eas muito importante, em que nos mobilizamos para criar oportunidades para nossas mulheres. Novos aprendizados, troca de experi\u00eancias, espa\u00e7o de networking, al\u00e9m de momentos de confraterniza\u00e7\u00e3o e merecimento\u201d, cita.<\/p>\n\n\n\n<figure class=\"wp-block-image size-large\"><img loading=\"lazy\" decoding=\"async\" width=\"1024\" height=\"768\" src=\"https:\/\/folhapopular.info\/wp-content\/uploads\/2026\/03\/WhatsApp-Image-2026-03-04-at-16.02.51-1-1024x768.jpeg\" alt=\"\" class=\"wp-image-205132\" srcset=\"https:\/\/folhapopular.info\/wp-content\/uploads\/2026\/03\/WhatsApp-Image-2026-03-04-at-16.02.51-1-1024x768.jpeg 1024w, https:\/\/folhapopular.info\/wp-content\/uploads\/2026\/03\/WhatsApp-Image-2026-03-04-at-16.02.51-1-300x225.jpeg 300w, https:\/\/folhapopular.info\/wp-content\/uploads\/2026\/03\/WhatsApp-Image-2026-03-04-at-16.02.51-1-768x576.jpeg 768w, https:\/\/folhapopular.info\/wp-content\/uploads\/2026\/03\/WhatsApp-Image-2026-03-04-at-16.02.51-1-560x420.jpeg 560w, https:\/\/folhapopular.info\/wp-content\/uploads\/2026\/03\/WhatsApp-Image-2026-03-04-at-16.02.51-1-80x60.jpeg 80w, https:\/\/folhapopular.info\/wp-content\/uploads\/2026\/03\/WhatsApp-Image-2026-03-04-at-16.02.51-1-696x522.jpeg 696w, https:\/\/folhapopular.info\/wp-content\/uploads\/2026\/03\/WhatsApp-Image-2026-03-04-at-16.02.51-1-1068x801.jpeg 1068w, https:\/\/folhapopular.info\/wp-content\/uploads\/2026\/03\/WhatsApp-Image-2026-03-04-at-16.02.51-1.jpeg 1280w\" sizes=\"auto, (max-width: 1024px) 100vw, 1024px\" \/><figcaption class=\"wp-element-caption\">Equipe do Pod+ Elas \/ Cr\u00e9dito: Divulga\u00e7\u00e3o<\/figcaption><\/figure>\n\n\n\n<p>Ela aponta que o evento em parceria com a CIC j\u00e1 \u00e9 tradicional e busca propiciar uma noite especial para elas, buscando inspirar e motivar. J\u00e1 o evento em Imigrante traz um papo leve e descontra\u00eddo sobre o dia a dia das mulheres e cria espa\u00e7o para intera\u00e7\u00e3o e conex\u00e3o, com objetivo de provocar reflex\u00f5es para que elas consigam buscar seu bem-estar f\u00edsico e emocional.<\/p>\n\n\n\n<p>\u201c\u00c9 maravilhoso poder estar mais perto delas com o <em>podcast<\/em> Pod+ Elas e levar nossa energia, bom-humor e experi\u00eancia a mais mulheres\u201d, conclui Luciana.<\/p>\n\n\n\n<p>Embora com formatos diferentes, ambos eventos demonstram a mobiliza\u00e7\u00e3o regional em torno da valoriza\u00e7\u00e3o feminina, buscam promover reflex\u00e3o, incentivar o protagonismo e fortalecer la\u00e7os, reafirmando a import\u00e2ncia de espa\u00e7os que acolham, inspirem e impulsionem as mulheres.<\/p>\n","protected":false},"excerpt":{"rendered":"<p>O m\u00eas de mar\u00e7o ganha um significado ainda mais especial na regi\u00e3o, com iniciativas que refor\u00e7am a valoriza\u00e7\u00e3o, o protagonismo e o bem-estar feminino. Em alus\u00e3o ao Dia Internacional da Mulher, os munic\u00edpios de Imigrante e Teut\u00f4nia promovem eventos distintos, mas com o mesmo prop\u00f3sito: criar espa\u00e7os de acolhimento, inspira\u00e7\u00e3o e conex\u00e3o entre mulheres. Em [&hellip;]<\/p>\n","protected":false},"author":782,"featured_media":205139,"comment_status":"open","ping_status":"open","sticky":false,"template":"","format":"standard","meta":{"pmpro_default_level":"","_jetpack_memberships_contains_paid_content":false,"footnotes":""},"categories":[2,6],"tags":[2220,4227,34,2454,26],"class_list":{"0":"post-205077","1":"post","2":"type-post","3":"status-publish","4":"format-standard","5":"has-post-thumbnail","7":"category-featured","8":"category-inclusive","9":"tag-dia-da-mulher","10":"tag-dia-internacional-da-mulher","11":"tag-imigrante","12":"tag-mais-elas","13":"tag-teutonia","14":"pmpro-has-access"},"yoast_head":"<!-- This site is optimized with the Yoast SEO plugin v27.5 - https:\/\/yoast.com\/product\/yoast-seo-wordpress\/ -->\n<title>Mais Elas integra programa\u00e7\u00f5es especiais para celebrar e fortalecer as mulheres - Folha Popular<\/title>\n<meta name=\"description\" content=\"Imigrante e Teut\u00f4nia promovem eventos distintos, mas com o mesmo prop\u00f3sito: criar espa\u00e7os de acolhimento, inspira\u00e7\u00e3o e conex\u00e3o entre mulheres.\" \/>\n<meta name=\"robots\" content=\"index, follow, max-snippet:-1, max-image-preview:large, max-video-preview:-1\" \/>\n<link rel=\"canonical\" href=\"https:\/\/folhapopular.info\/index.php\/2026\/03\/04\/mais-elas-integra-programacoes-especiais-para-celebrar-e-fortalecer-as-mulheres\/\" \/>\n<meta property=\"og:locale\" content=\"pt_BR\" \/>\n<meta property=\"og:type\" content=\"article\" \/>\n<meta property=\"og:title\" content=\"Mais Elas integra programa\u00e7\u00f5es especiais para celebrar e fortalecer as mulheres - Folha Popular\" \/>\n<meta property=\"og:description\" content=\"Imigrante e Teut\u00f4nia promovem eventos distintos, mas com o mesmo prop\u00f3sito: criar espa\u00e7os de acolhimento, inspira\u00e7\u00e3o e conex\u00e3o entre mulheres.\" \/>\n<meta property=\"og:url\" content=\"https:\/\/folhapopular.info\/index.php\/2026\/03\/04\/mais-elas-integra-programacoes-especiais-para-celebrar-e-fortalecer-as-mulheres\/\" \/>\n<meta property=\"og:site_name\" content=\"Folha Popular\" \/>\n<meta property=\"article:published_time\" content=\"2026-03-04T20:00:00+00:00\" \/>\n<meta property=\"article:modified_time\" content=\"2026-03-05T11:50:14+00:00\" \/>\n<meta property=\"og:image\" content=\"http:\/\/folhapopular.info\/wp-content\/uploads\/2026\/03\/WhatsApp-Image-2026-03-04-at-16.14.23.jpeg\" \/>\n\t<meta property=\"og:image:width\" content=\"1600\" \/>\n\t<meta property=\"og:image:height\" content=\"1066\" \/>\n\t<meta property=\"og:image:type\" content=\"image\/jpeg\" \/>\n<meta name=\"author\" content=\"Rafaela Zappaz\" \/>\n<meta name=\"twitter:card\" content=\"summary_large_image\" \/>\n<meta name=\"twitter:label1\" content=\"Escrito por\" \/>\n\t<meta name=\"twitter:data1\" content=\"Rafaela Zappaz\" \/>\n\t<meta name=\"twitter:label2\" content=\"Est. tempo de leitura\" \/>\n\t<meta name=\"twitter:data2\" content=\"4 minutos\" \/>\n<script type=\"application\/ld+json\" class=\"yoast-schema-graph\">{\"@context\":\"https:\\\/\\\/schema.org\",\"@graph\":[{\"@type\":\"Article\",\"@id\":\"https:\\\/\\\/folhapopular.info\\\/index.php\\\/2026\\\/03\\\/04\\\/mais-elas-integra-programacoes-especiais-para-celebrar-e-fortalecer-as-mulheres\\\/#article\",\"isPartOf\":{\"@id\":\"https:\\\/\\\/folhapopular.info\\\/index.php\\\/2026\\\/03\\\/04\\\/mais-elas-integra-programacoes-especiais-para-celebrar-e-fortalecer-as-mulheres\\\/\"},\"author\":{\"name\":\"Rafaela Zappaz\",\"@id\":\"https:\\\/\\\/folhapopular.info\\\/#\\\/schema\\\/person\\\/87aa1d7488478bf03a40dc0a852db19d\"},\"headline\":\"Mais Elas integra programa\u00e7\u00f5es especiais para celebrar e fortalecer as mulheres\",\"datePublished\":\"2026-03-04T20:00:00+00:00\",\"dateModified\":\"2026-03-05T11:50:14+00:00\",\"mainEntityOfPage\":{\"@id\":\"https:\\\/\\\/folhapopular.info\\\/index.php\\\/2026\\\/03\\\/04\\\/mais-elas-integra-programacoes-especiais-para-celebrar-e-fortalecer-as-mulheres\\\/\"},\"wordCount\":557,\"commentCount\":0,\"image\":{\"@id\":\"https:\\\/\\\/folhapopular.info\\\/index.php\\\/2026\\\/03\\\/04\\\/mais-elas-integra-programacoes-especiais-para-celebrar-e-fortalecer-as-mulheres\\\/#primaryimage\"},\"thumbnailUrl\":\"https:\\\/\\\/folhapopular.info\\\/wp-content\\\/uploads\\\/2026\\\/03\\\/WhatsApp-Image-2026-03-04-at-16.14.23.jpeg\",\"keywords\":[\"Dia da Mulher\",\"Dia Internacional da Mulher\",\"Imigrante\",\"mais elas\",\"Teut\u00f4nia\"],\"articleSection\":[\"Destaques\",\"Inclusive\"],\"inLanguage\":\"pt-BR\",\"potentialAction\":[{\"@type\":\"CommentAction\",\"name\":\"Comment\",\"target\":[\"https:\\\/\\\/folhapopular.info\\\/index.php\\\/2026\\\/03\\\/04\\\/mais-elas-integra-programacoes-especiais-para-celebrar-e-fortalecer-as-mulheres\\\/#respond\"]}]},{\"@type\":\"WebPage\",\"@id\":\"https:\\\/\\\/folhapopular.info\\\/index.php\\\/2026\\\/03\\\/04\\\/mais-elas-integra-programacoes-especiais-para-celebrar-e-fortalecer-as-mulheres\\\/\",\"url\":\"https:\\\/\\\/folhapopular.info\\\/index.php\\\/2026\\\/03\\\/04\\\/mais-elas-integra-programacoes-especiais-para-celebrar-e-fortalecer-as-mulheres\\\/\",\"name\":\"Mais Elas integra programa\u00e7\u00f5es especiais para celebrar e fortalecer as mulheres - Folha Popular\",\"isPartOf\":{\"@id\":\"https:\\\/\\\/folhapopular.info\\\/#website\"},\"primaryImageOfPage\":{\"@id\":\"https:\\\/\\\/folhapopular.info\\\/index.php\\\/2026\\\/03\\\/04\\\/mais-elas-integra-programacoes-especiais-para-celebrar-e-fortalecer-as-mulheres\\\/#primaryimage\"},\"image\":{\"@id\":\"https:\\\/\\\/folhapopular.info\\\/index.php\\\/2026\\\/03\\\/04\\\/mais-elas-integra-programacoes-especiais-para-celebrar-e-fortalecer-as-mulheres\\\/#primaryimage\"},\"thumbnailUrl\":\"https:\\\/\\\/folhapopular.info\\\/wp-content\\\/uploads\\\/2026\\\/03\\\/WhatsApp-Image-2026-03-04-at-16.14.23.jpeg\",\"datePublished\":\"2026-03-04T20:00:00+00:00\",\"dateModified\":\"2026-03-05T11:50:14+00:00\",\"author\":{\"@id\":\"https:\\\/\\\/folhapopular.info\\\/#\\\/schema\\\/person\\\/87aa1d7488478bf03a40dc0a852db19d\"},\"description\":\"Imigrante e Teut\u00f4nia promovem eventos distintos, mas com o mesmo prop\u00f3sito: criar espa\u00e7os de acolhimento, inspira\u00e7\u00e3o e conex\u00e3o entre mulheres.\",\"breadcrumb\":{\"@id\":\"https:\\\/\\\/folhapopular.info\\\/index.php\\\/2026\\\/03\\\/04\\\/mais-elas-integra-programacoes-especiais-para-celebrar-e-fortalecer-as-mulheres\\\/#breadcrumb\"},\"inLanguage\":\"pt-BR\",\"potentialAction\":[{\"@type\":\"ReadAction\",\"target\":[\"https:\\\/\\\/folhapopular.info\\\/index.php\\\/2026\\\/03\\\/04\\\/mais-elas-integra-programacoes-especiais-para-celebrar-e-fortalecer-as-mulheres\\\/\"]}]},{\"@type\":\"ImageObject\",\"inLanguage\":\"pt-BR\",\"@id\":\"https:\\\/\\\/folhapopular.info\\\/index.php\\\/2026\\\/03\\\/04\\\/mais-elas-integra-programacoes-especiais-para-celebrar-e-fortalecer-as-mulheres\\\/#primaryimage\",\"url\":\"https:\\\/\\\/folhapopular.info\\\/wp-content\\\/uploads\\\/2026\\\/03\\\/WhatsApp-Image-2026-03-04-at-16.14.23.jpeg\",\"contentUrl\":\"https:\\\/\\\/folhapopular.info\\\/wp-content\\\/uploads\\\/2026\\\/03\\\/WhatsApp-Image-2026-03-04-at-16.14.23.jpeg\",\"width\":1600,\"height\":1066,\"caption\":\"Cr\u00e9dito: Divulga\u00e7\u00e3o\"},{\"@type\":\"BreadcrumbList\",\"@id\":\"https:\\\/\\\/folhapopular.info\\\/index.php\\\/2026\\\/03\\\/04\\\/mais-elas-integra-programacoes-especiais-para-celebrar-e-fortalecer-as-mulheres\\\/#breadcrumb\",\"itemListElement\":[{\"@type\":\"ListItem\",\"position\":1,\"name\":\"In\u00edcio\",\"item\":\"https:\\\/\\\/folhapopular.info\\\/\"},{\"@type\":\"ListItem\",\"position\":2,\"name\":\"Mais Elas integra programa\u00e7\u00f5es especiais para celebrar e fortalecer as mulheres\"}]},{\"@type\":\"WebSite\",\"@id\":\"https:\\\/\\\/folhapopular.info\\\/#website\",\"url\":\"https:\\\/\\\/folhapopular.info\\\/\",\"name\":\"Folha Popular\",\"description\":\"Onde voc\u00ea tem vez e voz\",\"potentialAction\":[{\"@type\":\"SearchAction\",\"target\":{\"@type\":\"EntryPoint\",\"urlTemplate\":\"https:\\\/\\\/folhapopular.info\\\/?s={search_term_string}\"},\"query-input\":{\"@type\":\"PropertyValueSpecification\",\"valueRequired\":true,\"valueName\":\"search_term_string\"}}],\"inLanguage\":\"pt-BR\"},{\"@type\":\"Person\",\"@id\":\"https:\\\/\\\/folhapopular.info\\\/#\\\/schema\\\/person\\\/87aa1d7488478bf03a40dc0a852db19d\",\"name\":\"Rafaela Zappaz\",\"image\":{\"@type\":\"ImageObject\",\"inLanguage\":\"pt-BR\",\"@id\":\"https:\\\/\\\/secure.gravatar.com\\\/avatar\\\/7b6259df2b1311e565e2e930bcf599e41eca901dc1e0e850d699f28cc7ea8de8?s=96&d=mm&r=g\",\"url\":\"https:\\\/\\\/secure.gravatar.com\\\/avatar\\\/7b6259df2b1311e565e2e930bcf599e41eca901dc1e0e850d699f28cc7ea8de8?s=96&d=mm&r=g\",\"contentUrl\":\"https:\\\/\\\/secure.gravatar.com\\\/avatar\\\/7b6259df2b1311e565e2e930bcf599e41eca901dc1e0e850d699f28cc7ea8de8?s=96&d=mm&r=g\",\"caption\":\"Rafaela Zappaz\"},\"url\":\"https:\\\/\\\/folhapopular.info\\\/index.php\\\/author\\\/rafaela-zappaz\\\/\"}]}<\/script>\n<!-- \/ Yoast SEO plugin. -->","yoast_head_json":{"title":"Mais Elas integra programa\u00e7\u00f5es especiais para celebrar e fortalecer as mulheres - Folha Popular","description":"Imigrante e Teut\u00f4nia promovem eventos distintos, mas com o mesmo prop\u00f3sito: criar espa\u00e7os de acolhimento, inspira\u00e7\u00e3o e conex\u00e3o entre mulheres.","robots":{"index":"index","follow":"follow","max-snippet":"max-snippet:-1","max-image-preview":"max-image-preview:large","max-video-preview":"max-video-preview:-1"},"canonical":"https:\/\/folhapopular.info\/index.php\/2026\/03\/04\/mais-elas-integra-programacoes-especiais-para-celebrar-e-fortalecer-as-mulheres\/","og_locale":"pt_BR","og_type":"article","og_title":"Mais Elas integra programa\u00e7\u00f5es especiais para celebrar e fortalecer as mulheres - Folha Popular","og_description":"Imigrante e Teut\u00f4nia promovem eventos distintos, mas com o mesmo prop\u00f3sito: criar espa\u00e7os de acolhimento, inspira\u00e7\u00e3o e conex\u00e3o entre mulheres.","og_url":"https:\/\/folhapopular.info\/index.php\/2026\/03\/04\/mais-elas-integra-programacoes-especiais-para-celebrar-e-fortalecer-as-mulheres\/","og_site_name":"Folha Popular","article_published_time":"2026-03-04T20:00:00+00:00","article_modified_time":"2026-03-05T11:50:14+00:00","og_image":[{"width":1600,"height":1066,"url":"http:\/\/folhapopular.info\/wp-content\/uploads\/2026\/03\/WhatsApp-Image-2026-03-04-at-16.14.23.jpeg","type":"image\/jpeg"}],"author":"Rafaela Zappaz","twitter_card":"summary_large_image","twitter_misc":{"Escrito por":"Rafaela Zappaz","Est. tempo de leitura":"4 minutos"},"schema":{"@context":"https:\/\/schema.org","@graph":[{"@type":"Article","@id":"https:\/\/folhapopular.info\/index.php\/2026\/03\/04\/mais-elas-integra-programacoes-especiais-para-celebrar-e-fortalecer-as-mulheres\/#article","isPartOf":{"@id":"https:\/\/folhapopular.info\/index.php\/2026\/03\/04\/mais-elas-integra-programacoes-especiais-para-celebrar-e-fortalecer-as-mulheres\/"},"author":{"name":"Rafaela Zappaz","@id":"https:\/\/folhapopular.info\/#\/schema\/person\/87aa1d7488478bf03a40dc0a852db19d"},"headline":"Mais Elas integra programa\u00e7\u00f5es especiais para celebrar e fortalecer as mulheres","datePublished":"2026-03-04T20:00:00+00:00","dateModified":"2026-03-05T11:50:14+00:00","mainEntityOfPage":{"@id":"https:\/\/folhapopular.info\/index.php\/2026\/03\/04\/mais-elas-integra-programacoes-especiais-para-celebrar-e-fortalecer-as-mulheres\/"},"wordCount":557,"commentCount":0,"image":{"@id":"https:\/\/folhapopular.info\/index.php\/2026\/03\/04\/mais-elas-integra-programacoes-especiais-para-celebrar-e-fortalecer-as-mulheres\/#primaryimage"},"thumbnailUrl":"https:\/\/folhapopular.info\/wp-content\/uploads\/2026\/03\/WhatsApp-Image-2026-03-04-at-16.14.23.jpeg","keywords":["Dia da Mulher","Dia Internacional da Mulher","Imigrante","mais elas","Teut\u00f4nia"],"articleSection":["Destaques","Inclusive"],"inLanguage":"pt-BR","potentialAction":[{"@type":"CommentAction","name":"Comment","target":["https:\/\/folhapopular.info\/index.php\/2026\/03\/04\/mais-elas-integra-programacoes-especiais-para-celebrar-e-fortalecer-as-mulheres\/#respond"]}]},{"@type":"WebPage","@id":"https:\/\/folhapopular.info\/index.php\/2026\/03\/04\/mais-elas-integra-programacoes-especiais-para-celebrar-e-fortalecer-as-mulheres\/","url":"https:\/\/folhapopular.info\/index.php\/2026\/03\/04\/mais-elas-integra-programacoes-especiais-para-celebrar-e-fortalecer-as-mulheres\/","name":"Mais Elas integra programa\u00e7\u00f5es especiais para celebrar e fortalecer as mulheres - Folha Popular","isPartOf":{"@id":"https:\/\/folhapopular.info\/#website"},"primaryImageOfPage":{"@id":"https:\/\/folhapopular.info\/index.php\/2026\/03\/04\/mais-elas-integra-programacoes-especiais-para-celebrar-e-fortalecer-as-mulheres\/#primaryimage"},"image":{"@id":"https:\/\/folhapopular.info\/index.php\/2026\/03\/04\/mais-elas-integra-programacoes-especiais-para-celebrar-e-fortalecer-as-mulheres\/#primaryimage"},"thumbnailUrl":"https:\/\/folhapopular.info\/wp-content\/uploads\/2026\/03\/WhatsApp-Image-2026-03-04-at-16.14.23.jpeg","datePublished":"2026-03-04T20:00:00+00:00","dateModified":"2026-03-05T11:50:14+00:00","author":{"@id":"https:\/\/folhapopular.info\/#\/schema\/person\/87aa1d7488478bf03a40dc0a852db19d"},"description":"Imigrante e Teut\u00f4nia promovem eventos distintos, mas com o mesmo prop\u00f3sito: criar espa\u00e7os de acolhimento, inspira\u00e7\u00e3o e conex\u00e3o entre mulheres.","breadcrumb":{"@id":"https:\/\/folhapopular.info\/index.php\/2026\/03\/04\/mais-elas-integra-programacoes-especiais-para-celebrar-e-fortalecer-as-mulheres\/#breadcrumb"},"inLanguage":"pt-BR","potentialAction":[{"@type":"ReadAction","target":["https:\/\/folhapopular.info\/index.php\/2026\/03\/04\/mais-elas-integra-programacoes-especiais-para-celebrar-e-fortalecer-as-mulheres\/"]}]},{"@type":"ImageObject","inLanguage":"pt-BR","@id":"https:\/\/folhapopular.info\/index.php\/2026\/03\/04\/mais-elas-integra-programacoes-especiais-para-celebrar-e-fortalecer-as-mulheres\/#primaryimage","url":"https:\/\/folhapopular.info\/wp-content\/uploads\/2026\/03\/WhatsApp-Image-2026-03-04-at-16.14.23.jpeg","contentUrl":"https:\/\/folhapopular.info\/wp-content\/uploads\/2026\/03\/WhatsApp-Image-2026-03-04-at-16.14.23.jpeg","width":1600,"height":1066,"caption":"Cr\u00e9dito: Divulga\u00e7\u00e3o"},{"@type":"BreadcrumbList","@id":"https:\/\/folhapopular.info\/index.php\/2026\/03\/04\/mais-elas-integra-programacoes-especiais-para-celebrar-e-fortalecer-as-mulheres\/#breadcrumb","itemListElement":[{"@type":"ListItem","position":1,"name":"In\u00edcio","item":"https:\/\/folhapopular.info\/"},{"@type":"ListItem","position":2,"name":"Mais Elas integra programa\u00e7\u00f5es especiais para celebrar e fortalecer as mulheres"}]},{"@type":"WebSite","@id":"https:\/\/folhapopular.info\/#website","url":"https:\/\/folhapopular.info\/","name":"Folha Popular","description":"Onde voc\u00ea tem vez e voz","potentialAction":[{"@type":"SearchAction","target":{"@type":"EntryPoint","urlTemplate":"https:\/\/folhapopular.info\/?s={search_term_string}"},"query-input":{"@type":"PropertyValueSpecification","valueRequired":true,"valueName":"search_term_string"}}],"inLanguage":"pt-BR"},{"@type":"Person","@id":"https:\/\/folhapopular.info\/#\/schema\/person\/87aa1d7488478bf03a40dc0a852db19d","name":"Rafaela Zappaz","image":{"@type":"ImageObject","inLanguage":"pt-BR","@id":"https:\/\/secure.gravatar.com\/avatar\/7b6259df2b1311e565e2e930bcf599e41eca901dc1e0e850d699f28cc7ea8de8?s=96&d=mm&r=g","url":"https:\/\/secure.gravatar.com\/avatar\/7b6259df2b1311e565e2e930bcf599e41eca901dc1e0e850d699f28cc7ea8de8?s=96&d=mm&r=g","contentUrl":"https:\/\/secure.gravatar.com\/avatar\/7b6259df2b1311e565e2e930bcf599e41eca901dc1e0e850d699f28cc7ea8de8?s=96&d=mm&r=g","caption":"Rafaela Zappaz"},"url":"https:\/\/folhapopular.info\/index.php\/author\/rafaela-zappaz\/"}]}},"jetpack_featured_media_url":"https:\/\/folhapopular.info\/wp-content\/uploads\/2026\/03\/WhatsApp-Image-2026-03-04-at-16.14.23.jpeg","jetpack_sharing_enabled":true,"amp_enabled":true,"_links":{"self":[{"href":"https:\/\/folhapopular.info\/index.php\/wp-json\/wp\/v2\/posts\/205077","targetHints":{"allow":["GET"]}}],"collection":[{"href":"https:\/\/folhapopular.info\/index.php\/wp-json\/wp\/v2\/posts"}],"about":[{"href":"https:\/\/folhapopular.info\/index.php\/wp-json\/wp\/v2\/types\/post"}],"author":[{"embeddable":true,"href":"https:\/\/folhapopular.info\/index.php\/wp-json\/wp\/v2\/users\/782"}],"replies":[{"embeddable":true,"href":"https:\/\/folhapopular.info\/index.php\/wp-json\/wp\/v2\/comments?post=205077"}],"version-history":[{"count":0,"href":"https:\/\/folhapopular.info\/index.php\/wp-json\/wp\/v2\/posts\/205077\/revisions"}],"wp:featuredmedia":[{"embeddable":true,"href":"https:\/\/folhapopular.info\/index.php\/wp-json\/wp\/v2\/media\/205139"}],"wp:attachment":[{"href":"https:\/\/folhapopular.info\/index.php\/wp-json\/wp\/v2\/media?parent=205077"}],"wp:term":[{"taxonomy":"category","embeddable":true,"href":"https:\/\/folhapopular.info\/index.php\/wp-json\/wp\/v2\/categories?post=205077"},{"taxonomy":"post_tag","embeddable":true,"href":"https:\/\/folhapopular.info\/index.php\/wp-json\/wp\/v2\/tags?post=205077"}],"curies":[{"name":"wp","href":"https:\/\/api.w.org\/{rel}","templated":true}]}}