{"id":205079,"date":"2026-03-04T13:44:11","date_gmt":"2026-03-04T16:44:11","guid":{"rendered":"https:\/\/folhapopular.info\/?p=205079"},"modified":"2026-03-04T13:44:14","modified_gmt":"2026-03-04T16:44:14","slug":"vereadores-de-fazenda-vilanova-aprovam-fundo-de-protecao-animal-e-debatem-seguranca-no-transito","status":"publish","type":"post","link":"https:\/\/folhapopular.info\/index.php\/2026\/03\/04\/vereadores-de-fazenda-vilanova-aprovam-fundo-de-protecao-animal-e-debatem-seguranca-no-transito\/","title":{"rendered":"Vereadores de Fazenda Vilanova aprovam Fundo de Prote\u00e7\u00e3o Animal e debatem seguran\u00e7a no tr\u00e2nsito"},"content":{"rendered":"<p>A C\u00e2mara Municipal de Fazenda Vilanova realizou sess\u00e3o ordin\u00e1ria na noite desta segunda-feira (2\/3), momento em que v\u00e1rios temas entraram na pauta de debates. Sem projetos para vota\u00e7\u00e3o, os vereadores aprovaram duas indica\u00e7\u00f5es apresentadas por vereadores. Cristina Rosa (PDT) encaminhou indica\u00e7\u00e3o para solicitar a instala\u00e7\u00e3o de um quebra-molas na Rua Canasvieiras, devido ao risco causado&#8230; <\/p>\n<div class=\"pmpro\">\n<div class=\"pmpro_card pmpro_content_message\">\n<div class=\"pmpro_card_content\">Este conte\u00fado \u00e9 apenas para associados Grupo Popular &#8211; Conte\u00fado Total Anual e Grupo Popular &#8211; Conte\u00fado Total Mensal. <br \/><a href=\"https:\/\/folhapopular.info\/wp-login.php?action=register\">Cadastre-se<\/a><\/div>\n<div class=\"pmpro_card_actions pmpro_font-medium\">J\u00e1 se associou? <a href=\"https:\/\/folhapopular.info\/wp-login.php?redirect_to=https%3A%2F%2Ffolhapopular.info%2Findex.php%2F2026%2F03%2F04%2Fvereadores-de-fazenda-vilanova-aprovam-fundo-de-protecao-animal-e-debatem-seguranca-no-transito%2F\">Acesse aqui<\/a><\/div>\n<\/div>\n<\/div>\n","protected":false},"excerpt":{"rendered":"<p>A C\u00e2mara Municipal de Fazenda Vilanova realizou sess\u00e3o ordin\u00e1ria na noite desta segunda-feira (2\/3), momento em que v\u00e1rios temas entraram na pauta de debates. Sem projetos para vota\u00e7\u00e3o, os vereadores aprovaram duas indica\u00e7\u00f5es apresentadas por vereadores. Cristina Rosa (PDT) encaminhou indica\u00e7\u00e3o para solicitar a instala\u00e7\u00e3o de um quebra-molas na Rua Canasvieiras, devido ao risco causado... <\/p>\n<div class=\"pmpro\"><div class=\"pmpro_card pmpro_content_message\"><div class=\"pmpro_card_content\">Este conte\u00fado \u00e9 apenas para associados Grupo Popular - Conte\u00fado Total Anual e Grupo Popular - Conte\u00fado Total Mensal. <br \/><a href=\"https:\/\/folhapopular.info\/wp-login.php?action=register\">Cadastre-se<\/a><\/div><div class=\"pmpro_card_actions pmpro_font-medium\">J\u00e1 se associou? <a href=\"https:\/\/folhapopular.info\/wp-login.php?redirect_to=https%3A%2F%2Ffolhapopular.info%2Findex.php%2F2026%2F03%2F04%2Fvereadores-de-fazenda-vilanova-aprovam-fundo-de-protecao-animal-e-debatem-seguranca-no-transito%2F\">Acesse aqui<\/a><\/div><\/div><\/div>","protected":false},"author":11,"featured_media":205080,"comment_status":"open","ping_status":"open","sticky":false,"template":"","format":"standard","meta":{"pmpro_default_level":"","_jetpack_memberships_contains_paid_content":false,"footnotes":""},"categories":[11078,18235,10985],"tags":[19108,646,801,14015,7000],"class_list":{"0":"post-205079","1":"post","2":"type-post","3":"status-publish","4":"format-standard","5":"has-post-thumbnail","7":"category-assinantes","8":"category-camara-de-vereadores-de-fazenda-vilanova","9":"category-politica","10":"tag-bem-estar-animal","11":"tag-camara-de-vereadores","12":"tag-fazenda-vilanova","13":"tag-mulher-que-faz","14":"tag-tribuna","15":"pmpro-level-required","16":"pmpro-level-2","17":"pmpro-level-4","18":"pmpro-level-5","19":"pmpro-no-access"},"yoast_head":"<!-- This site is optimized with the Yoast SEO plugin v27.5 - https:\/\/yoast.com\/product\/yoast-seo-wordpress\/ -->\n<title>Vereadores de Fazenda Vilanova aprovam Fundo de Prote\u00e7\u00e3o Animal e debatem seguran\u00e7a no tr\u00e2nsito - Folha Popular<\/title>\n<meta name=\"robots\" content=\"index, follow, max-snippet:-1, max-image-preview:large, max-video-preview:-1\" \/>\n<link rel=\"canonical\" href=\"https:\/\/folhapopular.info\/index.php\/2026\/03\/04\/vereadores-de-fazenda-vilanova-aprovam-fundo-de-protecao-animal-e-debatem-seguranca-no-transito\/\" \/>\n<meta property=\"og:locale\" content=\"pt_BR\" \/>\n<meta property=\"og:type\" content=\"article\" \/>\n<meta property=\"og:title\" content=\"Vereadores de Fazenda Vilanova aprovam Fundo de Prote\u00e7\u00e3o Animal e debatem seguran\u00e7a no tr\u00e2nsito - Folha Popular\" \/>\n<meta property=\"og:description\" content=\"A C\u00e2mara Municipal de Fazenda Vilanova realizou sess\u00e3o ordin\u00e1ria na noite desta segunda-feira (2\/3), momento em que v\u00e1rios temas entraram na pauta de debates. Sem projetos para vota\u00e7\u00e3o, os vereadores aprovaram duas indica\u00e7\u00f5es apresentadas por vereadores. Cristina Rosa (PDT) encaminhou indica\u00e7\u00e3o para solicitar a instala\u00e7\u00e3o de um quebra-molas na Rua Canasvieiras, devido ao risco causado [&hellip;]\" \/>\n<meta property=\"og:url\" content=\"https:\/\/folhapopular.info\/index.php\/2026\/03\/04\/vereadores-de-fazenda-vilanova-aprovam-fundo-de-protecao-animal-e-debatem-seguranca-no-transito\/\" \/>\n<meta property=\"og:site_name\" content=\"Folha Popular\" \/>\n<meta property=\"article:published_time\" content=\"2026-03-04T16:44:11+00:00\" \/>\n<meta property=\"article:modified_time\" content=\"2026-03-04T16:44:14+00:00\" \/>\n<meta property=\"og:image\" content=\"http:\/\/folhapopular.info\/wp-content\/uploads\/2026\/03\/VF-Produtora-1-de-17-scaled.jpg\" \/>\n\t<meta property=\"og:image:width\" content=\"2560\" \/>\n\t<meta property=\"og:image:height\" content=\"1829\" \/>\n\t<meta property=\"og:image:type\" content=\"image\/jpeg\" \/>\n<meta name=\"author\" content=\"Luciana Brune\" \/>\n<meta name=\"twitter:card\" content=\"summary_large_image\" \/>\n<meta name=\"twitter:label1\" content=\"Escrito por\" \/>\n\t<meta name=\"twitter:data1\" content=\"Luciana Brune\" \/>\n\t<meta name=\"twitter:label2\" content=\"Est. tempo de leitura\" \/>\n\t<meta name=\"twitter:data2\" content=\"5 minutos\" \/>\n<script type=\"application\/ld+json\" class=\"yoast-schema-graph\">{\"@context\":\"https:\\\/\\\/schema.org\",\"@graph\":[{\"@type\":\"Article\",\"@id\":\"https:\\\/\\\/folhapopular.info\\\/index.php\\\/2026\\\/03\\\/04\\\/vereadores-de-fazenda-vilanova-aprovam-fundo-de-protecao-animal-e-debatem-seguranca-no-transito\\\/#article\",\"isPartOf\":{\"@id\":\"https:\\\/\\\/folhapopular.info\\\/index.php\\\/2026\\\/03\\\/04\\\/vereadores-de-fazenda-vilanova-aprovam-fundo-de-protecao-animal-e-debatem-seguranca-no-transito\\\/\"},\"author\":{\"name\":\"Luciana Brune\",\"@id\":\"https:\\\/\\\/folhapopular.info\\\/#\\\/schema\\\/person\\\/0999cafa38c1fde22acd2026b3a3ec1f\"},\"headline\":\"Vereadores de Fazenda Vilanova aprovam Fundo de Prote\u00e7\u00e3o Animal e debatem seguran\u00e7a no tr\u00e2nsito\",\"datePublished\":\"2026-03-04T16:44:11+00:00\",\"dateModified\":\"2026-03-04T16:44:14+00:00\",\"mainEntityOfPage\":{\"@id\":\"https:\\\/\\\/folhapopular.info\\\/index.php\\\/2026\\\/03\\\/04\\\/vereadores-de-fazenda-vilanova-aprovam-fundo-de-protecao-animal-e-debatem-seguranca-no-transito\\\/\"},\"wordCount\":845,\"commentCount\":0,\"image\":{\"@id\":\"https:\\\/\\\/folhapopular.info\\\/index.php\\\/2026\\\/03\\\/04\\\/vereadores-de-fazenda-vilanova-aprovam-fundo-de-protecao-animal-e-debatem-seguranca-no-transito\\\/#primaryimage\"},\"thumbnailUrl\":\"https:\\\/\\\/folhapopular.info\\\/wp-content\\\/uploads\\\/2026\\\/03\\\/VF-Produtora-1-de-17-scaled.jpg\",\"keywords\":[\"Bem-Estar Animal\",\"C\u00e2mara de Vereadores\",\"Fazenda Vilanova\",\"Mulher que faz\",\"Tribuna\"],\"articleSection\":[\"Assinantes\",\"C\u00e2mara de Vereadores de Fazenda Vilanova\",\"Pol\u00edtica\"],\"inLanguage\":\"pt-BR\",\"potentialAction\":[{\"@type\":\"CommentAction\",\"name\":\"Comment\",\"target\":[\"https:\\\/\\\/folhapopular.info\\\/index.php\\\/2026\\\/03\\\/04\\\/vereadores-de-fazenda-vilanova-aprovam-fundo-de-protecao-animal-e-debatem-seguranca-no-transito\\\/#respond\"]}]},{\"@type\":\"WebPage\",\"@id\":\"https:\\\/\\\/folhapopular.info\\\/index.php\\\/2026\\\/03\\\/04\\\/vereadores-de-fazenda-vilanova-aprovam-fundo-de-protecao-animal-e-debatem-seguranca-no-transito\\\/\",\"url\":\"https:\\\/\\\/folhapopular.info\\\/index.php\\\/2026\\\/03\\\/04\\\/vereadores-de-fazenda-vilanova-aprovam-fundo-de-protecao-animal-e-debatem-seguranca-no-transito\\\/\",\"name\":\"Vereadores de Fazenda Vilanova aprovam Fundo de Prote\u00e7\u00e3o Animal e debatem seguran\u00e7a no tr\u00e2nsito - Folha Popular\",\"isPartOf\":{\"@id\":\"https:\\\/\\\/folhapopular.info\\\/#website\"},\"primaryImageOfPage\":{\"@id\":\"https:\\\/\\\/folhapopular.info\\\/index.php\\\/2026\\\/03\\\/04\\\/vereadores-de-fazenda-vilanova-aprovam-fundo-de-protecao-animal-e-debatem-seguranca-no-transito\\\/#primaryimage\"},\"image\":{\"@id\":\"https:\\\/\\\/folhapopular.info\\\/index.php\\\/2026\\\/03\\\/04\\\/vereadores-de-fazenda-vilanova-aprovam-fundo-de-protecao-animal-e-debatem-seguranca-no-transito\\\/#primaryimage\"},\"thumbnailUrl\":\"https:\\\/\\\/folhapopular.info\\\/wp-content\\\/uploads\\\/2026\\\/03\\\/VF-Produtora-1-de-17-scaled.jpg\",\"datePublished\":\"2026-03-04T16:44:11+00:00\",\"dateModified\":\"2026-03-04T16:44:14+00:00\",\"author\":{\"@id\":\"https:\\\/\\\/folhapopular.info\\\/#\\\/schema\\\/person\\\/0999cafa38c1fde22acd2026b3a3ec1f\"},\"breadcrumb\":{\"@id\":\"https:\\\/\\\/folhapopular.info\\\/index.php\\\/2026\\\/03\\\/04\\\/vereadores-de-fazenda-vilanova-aprovam-fundo-de-protecao-animal-e-debatem-seguranca-no-transito\\\/#breadcrumb\"},\"inLanguage\":\"pt-BR\",\"potentialAction\":[{\"@type\":\"ReadAction\",\"target\":[\"https:\\\/\\\/folhapopular.info\\\/index.php\\\/2026\\\/03\\\/04\\\/vereadores-de-fazenda-vilanova-aprovam-fundo-de-protecao-animal-e-debatem-seguranca-no-transito\\\/\"]}]},{\"@type\":\"ImageObject\",\"inLanguage\":\"pt-BR\",\"@id\":\"https:\\\/\\\/folhapopular.info\\\/index.php\\\/2026\\\/03\\\/04\\\/vereadores-de-fazenda-vilanova-aprovam-fundo-de-protecao-animal-e-debatem-seguranca-no-transito\\\/#primaryimage\",\"url\":\"https:\\\/\\\/folhapopular.info\\\/wp-content\\\/uploads\\\/2026\\\/03\\\/VF-Produtora-1-de-17-scaled.jpg\",\"contentUrl\":\"https:\\\/\\\/folhapopular.info\\\/wp-content\\\/uploads\\\/2026\\\/03\\\/VF-Produtora-1-de-17-scaled.jpg\",\"width\":2560,\"height\":1829,\"caption\":\"Sess\u00e3o ocorreu nesta segunda-feira \\\/ Cr\u00e9dito: VF Produtora - Divulga\u00e7\u00e3o\"},{\"@type\":\"BreadcrumbList\",\"@id\":\"https:\\\/\\\/folhapopular.info\\\/index.php\\\/2026\\\/03\\\/04\\\/vereadores-de-fazenda-vilanova-aprovam-fundo-de-protecao-animal-e-debatem-seguranca-no-transito\\\/#breadcrumb\",\"itemListElement\":[{\"@type\":\"ListItem\",\"position\":1,\"name\":\"In\u00edcio\",\"item\":\"https:\\\/\\\/folhapopular.info\\\/\"},{\"@type\":\"ListItem\",\"position\":2,\"name\":\"Vereadores de Fazenda Vilanova aprovam Fundo de Prote\u00e7\u00e3o Animal e debatem seguran\u00e7a no tr\u00e2nsito\"}]},{\"@type\":\"WebSite\",\"@id\":\"https:\\\/\\\/folhapopular.info\\\/#website\",\"url\":\"https:\\\/\\\/folhapopular.info\\\/\",\"name\":\"Folha Popular\",\"description\":\"Onde voc\u00ea tem vez e voz\",\"potentialAction\":[{\"@type\":\"SearchAction\",\"target\":{\"@type\":\"EntryPoint\",\"urlTemplate\":\"https:\\\/\\\/folhapopular.info\\\/?s={search_term_string}\"},\"query-input\":{\"@type\":\"PropertyValueSpecification\",\"valueRequired\":true,\"valueName\":\"search_term_string\"}}],\"inLanguage\":\"pt-BR\"},{\"@type\":\"Person\",\"@id\":\"https:\\\/\\\/folhapopular.info\\\/#\\\/schema\\\/person\\\/0999cafa38c1fde22acd2026b3a3ec1f\",\"name\":\"Luciana Brune\",\"image\":{\"@type\":\"ImageObject\",\"inLanguage\":\"pt-BR\",\"@id\":\"https:\\\/\\\/folhapopular.info\\\/wp-content\\\/uploads\\\/2026\\\/04\\\/LUCIANA-1-1.webp\",\"url\":\"https:\\\/\\\/folhapopular.info\\\/wp-content\\\/uploads\\\/2026\\\/04\\\/LUCIANA-1-1.webp\",\"contentUrl\":\"https:\\\/\\\/folhapopular.info\\\/wp-content\\\/uploads\\\/2026\\\/04\\\/LUCIANA-1-1.webp\",\"caption\":\"Luciana Brune\"},\"url\":\"https:\\\/\\\/folhapopular.info\\\/index.php\\\/author\\\/luciana-brune\\\/\"}]}<\/script>\n<!-- \/ Yoast SEO plugin. -->","yoast_head_json":{"title":"Vereadores de Fazenda Vilanova aprovam Fundo de Prote\u00e7\u00e3o Animal e debatem seguran\u00e7a no tr\u00e2nsito - Folha Popular","robots":{"index":"index","follow":"follow","max-snippet":"max-snippet:-1","max-image-preview":"max-image-preview:large","max-video-preview":"max-video-preview:-1"},"canonical":"https:\/\/folhapopular.info\/index.php\/2026\/03\/04\/vereadores-de-fazenda-vilanova-aprovam-fundo-de-protecao-animal-e-debatem-seguranca-no-transito\/","og_locale":"pt_BR","og_type":"article","og_title":"Vereadores de Fazenda Vilanova aprovam Fundo de Prote\u00e7\u00e3o Animal e debatem seguran\u00e7a no tr\u00e2nsito - Folha Popular","og_description":"A C\u00e2mara Municipal de Fazenda Vilanova realizou sess\u00e3o ordin\u00e1ria na noite desta segunda-feira (2\/3), momento em que v\u00e1rios temas entraram na pauta de debates. Sem projetos para vota\u00e7\u00e3o, os vereadores aprovaram duas indica\u00e7\u00f5es apresentadas por vereadores. Cristina Rosa (PDT) encaminhou indica\u00e7\u00e3o para solicitar a instala\u00e7\u00e3o de um quebra-molas na Rua Canasvieiras, devido ao risco causado [&hellip;]","og_url":"https:\/\/folhapopular.info\/index.php\/2026\/03\/04\/vereadores-de-fazenda-vilanova-aprovam-fundo-de-protecao-animal-e-debatem-seguranca-no-transito\/","og_site_name":"Folha Popular","article_published_time":"2026-03-04T16:44:11+00:00","article_modified_time":"2026-03-04T16:44:14+00:00","og_image":[{"width":2560,"height":1829,"url":"http:\/\/folhapopular.info\/wp-content\/uploads\/2026\/03\/VF-Produtora-1-de-17-scaled.jpg","type":"image\/jpeg"}],"author":"Luciana Brune","twitter_card":"summary_large_image","twitter_misc":{"Escrito por":"Luciana Brune","Est. tempo de leitura":"5 minutos"},"schema":{"@context":"https:\/\/schema.org","@graph":[{"@type":"Article","@id":"https:\/\/folhapopular.info\/index.php\/2026\/03\/04\/vereadores-de-fazenda-vilanova-aprovam-fundo-de-protecao-animal-e-debatem-seguranca-no-transito\/#article","isPartOf":{"@id":"https:\/\/folhapopular.info\/index.php\/2026\/03\/04\/vereadores-de-fazenda-vilanova-aprovam-fundo-de-protecao-animal-e-debatem-seguranca-no-transito\/"},"author":{"name":"Luciana Brune","@id":"https:\/\/folhapopular.info\/#\/schema\/person\/0999cafa38c1fde22acd2026b3a3ec1f"},"headline":"Vereadores de Fazenda Vilanova aprovam Fundo de Prote\u00e7\u00e3o Animal e debatem seguran\u00e7a no tr\u00e2nsito","datePublished":"2026-03-04T16:44:11+00:00","dateModified":"2026-03-04T16:44:14+00:00","mainEntityOfPage":{"@id":"https:\/\/folhapopular.info\/index.php\/2026\/03\/04\/vereadores-de-fazenda-vilanova-aprovam-fundo-de-protecao-animal-e-debatem-seguranca-no-transito\/"},"wordCount":845,"commentCount":0,"image":{"@id":"https:\/\/folhapopular.info\/index.php\/2026\/03\/04\/vereadores-de-fazenda-vilanova-aprovam-fundo-de-protecao-animal-e-debatem-seguranca-no-transito\/#primaryimage"},"thumbnailUrl":"https:\/\/folhapopular.info\/wp-content\/uploads\/2026\/03\/VF-Produtora-1-de-17-scaled.jpg","keywords":["Bem-Estar Animal","C\u00e2mara de Vereadores","Fazenda Vilanova","Mulher que faz","Tribuna"],"articleSection":["Assinantes","C\u00e2mara de Vereadores de Fazenda Vilanova","Pol\u00edtica"],"inLanguage":"pt-BR","potentialAction":[{"@type":"CommentAction","name":"Comment","target":["https:\/\/folhapopular.info\/index.php\/2026\/03\/04\/vereadores-de-fazenda-vilanova-aprovam-fundo-de-protecao-animal-e-debatem-seguranca-no-transito\/#respond"]}]},{"@type":"WebPage","@id":"https:\/\/folhapopular.info\/index.php\/2026\/03\/04\/vereadores-de-fazenda-vilanova-aprovam-fundo-de-protecao-animal-e-debatem-seguranca-no-transito\/","url":"https:\/\/folhapopular.info\/index.php\/2026\/03\/04\/vereadores-de-fazenda-vilanova-aprovam-fundo-de-protecao-animal-e-debatem-seguranca-no-transito\/","name":"Vereadores de Fazenda Vilanova aprovam Fundo de Prote\u00e7\u00e3o Animal e debatem seguran\u00e7a no tr\u00e2nsito - Folha Popular","isPartOf":{"@id":"https:\/\/folhapopular.info\/#website"},"primaryImageOfPage":{"@id":"https:\/\/folhapopular.info\/index.php\/2026\/03\/04\/vereadores-de-fazenda-vilanova-aprovam-fundo-de-protecao-animal-e-debatem-seguranca-no-transito\/#primaryimage"},"image":{"@id":"https:\/\/folhapopular.info\/index.php\/2026\/03\/04\/vereadores-de-fazenda-vilanova-aprovam-fundo-de-protecao-animal-e-debatem-seguranca-no-transito\/#primaryimage"},"thumbnailUrl":"https:\/\/folhapopular.info\/wp-content\/uploads\/2026\/03\/VF-Produtora-1-de-17-scaled.jpg","datePublished":"2026-03-04T16:44:11+00:00","dateModified":"2026-03-04T16:44:14+00:00","author":{"@id":"https:\/\/folhapopular.info\/#\/schema\/person\/0999cafa38c1fde22acd2026b3a3ec1f"},"breadcrumb":{"@id":"https:\/\/folhapopular.info\/index.php\/2026\/03\/04\/vereadores-de-fazenda-vilanova-aprovam-fundo-de-protecao-animal-e-debatem-seguranca-no-transito\/#breadcrumb"},"inLanguage":"pt-BR","potentialAction":[{"@type":"ReadAction","target":["https:\/\/folhapopular.info\/index.php\/2026\/03\/04\/vereadores-de-fazenda-vilanova-aprovam-fundo-de-protecao-animal-e-debatem-seguranca-no-transito\/"]}]},{"@type":"ImageObject","inLanguage":"pt-BR","@id":"https:\/\/folhapopular.info\/index.php\/2026\/03\/04\/vereadores-de-fazenda-vilanova-aprovam-fundo-de-protecao-animal-e-debatem-seguranca-no-transito\/#primaryimage","url":"https:\/\/folhapopular.info\/wp-content\/uploads\/2026\/03\/VF-Produtora-1-de-17-scaled.jpg","contentUrl":"https:\/\/folhapopular.info\/wp-content\/uploads\/2026\/03\/VF-Produtora-1-de-17-scaled.jpg","width":2560,"height":1829,"caption":"Sess\u00e3o ocorreu nesta segunda-feira \/ Cr\u00e9dito: VF Produtora - Divulga\u00e7\u00e3o"},{"@type":"BreadcrumbList","@id":"https:\/\/folhapopular.info\/index.php\/2026\/03\/04\/vereadores-de-fazenda-vilanova-aprovam-fundo-de-protecao-animal-e-debatem-seguranca-no-transito\/#breadcrumb","itemListElement":[{"@type":"ListItem","position":1,"name":"In\u00edcio","item":"https:\/\/folhapopular.info\/"},{"@type":"ListItem","position":2,"name":"Vereadores de Fazenda Vilanova aprovam Fundo de Prote\u00e7\u00e3o Animal e debatem seguran\u00e7a no tr\u00e2nsito"}]},{"@type":"WebSite","@id":"https:\/\/folhapopular.info\/#website","url":"https:\/\/folhapopular.info\/","name":"Folha Popular","description":"Onde voc\u00ea tem vez e voz","potentialAction":[{"@type":"SearchAction","target":{"@type":"EntryPoint","urlTemplate":"https:\/\/folhapopular.info\/?s={search_term_string}"},"query-input":{"@type":"PropertyValueSpecification","valueRequired":true,"valueName":"search_term_string"}}],"inLanguage":"pt-BR"},{"@type":"Person","@id":"https:\/\/folhapopular.info\/#\/schema\/person\/0999cafa38c1fde22acd2026b3a3ec1f","name":"Luciana Brune","image":{"@type":"ImageObject","inLanguage":"pt-BR","@id":"https:\/\/folhapopular.info\/wp-content\/uploads\/2026\/04\/LUCIANA-1-1.webp","url":"https:\/\/folhapopular.info\/wp-content\/uploads\/2026\/04\/LUCIANA-1-1.webp","contentUrl":"https:\/\/folhapopular.info\/wp-content\/uploads\/2026\/04\/LUCIANA-1-1.webp","caption":"Luciana Brune"},"url":"https:\/\/folhapopular.info\/index.php\/author\/luciana-brune\/"}]}},"jetpack_featured_media_url":"https:\/\/folhapopular.info\/wp-content\/uploads\/2026\/03\/VF-Produtora-1-de-17-scaled.jpg","jetpack_sharing_enabled":true,"amp_enabled":true,"_links":{"self":[{"href":"https:\/\/folhapopular.info\/index.php\/wp-json\/wp\/v2\/posts\/205079","targetHints":{"allow":["GET"]}}],"collection":[{"href":"https:\/\/folhapopular.info\/index.php\/wp-json\/wp\/v2\/posts"}],"about":[{"href":"https:\/\/folhapopular.info\/index.php\/wp-json\/wp\/v2\/types\/post"}],"author":[{"embeddable":true,"href":"https:\/\/folhapopular.info\/index.php\/wp-json\/wp\/v2\/users\/11"}],"replies":[{"embeddable":true,"href":"https:\/\/folhapopular.info\/index.php\/wp-json\/wp\/v2\/comments?post=205079"}],"version-history":[{"count":0,"href":"https:\/\/folhapopular.info\/index.php\/wp-json\/wp\/v2\/posts\/205079\/revisions"}],"wp:featuredmedia":[{"embeddable":true,"href":"https:\/\/folhapopular.info\/index.php\/wp-json\/wp\/v2\/media\/205080"}],"wp:attachment":[{"href":"https:\/\/folhapopular.info\/index.php\/wp-json\/wp\/v2\/media?parent=205079"}],"wp:term":[{"taxonomy":"category","embeddable":true,"href":"https:\/\/folhapopular.info\/index.php\/wp-json\/wp\/v2\/categories?post=205079"},{"taxonomy":"post_tag","embeddable":true,"href":"https:\/\/folhapopular.info\/index.php\/wp-json\/wp\/v2\/tags?post=205079"}],"curies":[{"name":"wp","href":"https:\/\/api.w.org\/{rel}","templated":true}]}}