{"id":205131,"date":"2026-03-04T19:06:00","date_gmt":"2026-03-04T22:06:00","guid":{"rendered":"https:\/\/folhapopular.info\/?p=205131"},"modified":"2026-03-04T17:39:03","modified_gmt":"2026-03-04T20:39:03","slug":"ctg-rincao-das-coxilhas-realiza-3o-rodeio-artistico-em-maio","status":"publish","type":"post","link":"https:\/\/folhapopular.info\/index.php\/2026\/03\/04\/ctg-rincao-das-coxilhas-realiza-3o-rodeio-artistico-em-maio\/","title":{"rendered":"CTG Rinc\u00e3o das Coxilhas realiza 3\u00ba Rodeio Art\u00edstico em maio"},"content":{"rendered":"\n<p>A cultura ga\u00facha ganhar\u00e1 um palco especial no m\u00eas de maio. O <a href=\"https:\/\/www.instagram.com\/p\/DVRpKpnD4oN\/\" target=\"_blank\" rel=\"noreferrer noopener\">CTG Rinc\u00e3o das Coxilhas<\/a> anunciou a realiza\u00e7\u00e3o do 3\u00ba Rodeio Art\u00edstico, evento que reunir\u00e1 tradicionalistas de diversas regi\u00f5es no Bairro Languiru, em Teut\u00f4nia. O encontro est\u00e1 marcado para os dias 16 e 17 de maio de 2026.<\/p>\n\n\n\n<p>O rodeio n\u00e3o \u00e9 apenas uma celebra\u00e7\u00e3o, mas uma competi\u00e7\u00e3o de alto n\u00edvel. Com o selo de avalia\u00e7\u00e3o do Movimento Tradicionalista Ga\u00facho (MTG), os participantes ser\u00e3o julgados por crit\u00e9rios t\u00e9cnicos, o que eleva a expectativa para as apresenta\u00e7\u00f5es das invernadas.<\/p>\n\n\n\n<p>O p\u00fablico e os competidores podem esperar um cronograma focado em tr\u00eas modalidades: dan\u00e7as tradicionais, dan\u00e7a de sal\u00e3o e declama\u00e7\u00e3o.<\/p>\n\n\n\n<p>O evento conta com o apoio da Prefeitura de Teut\u00f4nia e a chancela do MTG. A organiza\u00e7\u00e3o estende o convite a todas as entidades que desejam mostrar o trabalho de suas invernadas.<\/p>\n\n\n\n<p>Mais informa\u00e7\u00f5es podem ser obtidas com Gabriela pelo (51) 9 9899-6661.<\/p>\n","protected":false},"excerpt":{"rendered":"<p>A cultura ga\u00facha ganhar\u00e1 um palco especial no m\u00eas de maio. O CTG Rinc\u00e3o das Coxilhas anunciou a realiza\u00e7\u00e3o do 3\u00ba Rodeio Art\u00edstico, evento que reunir\u00e1 tradicionalistas de diversas regi\u00f5es no Bairro Languiru, em Teut\u00f4nia. O encontro est\u00e1 marcado para os dias 16 e 17 de maio de 2026. O rodeio n\u00e3o \u00e9 apenas uma [&hellip;]<\/p>\n","protected":false},"author":639,"featured_media":205140,"comment_status":"open","ping_status":"open","sticky":false,"template":"","format":"standard","meta":{"pmpro_default_level":"","_jetpack_memberships_contains_paid_content":false,"footnotes":""},"categories":[10996,6],"tags":[20684,7001,77],"class_list":{"0":"post-205131","1":"post","2":"type-post","3":"status-publish","4":"format-standard","5":"has-post-thumbnail","7":"category-cultura","8":"category-inclusive","9":"tag-3o-rodeio-artistico","10":"tag-ctg-rincao-das-coxilhas","11":"tag-tradicionalismo","12":"pmpro-has-access"},"yoast_head":"<!-- This site is optimized with the Yoast SEO plugin v27.5 - https:\/\/yoast.com\/product\/yoast-seo-wordpress\/ -->\n<title>CTG Rinc\u00e3o das Coxilhas realiza 3\u00ba Rodeio Art\u00edstico em maio - Folha Popular<\/title>\n<meta name=\"robots\" content=\"index, follow, max-snippet:-1, max-image-preview:large, max-video-preview:-1\" \/>\n<link rel=\"canonical\" href=\"https:\/\/folhapopular.info\/index.php\/2026\/03\/04\/ctg-rincao-das-coxilhas-realiza-3o-rodeio-artistico-em-maio\/\" \/>\n<meta property=\"og:locale\" content=\"pt_BR\" \/>\n<meta property=\"og:type\" content=\"article\" \/>\n<meta property=\"og:title\" content=\"CTG Rinc\u00e3o das Coxilhas realiza 3\u00ba Rodeio Art\u00edstico em maio - Folha Popular\" \/>\n<meta property=\"og:description\" content=\"A cultura ga\u00facha ganhar\u00e1 um palco especial no m\u00eas de maio. O CTG Rinc\u00e3o das Coxilhas anunciou a realiza\u00e7\u00e3o do 3\u00ba Rodeio Art\u00edstico, evento que reunir\u00e1 tradicionalistas de diversas regi\u00f5es no Bairro Languiru, em Teut\u00f4nia. O encontro est\u00e1 marcado para os dias 16 e 17 de maio de 2026. O rodeio n\u00e3o \u00e9 apenas uma [&hellip;]\" \/>\n<meta property=\"og:url\" content=\"https:\/\/folhapopular.info\/index.php\/2026\/03\/04\/ctg-rincao-das-coxilhas-realiza-3o-rodeio-artistico-em-maio\/\" \/>\n<meta property=\"og:site_name\" content=\"Folha Popular\" \/>\n<meta property=\"article:published_time\" content=\"2026-03-04T22:06:00+00:00\" \/>\n<meta property=\"og:image\" content=\"https:\/\/folhapopular.info\/wp-content\/uploads\/2026\/03\/CTG-corre-contra-o-tempo-para-viabilizar-recursos-e-garantir-concorrencia.jpeg\" \/>\n\t<meta property=\"og:image:width\" content=\"1280\" \/>\n\t<meta property=\"og:image:height\" content=\"960\" \/>\n\t<meta property=\"og:image:type\" content=\"image\/jpeg\" \/>\n<meta name=\"author\" content=\"Camille Lenz da Silva\" \/>\n<meta name=\"twitter:card\" content=\"summary_large_image\" \/>\n<meta name=\"twitter:label1\" content=\"Escrito por\" \/>\n\t<meta name=\"twitter:data1\" content=\"Camille Lenz da Silva\" \/>\n\t<meta name=\"twitter:label2\" content=\"Est. tempo de leitura\" \/>\n\t<meta name=\"twitter:data2\" content=\"2 minutos\" \/>\n<script type=\"application\/ld+json\" class=\"yoast-schema-graph\">{\"@context\":\"https:\\\/\\\/schema.org\",\"@graph\":[{\"@type\":\"Article\",\"@id\":\"https:\\\/\\\/folhapopular.info\\\/index.php\\\/2026\\\/03\\\/04\\\/ctg-rincao-das-coxilhas-realiza-3o-rodeio-artistico-em-maio\\\/#article\",\"isPartOf\":{\"@id\":\"https:\\\/\\\/folhapopular.info\\\/index.php\\\/2026\\\/03\\\/04\\\/ctg-rincao-das-coxilhas-realiza-3o-rodeio-artistico-em-maio\\\/\"},\"author\":{\"name\":\"Camille Lenz da Silva\",\"@id\":\"https:\\\/\\\/folhapopular.info\\\/#\\\/schema\\\/person\\\/f0b811f932ef2505faf473ffaef49df5\"},\"headline\":\"CTG Rinc\u00e3o das Coxilhas realiza 3\u00ba Rodeio Art\u00edstico em maio\",\"datePublished\":\"2026-03-04T22:06:00+00:00\",\"mainEntityOfPage\":{\"@id\":\"https:\\\/\\\/folhapopular.info\\\/index.php\\\/2026\\\/03\\\/04\\\/ctg-rincao-das-coxilhas-realiza-3o-rodeio-artistico-em-maio\\\/\"},\"wordCount\":182,\"commentCount\":0,\"image\":{\"@id\":\"https:\\\/\\\/folhapopular.info\\\/index.php\\\/2026\\\/03\\\/04\\\/ctg-rincao-das-coxilhas-realiza-3o-rodeio-artistico-em-maio\\\/#primaryimage\"},\"thumbnailUrl\":\"https:\\\/\\\/folhapopular.info\\\/wp-content\\\/uploads\\\/2026\\\/03\\\/CTG-corre-contra-o-tempo-para-viabilizar-recursos-e-garantir-concorrencia.jpeg\",\"keywords\":[\"3\u00ba Rodeio Art\u00edstico\",\"CTG Rinc\u00e3o das Coxilhas\",\"Tradicionalismo\"],\"articleSection\":[\"Cultura\",\"Inclusive\"],\"inLanguage\":\"pt-BR\",\"potentialAction\":[{\"@type\":\"CommentAction\",\"name\":\"Comment\",\"target\":[\"https:\\\/\\\/folhapopular.info\\\/index.php\\\/2026\\\/03\\\/04\\\/ctg-rincao-das-coxilhas-realiza-3o-rodeio-artistico-em-maio\\\/#respond\"]}]},{\"@type\":\"WebPage\",\"@id\":\"https:\\\/\\\/folhapopular.info\\\/index.php\\\/2026\\\/03\\\/04\\\/ctg-rincao-das-coxilhas-realiza-3o-rodeio-artistico-em-maio\\\/\",\"url\":\"https:\\\/\\\/folhapopular.info\\\/index.php\\\/2026\\\/03\\\/04\\\/ctg-rincao-das-coxilhas-realiza-3o-rodeio-artistico-em-maio\\\/\",\"name\":\"CTG Rinc\u00e3o das Coxilhas realiza 3\u00ba Rodeio Art\u00edstico em maio - Folha Popular\",\"isPartOf\":{\"@id\":\"https:\\\/\\\/folhapopular.info\\\/#website\"},\"primaryImageOfPage\":{\"@id\":\"https:\\\/\\\/folhapopular.info\\\/index.php\\\/2026\\\/03\\\/04\\\/ctg-rincao-das-coxilhas-realiza-3o-rodeio-artistico-em-maio\\\/#primaryimage\"},\"image\":{\"@id\":\"https:\\\/\\\/folhapopular.info\\\/index.php\\\/2026\\\/03\\\/04\\\/ctg-rincao-das-coxilhas-realiza-3o-rodeio-artistico-em-maio\\\/#primaryimage\"},\"thumbnailUrl\":\"https:\\\/\\\/folhapopular.info\\\/wp-content\\\/uploads\\\/2026\\\/03\\\/CTG-corre-contra-o-tempo-para-viabilizar-recursos-e-garantir-concorrencia.jpeg\",\"datePublished\":\"2026-03-04T22:06:00+00:00\",\"author\":{\"@id\":\"https:\\\/\\\/folhapopular.info\\\/#\\\/schema\\\/person\\\/f0b811f932ef2505faf473ffaef49df5\"},\"breadcrumb\":{\"@id\":\"https:\\\/\\\/folhapopular.info\\\/index.php\\\/2026\\\/03\\\/04\\\/ctg-rincao-das-coxilhas-realiza-3o-rodeio-artistico-em-maio\\\/#breadcrumb\"},\"inLanguage\":\"pt-BR\",\"potentialAction\":[{\"@type\":\"ReadAction\",\"target\":[\"https:\\\/\\\/folhapopular.info\\\/index.php\\\/2026\\\/03\\\/04\\\/ctg-rincao-das-coxilhas-realiza-3o-rodeio-artistico-em-maio\\\/\"]}]},{\"@type\":\"ImageObject\",\"inLanguage\":\"pt-BR\",\"@id\":\"https:\\\/\\\/folhapopular.info\\\/index.php\\\/2026\\\/03\\\/04\\\/ctg-rincao-das-coxilhas-realiza-3o-rodeio-artistico-em-maio\\\/#primaryimage\",\"url\":\"https:\\\/\\\/folhapopular.info\\\/wp-content\\\/uploads\\\/2026\\\/03\\\/CTG-corre-contra-o-tempo-para-viabilizar-recursos-e-garantir-concorrencia.jpeg\",\"contentUrl\":\"https:\\\/\\\/folhapopular.info\\\/wp-content\\\/uploads\\\/2026\\\/03\\\/CTG-corre-contra-o-tempo-para-viabilizar-recursos-e-garantir-concorrencia.jpeg\",\"width\":1280,\"height\":960,\"caption\":\"Cr\u00e9dito: Gustavo Tomazi\"},{\"@type\":\"BreadcrumbList\",\"@id\":\"https:\\\/\\\/folhapopular.info\\\/index.php\\\/2026\\\/03\\\/04\\\/ctg-rincao-das-coxilhas-realiza-3o-rodeio-artistico-em-maio\\\/#breadcrumb\",\"itemListElement\":[{\"@type\":\"ListItem\",\"position\":1,\"name\":\"In\u00edcio\",\"item\":\"https:\\\/\\\/folhapopular.info\\\/\"},{\"@type\":\"ListItem\",\"position\":2,\"name\":\"CTG Rinc\u00e3o das Coxilhas realiza 3\u00ba Rodeio Art\u00edstico em maio\"}]},{\"@type\":\"WebSite\",\"@id\":\"https:\\\/\\\/folhapopular.info\\\/#website\",\"url\":\"https:\\\/\\\/folhapopular.info\\\/\",\"name\":\"Folha Popular\",\"description\":\"Onde voc\u00ea tem vez e voz\",\"potentialAction\":[{\"@type\":\"SearchAction\",\"target\":{\"@type\":\"EntryPoint\",\"urlTemplate\":\"https:\\\/\\\/folhapopular.info\\\/?s={search_term_string}\"},\"query-input\":{\"@type\":\"PropertyValueSpecification\",\"valueRequired\":true,\"valueName\":\"search_term_string\"}}],\"inLanguage\":\"pt-BR\"},{\"@type\":\"Person\",\"@id\":\"https:\\\/\\\/folhapopular.info\\\/#\\\/schema\\\/person\\\/f0b811f932ef2505faf473ffaef49df5\",\"name\":\"Camille Lenz da Silva\",\"image\":{\"@type\":\"ImageObject\",\"inLanguage\":\"pt-BR\",\"@id\":\"https:\\\/\\\/secure.gravatar.com\\\/avatar\\\/50be826d73ca259ec0e0a88a407f5de800c576c46cfdc57e50ef28551e216fff?s=96&d=mm&r=g\",\"url\":\"https:\\\/\\\/secure.gravatar.com\\\/avatar\\\/50be826d73ca259ec0e0a88a407f5de800c576c46cfdc57e50ef28551e216fff?s=96&d=mm&r=g\",\"contentUrl\":\"https:\\\/\\\/secure.gravatar.com\\\/avatar\\\/50be826d73ca259ec0e0a88a407f5de800c576c46cfdc57e50ef28551e216fff?s=96&d=mm&r=g\",\"caption\":\"Camille Lenz da Silva\"},\"url\":\"https:\\\/\\\/folhapopular.info\\\/index.php\\\/author\\\/camillelenzgmail-com\\\/\"}]}<\/script>\n<!-- \/ Yoast SEO plugin. -->","yoast_head_json":{"title":"CTG Rinc\u00e3o das Coxilhas realiza 3\u00ba Rodeio Art\u00edstico em maio - Folha Popular","robots":{"index":"index","follow":"follow","max-snippet":"max-snippet:-1","max-image-preview":"max-image-preview:large","max-video-preview":"max-video-preview:-1"},"canonical":"https:\/\/folhapopular.info\/index.php\/2026\/03\/04\/ctg-rincao-das-coxilhas-realiza-3o-rodeio-artistico-em-maio\/","og_locale":"pt_BR","og_type":"article","og_title":"CTG Rinc\u00e3o das Coxilhas realiza 3\u00ba Rodeio Art\u00edstico em maio - Folha Popular","og_description":"A cultura ga\u00facha ganhar\u00e1 um palco especial no m\u00eas de maio. O CTG Rinc\u00e3o das Coxilhas anunciou a realiza\u00e7\u00e3o do 3\u00ba Rodeio Art\u00edstico, evento que reunir\u00e1 tradicionalistas de diversas regi\u00f5es no Bairro Languiru, em Teut\u00f4nia. O encontro est\u00e1 marcado para os dias 16 e 17 de maio de 2026. O rodeio n\u00e3o \u00e9 apenas uma [&hellip;]","og_url":"https:\/\/folhapopular.info\/index.php\/2026\/03\/04\/ctg-rincao-das-coxilhas-realiza-3o-rodeio-artistico-em-maio\/","og_site_name":"Folha Popular","article_published_time":"2026-03-04T22:06:00+00:00","og_image":[{"width":1280,"height":960,"url":"https:\/\/folhapopular.info\/wp-content\/uploads\/2026\/03\/CTG-corre-contra-o-tempo-para-viabilizar-recursos-e-garantir-concorrencia.jpeg","type":"image\/jpeg"}],"author":"Camille Lenz da Silva","twitter_card":"summary_large_image","twitter_misc":{"Escrito por":"Camille Lenz da Silva","Est. tempo de leitura":"2 minutos"},"schema":{"@context":"https:\/\/schema.org","@graph":[{"@type":"Article","@id":"https:\/\/folhapopular.info\/index.php\/2026\/03\/04\/ctg-rincao-das-coxilhas-realiza-3o-rodeio-artistico-em-maio\/#article","isPartOf":{"@id":"https:\/\/folhapopular.info\/index.php\/2026\/03\/04\/ctg-rincao-das-coxilhas-realiza-3o-rodeio-artistico-em-maio\/"},"author":{"name":"Camille Lenz da Silva","@id":"https:\/\/folhapopular.info\/#\/schema\/person\/f0b811f932ef2505faf473ffaef49df5"},"headline":"CTG Rinc\u00e3o das Coxilhas realiza 3\u00ba Rodeio Art\u00edstico em maio","datePublished":"2026-03-04T22:06:00+00:00","mainEntityOfPage":{"@id":"https:\/\/folhapopular.info\/index.php\/2026\/03\/04\/ctg-rincao-das-coxilhas-realiza-3o-rodeio-artistico-em-maio\/"},"wordCount":182,"commentCount":0,"image":{"@id":"https:\/\/folhapopular.info\/index.php\/2026\/03\/04\/ctg-rincao-das-coxilhas-realiza-3o-rodeio-artistico-em-maio\/#primaryimage"},"thumbnailUrl":"https:\/\/folhapopular.info\/wp-content\/uploads\/2026\/03\/CTG-corre-contra-o-tempo-para-viabilizar-recursos-e-garantir-concorrencia.jpeg","keywords":["3\u00ba Rodeio Art\u00edstico","CTG Rinc\u00e3o das Coxilhas","Tradicionalismo"],"articleSection":["Cultura","Inclusive"],"inLanguage":"pt-BR","potentialAction":[{"@type":"CommentAction","name":"Comment","target":["https:\/\/folhapopular.info\/index.php\/2026\/03\/04\/ctg-rincao-das-coxilhas-realiza-3o-rodeio-artistico-em-maio\/#respond"]}]},{"@type":"WebPage","@id":"https:\/\/folhapopular.info\/index.php\/2026\/03\/04\/ctg-rincao-das-coxilhas-realiza-3o-rodeio-artistico-em-maio\/","url":"https:\/\/folhapopular.info\/index.php\/2026\/03\/04\/ctg-rincao-das-coxilhas-realiza-3o-rodeio-artistico-em-maio\/","name":"CTG Rinc\u00e3o das Coxilhas realiza 3\u00ba Rodeio Art\u00edstico em maio - Folha Popular","isPartOf":{"@id":"https:\/\/folhapopular.info\/#website"},"primaryImageOfPage":{"@id":"https:\/\/folhapopular.info\/index.php\/2026\/03\/04\/ctg-rincao-das-coxilhas-realiza-3o-rodeio-artistico-em-maio\/#primaryimage"},"image":{"@id":"https:\/\/folhapopular.info\/index.php\/2026\/03\/04\/ctg-rincao-das-coxilhas-realiza-3o-rodeio-artistico-em-maio\/#primaryimage"},"thumbnailUrl":"https:\/\/folhapopular.info\/wp-content\/uploads\/2026\/03\/CTG-corre-contra-o-tempo-para-viabilizar-recursos-e-garantir-concorrencia.jpeg","datePublished":"2026-03-04T22:06:00+00:00","author":{"@id":"https:\/\/folhapopular.info\/#\/schema\/person\/f0b811f932ef2505faf473ffaef49df5"},"breadcrumb":{"@id":"https:\/\/folhapopular.info\/index.php\/2026\/03\/04\/ctg-rincao-das-coxilhas-realiza-3o-rodeio-artistico-em-maio\/#breadcrumb"},"inLanguage":"pt-BR","potentialAction":[{"@type":"ReadAction","target":["https:\/\/folhapopular.info\/index.php\/2026\/03\/04\/ctg-rincao-das-coxilhas-realiza-3o-rodeio-artistico-em-maio\/"]}]},{"@type":"ImageObject","inLanguage":"pt-BR","@id":"https:\/\/folhapopular.info\/index.php\/2026\/03\/04\/ctg-rincao-das-coxilhas-realiza-3o-rodeio-artistico-em-maio\/#primaryimage","url":"https:\/\/folhapopular.info\/wp-content\/uploads\/2026\/03\/CTG-corre-contra-o-tempo-para-viabilizar-recursos-e-garantir-concorrencia.jpeg","contentUrl":"https:\/\/folhapopular.info\/wp-content\/uploads\/2026\/03\/CTG-corre-contra-o-tempo-para-viabilizar-recursos-e-garantir-concorrencia.jpeg","width":1280,"height":960,"caption":"Cr\u00e9dito: Gustavo Tomazi"},{"@type":"BreadcrumbList","@id":"https:\/\/folhapopular.info\/index.php\/2026\/03\/04\/ctg-rincao-das-coxilhas-realiza-3o-rodeio-artistico-em-maio\/#breadcrumb","itemListElement":[{"@type":"ListItem","position":1,"name":"In\u00edcio","item":"https:\/\/folhapopular.info\/"},{"@type":"ListItem","position":2,"name":"CTG Rinc\u00e3o das Coxilhas realiza 3\u00ba Rodeio Art\u00edstico em maio"}]},{"@type":"WebSite","@id":"https:\/\/folhapopular.info\/#website","url":"https:\/\/folhapopular.info\/","name":"Folha Popular","description":"Onde voc\u00ea tem vez e voz","potentialAction":[{"@type":"SearchAction","target":{"@type":"EntryPoint","urlTemplate":"https:\/\/folhapopular.info\/?s={search_term_string}"},"query-input":{"@type":"PropertyValueSpecification","valueRequired":true,"valueName":"search_term_string"}}],"inLanguage":"pt-BR"},{"@type":"Person","@id":"https:\/\/folhapopular.info\/#\/schema\/person\/f0b811f932ef2505faf473ffaef49df5","name":"Camille Lenz da Silva","image":{"@type":"ImageObject","inLanguage":"pt-BR","@id":"https:\/\/secure.gravatar.com\/avatar\/50be826d73ca259ec0e0a88a407f5de800c576c46cfdc57e50ef28551e216fff?s=96&d=mm&r=g","url":"https:\/\/secure.gravatar.com\/avatar\/50be826d73ca259ec0e0a88a407f5de800c576c46cfdc57e50ef28551e216fff?s=96&d=mm&r=g","contentUrl":"https:\/\/secure.gravatar.com\/avatar\/50be826d73ca259ec0e0a88a407f5de800c576c46cfdc57e50ef28551e216fff?s=96&d=mm&r=g","caption":"Camille Lenz da Silva"},"url":"https:\/\/folhapopular.info\/index.php\/author\/camillelenzgmail-com\/"}]}},"jetpack_featured_media_url":"https:\/\/folhapopular.info\/wp-content\/uploads\/2026\/03\/CTG-corre-contra-o-tempo-para-viabilizar-recursos-e-garantir-concorrencia.jpeg","jetpack_sharing_enabled":true,"amp_enabled":true,"_links":{"self":[{"href":"https:\/\/folhapopular.info\/index.php\/wp-json\/wp\/v2\/posts\/205131","targetHints":{"allow":["GET"]}}],"collection":[{"href":"https:\/\/folhapopular.info\/index.php\/wp-json\/wp\/v2\/posts"}],"about":[{"href":"https:\/\/folhapopular.info\/index.php\/wp-json\/wp\/v2\/types\/post"}],"author":[{"embeddable":true,"href":"https:\/\/folhapopular.info\/index.php\/wp-json\/wp\/v2\/users\/639"}],"replies":[{"embeddable":true,"href":"https:\/\/folhapopular.info\/index.php\/wp-json\/wp\/v2\/comments?post=205131"}],"version-history":[{"count":0,"href":"https:\/\/folhapopular.info\/index.php\/wp-json\/wp\/v2\/posts\/205131\/revisions"}],"wp:featuredmedia":[{"embeddable":true,"href":"https:\/\/folhapopular.info\/index.php\/wp-json\/wp\/v2\/media\/205140"}],"wp:attachment":[{"href":"https:\/\/folhapopular.info\/index.php\/wp-json\/wp\/v2\/media?parent=205131"}],"wp:term":[{"taxonomy":"category","embeddable":true,"href":"https:\/\/folhapopular.info\/index.php\/wp-json\/wp\/v2\/categories?post=205131"},{"taxonomy":"post_tag","embeddable":true,"href":"https:\/\/folhapopular.info\/index.php\/wp-json\/wp\/v2\/tags?post=205131"}],"curies":[{"name":"wp","href":"https:\/\/api.w.org\/{rel}","templated":true}]}}