{"id":205166,"date":"2026-03-05T14:25:44","date_gmt":"2026-03-05T17:25:44","guid":{"rendered":"https:\/\/folhapopular.info\/?p=205166"},"modified":"2026-03-05T22:37:02","modified_gmt":"2026-03-06T01:37:02","slug":"treinador-e-atleta-da-juventus-conquistam-brasileiro","status":"publish","type":"post","link":"https:\/\/folhapopular.info\/index.php\/2026\/03\/05\/treinador-e-atleta-da-juventus-conquistam-brasileiro\/","title":{"rendered":"Treinador e atleta da Juventus conquistam Brasileiro"},"content":{"rendered":"\n<p>A Sele\u00e7\u00e3o Ga\u00facha conquistou o t\u00edtulo do Campeonato Brasileiro de Sele\u00e7\u00f5es Sub-16 Feminino &#8211; Divis\u00e3o Especial 2026, disputado em Saquarema (RJ) e confirmou a for\u00e7a do voleibol do Rio Grande do Sul nas categorias de base.<\/p>\n\n\n\n<p>Entre os destaques da campanha campe\u00e3 est\u00e3o o t\u00e9cnico Pablo Dias Martin e a atleta Sofia Kunz Rost, que atuam na Juventus Voleibol e integraram a equipe campe\u00e3 de forma invicta na competi\u00e7\u00e3o organizada pela Confedera\u00e7\u00e3o Brasileira de Voleibol (CBV).<\/p>\n\n\n\n<p>A campanha ga\u00facha foi marcada por regularidade desde a fase classificat\u00f3ria. O Rio Grande do Sul terminou no 1\u00ba lugar da Chave A, com vit\u00f3rias sobre Minas Gerais, Santa Catarina e Mato Grosso.<\/p>\n\n\n\n<p>Na estreia, o time superou Minas Gerais por 2 <em>sets<\/em> a 0, depois venceu Santa Catarina por 2 a 0 e fechou a fase inicial com triunfo sobre o Mato Grosso pelo placar 2 a 1.<\/p>\n\n\n\n<p>No mata-mata, a equipe manteve o bom desempenho. Na semifinal, o Rio Grande do Sul venceu o Cear\u00e1 por 3 <em>sets<\/em> a 2, em confronto equilibrado. O resultado garantiu vaga na decis\u00e3o do torneio.<\/p>\n\n\n\n<p>Na grande final, a Sele\u00e7\u00e3o Ga\u00facha confirmou o t\u00edtulo com vit\u00f3ria convincente sobre S\u00e3o Paulo por 3 <em>sets<\/em> a 0 e assegurou o lugar mais alto do p\u00f3dio na principal divis\u00e3o da competi\u00e7\u00e3o nacional da categoria.<\/p>\n\n\n\n<p>A conquista refor\u00e7a o protagonismo do voleibol ga\u00facho nas categorias de forma\u00e7\u00e3o e celebra o trabalho desenvolvido por atletas e comiss\u00e3o t\u00e9cnica ao longo da competi\u00e7\u00e3o, que foi realizada de 28 de fevereiro a 4 de mar\u00e7o.<\/p>\n\n\n\n<p>Para Pablo Dias Martin e Sofia Kunz Rost, o t\u00edtulo nacional representa um marco, al\u00e9m de evidenciar o talento e a dedica\u00e7\u00e3o que levaram o Rio Grande do Sul e Teut\u00f4nia ao topo do voleibol brasileiro.<\/p>\n","protected":false},"excerpt":{"rendered":"<p>A Sele\u00e7\u00e3o Ga\u00facha conquistou o t\u00edtulo do Campeonato Brasileiro de Sele\u00e7\u00f5es Sub-16 Feminino &#8211; Divis\u00e3o Especial 2026, disputado em Saquarema (RJ) e confirmou a for\u00e7a do voleibol do Rio Grande do Sul nas categorias de base. Entre os destaques da campanha campe\u00e3 est\u00e3o o t\u00e9cnico Pablo Dias Martin e a atleta Sofia Kunz Rost, que [&hellip;]<\/p>\n","protected":false},"author":732,"featured_media":205167,"comment_status":"open","ping_status":"open","sticky":false,"template":"","format":"standard","meta":{"pmpro_default_level":"","_jetpack_memberships_contains_paid_content":false,"footnotes":""},"categories":[5,13607],"tags":[399,7178,1794,26,1653],"class_list":{"0":"post-205166","1":"post","2":"type-post","3":"status-publish","4":"format-standard","5":"has-post-thumbnail","7":"category-esportes","8":"category-voleibol","9":"tag-juventus","10":"tag-juventus-voleibol","11":"tag-rio-grande-do-sul","12":"tag-teutonia","13":"tag-voleibol","14":"pmpro-has-access"},"yoast_head":"<!-- This site is optimized with the Yoast SEO plugin v27.5 - https:\/\/yoast.com\/product\/yoast-seo-wordpress\/ -->\n<title>Treinador e atleta da Juventus conquistam Brasileiro - Folha Popular<\/title>\n<meta name=\"robots\" content=\"index, follow, max-snippet:-1, max-image-preview:large, max-video-preview:-1\" \/>\n<link rel=\"canonical\" href=\"https:\/\/folhapopular.info\/index.php\/2026\/03\/05\/treinador-e-atleta-da-juventus-conquistam-brasileiro\/\" \/>\n<meta property=\"og:locale\" content=\"pt_BR\" \/>\n<meta property=\"og:type\" content=\"article\" \/>\n<meta property=\"og:title\" content=\"Treinador e atleta da Juventus conquistam Brasileiro - Folha Popular\" \/>\n<meta property=\"og:description\" content=\"A Sele\u00e7\u00e3o Ga\u00facha conquistou o t\u00edtulo do Campeonato Brasileiro de Sele\u00e7\u00f5es Sub-16 Feminino &#8211; Divis\u00e3o Especial 2026, disputado em Saquarema (RJ) e confirmou a for\u00e7a do voleibol do Rio Grande do Sul nas categorias de base. Entre os destaques da campanha campe\u00e3 est\u00e3o o t\u00e9cnico Pablo Dias Martin e a atleta Sofia Kunz Rost, que [&hellip;]\" \/>\n<meta property=\"og:url\" content=\"https:\/\/folhapopular.info\/index.php\/2026\/03\/05\/treinador-e-atleta-da-juventus-conquistam-brasileiro\/\" \/>\n<meta property=\"og:site_name\" content=\"Folha Popular\" \/>\n<meta property=\"article:author\" content=\"https:\/\/www.facebook.com\/luis.huppes\/\" \/>\n<meta property=\"article:published_time\" content=\"2026-03-05T17:25:44+00:00\" \/>\n<meta property=\"article:modified_time\" content=\"2026-03-06T01:37:02+00:00\" \/>\n<meta property=\"og:image\" content=\"http:\/\/folhapopular.info\/wp-content\/uploads\/2026\/03\/Juntos-levantaram-o-trofeu-no-Rio-de-Janeiro-e1772731727259.jpg\" \/>\n\t<meta property=\"og:image:width\" content=\"718\" \/>\n\t<meta property=\"og:image:height\" content=\"446\" \/>\n\t<meta property=\"og:image:type\" content=\"image\/jpeg\" \/>\n<meta name=\"author\" content=\"Luis Augusto Huppes\" \/>\n<meta name=\"twitter:card\" content=\"summary_large_image\" \/>\n<meta name=\"twitter:label1\" content=\"Escrito por\" \/>\n\t<meta name=\"twitter:data1\" content=\"Luis Augusto Huppes\" \/>\n\t<meta name=\"twitter:label2\" content=\"Est. tempo de leitura\" \/>\n\t<meta name=\"twitter:data2\" content=\"2 minutos\" \/>\n<script type=\"application\/ld+json\" class=\"yoast-schema-graph\">{\"@context\":\"https:\\\/\\\/schema.org\",\"@graph\":[{\"@type\":\"Article\",\"@id\":\"https:\\\/\\\/folhapopular.info\\\/index.php\\\/2026\\\/03\\\/05\\\/treinador-e-atleta-da-juventus-conquistam-brasileiro\\\/#article\",\"isPartOf\":{\"@id\":\"https:\\\/\\\/folhapopular.info\\\/index.php\\\/2026\\\/03\\\/05\\\/treinador-e-atleta-da-juventus-conquistam-brasileiro\\\/\"},\"author\":{\"name\":\"Luis Augusto Huppes\",\"@id\":\"https:\\\/\\\/folhapopular.info\\\/#\\\/schema\\\/person\\\/e852c327371714676d02e58cf917fd9f\"},\"headline\":\"Treinador e atleta da Juventus conquistam Brasileiro\",\"datePublished\":\"2026-03-05T17:25:44+00:00\",\"dateModified\":\"2026-03-06T01:37:02+00:00\",\"mainEntityOfPage\":{\"@id\":\"https:\\\/\\\/folhapopular.info\\\/index.php\\\/2026\\\/03\\\/05\\\/treinador-e-atleta-da-juventus-conquistam-brasileiro\\\/\"},\"wordCount\":314,\"commentCount\":0,\"image\":{\"@id\":\"https:\\\/\\\/folhapopular.info\\\/index.php\\\/2026\\\/03\\\/05\\\/treinador-e-atleta-da-juventus-conquistam-brasileiro\\\/#primaryimage\"},\"thumbnailUrl\":\"https:\\\/\\\/folhapopular.info\\\/wp-content\\\/uploads\\\/2026\\\/03\\\/Juntos-levantaram-o-trofeu-no-Rio-de-Janeiro-e1772731727259.jpg\",\"keywords\":[\"Juventus\",\"Juventus Voleibol\",\"Rio Grande do Sul\",\"Teut\u00f4nia\",\"Voleibol\"],\"articleSection\":[\"Esportes\",\"Voleibol\"],\"inLanguage\":\"pt-BR\",\"potentialAction\":[{\"@type\":\"CommentAction\",\"name\":\"Comment\",\"target\":[\"https:\\\/\\\/folhapopular.info\\\/index.php\\\/2026\\\/03\\\/05\\\/treinador-e-atleta-da-juventus-conquistam-brasileiro\\\/#respond\"]}]},{\"@type\":\"WebPage\",\"@id\":\"https:\\\/\\\/folhapopular.info\\\/index.php\\\/2026\\\/03\\\/05\\\/treinador-e-atleta-da-juventus-conquistam-brasileiro\\\/\",\"url\":\"https:\\\/\\\/folhapopular.info\\\/index.php\\\/2026\\\/03\\\/05\\\/treinador-e-atleta-da-juventus-conquistam-brasileiro\\\/\",\"name\":\"Treinador e atleta da Juventus conquistam Brasileiro - Folha Popular\",\"isPartOf\":{\"@id\":\"https:\\\/\\\/folhapopular.info\\\/#website\"},\"primaryImageOfPage\":{\"@id\":\"https:\\\/\\\/folhapopular.info\\\/index.php\\\/2026\\\/03\\\/05\\\/treinador-e-atleta-da-juventus-conquistam-brasileiro\\\/#primaryimage\"},\"image\":{\"@id\":\"https:\\\/\\\/folhapopular.info\\\/index.php\\\/2026\\\/03\\\/05\\\/treinador-e-atleta-da-juventus-conquistam-brasileiro\\\/#primaryimage\"},\"thumbnailUrl\":\"https:\\\/\\\/folhapopular.info\\\/wp-content\\\/uploads\\\/2026\\\/03\\\/Juntos-levantaram-o-trofeu-no-Rio-de-Janeiro-e1772731727259.jpg\",\"datePublished\":\"2026-03-05T17:25:44+00:00\",\"dateModified\":\"2026-03-06T01:37:02+00:00\",\"author\":{\"@id\":\"https:\\\/\\\/folhapopular.info\\\/#\\\/schema\\\/person\\\/e852c327371714676d02e58cf917fd9f\"},\"breadcrumb\":{\"@id\":\"https:\\\/\\\/folhapopular.info\\\/index.php\\\/2026\\\/03\\\/05\\\/treinador-e-atleta-da-juventus-conquistam-brasileiro\\\/#breadcrumb\"},\"inLanguage\":\"pt-BR\",\"potentialAction\":[{\"@type\":\"ReadAction\",\"target\":[\"https:\\\/\\\/folhapopular.info\\\/index.php\\\/2026\\\/03\\\/05\\\/treinador-e-atleta-da-juventus-conquistam-brasileiro\\\/\"]}]},{\"@type\":\"ImageObject\",\"inLanguage\":\"pt-BR\",\"@id\":\"https:\\\/\\\/folhapopular.info\\\/index.php\\\/2026\\\/03\\\/05\\\/treinador-e-atleta-da-juventus-conquistam-brasileiro\\\/#primaryimage\",\"url\":\"https:\\\/\\\/folhapopular.info\\\/wp-content\\\/uploads\\\/2026\\\/03\\\/Juntos-levantaram-o-trofeu-no-Rio-de-Janeiro-e1772731727259.jpg\",\"contentUrl\":\"https:\\\/\\\/folhapopular.info\\\/wp-content\\\/uploads\\\/2026\\\/03\\\/Juntos-levantaram-o-trofeu-no-Rio-de-Janeiro-e1772731727259.jpg\",\"width\":718,\"height\":446,\"caption\":\"Juntos, levantaram o trof\u00e9u no Rio de Janeiro - Cr\u00e9dito: Juventus Voleibol \\\/ Divulga\u00e7\u00e3o\"},{\"@type\":\"BreadcrumbList\",\"@id\":\"https:\\\/\\\/folhapopular.info\\\/index.php\\\/2026\\\/03\\\/05\\\/treinador-e-atleta-da-juventus-conquistam-brasileiro\\\/#breadcrumb\",\"itemListElement\":[{\"@type\":\"ListItem\",\"position\":1,\"name\":\"In\u00edcio\",\"item\":\"https:\\\/\\\/folhapopular.info\\\/\"},{\"@type\":\"ListItem\",\"position\":2,\"name\":\"Treinador e atleta da Juventus conquistam Brasileiro\"}]},{\"@type\":\"WebSite\",\"@id\":\"https:\\\/\\\/folhapopular.info\\\/#website\",\"url\":\"https:\\\/\\\/folhapopular.info\\\/\",\"name\":\"Folha Popular\",\"description\":\"Onde voc\u00ea tem vez e voz\",\"potentialAction\":[{\"@type\":\"SearchAction\",\"target\":{\"@type\":\"EntryPoint\",\"urlTemplate\":\"https:\\\/\\\/folhapopular.info\\\/?s={search_term_string}\"},\"query-input\":{\"@type\":\"PropertyValueSpecification\",\"valueRequired\":true,\"valueName\":\"search_term_string\"}}],\"inLanguage\":\"pt-BR\"},{\"@type\":\"Person\",\"@id\":\"https:\\\/\\\/folhapopular.info\\\/#\\\/schema\\\/person\\\/e852c327371714676d02e58cf917fd9f\",\"name\":\"Luis Augusto Huppes\",\"image\":{\"@type\":\"ImageObject\",\"inLanguage\":\"pt-BR\",\"@id\":\"https:\\\/\\\/folhapopular.info\\\/wp-content\\\/uploads\\\/2026\\\/04\\\/Luis-Augusto-Huppes-1-1.webp\",\"url\":\"https:\\\/\\\/folhapopular.info\\\/wp-content\\\/uploads\\\/2026\\\/04\\\/Luis-Augusto-Huppes-1-1.webp\",\"contentUrl\":\"https:\\\/\\\/folhapopular.info\\\/wp-content\\\/uploads\\\/2026\\\/04\\\/Luis-Augusto-Huppes-1-1.webp\",\"caption\":\"Luis Augusto Huppes\"},\"sameAs\":[\"https:\\\/\\\/www.facebook.com\\\/luis.huppes\\\/\",\"https:\\\/\\\/www.instagram.com\\\/luis.huppes\\\/\",\"https:\\\/\\\/www.linkedin.com\\\/in\\\/luis-augusto-huppes-2554b52b7\\\/\"],\"url\":\"https:\\\/\\\/folhapopular.info\\\/index.php\\\/author\\\/luis-augusto-huppes\\\/\"}]}<\/script>\n<!-- \/ Yoast SEO plugin. -->","yoast_head_json":{"title":"Treinador e atleta da Juventus conquistam Brasileiro - Folha Popular","robots":{"index":"index","follow":"follow","max-snippet":"max-snippet:-1","max-image-preview":"max-image-preview:large","max-video-preview":"max-video-preview:-1"},"canonical":"https:\/\/folhapopular.info\/index.php\/2026\/03\/05\/treinador-e-atleta-da-juventus-conquistam-brasileiro\/","og_locale":"pt_BR","og_type":"article","og_title":"Treinador e atleta da Juventus conquistam Brasileiro - Folha Popular","og_description":"A Sele\u00e7\u00e3o Ga\u00facha conquistou o t\u00edtulo do Campeonato Brasileiro de Sele\u00e7\u00f5es Sub-16 Feminino &#8211; Divis\u00e3o Especial 2026, disputado em Saquarema (RJ) e confirmou a for\u00e7a do voleibol do Rio Grande do Sul nas categorias de base. Entre os destaques da campanha campe\u00e3 est\u00e3o o t\u00e9cnico Pablo Dias Martin e a atleta Sofia Kunz Rost, que [&hellip;]","og_url":"https:\/\/folhapopular.info\/index.php\/2026\/03\/05\/treinador-e-atleta-da-juventus-conquistam-brasileiro\/","og_site_name":"Folha Popular","article_author":"https:\/\/www.facebook.com\/luis.huppes\/","article_published_time":"2026-03-05T17:25:44+00:00","article_modified_time":"2026-03-06T01:37:02+00:00","og_image":[{"width":718,"height":446,"url":"http:\/\/folhapopular.info\/wp-content\/uploads\/2026\/03\/Juntos-levantaram-o-trofeu-no-Rio-de-Janeiro-e1772731727259.jpg","type":"image\/jpeg"}],"author":"Luis Augusto Huppes","twitter_card":"summary_large_image","twitter_misc":{"Escrito por":"Luis Augusto Huppes","Est. tempo de leitura":"2 minutos"},"schema":{"@context":"https:\/\/schema.org","@graph":[{"@type":"Article","@id":"https:\/\/folhapopular.info\/index.php\/2026\/03\/05\/treinador-e-atleta-da-juventus-conquistam-brasileiro\/#article","isPartOf":{"@id":"https:\/\/folhapopular.info\/index.php\/2026\/03\/05\/treinador-e-atleta-da-juventus-conquistam-brasileiro\/"},"author":{"name":"Luis Augusto Huppes","@id":"https:\/\/folhapopular.info\/#\/schema\/person\/e852c327371714676d02e58cf917fd9f"},"headline":"Treinador e atleta da Juventus conquistam Brasileiro","datePublished":"2026-03-05T17:25:44+00:00","dateModified":"2026-03-06T01:37:02+00:00","mainEntityOfPage":{"@id":"https:\/\/folhapopular.info\/index.php\/2026\/03\/05\/treinador-e-atleta-da-juventus-conquistam-brasileiro\/"},"wordCount":314,"commentCount":0,"image":{"@id":"https:\/\/folhapopular.info\/index.php\/2026\/03\/05\/treinador-e-atleta-da-juventus-conquistam-brasileiro\/#primaryimage"},"thumbnailUrl":"https:\/\/folhapopular.info\/wp-content\/uploads\/2026\/03\/Juntos-levantaram-o-trofeu-no-Rio-de-Janeiro-e1772731727259.jpg","keywords":["Juventus","Juventus Voleibol","Rio Grande do Sul","Teut\u00f4nia","Voleibol"],"articleSection":["Esportes","Voleibol"],"inLanguage":"pt-BR","potentialAction":[{"@type":"CommentAction","name":"Comment","target":["https:\/\/folhapopular.info\/index.php\/2026\/03\/05\/treinador-e-atleta-da-juventus-conquistam-brasileiro\/#respond"]}]},{"@type":"WebPage","@id":"https:\/\/folhapopular.info\/index.php\/2026\/03\/05\/treinador-e-atleta-da-juventus-conquistam-brasileiro\/","url":"https:\/\/folhapopular.info\/index.php\/2026\/03\/05\/treinador-e-atleta-da-juventus-conquistam-brasileiro\/","name":"Treinador e atleta da Juventus conquistam Brasileiro - Folha Popular","isPartOf":{"@id":"https:\/\/folhapopular.info\/#website"},"primaryImageOfPage":{"@id":"https:\/\/folhapopular.info\/index.php\/2026\/03\/05\/treinador-e-atleta-da-juventus-conquistam-brasileiro\/#primaryimage"},"image":{"@id":"https:\/\/folhapopular.info\/index.php\/2026\/03\/05\/treinador-e-atleta-da-juventus-conquistam-brasileiro\/#primaryimage"},"thumbnailUrl":"https:\/\/folhapopular.info\/wp-content\/uploads\/2026\/03\/Juntos-levantaram-o-trofeu-no-Rio-de-Janeiro-e1772731727259.jpg","datePublished":"2026-03-05T17:25:44+00:00","dateModified":"2026-03-06T01:37:02+00:00","author":{"@id":"https:\/\/folhapopular.info\/#\/schema\/person\/e852c327371714676d02e58cf917fd9f"},"breadcrumb":{"@id":"https:\/\/folhapopular.info\/index.php\/2026\/03\/05\/treinador-e-atleta-da-juventus-conquistam-brasileiro\/#breadcrumb"},"inLanguage":"pt-BR","potentialAction":[{"@type":"ReadAction","target":["https:\/\/folhapopular.info\/index.php\/2026\/03\/05\/treinador-e-atleta-da-juventus-conquistam-brasileiro\/"]}]},{"@type":"ImageObject","inLanguage":"pt-BR","@id":"https:\/\/folhapopular.info\/index.php\/2026\/03\/05\/treinador-e-atleta-da-juventus-conquistam-brasileiro\/#primaryimage","url":"https:\/\/folhapopular.info\/wp-content\/uploads\/2026\/03\/Juntos-levantaram-o-trofeu-no-Rio-de-Janeiro-e1772731727259.jpg","contentUrl":"https:\/\/folhapopular.info\/wp-content\/uploads\/2026\/03\/Juntos-levantaram-o-trofeu-no-Rio-de-Janeiro-e1772731727259.jpg","width":718,"height":446,"caption":"Juntos, levantaram o trof\u00e9u no Rio de Janeiro - Cr\u00e9dito: Juventus Voleibol \/ Divulga\u00e7\u00e3o"},{"@type":"BreadcrumbList","@id":"https:\/\/folhapopular.info\/index.php\/2026\/03\/05\/treinador-e-atleta-da-juventus-conquistam-brasileiro\/#breadcrumb","itemListElement":[{"@type":"ListItem","position":1,"name":"In\u00edcio","item":"https:\/\/folhapopular.info\/"},{"@type":"ListItem","position":2,"name":"Treinador e atleta da Juventus conquistam Brasileiro"}]},{"@type":"WebSite","@id":"https:\/\/folhapopular.info\/#website","url":"https:\/\/folhapopular.info\/","name":"Folha Popular","description":"Onde voc\u00ea tem vez e voz","potentialAction":[{"@type":"SearchAction","target":{"@type":"EntryPoint","urlTemplate":"https:\/\/folhapopular.info\/?s={search_term_string}"},"query-input":{"@type":"PropertyValueSpecification","valueRequired":true,"valueName":"search_term_string"}}],"inLanguage":"pt-BR"},{"@type":"Person","@id":"https:\/\/folhapopular.info\/#\/schema\/person\/e852c327371714676d02e58cf917fd9f","name":"Luis Augusto Huppes","image":{"@type":"ImageObject","inLanguage":"pt-BR","@id":"https:\/\/folhapopular.info\/wp-content\/uploads\/2026\/04\/Luis-Augusto-Huppes-1-1.webp","url":"https:\/\/folhapopular.info\/wp-content\/uploads\/2026\/04\/Luis-Augusto-Huppes-1-1.webp","contentUrl":"https:\/\/folhapopular.info\/wp-content\/uploads\/2026\/04\/Luis-Augusto-Huppes-1-1.webp","caption":"Luis Augusto Huppes"},"sameAs":["https:\/\/www.facebook.com\/luis.huppes\/","https:\/\/www.instagram.com\/luis.huppes\/","https:\/\/www.linkedin.com\/in\/luis-augusto-huppes-2554b52b7\/"],"url":"https:\/\/folhapopular.info\/index.php\/author\/luis-augusto-huppes\/"}]}},"jetpack_featured_media_url":"https:\/\/folhapopular.info\/wp-content\/uploads\/2026\/03\/Juntos-levantaram-o-trofeu-no-Rio-de-Janeiro-e1772731727259.jpg","jetpack_sharing_enabled":true,"amp_enabled":true,"_links":{"self":[{"href":"https:\/\/folhapopular.info\/index.php\/wp-json\/wp\/v2\/posts\/205166","targetHints":{"allow":["GET"]}}],"collection":[{"href":"https:\/\/folhapopular.info\/index.php\/wp-json\/wp\/v2\/posts"}],"about":[{"href":"https:\/\/folhapopular.info\/index.php\/wp-json\/wp\/v2\/types\/post"}],"author":[{"embeddable":true,"href":"https:\/\/folhapopular.info\/index.php\/wp-json\/wp\/v2\/users\/732"}],"replies":[{"embeddable":true,"href":"https:\/\/folhapopular.info\/index.php\/wp-json\/wp\/v2\/comments?post=205166"}],"version-history":[{"count":0,"href":"https:\/\/folhapopular.info\/index.php\/wp-json\/wp\/v2\/posts\/205166\/revisions"}],"wp:featuredmedia":[{"embeddable":true,"href":"https:\/\/folhapopular.info\/index.php\/wp-json\/wp\/v2\/media\/205167"}],"wp:attachment":[{"href":"https:\/\/folhapopular.info\/index.php\/wp-json\/wp\/v2\/media?parent=205166"}],"wp:term":[{"taxonomy":"category","embeddable":true,"href":"https:\/\/folhapopular.info\/index.php\/wp-json\/wp\/v2\/categories?post=205166"},{"taxonomy":"post_tag","embeddable":true,"href":"https:\/\/folhapopular.info\/index.php\/wp-json\/wp\/v2\/tags?post=205166"}],"curies":[{"name":"wp","href":"https:\/\/api.w.org\/{rel}","templated":true}]}}