{"id":205184,"date":"2026-03-05T16:55:55","date_gmt":"2026-03-05T19:55:55","guid":{"rendered":"https:\/\/folhapopular.info\/?p=205184"},"modified":"2026-03-06T16:44:12","modified_gmt":"2026-03-06T19:44:12","slug":"angelo-cesar-fontana-e-reeleito-presidente-da-cic-vale-do-taquari","status":"publish","type":"post","link":"https:\/\/folhapopular.info\/index.php\/2026\/03\/05\/angelo-cesar-fontana-e-reeleito-presidente-da-cic-vale-do-taquari\/","title":{"rendered":"Angelo C\u00e9sar Fontana \u00e9 reeleito presidente da CIC Vale do Taquari"},"content":{"rendered":"\n<p>O empres\u00e1rio Angelo C\u00e9sar Fontana foi reeleito presidente da C\u00e2mara da Ind\u00fastria, Com\u00e9rcio e Servi\u00e7os do Vale do Taquari (CIC VT) para mais um mandato de dois anos. A elei\u00e7\u00e3o ocorreu por aclama\u00e7\u00e3o durante assembleia realizada na quarta-feira (4\/3), na sede da Associa\u00e7\u00e3o Comercial, Industrial e de Servi\u00e7os de Arroio do Meio (Acisam), no munic\u00edpio de Arroio do Meio.<\/p>\n\n\n\n<p>A nova gest\u00e3o ter\u00e1 algumas mudan\u00e7as na composi\u00e7\u00e3o da diretoria. Entre elas est\u00e1 o retorno de Claus Wallauer \u00e0 diretoria de Relacionamento com o Associado. O setor tamb\u00e9m foi ampliado e passa a contar com a participa\u00e7\u00e3o de Cleber F. dos Santos. Segundo a entidade, a altera\u00e7\u00e3o segue o regimento interno e tem como objetivo fortalecer a forma\u00e7\u00e3o de lideran\u00e7as, incentivar o associativismo e ampliar a aproxima\u00e7\u00e3o com entidades empresariais da regi\u00e3o.<\/p>\n\n\n\n<p>Durante a assembleia tamb\u00e9m foram apresentados os resultados da gest\u00e3o 2024\/2025. Entre as a\u00e7\u00f5es destacadas est\u00e1 o projeto \u201cConstruindo Pontes Atrav\u00e9s do Associativismo\u201d, que viabilizou a instala\u00e7\u00e3o de dez pontes met\u00e1licas em munic\u00edpios do Vale do Taquari. A entidade tamb\u00e9m participou da segunda fase do programa Reconstr\u00f3i RS, iniciativa voltada \u00e0 recupera\u00e7\u00e3o de estruturas em cidades atingidas por eventos clim\u00e1ticos.<\/p>\n\n\n\n<p>Ao assumir o novo mandato, Fontana afirmou que a entidade pretende manter o trabalho voltado ao desenvolvimento regional e \u00e0 articula\u00e7\u00e3o entre empresas e institui\u00e7\u00f5es. Entre as prioridades da nova gest\u00e3o est\u00e3o a articula\u00e7\u00e3o para a cria\u00e7\u00e3o de um Arranjo Produtivo Local (APL) voltado ao setor de cosm\u00e9ticos, higiene e limpeza, al\u00e9m da amplia\u00e7\u00e3o de iniciativas relacionadas \u00e0 qualifica\u00e7\u00e3o profissional.<\/p>\n\n\n\n<p>O vice-presidente da CIC Vale do Taquari, Adelar Steffler, destacou que a melhoria da infraestrutura segue entre as principais pautas da entidade, citando a mobiliza\u00e7\u00e3o hist\u00f3rica em torno de demandas ligadas ao transporte e \u00e0s rodovias da regi\u00e3o, como a duplica\u00e7\u00e3o da BR-386.<\/p>\n\n\n\n<p>Antes da elei\u00e7\u00e3o, o tesoureiro Fernando Fensterseifer apresentou um balan\u00e7o das atividades da gest\u00e3o. J\u00e1 o vice-presidente regional da Federasul, Ivandro Carlos Rosa, ressaltou a import\u00e2ncia do trabalho volunt\u00e1rio nas entidades empresariais. Durante o encontro, a coordenadora do APL Alimentos e Bebidas Vale do Taquari, Aline Eggers Bagatini, tamb\u00e9m apresentou os resultados do arranjo produtivo, que re\u00fane empresas de diferentes etapas da cadeia do setor e segue em processo de expans\u00e3o na regi\u00e3o.<\/p>\n\n\n\n<p><\/p>\n","protected":false},"excerpt":{"rendered":"<p>O empres\u00e1rio Angelo C\u00e9sar Fontana foi reeleito presidente da C\u00e2mara da Ind\u00fastria, Com\u00e9rcio e Servi\u00e7os do Vale do Taquari (CIC VT) para mais um mandato de dois anos. A elei\u00e7\u00e3o ocorreu por aclama\u00e7\u00e3o durante assembleia realizada na quarta-feira (4\/3), na sede da Associa\u00e7\u00e3o Comercial, Industrial e de Servi\u00e7os de Arroio do Meio (Acisam), no munic\u00edpio [&hellip;]<\/p>\n","protected":false},"author":8,"featured_media":205185,"comment_status":"open","ping_status":"open","sticky":false,"template":"","format":"standard","meta":{"pmpro_default_level":"","_jetpack_memberships_contains_paid_content":false,"footnotes":""},"categories":[2,10991,10993],"tags":[19952,20687,5710,5696,5955],"class_list":{"0":"post-205184","1":"post","2":"type-post","3":"status-publish","4":"format-standard","5":"has-post-thumbnail","7":"category-featured","8":"category-economia","9":"category-empreender","10":"tag-acisam","11":"tag-angelo-fontana-2","12":"tag-associativismo","13":"tag-cic-vale-do-taquari","14":"tag-cic-vt","15":"pmpro-has-access"},"yoast_head":"<!-- This site is optimized with the Yoast SEO plugin v27.5 - https:\/\/yoast.com\/product\/yoast-seo-wordpress\/ -->\n<title>Angelo C\u00e9sar Fontana \u00e9 reeleito presidente da CIC Vale do Taquari - Folha Popular<\/title>\n<meta name=\"description\" content=\"O empres\u00e1rio foi reeleito presidente da C\u00e2mara da Ind\u00fastria, Com\u00e9rcio e Servi\u00e7os do Vale do Taquari (CIC VT) para um mandato de dois anos.\" \/>\n<meta name=\"robots\" content=\"index, follow, max-snippet:-1, max-image-preview:large, max-video-preview:-1\" \/>\n<link rel=\"canonical\" href=\"https:\/\/folhapopular.info\/index.php\/2026\/03\/05\/angelo-cesar-fontana-e-reeleito-presidente-da-cic-vale-do-taquari\/\" \/>\n<meta property=\"og:locale\" content=\"pt_BR\" \/>\n<meta property=\"og:type\" content=\"article\" \/>\n<meta property=\"og:title\" content=\"Angelo C\u00e9sar Fontana \u00e9 reeleito presidente da CIC Vale do Taquari - Folha Popular\" \/>\n<meta property=\"og:description\" content=\"O empres\u00e1rio foi reeleito presidente da C\u00e2mara da Ind\u00fastria, Com\u00e9rcio e Servi\u00e7os do Vale do Taquari (CIC VT) para um mandato de dois anos.\" \/>\n<meta property=\"og:url\" content=\"https:\/\/folhapopular.info\/index.php\/2026\/03\/05\/angelo-cesar-fontana-e-reeleito-presidente-da-cic-vale-do-taquari\/\" \/>\n<meta property=\"og:site_name\" content=\"Folha Popular\" \/>\n<meta property=\"article:published_time\" content=\"2026-03-05T19:55:55+00:00\" \/>\n<meta property=\"article:modified_time\" content=\"2026-03-06T19:44:12+00:00\" \/>\n<meta property=\"og:image\" content=\"http:\/\/folhapopular.info\/wp-content\/uploads\/2026\/03\/NOVA-DIRETORIA-CIC-VT-rk2mqoo0l38a3nidchzq27mlissypmvexgf7bpss6k.jpg\" \/>\n\t<meta property=\"og:image:width\" content=\"500\" \/>\n\t<meta property=\"og:image:height\" content=\"350\" \/>\n\t<meta property=\"og:image:type\" content=\"image\/jpeg\" \/>\n<meta name=\"author\" content=\"Reda\u00e7\u00e3o Folha Popular\" \/>\n<meta name=\"twitter:card\" content=\"summary_large_image\" \/>\n<meta name=\"twitter:label1\" content=\"Escrito por\" \/>\n\t<meta name=\"twitter:data1\" content=\"Reda\u00e7\u00e3o Folha Popular\" \/>\n\t<meta name=\"twitter:label2\" content=\"Est. tempo de leitura\" \/>\n\t<meta name=\"twitter:data2\" content=\"3 minutos\" \/>\n<script type=\"application\/ld+json\" class=\"yoast-schema-graph\">{\"@context\":\"https:\\\/\\\/schema.org\",\"@graph\":[{\"@type\":\"Article\",\"@id\":\"https:\\\/\\\/folhapopular.info\\\/index.php\\\/2026\\\/03\\\/05\\\/angelo-cesar-fontana-e-reeleito-presidente-da-cic-vale-do-taquari\\\/#article\",\"isPartOf\":{\"@id\":\"https:\\\/\\\/folhapopular.info\\\/index.php\\\/2026\\\/03\\\/05\\\/angelo-cesar-fontana-e-reeleito-presidente-da-cic-vale-do-taquari\\\/\"},\"author\":{\"name\":\"Reda\u00e7\u00e3o Folha Popular\",\"@id\":\"https:\\\/\\\/folhapopular.info\\\/#\\\/schema\\\/person\\\/2814e8a0df7643585a9ca38bc6eb9d4b\"},\"headline\":\"Angelo C\u00e9sar Fontana \u00e9 reeleito presidente da CIC Vale do Taquari\",\"datePublished\":\"2026-03-05T19:55:55+00:00\",\"dateModified\":\"2026-03-06T19:44:12+00:00\",\"mainEntityOfPage\":{\"@id\":\"https:\\\/\\\/folhapopular.info\\\/index.php\\\/2026\\\/03\\\/05\\\/angelo-cesar-fontana-e-reeleito-presidente-da-cic-vale-do-taquari\\\/\"},\"wordCount\":427,\"commentCount\":0,\"image\":{\"@id\":\"https:\\\/\\\/folhapopular.info\\\/index.php\\\/2026\\\/03\\\/05\\\/angelo-cesar-fontana-e-reeleito-presidente-da-cic-vale-do-taquari\\\/#primaryimage\"},\"thumbnailUrl\":\"https:\\\/\\\/folhapopular.info\\\/wp-content\\\/uploads\\\/2026\\\/03\\\/NOVA-DIRETORIA-CIC-VT-rk2mqoo0l38a3nidchzq27mlissypmvexgf7bpss6k.jpg\",\"keywords\":[\"Acisam\",\"Angelo Fontana\",\"associativismo\",\"CIC Vale do Taquari\",\"CIC VT\"],\"articleSection\":[\"Destaques\",\"Economia\",\"Empreender\"],\"inLanguage\":\"pt-BR\",\"potentialAction\":[{\"@type\":\"CommentAction\",\"name\":\"Comment\",\"target\":[\"https:\\\/\\\/folhapopular.info\\\/index.php\\\/2026\\\/03\\\/05\\\/angelo-cesar-fontana-e-reeleito-presidente-da-cic-vale-do-taquari\\\/#respond\"]}]},{\"@type\":\"WebPage\",\"@id\":\"https:\\\/\\\/folhapopular.info\\\/index.php\\\/2026\\\/03\\\/05\\\/angelo-cesar-fontana-e-reeleito-presidente-da-cic-vale-do-taquari\\\/\",\"url\":\"https:\\\/\\\/folhapopular.info\\\/index.php\\\/2026\\\/03\\\/05\\\/angelo-cesar-fontana-e-reeleito-presidente-da-cic-vale-do-taquari\\\/\",\"name\":\"Angelo C\u00e9sar Fontana \u00e9 reeleito presidente da CIC Vale do Taquari - Folha Popular\",\"isPartOf\":{\"@id\":\"https:\\\/\\\/folhapopular.info\\\/#website\"},\"primaryImageOfPage\":{\"@id\":\"https:\\\/\\\/folhapopular.info\\\/index.php\\\/2026\\\/03\\\/05\\\/angelo-cesar-fontana-e-reeleito-presidente-da-cic-vale-do-taquari\\\/#primaryimage\"},\"image\":{\"@id\":\"https:\\\/\\\/folhapopular.info\\\/index.php\\\/2026\\\/03\\\/05\\\/angelo-cesar-fontana-e-reeleito-presidente-da-cic-vale-do-taquari\\\/#primaryimage\"},\"thumbnailUrl\":\"https:\\\/\\\/folhapopular.info\\\/wp-content\\\/uploads\\\/2026\\\/03\\\/NOVA-DIRETORIA-CIC-VT-rk2mqoo0l38a3nidchzq27mlissypmvexgf7bpss6k.jpg\",\"datePublished\":\"2026-03-05T19:55:55+00:00\",\"dateModified\":\"2026-03-06T19:44:12+00:00\",\"author\":{\"@id\":\"https:\\\/\\\/folhapopular.info\\\/#\\\/schema\\\/person\\\/2814e8a0df7643585a9ca38bc6eb9d4b\"},\"description\":\"O empres\u00e1rio foi reeleito presidente da C\u00e2mara da Ind\u00fastria, Com\u00e9rcio e Servi\u00e7os do Vale do Taquari (CIC VT) para um mandato de dois anos.\",\"breadcrumb\":{\"@id\":\"https:\\\/\\\/folhapopular.info\\\/index.php\\\/2026\\\/03\\\/05\\\/angelo-cesar-fontana-e-reeleito-presidente-da-cic-vale-do-taquari\\\/#breadcrumb\"},\"inLanguage\":\"pt-BR\",\"potentialAction\":[{\"@type\":\"ReadAction\",\"target\":[\"https:\\\/\\\/folhapopular.info\\\/index.php\\\/2026\\\/03\\\/05\\\/angelo-cesar-fontana-e-reeleito-presidente-da-cic-vale-do-taquari\\\/\"]}]},{\"@type\":\"ImageObject\",\"inLanguage\":\"pt-BR\",\"@id\":\"https:\\\/\\\/folhapopular.info\\\/index.php\\\/2026\\\/03\\\/05\\\/angelo-cesar-fontana-e-reeleito-presidente-da-cic-vale-do-taquari\\\/#primaryimage\",\"url\":\"https:\\\/\\\/folhapopular.info\\\/wp-content\\\/uploads\\\/2026\\\/03\\\/NOVA-DIRETORIA-CIC-VT-rk2mqoo0l38a3nidchzq27mlissypmvexgf7bpss6k.jpg\",\"contentUrl\":\"https:\\\/\\\/folhapopular.info\\\/wp-content\\\/uploads\\\/2026\\\/03\\\/NOVA-DIRETORIA-CIC-VT-rk2mqoo0l38a3nidchzq27mlissypmvexgf7bpss6k.jpg\",\"width\":500,\"height\":350,\"caption\":\"Cr\u00e9dito: Divulga\u00e7\u00e3o\"},{\"@type\":\"BreadcrumbList\",\"@id\":\"https:\\\/\\\/folhapopular.info\\\/index.php\\\/2026\\\/03\\\/05\\\/angelo-cesar-fontana-e-reeleito-presidente-da-cic-vale-do-taquari\\\/#breadcrumb\",\"itemListElement\":[{\"@type\":\"ListItem\",\"position\":1,\"name\":\"In\u00edcio\",\"item\":\"https:\\\/\\\/folhapopular.info\\\/\"},{\"@type\":\"ListItem\",\"position\":2,\"name\":\"Angelo C\u00e9sar Fontana \u00e9 reeleito presidente da CIC Vale do Taquari\"}]},{\"@type\":\"WebSite\",\"@id\":\"https:\\\/\\\/folhapopular.info\\\/#website\",\"url\":\"https:\\\/\\\/folhapopular.info\\\/\",\"name\":\"Folha Popular\",\"description\":\"Onde voc\u00ea tem vez e voz\",\"potentialAction\":[{\"@type\":\"SearchAction\",\"target\":{\"@type\":\"EntryPoint\",\"urlTemplate\":\"https:\\\/\\\/folhapopular.info\\\/?s={search_term_string}\"},\"query-input\":{\"@type\":\"PropertyValueSpecification\",\"valueRequired\":true,\"valueName\":\"search_term_string\"}}],\"inLanguage\":\"pt-BR\"},{\"@type\":\"Person\",\"@id\":\"https:\\\/\\\/folhapopular.info\\\/#\\\/schema\\\/person\\\/2814e8a0df7643585a9ca38bc6eb9d4b\",\"name\":\"Reda\u00e7\u00e3o Folha Popular\",\"image\":{\"@type\":\"ImageObject\",\"inLanguage\":\"pt-BR\",\"@id\":\"https:\\\/\\\/folhapopular.info\\\/wp-content\\\/uploads\\\/2026\\\/04\\\/Folha-1.webp\",\"url\":\"https:\\\/\\\/folhapopular.info\\\/wp-content\\\/uploads\\\/2026\\\/04\\\/Folha-1.webp\",\"contentUrl\":\"https:\\\/\\\/folhapopular.info\\\/wp-content\\\/uploads\\\/2026\\\/04\\\/Folha-1.webp\",\"caption\":\"Reda\u00e7\u00e3o Folha Popular\"},\"url\":\"https:\\\/\\\/folhapopular.info\\\/index.php\\\/author\\\/redacao\\\/\"}]}<\/script>\n<!-- \/ Yoast SEO plugin. -->","yoast_head_json":{"title":"Angelo C\u00e9sar Fontana \u00e9 reeleito presidente da CIC Vale do Taquari - Folha Popular","description":"O empres\u00e1rio foi reeleito presidente da C\u00e2mara da Ind\u00fastria, Com\u00e9rcio e Servi\u00e7os do Vale do Taquari (CIC VT) para um mandato de dois anos.","robots":{"index":"index","follow":"follow","max-snippet":"max-snippet:-1","max-image-preview":"max-image-preview:large","max-video-preview":"max-video-preview:-1"},"canonical":"https:\/\/folhapopular.info\/index.php\/2026\/03\/05\/angelo-cesar-fontana-e-reeleito-presidente-da-cic-vale-do-taquari\/","og_locale":"pt_BR","og_type":"article","og_title":"Angelo C\u00e9sar Fontana \u00e9 reeleito presidente da CIC Vale do Taquari - Folha Popular","og_description":"O empres\u00e1rio foi reeleito presidente da C\u00e2mara da Ind\u00fastria, Com\u00e9rcio e Servi\u00e7os do Vale do Taquari (CIC VT) para um mandato de dois anos.","og_url":"https:\/\/folhapopular.info\/index.php\/2026\/03\/05\/angelo-cesar-fontana-e-reeleito-presidente-da-cic-vale-do-taquari\/","og_site_name":"Folha Popular","article_published_time":"2026-03-05T19:55:55+00:00","article_modified_time":"2026-03-06T19:44:12+00:00","og_image":[{"width":500,"height":350,"url":"http:\/\/folhapopular.info\/wp-content\/uploads\/2026\/03\/NOVA-DIRETORIA-CIC-VT-rk2mqoo0l38a3nidchzq27mlissypmvexgf7bpss6k.jpg","type":"image\/jpeg"}],"author":"Reda\u00e7\u00e3o Folha Popular","twitter_card":"summary_large_image","twitter_misc":{"Escrito por":"Reda\u00e7\u00e3o Folha Popular","Est. tempo de leitura":"3 minutos"},"schema":{"@context":"https:\/\/schema.org","@graph":[{"@type":"Article","@id":"https:\/\/folhapopular.info\/index.php\/2026\/03\/05\/angelo-cesar-fontana-e-reeleito-presidente-da-cic-vale-do-taquari\/#article","isPartOf":{"@id":"https:\/\/folhapopular.info\/index.php\/2026\/03\/05\/angelo-cesar-fontana-e-reeleito-presidente-da-cic-vale-do-taquari\/"},"author":{"name":"Reda\u00e7\u00e3o Folha Popular","@id":"https:\/\/folhapopular.info\/#\/schema\/person\/2814e8a0df7643585a9ca38bc6eb9d4b"},"headline":"Angelo C\u00e9sar Fontana \u00e9 reeleito presidente da CIC Vale do Taquari","datePublished":"2026-03-05T19:55:55+00:00","dateModified":"2026-03-06T19:44:12+00:00","mainEntityOfPage":{"@id":"https:\/\/folhapopular.info\/index.php\/2026\/03\/05\/angelo-cesar-fontana-e-reeleito-presidente-da-cic-vale-do-taquari\/"},"wordCount":427,"commentCount":0,"image":{"@id":"https:\/\/folhapopular.info\/index.php\/2026\/03\/05\/angelo-cesar-fontana-e-reeleito-presidente-da-cic-vale-do-taquari\/#primaryimage"},"thumbnailUrl":"https:\/\/folhapopular.info\/wp-content\/uploads\/2026\/03\/NOVA-DIRETORIA-CIC-VT-rk2mqoo0l38a3nidchzq27mlissypmvexgf7bpss6k.jpg","keywords":["Acisam","Angelo Fontana","associativismo","CIC Vale do Taquari","CIC VT"],"articleSection":["Destaques","Economia","Empreender"],"inLanguage":"pt-BR","potentialAction":[{"@type":"CommentAction","name":"Comment","target":["https:\/\/folhapopular.info\/index.php\/2026\/03\/05\/angelo-cesar-fontana-e-reeleito-presidente-da-cic-vale-do-taquari\/#respond"]}]},{"@type":"WebPage","@id":"https:\/\/folhapopular.info\/index.php\/2026\/03\/05\/angelo-cesar-fontana-e-reeleito-presidente-da-cic-vale-do-taquari\/","url":"https:\/\/folhapopular.info\/index.php\/2026\/03\/05\/angelo-cesar-fontana-e-reeleito-presidente-da-cic-vale-do-taquari\/","name":"Angelo C\u00e9sar Fontana \u00e9 reeleito presidente da CIC Vale do Taquari - Folha Popular","isPartOf":{"@id":"https:\/\/folhapopular.info\/#website"},"primaryImageOfPage":{"@id":"https:\/\/folhapopular.info\/index.php\/2026\/03\/05\/angelo-cesar-fontana-e-reeleito-presidente-da-cic-vale-do-taquari\/#primaryimage"},"image":{"@id":"https:\/\/folhapopular.info\/index.php\/2026\/03\/05\/angelo-cesar-fontana-e-reeleito-presidente-da-cic-vale-do-taquari\/#primaryimage"},"thumbnailUrl":"https:\/\/folhapopular.info\/wp-content\/uploads\/2026\/03\/NOVA-DIRETORIA-CIC-VT-rk2mqoo0l38a3nidchzq27mlissypmvexgf7bpss6k.jpg","datePublished":"2026-03-05T19:55:55+00:00","dateModified":"2026-03-06T19:44:12+00:00","author":{"@id":"https:\/\/folhapopular.info\/#\/schema\/person\/2814e8a0df7643585a9ca38bc6eb9d4b"},"description":"O empres\u00e1rio foi reeleito presidente da C\u00e2mara da Ind\u00fastria, Com\u00e9rcio e Servi\u00e7os do Vale do Taquari (CIC VT) para um mandato de dois anos.","breadcrumb":{"@id":"https:\/\/folhapopular.info\/index.php\/2026\/03\/05\/angelo-cesar-fontana-e-reeleito-presidente-da-cic-vale-do-taquari\/#breadcrumb"},"inLanguage":"pt-BR","potentialAction":[{"@type":"ReadAction","target":["https:\/\/folhapopular.info\/index.php\/2026\/03\/05\/angelo-cesar-fontana-e-reeleito-presidente-da-cic-vale-do-taquari\/"]}]},{"@type":"ImageObject","inLanguage":"pt-BR","@id":"https:\/\/folhapopular.info\/index.php\/2026\/03\/05\/angelo-cesar-fontana-e-reeleito-presidente-da-cic-vale-do-taquari\/#primaryimage","url":"https:\/\/folhapopular.info\/wp-content\/uploads\/2026\/03\/NOVA-DIRETORIA-CIC-VT-rk2mqoo0l38a3nidchzq27mlissypmvexgf7bpss6k.jpg","contentUrl":"https:\/\/folhapopular.info\/wp-content\/uploads\/2026\/03\/NOVA-DIRETORIA-CIC-VT-rk2mqoo0l38a3nidchzq27mlissypmvexgf7bpss6k.jpg","width":500,"height":350,"caption":"Cr\u00e9dito: Divulga\u00e7\u00e3o"},{"@type":"BreadcrumbList","@id":"https:\/\/folhapopular.info\/index.php\/2026\/03\/05\/angelo-cesar-fontana-e-reeleito-presidente-da-cic-vale-do-taquari\/#breadcrumb","itemListElement":[{"@type":"ListItem","position":1,"name":"In\u00edcio","item":"https:\/\/folhapopular.info\/"},{"@type":"ListItem","position":2,"name":"Angelo C\u00e9sar Fontana \u00e9 reeleito presidente da CIC Vale do Taquari"}]},{"@type":"WebSite","@id":"https:\/\/folhapopular.info\/#website","url":"https:\/\/folhapopular.info\/","name":"Folha Popular","description":"Onde voc\u00ea tem vez e voz","potentialAction":[{"@type":"SearchAction","target":{"@type":"EntryPoint","urlTemplate":"https:\/\/folhapopular.info\/?s={search_term_string}"},"query-input":{"@type":"PropertyValueSpecification","valueRequired":true,"valueName":"search_term_string"}}],"inLanguage":"pt-BR"},{"@type":"Person","@id":"https:\/\/folhapopular.info\/#\/schema\/person\/2814e8a0df7643585a9ca38bc6eb9d4b","name":"Reda\u00e7\u00e3o Folha Popular","image":{"@type":"ImageObject","inLanguage":"pt-BR","@id":"https:\/\/folhapopular.info\/wp-content\/uploads\/2026\/04\/Folha-1.webp","url":"https:\/\/folhapopular.info\/wp-content\/uploads\/2026\/04\/Folha-1.webp","contentUrl":"https:\/\/folhapopular.info\/wp-content\/uploads\/2026\/04\/Folha-1.webp","caption":"Reda\u00e7\u00e3o Folha Popular"},"url":"https:\/\/folhapopular.info\/index.php\/author\/redacao\/"}]}},"jetpack_featured_media_url":"https:\/\/folhapopular.info\/wp-content\/uploads\/2026\/03\/NOVA-DIRETORIA-CIC-VT-rk2mqoo0l38a3nidchzq27mlissypmvexgf7bpss6k.jpg","jetpack_sharing_enabled":true,"amp_enabled":true,"_links":{"self":[{"href":"https:\/\/folhapopular.info\/index.php\/wp-json\/wp\/v2\/posts\/205184","targetHints":{"allow":["GET"]}}],"collection":[{"href":"https:\/\/folhapopular.info\/index.php\/wp-json\/wp\/v2\/posts"}],"about":[{"href":"https:\/\/folhapopular.info\/index.php\/wp-json\/wp\/v2\/types\/post"}],"author":[{"embeddable":true,"href":"https:\/\/folhapopular.info\/index.php\/wp-json\/wp\/v2\/users\/8"}],"replies":[{"embeddable":true,"href":"https:\/\/folhapopular.info\/index.php\/wp-json\/wp\/v2\/comments?post=205184"}],"version-history":[{"count":0,"href":"https:\/\/folhapopular.info\/index.php\/wp-json\/wp\/v2\/posts\/205184\/revisions"}],"wp:featuredmedia":[{"embeddable":true,"href":"https:\/\/folhapopular.info\/index.php\/wp-json\/wp\/v2\/media\/205185"}],"wp:attachment":[{"href":"https:\/\/folhapopular.info\/index.php\/wp-json\/wp\/v2\/media?parent=205184"}],"wp:term":[{"taxonomy":"category","embeddable":true,"href":"https:\/\/folhapopular.info\/index.php\/wp-json\/wp\/v2\/categories?post=205184"},{"taxonomy":"post_tag","embeddable":true,"href":"https:\/\/folhapopular.info\/index.php\/wp-json\/wp\/v2\/tags?post=205184"}],"curies":[{"name":"wp","href":"https:\/\/api.w.org\/{rel}","templated":true}]}}