{"id":205226,"date":"2026-03-06T10:14:50","date_gmt":"2026-03-06T13:14:50","guid":{"rendered":"https:\/\/folhapopular.info\/?p=205226"},"modified":"2026-03-06T10:55:55","modified_gmt":"2026-03-06T13:55:55","slug":"morre-lelio-labres-guimaraes-ex-prefeito-de-fazenda-vilanova","status":"publish","type":"post","link":"https:\/\/folhapopular.info\/index.php\/2026\/03\/06\/morre-lelio-labres-guimaraes-ex-prefeito-de-fazenda-vilanova\/","title":{"rendered":"Morre L\u00e9lio Labres Guimar\u00e3es, ex-prefeito de Fazenda Vilanova"},"content":{"rendered":"\n<p>O ex-prefeito de Fazenda Vilanova, L\u00e9lio Labres Guimar\u00e3es, morreu nesta sexta-feira (6\/3). A informa\u00e7\u00e3o foi divulgada pela Administra\u00e7\u00e3o Municipal, que decretou luto oficial de tr\u00eas dias no munic\u00edpio. Em nota, o prefeito Amarildo Lu\u00eds da Silva destacou a contribui\u00e7\u00e3o de Guimar\u00e3es para o desenvolvimento local durante sua trajet\u00f3ria na vida p\u00fablica.<\/p>\n\n\n\n<p>Entre as a\u00e7\u00f5es citadas pela prefeitura est\u00e1 a implanta\u00e7\u00e3o do Ensino M\u00e9dio em Fazenda Vilanova, considerada uma conquista importante para a educa\u00e7\u00e3o no munic\u00edpio, permitindo que estudantes conclu\u00edssem essa etapa de ensino sem a necessidade de se deslocar para Estrela.<\/p>\n\n\n\n<p>A gest\u00e3o do ex-prefeito tamb\u00e9m teve iniciativas voltadas \u00e0 amplia\u00e7\u00e3o das redes de abastecimento de \u00e1gua, tanto na \u00e1rea urbana quanto nas comunidades do interior. Al\u00e9m disso, houve incentivo a empreendimentos ligados \u00e0 agricultura, setor considerado estrat\u00e9gico para a economia local.<\/p>\n\n\n\n<p>Informa\u00e7\u00f5es sobre vel\u00f3rio e sepultamento ser\u00e3o divulgadas posteriormente.<\/p>\n\n\n\n<h2 class=\"wp-block-heading\"><strong>Emancipa\u00e7\u00e3o de Fazenda Vilanova<\/strong><\/h2>\n\n\n\n<p>L\u00e9lio Labres Guimar\u00e3es teve participa\u00e7\u00e3o ativa no processo de emancipa\u00e7\u00e3o de Fazenda Vilanova, integrando a Comiss\u00e3o Emancipacionista como vice-presidente. Ap\u00f3s a cria\u00e7\u00e3o do munic\u00edpio, seguiu atuando na administra\u00e7\u00e3o p\u00fablica local e foi eleito o primeiro vice-prefeito da cidade, cargo que ocupou entre 1997 e 2000.<\/p>\n\n\n\n<p>Posteriormente, deu continuidade \u00e0 sua atua\u00e7\u00e3o pol\u00edtica ao ser eleito o segundo prefeito da hist\u00f3ria de Fazenda Vilanova, governando o munic\u00edpio no per\u00edodo de 2001 a 2004.<\/p>\n","protected":false},"excerpt":{"rendered":"<p>O ex-prefeito de Fazenda Vilanova, L\u00e9lio Labres Guimar\u00e3es, morreu nesta sexta-feira (6\/3). A informa\u00e7\u00e3o foi divulgada pela Administra\u00e7\u00e3o Municipal, que decretou luto oficial de tr\u00eas dias no munic\u00edpio. Em nota, o prefeito Amarildo Lu\u00eds da Silva destacou a contribui\u00e7\u00e3o de Guimar\u00e3es para o desenvolvimento local durante sua trajet\u00f3ria na vida p\u00fablica. Entre as a\u00e7\u00f5es citadas [&hellip;]<\/p>\n","protected":false},"author":8,"featured_media":205229,"comment_status":"open","ping_status":"open","sticky":false,"template":"","format":"standard","meta":{"pmpro_default_level":"","_jetpack_memberships_contains_paid_content":false,"footnotes":""},"categories":[2,11024],"tags":[801,20689,17408,1826],"class_list":{"0":"post-205226","1":"post","2":"type-post","3":"status-publish","4":"format-standard","5":"has-post-thumbnail","7":"category-featured","8":"category-obituario","9":"tag-fazenda-vilanova","10":"tag-lelio-labres-guimaraes","11":"tag-obituario","12":"tag-prefeito","13":"pmpro-has-access"},"yoast_head":"<!-- This site is optimized with the Yoast SEO plugin v27.5 - https:\/\/yoast.com\/product\/yoast-seo-wordpress\/ -->\n<title>Morre L\u00e9lio Labres Guimar\u00e3es, ex-prefeito de Fazenda Vilanova - Folha Popular<\/title>\n<meta name=\"robots\" content=\"index, follow, max-snippet:-1, max-image-preview:large, max-video-preview:-1\" \/>\n<link rel=\"canonical\" href=\"https:\/\/folhapopular.info\/index.php\/2026\/03\/06\/morre-lelio-labres-guimaraes-ex-prefeito-de-fazenda-vilanova\/\" \/>\n<meta property=\"og:locale\" content=\"pt_BR\" \/>\n<meta property=\"og:type\" content=\"article\" \/>\n<meta property=\"og:title\" content=\"Morre L\u00e9lio Labres Guimar\u00e3es, ex-prefeito de Fazenda Vilanova - Folha Popular\" \/>\n<meta property=\"og:description\" content=\"O ex-prefeito de Fazenda Vilanova, L\u00e9lio Labres Guimar\u00e3es, morreu nesta sexta-feira (6\/3). A informa\u00e7\u00e3o foi divulgada pela Administra\u00e7\u00e3o Municipal, que decretou luto oficial de tr\u00eas dias no munic\u00edpio. Em nota, o prefeito Amarildo Lu\u00eds da Silva destacou a contribui\u00e7\u00e3o de Guimar\u00e3es para o desenvolvimento local durante sua trajet\u00f3ria na vida p\u00fablica. Entre as a\u00e7\u00f5es citadas [&hellip;]\" \/>\n<meta property=\"og:url\" content=\"https:\/\/folhapopular.info\/index.php\/2026\/03\/06\/morre-lelio-labres-guimaraes-ex-prefeito-de-fazenda-vilanova\/\" \/>\n<meta property=\"og:site_name\" content=\"Folha Popular\" \/>\n<meta property=\"article:published_time\" content=\"2026-03-06T13:14:50+00:00\" \/>\n<meta property=\"article:modified_time\" content=\"2026-03-06T13:55:55+00:00\" \/>\n<meta property=\"og:image\" content=\"http:\/\/folhapopular.info\/wp-content\/uploads\/2026\/03\/WhatsApp-Image-2026-03-06-at-10.12.46.jpeg\" \/>\n\t<meta property=\"og:image:width\" content=\"1079\" \/>\n\t<meta property=\"og:image:height\" content=\"720\" \/>\n\t<meta property=\"og:image:type\" content=\"image\/jpeg\" \/>\n<meta name=\"author\" content=\"Reda\u00e7\u00e3o Folha Popular\" \/>\n<meta name=\"twitter:card\" content=\"summary_large_image\" \/>\n<meta name=\"twitter:label1\" content=\"Escrito por\" \/>\n\t<meta name=\"twitter:data1\" content=\"Reda\u00e7\u00e3o Folha Popular\" \/>\n\t<meta name=\"twitter:label2\" content=\"Est. tempo de leitura\" \/>\n\t<meta name=\"twitter:data2\" content=\"2 minutos\" \/>\n<script type=\"application\/ld+json\" class=\"yoast-schema-graph\">{\"@context\":\"https:\\\/\\\/schema.org\",\"@graph\":[{\"@type\":\"Article\",\"@id\":\"https:\\\/\\\/folhapopular.info\\\/index.php\\\/2026\\\/03\\\/06\\\/morre-lelio-labres-guimaraes-ex-prefeito-de-fazenda-vilanova\\\/#article\",\"isPartOf\":{\"@id\":\"https:\\\/\\\/folhapopular.info\\\/index.php\\\/2026\\\/03\\\/06\\\/morre-lelio-labres-guimaraes-ex-prefeito-de-fazenda-vilanova\\\/\"},\"author\":{\"name\":\"Reda\u00e7\u00e3o Folha Popular\",\"@id\":\"https:\\\/\\\/folhapopular.info\\\/#\\\/schema\\\/person\\\/2814e8a0df7643585a9ca38bc6eb9d4b\"},\"headline\":\"Morre L\u00e9lio Labres Guimar\u00e3es, ex-prefeito de Fazenda Vilanova\",\"datePublished\":\"2026-03-06T13:14:50+00:00\",\"dateModified\":\"2026-03-06T13:55:55+00:00\",\"mainEntityOfPage\":{\"@id\":\"https:\\\/\\\/folhapopular.info\\\/index.php\\\/2026\\\/03\\\/06\\\/morre-lelio-labres-guimaraes-ex-prefeito-de-fazenda-vilanova\\\/\"},\"wordCount\":259,\"commentCount\":0,\"image\":{\"@id\":\"https:\\\/\\\/folhapopular.info\\\/index.php\\\/2026\\\/03\\\/06\\\/morre-lelio-labres-guimaraes-ex-prefeito-de-fazenda-vilanova\\\/#primaryimage\"},\"thumbnailUrl\":\"https:\\\/\\\/folhapopular.info\\\/wp-content\\\/uploads\\\/2026\\\/03\\\/WhatsApp-Image-2026-03-06-at-10.12.46.jpeg\",\"keywords\":[\"Fazenda Vilanova\",\"L\u00e9lio Labres Guimar\u00e3es\",\"Obitu\u00e1rio\",\"Prefeito\"],\"articleSection\":[\"Destaques\",\"Obitu\u00e1rio\"],\"inLanguage\":\"pt-BR\",\"potentialAction\":[{\"@type\":\"CommentAction\",\"name\":\"Comment\",\"target\":[\"https:\\\/\\\/folhapopular.info\\\/index.php\\\/2026\\\/03\\\/06\\\/morre-lelio-labres-guimaraes-ex-prefeito-de-fazenda-vilanova\\\/#respond\"]}]},{\"@type\":\"WebPage\",\"@id\":\"https:\\\/\\\/folhapopular.info\\\/index.php\\\/2026\\\/03\\\/06\\\/morre-lelio-labres-guimaraes-ex-prefeito-de-fazenda-vilanova\\\/\",\"url\":\"https:\\\/\\\/folhapopular.info\\\/index.php\\\/2026\\\/03\\\/06\\\/morre-lelio-labres-guimaraes-ex-prefeito-de-fazenda-vilanova\\\/\",\"name\":\"Morre L\u00e9lio Labres Guimar\u00e3es, ex-prefeito de Fazenda Vilanova - Folha Popular\",\"isPartOf\":{\"@id\":\"https:\\\/\\\/folhapopular.info\\\/#website\"},\"primaryImageOfPage\":{\"@id\":\"https:\\\/\\\/folhapopular.info\\\/index.php\\\/2026\\\/03\\\/06\\\/morre-lelio-labres-guimaraes-ex-prefeito-de-fazenda-vilanova\\\/#primaryimage\"},\"image\":{\"@id\":\"https:\\\/\\\/folhapopular.info\\\/index.php\\\/2026\\\/03\\\/06\\\/morre-lelio-labres-guimaraes-ex-prefeito-de-fazenda-vilanova\\\/#primaryimage\"},\"thumbnailUrl\":\"https:\\\/\\\/folhapopular.info\\\/wp-content\\\/uploads\\\/2026\\\/03\\\/WhatsApp-Image-2026-03-06-at-10.12.46.jpeg\",\"datePublished\":\"2026-03-06T13:14:50+00:00\",\"dateModified\":\"2026-03-06T13:55:55+00:00\",\"author\":{\"@id\":\"https:\\\/\\\/folhapopular.info\\\/#\\\/schema\\\/person\\\/2814e8a0df7643585a9ca38bc6eb9d4b\"},\"breadcrumb\":{\"@id\":\"https:\\\/\\\/folhapopular.info\\\/index.php\\\/2026\\\/03\\\/06\\\/morre-lelio-labres-guimaraes-ex-prefeito-de-fazenda-vilanova\\\/#breadcrumb\"},\"inLanguage\":\"pt-BR\",\"potentialAction\":[{\"@type\":\"ReadAction\",\"target\":[\"https:\\\/\\\/folhapopular.info\\\/index.php\\\/2026\\\/03\\\/06\\\/morre-lelio-labres-guimaraes-ex-prefeito-de-fazenda-vilanova\\\/\"]}]},{\"@type\":\"ImageObject\",\"inLanguage\":\"pt-BR\",\"@id\":\"https:\\\/\\\/folhapopular.info\\\/index.php\\\/2026\\\/03\\\/06\\\/morre-lelio-labres-guimaraes-ex-prefeito-de-fazenda-vilanova\\\/#primaryimage\",\"url\":\"https:\\\/\\\/folhapopular.info\\\/wp-content\\\/uploads\\\/2026\\\/03\\\/WhatsApp-Image-2026-03-06-at-10.12.46.jpeg\",\"contentUrl\":\"https:\\\/\\\/folhapopular.info\\\/wp-content\\\/uploads\\\/2026\\\/03\\\/WhatsApp-Image-2026-03-06-at-10.12.46.jpeg\",\"width\":1079,\"height\":720,\"caption\":\"Cr\u00e9dito: Divulga\u00e7\u00e3o\"},{\"@type\":\"BreadcrumbList\",\"@id\":\"https:\\\/\\\/folhapopular.info\\\/index.php\\\/2026\\\/03\\\/06\\\/morre-lelio-labres-guimaraes-ex-prefeito-de-fazenda-vilanova\\\/#breadcrumb\",\"itemListElement\":[{\"@type\":\"ListItem\",\"position\":1,\"name\":\"In\u00edcio\",\"item\":\"https:\\\/\\\/folhapopular.info\\\/\"},{\"@type\":\"ListItem\",\"position\":2,\"name\":\"Morre L\u00e9lio Labres Guimar\u00e3es, ex-prefeito de Fazenda Vilanova\"}]},{\"@type\":\"WebSite\",\"@id\":\"https:\\\/\\\/folhapopular.info\\\/#website\",\"url\":\"https:\\\/\\\/folhapopular.info\\\/\",\"name\":\"Folha Popular\",\"description\":\"Onde voc\u00ea tem vez e voz\",\"potentialAction\":[{\"@type\":\"SearchAction\",\"target\":{\"@type\":\"EntryPoint\",\"urlTemplate\":\"https:\\\/\\\/folhapopular.info\\\/?s={search_term_string}\"},\"query-input\":{\"@type\":\"PropertyValueSpecification\",\"valueRequired\":true,\"valueName\":\"search_term_string\"}}],\"inLanguage\":\"pt-BR\"},{\"@type\":\"Person\",\"@id\":\"https:\\\/\\\/folhapopular.info\\\/#\\\/schema\\\/person\\\/2814e8a0df7643585a9ca38bc6eb9d4b\",\"name\":\"Reda\u00e7\u00e3o Folha Popular\",\"image\":{\"@type\":\"ImageObject\",\"inLanguage\":\"pt-BR\",\"@id\":\"https:\\\/\\\/folhapopular.info\\\/wp-content\\\/uploads\\\/2026\\\/04\\\/Folha-1.webp\",\"url\":\"https:\\\/\\\/folhapopular.info\\\/wp-content\\\/uploads\\\/2026\\\/04\\\/Folha-1.webp\",\"contentUrl\":\"https:\\\/\\\/folhapopular.info\\\/wp-content\\\/uploads\\\/2026\\\/04\\\/Folha-1.webp\",\"caption\":\"Reda\u00e7\u00e3o Folha Popular\"},\"url\":\"https:\\\/\\\/folhapopular.info\\\/index.php\\\/author\\\/redacao\\\/\"}]}<\/script>\n<!-- \/ Yoast SEO plugin. -->","yoast_head_json":{"title":"Morre L\u00e9lio Labres Guimar\u00e3es, ex-prefeito de Fazenda Vilanova - Folha Popular","robots":{"index":"index","follow":"follow","max-snippet":"max-snippet:-1","max-image-preview":"max-image-preview:large","max-video-preview":"max-video-preview:-1"},"canonical":"https:\/\/folhapopular.info\/index.php\/2026\/03\/06\/morre-lelio-labres-guimaraes-ex-prefeito-de-fazenda-vilanova\/","og_locale":"pt_BR","og_type":"article","og_title":"Morre L\u00e9lio Labres Guimar\u00e3es, ex-prefeito de Fazenda Vilanova - Folha Popular","og_description":"O ex-prefeito de Fazenda Vilanova, L\u00e9lio Labres Guimar\u00e3es, morreu nesta sexta-feira (6\/3). A informa\u00e7\u00e3o foi divulgada pela Administra\u00e7\u00e3o Municipal, que decretou luto oficial de tr\u00eas dias no munic\u00edpio. Em nota, o prefeito Amarildo Lu\u00eds da Silva destacou a contribui\u00e7\u00e3o de Guimar\u00e3es para o desenvolvimento local durante sua trajet\u00f3ria na vida p\u00fablica. Entre as a\u00e7\u00f5es citadas [&hellip;]","og_url":"https:\/\/folhapopular.info\/index.php\/2026\/03\/06\/morre-lelio-labres-guimaraes-ex-prefeito-de-fazenda-vilanova\/","og_site_name":"Folha Popular","article_published_time":"2026-03-06T13:14:50+00:00","article_modified_time":"2026-03-06T13:55:55+00:00","og_image":[{"width":1079,"height":720,"url":"http:\/\/folhapopular.info\/wp-content\/uploads\/2026\/03\/WhatsApp-Image-2026-03-06-at-10.12.46.jpeg","type":"image\/jpeg"}],"author":"Reda\u00e7\u00e3o Folha Popular","twitter_card":"summary_large_image","twitter_misc":{"Escrito por":"Reda\u00e7\u00e3o Folha Popular","Est. tempo de leitura":"2 minutos"},"schema":{"@context":"https:\/\/schema.org","@graph":[{"@type":"Article","@id":"https:\/\/folhapopular.info\/index.php\/2026\/03\/06\/morre-lelio-labres-guimaraes-ex-prefeito-de-fazenda-vilanova\/#article","isPartOf":{"@id":"https:\/\/folhapopular.info\/index.php\/2026\/03\/06\/morre-lelio-labres-guimaraes-ex-prefeito-de-fazenda-vilanova\/"},"author":{"name":"Reda\u00e7\u00e3o Folha Popular","@id":"https:\/\/folhapopular.info\/#\/schema\/person\/2814e8a0df7643585a9ca38bc6eb9d4b"},"headline":"Morre L\u00e9lio Labres Guimar\u00e3es, ex-prefeito de Fazenda Vilanova","datePublished":"2026-03-06T13:14:50+00:00","dateModified":"2026-03-06T13:55:55+00:00","mainEntityOfPage":{"@id":"https:\/\/folhapopular.info\/index.php\/2026\/03\/06\/morre-lelio-labres-guimaraes-ex-prefeito-de-fazenda-vilanova\/"},"wordCount":259,"commentCount":0,"image":{"@id":"https:\/\/folhapopular.info\/index.php\/2026\/03\/06\/morre-lelio-labres-guimaraes-ex-prefeito-de-fazenda-vilanova\/#primaryimage"},"thumbnailUrl":"https:\/\/folhapopular.info\/wp-content\/uploads\/2026\/03\/WhatsApp-Image-2026-03-06-at-10.12.46.jpeg","keywords":["Fazenda Vilanova","L\u00e9lio Labres Guimar\u00e3es","Obitu\u00e1rio","Prefeito"],"articleSection":["Destaques","Obitu\u00e1rio"],"inLanguage":"pt-BR","potentialAction":[{"@type":"CommentAction","name":"Comment","target":["https:\/\/folhapopular.info\/index.php\/2026\/03\/06\/morre-lelio-labres-guimaraes-ex-prefeito-de-fazenda-vilanova\/#respond"]}]},{"@type":"WebPage","@id":"https:\/\/folhapopular.info\/index.php\/2026\/03\/06\/morre-lelio-labres-guimaraes-ex-prefeito-de-fazenda-vilanova\/","url":"https:\/\/folhapopular.info\/index.php\/2026\/03\/06\/morre-lelio-labres-guimaraes-ex-prefeito-de-fazenda-vilanova\/","name":"Morre L\u00e9lio Labres Guimar\u00e3es, ex-prefeito de Fazenda Vilanova - Folha Popular","isPartOf":{"@id":"https:\/\/folhapopular.info\/#website"},"primaryImageOfPage":{"@id":"https:\/\/folhapopular.info\/index.php\/2026\/03\/06\/morre-lelio-labres-guimaraes-ex-prefeito-de-fazenda-vilanova\/#primaryimage"},"image":{"@id":"https:\/\/folhapopular.info\/index.php\/2026\/03\/06\/morre-lelio-labres-guimaraes-ex-prefeito-de-fazenda-vilanova\/#primaryimage"},"thumbnailUrl":"https:\/\/folhapopular.info\/wp-content\/uploads\/2026\/03\/WhatsApp-Image-2026-03-06-at-10.12.46.jpeg","datePublished":"2026-03-06T13:14:50+00:00","dateModified":"2026-03-06T13:55:55+00:00","author":{"@id":"https:\/\/folhapopular.info\/#\/schema\/person\/2814e8a0df7643585a9ca38bc6eb9d4b"},"breadcrumb":{"@id":"https:\/\/folhapopular.info\/index.php\/2026\/03\/06\/morre-lelio-labres-guimaraes-ex-prefeito-de-fazenda-vilanova\/#breadcrumb"},"inLanguage":"pt-BR","potentialAction":[{"@type":"ReadAction","target":["https:\/\/folhapopular.info\/index.php\/2026\/03\/06\/morre-lelio-labres-guimaraes-ex-prefeito-de-fazenda-vilanova\/"]}]},{"@type":"ImageObject","inLanguage":"pt-BR","@id":"https:\/\/folhapopular.info\/index.php\/2026\/03\/06\/morre-lelio-labres-guimaraes-ex-prefeito-de-fazenda-vilanova\/#primaryimage","url":"https:\/\/folhapopular.info\/wp-content\/uploads\/2026\/03\/WhatsApp-Image-2026-03-06-at-10.12.46.jpeg","contentUrl":"https:\/\/folhapopular.info\/wp-content\/uploads\/2026\/03\/WhatsApp-Image-2026-03-06-at-10.12.46.jpeg","width":1079,"height":720,"caption":"Cr\u00e9dito: Divulga\u00e7\u00e3o"},{"@type":"BreadcrumbList","@id":"https:\/\/folhapopular.info\/index.php\/2026\/03\/06\/morre-lelio-labres-guimaraes-ex-prefeito-de-fazenda-vilanova\/#breadcrumb","itemListElement":[{"@type":"ListItem","position":1,"name":"In\u00edcio","item":"https:\/\/folhapopular.info\/"},{"@type":"ListItem","position":2,"name":"Morre L\u00e9lio Labres Guimar\u00e3es, ex-prefeito de Fazenda Vilanova"}]},{"@type":"WebSite","@id":"https:\/\/folhapopular.info\/#website","url":"https:\/\/folhapopular.info\/","name":"Folha Popular","description":"Onde voc\u00ea tem vez e voz","potentialAction":[{"@type":"SearchAction","target":{"@type":"EntryPoint","urlTemplate":"https:\/\/folhapopular.info\/?s={search_term_string}"},"query-input":{"@type":"PropertyValueSpecification","valueRequired":true,"valueName":"search_term_string"}}],"inLanguage":"pt-BR"},{"@type":"Person","@id":"https:\/\/folhapopular.info\/#\/schema\/person\/2814e8a0df7643585a9ca38bc6eb9d4b","name":"Reda\u00e7\u00e3o Folha Popular","image":{"@type":"ImageObject","inLanguage":"pt-BR","@id":"https:\/\/folhapopular.info\/wp-content\/uploads\/2026\/04\/Folha-1.webp","url":"https:\/\/folhapopular.info\/wp-content\/uploads\/2026\/04\/Folha-1.webp","contentUrl":"https:\/\/folhapopular.info\/wp-content\/uploads\/2026\/04\/Folha-1.webp","caption":"Reda\u00e7\u00e3o Folha Popular"},"url":"https:\/\/folhapopular.info\/index.php\/author\/redacao\/"}]}},"jetpack_featured_media_url":"https:\/\/folhapopular.info\/wp-content\/uploads\/2026\/03\/WhatsApp-Image-2026-03-06-at-10.12.46.jpeg","jetpack_sharing_enabled":true,"amp_enabled":true,"_links":{"self":[{"href":"https:\/\/folhapopular.info\/index.php\/wp-json\/wp\/v2\/posts\/205226","targetHints":{"allow":["GET"]}}],"collection":[{"href":"https:\/\/folhapopular.info\/index.php\/wp-json\/wp\/v2\/posts"}],"about":[{"href":"https:\/\/folhapopular.info\/index.php\/wp-json\/wp\/v2\/types\/post"}],"author":[{"embeddable":true,"href":"https:\/\/folhapopular.info\/index.php\/wp-json\/wp\/v2\/users\/8"}],"replies":[{"embeddable":true,"href":"https:\/\/folhapopular.info\/index.php\/wp-json\/wp\/v2\/comments?post=205226"}],"version-history":[{"count":0,"href":"https:\/\/folhapopular.info\/index.php\/wp-json\/wp\/v2\/posts\/205226\/revisions"}],"wp:featuredmedia":[{"embeddable":true,"href":"https:\/\/folhapopular.info\/index.php\/wp-json\/wp\/v2\/media\/205229"}],"wp:attachment":[{"href":"https:\/\/folhapopular.info\/index.php\/wp-json\/wp\/v2\/media?parent=205226"}],"wp:term":[{"taxonomy":"category","embeddable":true,"href":"https:\/\/folhapopular.info\/index.php\/wp-json\/wp\/v2\/categories?post=205226"},{"taxonomy":"post_tag","embeddable":true,"href":"https:\/\/folhapopular.info\/index.php\/wp-json\/wp\/v2\/tags?post=205226"}],"curies":[{"name":"wp","href":"https:\/\/api.w.org\/{rel}","templated":true}]}}